{"id":2416,"date":"2023-09-26T15:21:07","date_gmt":"2023-09-26T15:21:07","guid":{"rendered":"https:\/\/angelsolisnoticias.com\/?p=2416"},"modified":"2023-09-27T00:13:42","modified_gmt":"2023-09-27T00:13:42","slug":"ninos-con-cancer-en-solidaridad-ya-tienen-un-espacio-de-atencion","status":"publish","type":"post","link":"https:\/\/angelsolisnoticias.com\/index.php\/2023\/09\/26\/ninos-con-cancer-en-solidaridad-ya-tienen-un-espacio-de-atencion\/","title":{"rendered":"Ni\u00f1os con c\u00e1ncer en Solidaridad ya tienen un espacio de atenci\u00f3n"},"content":{"rendered":"<p>Playa del Carmen, Solidaridad, 26 de septiembre del 2023<br \/>\nRedacci\u00f3n<\/p>\n<p>&#8220;La vida nos ha dado grandes lecciones de vida, pero mientras nos mantengamos juntos, saldremos adelante, aqu\u00ed nadie lucha solo&#8221;, se\u00f1al\u00f3 la presidenta municipal, Lili Campos, momentos antes de cortar el list\u00f3n de las instalaciones de la Fundaci\u00f3n Aitana, que ayuda a ni\u00f1os y j\u00f3venes con c\u00e1ncer.<\/p>\n<p>En compa\u00f1\u00eda de la directora de Fundaci\u00f3n Aitana, Jusi Dzib, de ni\u00f1as, ni\u00f1os y padres de familia, Lili Campos asegur\u00f3 que lo m\u00e1s valioso son las familias, es por ello que desde el d\u00eda uno de su gobierno ha centrado sus esfuerzos y acciones en beneficiar a los hogares solidarenses de manera integral.<\/p>\n<p><img loading=\"lazy\" decoding=\"async\" class=\"aligncenter wp-image-2420 \" src=\"https:\/\/angelsolisnoticias.com\/wp-content\/uploads\/2023\/09\/Solidaridad-Ninos-Cancer2.jpg\" alt=\"\" width=\"585\" height=\"376\" \/><\/p>\n<p>A partir de hoy, esta sede otorgar\u00e1 a padres de ni\u00f1os con c\u00e1ncer, apoyos en medicamentos, boletos de transporte en cami\u00f3n y avi\u00f3n, as\u00ed como an\u00e1lisis y acompa\u00f1amiento durante todo el proceso, lo que evitar\u00e1 que tengan que trasladarse a Canc\u00fan y tener esos beneficios aqu\u00ed mismo.<\/p>\n<p>Sumado al espacio que se le otorg\u00f3 a la fundaci\u00f3n, la edil se comprometi\u00f3 a gestionar ante la cadena de conveniencia Oxxo un redondeo a favor de la Fundaci\u00f3n Aitana Playa del Carmen, a fin de que le sean otorgados m\u00e1s recursos econ\u00f3micos y a\u00f1adi\u00f3 que tambi\u00e9n les ser\u00e1n donados juegos infantiles para el amplio espacio del terreno.<\/p>\n<p><img loading=\"lazy\" decoding=\"async\" class=\"aligncenter wp-image-2418 \" src=\"https:\/\/angelsolisnoticias.com\/wp-content\/uploads\/2023\/09\/Solidaridad-Ninos-Cancer3.jpg\" alt=\"\" width=\"573\" height=\"380\" \/><\/p>\n<p>Jusi Dzib detall\u00f3 que la Fundaci\u00f3n apoya a 212 ni\u00f1os y j\u00f3venes en Canc\u00fan y ahora se sumar\u00e1n los de Playa del Carmen. Hizo un especial agradecimiento al gobierno de Solidaridad por su disposici\u00f3n para hacer esto realidad.<\/p>\n<p><img loading=\"lazy\" decoding=\"async\" class=\"aligncenter wp-image-2419 \" src=\"https:\/\/angelsolisnoticias.com\/wp-content\/uploads\/2023\/09\/Solidaridad-Ninos-Cancer4.jpg\" alt=\"\" width=\"595\" height=\"379\" \/><\/p>\n<p>Por \u00faltimo, Santiago Ch\u00e1vez, secretario de Justicia Social y Participaci\u00f3n Ciudadana, extern\u00f3 que este espacio es posible gracias a la uni\u00f3n de voluntades, \u201cCuando autoridades municipales, como las de esta administraci\u00f3n que lidera Lili Campos, y ciudadan\u00eda se unen, suceden cosas buenas como estas\u201d.<\/p>\n","protected":false},"excerpt":{"rendered":"<p>Playa del Carmen, Solidaridad, 26 de septiembre del 2023 Redacci\u00f3n &#8220;La vida nos ha dado grandes lecciones de vida, pero mientras nos mantengamos juntos, saldremos adelante, aqu\u00ed nadie lucha solo&#8221;, se\u00f1al\u00f3 la presidenta municipal, Lili Campos, momentos antes de cortar el list\u00f3n de las instalaciones de la Fundaci\u00f3n Aitana, que <a href=\"https:\/\/angelsolisnoticias.com\/index.php\/2023\/09\/26\/ninos-con-cancer-en-solidaridad-ya-tienen-un-espacio-de-atencion\/\" class=\"btn btn-link continue-link\">Seguir leyendo<\/a><\/p>\n","protected":false},"author":1,"featured_media":2421,"comment_status":"open","ping_status":"open","sticky":false,"template":"","format":"standard","meta":{"footnotes":""},"categories":[6,1],"tags":[],"class_list":["post-2416","post","type-post","status-publish","format-standard","has-post-thumbnail","hentry","category-solidaridad","category-uncategorized"],"yoast_head":"<!-- This site is optimized with the Yoast SEO plugin v21.1 - https:\/\/yoast.com\/wordpress\/plugins\/seo\/ -->\n<title>Ni\u00f1os con c\u00e1ncer en Solidaridad ya tienen un espacio de atenci\u00f3n<\/title>\n<meta name=\"description\" content=\".\" \/>\n<meta name=\"robots\" content=\"index, follow, max-snippet:-1, max-image-preview:large, max-video-preview:-1\" \/>\n<link rel=\"canonical\" href=\"https:\/\/angelsolisnoticias.com\/index.php\/2023\/09\/26\/ninos-con-cancer-en-solidaridad-ya-tienen-un-espacio-de-atencion\/\" \/>\n<meta property=\"og:locale\" content=\"es_MX\" \/>\n<meta property=\"og:type\" content=\"article\" \/>\n<meta property=\"og:title\" content=\"Ni\u00f1os con c\u00e1ncer en Solidaridad ya tienen un espacio de atenci\u00f3n\" \/>\n<meta property=\"og:description\" content=\".\" \/>\n<meta property=\"og:url\" content=\"https:\/\/angelsolisnoticias.com\/index.php\/2023\/09\/26\/ninos-con-cancer-en-solidaridad-ya-tienen-un-espacio-de-atencion\/\" \/>\n<meta property=\"og:site_name\" content=\"\u00c1ngel Solis\" \/>\n<meta property=\"article:publisher\" content=\"https:\/\/www.facebook.com\/periodistasquintanaroo\" \/>\n<meta property=\"article:published_time\" content=\"2023-09-26T15:21:07+00:00\" \/>\n<meta property=\"article:modified_time\" content=\"2023-09-27T00:13:42+00:00\" \/>\n<meta property=\"og:image\" content=\"https:\/\/angelsolisnoticias.com\/wp-content\/uploads\/2023\/09\/Solidaridad-Ninos-Cancer1.jpg\" \/>\n\t<meta property=\"og:image:width\" content=\"800\" \/>\n\t<meta property=\"og:image:height\" content=\"569\" \/>\n\t<meta property=\"og:image:type\" content=\"image\/jpeg\" \/>\n<meta name=\"author\" content=\"admin\" \/>\n<meta name=\"twitter:card\" content=\"summary_large_image\" \/>\n<meta name=\"twitter:creator\" content=\"@PERIODISTASQROO\" \/>\n<meta name=\"twitter:site\" content=\"@PERIODISTASQROO\" \/>\n<meta name=\"twitter:label1\" content=\"Escrito por\" \/>\n\t<meta name=\"twitter:data1\" content=\"admin\" \/>\n\t<meta name=\"twitter:label2\" content=\"Tiempo de lectura\" \/>\n\t<meta name=\"twitter:data2\" content=\"2 minutos\" \/>\n<script type=\"application\/ld+json\" class=\"yoast-schema-graph\">{\"@context\":\"https:\/\/schema.org\",\"@graph\":[{\"@type\":\"Article\",\"@id\":\"https:\/\/angelsolisnoticias.com\/index.php\/2023\/09\/26\/ninos-con-cancer-en-solidaridad-ya-tienen-un-espacio-de-atencion\/#article\",\"isPartOf\":{\"@id\":\"https:\/\/angelsolisnoticias.com\/index.php\/2023\/09\/26\/ninos-con-cancer-en-solidaridad-ya-tienen-un-espacio-de-atencion\/\"},\"author\":{\"name\":\"admin\",\"@id\":\"https:\/\/angelsolisnoticias.com\/#\/schema\/person\/d5ca5e4c5f05db44e86cb564bf81ae6f\"},\"headline\":\"Ni\u00f1os con c\u00e1ncer en Solidaridad ya tienen un espacio de atenci\u00f3n\",\"datePublished\":\"2023-09-26T15:21:07+00:00\",\"dateModified\":\"2023-09-27T00:13:42+00:00\",\"mainEntityOfPage\":{\"@id\":\"https:\/\/angelsolisnoticias.com\/index.php\/2023\/09\/26\/ninos-con-cancer-en-solidaridad-ya-tienen-un-espacio-de-atencion\/\"},\"wordCount\":346,\"commentCount\":0,\"publisher\":{\"@id\":\"https:\/\/angelsolisnoticias.com\/#organization\"},\"articleSection\":[\"Solidaridad\",\"Uncategorized\"],\"inLanguage\":\"es\",\"potentialAction\":[{\"@type\":\"CommentAction\",\"name\":\"Comment\",\"target\":[\"https:\/\/angelsolisnoticias.com\/index.php\/2023\/09\/26\/ninos-con-cancer-en-solidaridad-ya-tienen-un-espacio-de-atencion\/#respond\"]}]},{\"@type\":\"WebPage\",\"@id\":\"https:\/\/angelsolisnoticias.com\/index.php\/2023\/09\/26\/ninos-con-cancer-en-solidaridad-ya-tienen-un-espacio-de-atencion\/\",\"url\":\"https:\/\/angelsolisnoticias.com\/index.php\/2023\/09\/26\/ninos-con-cancer-en-solidaridad-ya-tienen-un-espacio-de-atencion\/\",\"name\":\"Ni\u00f1os con c\u00e1ncer en Solidaridad ya tienen un espacio de atenci\u00f3n\",\"isPartOf\":{\"@id\":\"https:\/\/angelsolisnoticias.com\/#website\"},\"datePublished\":\"2023-09-26T15:21:07+00:00\",\"dateModified\":\"2023-09-27T00:13:42+00:00\",\"description\":\".\",\"breadcrumb\":{\"@id\":\"https:\/\/angelsolisnoticias.com\/index.php\/2023\/09\/26\/ninos-con-cancer-en-solidaridad-ya-tienen-un-espacio-de-atencion\/#breadcrumb\"},\"inLanguage\":\"es\",\"potentialAction\":[{\"@type\":\"ReadAction\",\"target\":[\"https:\/\/angelsolisnoticias.com\/index.php\/2023\/09\/26\/ninos-con-cancer-en-solidaridad-ya-tienen-un-espacio-de-atencion\/\"]}]},{\"@type\":\"BreadcrumbList\",\"@id\":\"https:\/\/angelsolisnoticias.com\/index.php\/2023\/09\/26\/ninos-con-cancer-en-solidaridad-ya-tienen-un-espacio-de-atencion\/#breadcrumb\",\"itemListElement\":[{\"@type\":\"ListItem\",\"position\":1,\"name\":\"Inicio\",\"item\":\"https:\/\/angelsolisnoticias.com\/\"},{\"@type\":\"ListItem\",\"position\":2,\"name\":\"Ni\u00f1os con c\u00e1ncer en Solidaridad ya tienen un espacio de atenci\u00f3n\"}]},{\"@type\":\"WebSite\",\"@id\":\"https:\/\/angelsolisnoticias.com\/#website\",\"url\":\"https:\/\/angelsolisnoticias.com\/\",\"name\":\"\u00c1ngel Solis\",\"description\":\"Noticias de Quintana Roo\",\"publisher\":{\"@id\":\"https:\/\/angelsolisnoticias.com\/#organization\"},\"potentialAction\":[{\"@type\":\"SearchAction\",\"target\":{\"@type\":\"EntryPoint\",\"urlTemplate\":\"https:\/\/angelsolisnoticias.com\/?s={search_term_string}\"},\"query-input\":\"required name=search_term_string\"}],\"inLanguage\":\"es\"},{\"@type\":\"Organization\",\"@id\":\"https:\/\/angelsolisnoticias.com\/#organization\",\"name\":\"\u00c1ngel Solis\",\"url\":\"https:\/\/angelsolisnoticias.com\/\",\"logo\":{\"@type\":\"ImageObject\",\"inLanguage\":\"es\",\"@id\":\"https:\/\/angelsolisnoticias.com\/#\/schema\/logo\/image\/\",\"url\":\"https:\/\/angelsolisnoticias.com\/wp-content\/uploads\/2023\/01\/LOGO3.png\",\"contentUrl\":\"https:\/\/angelsolisnoticias.com\/wp-content\/uploads\/2023\/01\/LOGO3.png\",\"width\":1853,\"height\":570,\"caption\":\"\u00c1ngel Solis\"},\"image\":{\"@id\":\"https:\/\/angelsolisnoticias.com\/#\/schema\/logo\/image\/\"},\"sameAs\":[\"https:\/\/www.facebook.com\/periodistasquintanaroo\",\"https:\/\/twitter.com\/PERIODISTASQROO\"]},{\"@type\":\"Person\",\"@id\":\"https:\/\/angelsolisnoticias.com\/#\/schema\/person\/d5ca5e4c5f05db44e86cb564bf81ae6f\",\"name\":\"admin\",\"image\":{\"@type\":\"ImageObject\",\"inLanguage\":\"es\",\"@id\":\"https:\/\/angelsolisnoticias.com\/#\/schema\/person\/image\/\",\"url\":\"https:\/\/secure.gravatar.com\/avatar\/dff3eaf7d33320066684ce268bff2bf90ce4f69456139b2d65d7796f64299e47?s=96&d=mm&r=g\",\"contentUrl\":\"https:\/\/secure.gravatar.com\/avatar\/dff3eaf7d33320066684ce268bff2bf90ce4f69456139b2d65d7796f64299e47?s=96&d=mm&r=g\",\"caption\":\"admin\"},\"sameAs\":[\"https:\/\/angelsolisnoticias.com\"],\"url\":\"https:\/\/angelsolisnoticias.com\/index.php\/author\/admin_qnbaat5l\/\"}]}<\/script>\n<!-- \/ Yoast SEO plugin. -->","yoast_head_json":{"title":"Ni\u00f1os con c\u00e1ncer en Solidaridad ya tienen un espacio de atenci\u00f3n","description":".","robots":{"index":"index","follow":"follow","max-snippet":"max-snippet:-1","max-image-preview":"max-image-preview:large","max-video-preview":"max-video-preview:-1"},"canonical":"https:\/\/angelsolisnoticias.com\/index.php\/2023\/09\/26\/ninos-con-cancer-en-solidaridad-ya-tienen-un-espacio-de-atencion\/","og_locale":"es_MX","og_type":"article","og_title":"Ni\u00f1os con c\u00e1ncer en Solidaridad ya tienen un espacio de atenci\u00f3n","og_description":".","og_url":"https:\/\/angelsolisnoticias.com\/index.php\/2023\/09\/26\/ninos-con-cancer-en-solidaridad-ya-tienen-un-espacio-de-atencion\/","og_site_name":"\u00c1ngel Solis","article_publisher":"https:\/\/www.facebook.com\/periodistasquintanaroo","article_published_time":"2023-09-26T15:21:07+00:00","article_modified_time":"2023-09-27T00:13:42+00:00","og_image":[{"width":800,"height":569,"url":"https:\/\/angelsolisnoticias.com\/wp-content\/uploads\/2023\/09\/Solidaridad-Ninos-Cancer1.jpg","type":"image\/jpeg"}],"author":"admin","twitter_card":"summary_large_image","twitter_creator":"@PERIODISTASQROO","twitter_site":"@PERIODISTASQROO","twitter_misc":{"Escrito por":"admin","Tiempo de lectura":"2 minutos"},"schema":{"@context":"https:\/\/schema.org","@graph":[{"@type":"Article","@id":"https:\/\/angelsolisnoticias.com\/index.php\/2023\/09\/26\/ninos-con-cancer-en-solidaridad-ya-tienen-un-espacio-de-atencion\/#article","isPartOf":{"@id":"https:\/\/angelsolisnoticias.com\/index.php\/2023\/09\/26\/ninos-con-cancer-en-solidaridad-ya-tienen-un-espacio-de-atencion\/"},"author":{"name":"admin","@id":"https:\/\/angelsolisnoticias.com\/#\/schema\/person\/d5ca5e4c5f05db44e86cb564bf81ae6f"},"headline":"Ni\u00f1os con c\u00e1ncer en Solidaridad ya tienen un espacio de atenci\u00f3n","datePublished":"2023-09-26T15:21:07+00:00","dateModified":"2023-09-27T00:13:42+00:00","mainEntityOfPage":{"@id":"https:\/\/angelsolisnoticias.com\/index.php\/2023\/09\/26\/ninos-con-cancer-en-solidaridad-ya-tienen-un-espacio-de-atencion\/"},"wordCount":346,"commentCount":0,"publisher":{"@id":"https:\/\/angelsolisnoticias.com\/#organization"},"articleSection":["Solidaridad","Uncategorized"],"inLanguage":"es","potentialAction":[{"@type":"CommentAction","name":"Comment","target":["https:\/\/angelsolisnoticias.com\/index.php\/2023\/09\/26\/ninos-con-cancer-en-solidaridad-ya-tienen-un-espacio-de-atencion\/#respond"]}]},{"@type":"WebPage","@id":"https:\/\/angelsolisnoticias.com\/index.php\/2023\/09\/26\/ninos-con-cancer-en-solidaridad-ya-tienen-un-espacio-de-atencion\/","url":"https:\/\/angelsolisnoticias.com\/index.php\/2023\/09\/26\/ninos-con-cancer-en-solidaridad-ya-tienen-un-espacio-de-atencion\/","name":"Ni\u00f1os con c\u00e1ncer en Solidaridad ya tienen un espacio de atenci\u00f3n","isPartOf":{"@id":"https:\/\/angelsolisnoticias.com\/#website"},"datePublished":"2023-09-26T15:21:07+00:00","dateModified":"2023-09-27T00:13:42+00:00","description":".","breadcrumb":{"@id":"https:\/\/angelsolisnoticias.com\/index.php\/2023\/09\/26\/ninos-con-cancer-en-solidaridad-ya-tienen-un-espacio-de-atencion\/#breadcrumb"},"inLanguage":"es","potentialAction":[{"@type":"ReadAction","target":["https:\/\/angelsolisnoticias.com\/index.php\/2023\/09\/26\/ninos-con-cancer-en-solidaridad-ya-tienen-un-espacio-de-atencion\/"]}]},{"@type":"BreadcrumbList","@id":"https:\/\/angelsolisnoticias.com\/index.php\/2023\/09\/26\/ninos-con-cancer-en-solidaridad-ya-tienen-un-espacio-de-atencion\/#breadcrumb","itemListElement":[{"@type":"ListItem","position":1,"name":"Inicio","item":"https:\/\/angelsolisnoticias.com\/"},{"@type":"ListItem","position":2,"name":"Ni\u00f1os con c\u00e1ncer en Solidaridad ya tienen un espacio de atenci\u00f3n"}]},{"@type":"WebSite","@id":"https:\/\/angelsolisnoticias.com\/#website","url":"https:\/\/angelsolisnoticias.com\/","name":"\u00c1ngel Solis","description":"Noticias de Quintana Roo","publisher":{"@id":"https:\/\/angelsolisnoticias.com\/#organization"},"potentialAction":[{"@type":"SearchAction","target":{"@type":"EntryPoint","urlTemplate":"https:\/\/angelsolisnoticias.com\/?s={search_term_string}"},"query-input":"required name=search_term_string"}],"inLanguage":"es"},{"@type":"Organization","@id":"https:\/\/angelsolisnoticias.com\/#organization","name":"\u00c1ngel Solis","url":"https:\/\/angelsolisnoticias.com\/","logo":{"@type":"ImageObject","inLanguage":"es","@id":"https:\/\/angelsolisnoticias.com\/#\/schema\/logo\/image\/","url":"https:\/\/angelsolisnoticias.com\/wp-content\/uploads\/2023\/01\/LOGO3.png","contentUrl":"https:\/\/angelsolisnoticias.com\/wp-content\/uploads\/2023\/01\/LOGO3.png","width":1853,"height":570,"caption":"\u00c1ngel Solis"},"image":{"@id":"https:\/\/angelsolisnoticias.com\/#\/schema\/logo\/image\/"},"sameAs":["https:\/\/www.facebook.com\/periodistasquintanaroo","https:\/\/twitter.com\/PERIODISTASQROO"]},{"@type":"Person","@id":"https:\/\/angelsolisnoticias.com\/#\/schema\/person\/d5ca5e4c5f05db44e86cb564bf81ae6f","name":"admin","image":{"@type":"ImageObject","inLanguage":"es","@id":"https:\/\/angelsolisnoticias.com\/#\/schema\/person\/image\/","url":"https:\/\/secure.gravatar.com\/avatar\/dff3eaf7d33320066684ce268bff2bf90ce4f69456139b2d65d7796f64299e47?s=96&d=mm&r=g","contentUrl":"https:\/\/secure.gravatar.com\/avatar\/dff3eaf7d33320066684ce268bff2bf90ce4f69456139b2d65d7796f64299e47?s=96&d=mm&r=g","caption":"admin"},"sameAs":["https:\/\/angelsolisnoticias.com"],"url":"https:\/\/angelsolisnoticias.com\/index.php\/author\/admin_qnbaat5l\/"}]}},"jetpack_featured_media_url":"https:\/\/angelsolisnoticias.com\/wp-content\/uploads\/2023\/09\/Solidaridad-Ninos-Cancer1.jpg","_links":{"self":[{"href":"https:\/\/angelsolisnoticias.com\/index.php\/wp-json\/wp\/v2\/posts\/2416","targetHints":{"allow":["GET"]}}],"collection":[{"href":"https:\/\/angelsolisnoticias.com\/index.php\/wp-json\/wp\/v2\/posts"}],"about":[{"href":"https:\/\/angelsolisnoticias.com\/index.php\/wp-json\/wp\/v2\/types\/post"}],"author":[{"embeddable":true,"href":"https:\/\/angelsolisnoticias.com\/index.php\/wp-json\/wp\/v2\/users\/1"}],"replies":[{"embeddable":true,"href":"https:\/\/angelsolisnoticias.com\/index.php\/wp-json\/wp\/v2\/comments?post=2416"}],"version-history":[{"count":3,"href":"https:\/\/angelsolisnoticias.com\/index.php\/wp-json\/wp\/v2\/posts\/2416\/revisions"}],"predecessor-version":[{"id":2423,"href":"https:\/\/angelsolisnoticias.com\/index.php\/wp-json\/wp\/v2\/posts\/2416\/revisions\/2423"}],"wp:featuredmedia":[{"embeddable":true,"href":"https:\/\/angelsolisnoticias.com\/index.php\/wp-json\/wp\/v2\/media\/2421"}],"wp:attachment":[{"href":"https:\/\/angelsolisnoticias.com\/index.php\/wp-json\/wp\/v2\/media?parent=2416"}],"wp:term":[{"taxonomy":"category","embeddable":true,"href":"https:\/\/angelsolisnoticias.com\/index.php\/wp-json\/wp\/v2\/categories?post=2416"},{"taxonomy":"post_tag","embeddable":true,"href":"https:\/\/angelsolisnoticias.com\/index.php\/wp-json\/wp\/v2\/tags?post=2416"}],"curies":[{"name":"wp","href":"https:\/\/api.w.org\/{rel}","templated":true}]}}