{"id":2554,"date":"2023-10-02T12:25:53","date_gmt":"2023-10-02T12:25:53","guid":{"rendered":"https:\/\/angelsolisnoticias.com\/?p=2554"},"modified":"2023-10-02T22:36:05","modified_gmt":"2023-10-02T22:36:05","slug":"pone-en-marcha-mara-lezama-unidad-del-bienestar-en-jose-maria-morelos","status":"publish","type":"post","link":"https:\/\/angelsolisnoticias.com\/index.php\/2023\/10\/02\/pone-en-marcha-mara-lezama-unidad-del-bienestar-en-jose-maria-morelos\/","title":{"rendered":"\u201cPone en marcha Mara Lezama Unidad del Bienestar en Jos\u00e9 Mar\u00eda Morelos"},"content":{"rendered":"<p>Jos\u00e9 Mar\u00eda Morelos, 2 de octubre<br \/>\nRedacci\u00f3n<\/p>\n<p>Al poner en servicio la Unidad del Bienestar en esta cabecera, la gobernadora Mara Lezama Espinosa reiter\u00f3 que la salud de las personas es prioridad en este gobierno humanista, incluyente y progresista, principalmente de aquellas que por a\u00f1os hab\u00edan carecido de acceso a la seguridad social.<\/p>\n<p>Durante la ceremonia de apertura, en la calle Cob\u00e1 entre X-Cabil y Vicente Guerrero, y tras recorrer las instalaciones, Mara Lezama record\u00f3 que estas Unidades, que se complementan con el de las Caravanas del Bienestar, hacen justicia social a los que menos tienen, los que viven en comunidades apartadas.<\/p>\n<p>Ante la presencia de beneficiarios, la gobernadora de Quintana Roo les inform\u00f3 que a partir de ahora recibir\u00e1n, de forma gratuita, la atenci\u00f3n m\u00e9dica que requieran y las medicinas que les receten los m\u00e9dicos, cerca de casa para que no tengan que trasladarse a otra localidad. \u201cDe esto se trata esta nueva forma de gobernar\u201d precis\u00f3.<\/p>\n<p><img loading=\"lazy\" decoding=\"async\" class=\"aligncenter wp-image-2557 \" src=\"https:\/\/angelsolisnoticias.com\/wp-content\/uploads\/2023\/10\/Mara-lezama-Hospital-Carrillo4.jpg\" alt=\"\" width=\"593\" height=\"395\" srcset=\"https:\/\/angelsolisnoticias.com\/wp-content\/uploads\/2023\/10\/Mara-lezama-Hospital-Carrillo4.jpg 720w, https:\/\/angelsolisnoticias.com\/wp-content\/uploads\/2023\/10\/Mara-lezama-Hospital-Carrillo4-300x200.jpg 300w\" sizes=\"auto, (max-width: 593px) 100vw, 593px\" \/><\/p>\n<p>\u201cEstas acciones se llevan a cabo gracias al Nuevo Acuerdo por el Bienestar y Desarrollo de Quintana Roo, para que todas y todos se integren al desarrollo, a la prosperidad compartida, sin que nadie se quede atr\u00e1s ni se quede fuera\u201d explic\u00f3 la primera mujer gobernadora de Quintana Roo.<\/p>\n<p>A\u00f1adi\u00f3 que con las Unidades del Bienestar se regresando al pueblo el dinero del pueblo, combatiendo la corrupci\u00f3n, y haciendo buen uso de los recursos que antes se quedaba en los bolsillos de unos cuantos, que debieron invertirse en salud, educaci\u00f3n, calles, iluminaci\u00f3n, \u201cpero se lo llevaron y amasaron fortunas\u201d.<\/p>\n<p>Este d\u00eda, Mara Lezama entreg\u00f3 150 tarjetas de un total de 22 mil 500 para igual n\u00famero de beneficiarios en todo el municipio de Jos\u00e9 Mar\u00eda Morelos. La cobertura estatal es de hasta 350 mil personas. La inversi\u00f3n estatal del programa Unidades del Bienestar es de 147 millones 308 mil 970 pesos.<\/p>\n<p>Con corte hasta el 29 de septiembre pasado, ya van poco m\u00e1s de 26 mil 561 de beneficiarios en todo Quintana Roo y 8 mil 572 tarjetas entregadas, de las cuales se han generado m\u00e1s de 18 mil 854 servicios m\u00e9dicos.<\/p>\n<p><img loading=\"lazy\" decoding=\"async\" class=\"aligncenter wp-image-2558 \" src=\"https:\/\/angelsolisnoticias.com\/wp-content\/uploads\/2023\/10\/Mara-lezama-Hospital-Carrillo3.jpg\" alt=\"\" width=\"606\" height=\"404\" srcset=\"https:\/\/angelsolisnoticias.com\/wp-content\/uploads\/2023\/10\/Mara-lezama-Hospital-Carrillo3.jpg 720w, https:\/\/angelsolisnoticias.com\/wp-content\/uploads\/2023\/10\/Mara-lezama-Hospital-Carrillo3-300x200.jpg 300w\" sizes=\"auto, (max-width: 606px) 100vw, 606px\" \/><\/p>\n<p>En las Unidades del Bienestar se ofrecen, sin costo alguno, consultas m\u00e9dicas generales, revisiones dentales con dos limpiezas anuales, examen de la vista con entrega de lentes a quienes los requieran, estudios de laboratorio incluyendo biometr\u00edas hem\u00e1ticas, qu\u00edmica sangu\u00ednea de 6 elementos, exudados far\u00edngeos y otros m\u00e1s.<\/p>\n<p>Para la atenci\u00f3n de la salud de las mujeres, se realizar\u00e1 la prueba inmunol\u00f3gica de embarazo y el Papanicolau; para todos los adultos, pruebas para la prevenci\u00f3n y atenci\u00f3n de enfermedades ven\u00e9reas, incluyendo pruebas de detecci\u00f3n de VIH (SIDA) y S\u00edfilis.<\/p>\n<p>Tambi\u00e9n se pondr\u00e1 a disposici\u00f3n de los beneficiarios recetas y medicamentos gratuitos de m\u00e1s de 200 dentro del cuadro b\u00e1sico, dirigidos a atender los 95 padecimientos m\u00e1s comunes del estado.<\/p>\n<p>\u201cEn este gobierno, la salud de todas y todos, s\u00ed nos importa. Hoy Jos\u00e9 Mar\u00eda Morelos tiene esta Unidad de Bienestar que sea para bien de todas y todos, y la prevenci\u00f3n es fundamental, as\u00ed que los queremos bien sanos a todas y todas\u201d finaliz\u00f3 la Gobernadora.<\/p>\n<p>Estuvieron presentes el secretario de Salud, Flavio Carlos Rosado, y el de Bienestar, Pablo Bustamante.<\/p>\n","protected":false},"excerpt":{"rendered":"<p>Jos\u00e9 Mar\u00eda Morelos, 2 de octubre Redacci\u00f3n Al poner en servicio la Unidad del Bienestar en esta cabecera, la gobernadora Mara Lezama Espinosa reiter\u00f3 que la salud de las personas es prioridad en este gobierno humanista, incluyente y progresista, principalmente de aquellas que por a\u00f1os hab\u00edan carecido de acceso a <a href=\"https:\/\/angelsolisnoticias.com\/index.php\/2023\/10\/02\/pone-en-marcha-mara-lezama-unidad-del-bienestar-en-jose-maria-morelos\/\" class=\"btn btn-link continue-link\">Seguir leyendo<\/a><\/p>\n","protected":false},"author":1,"featured_media":2561,"comment_status":"open","ping_status":"open","sticky":false,"template":"","format":"standard","meta":{"footnotes":""},"categories":[1],"tags":[],"class_list":["post-2554","post","type-post","status-publish","format-standard","has-post-thumbnail","hentry","category-uncategorized"],"yoast_head":"<!-- This site is optimized with the Yoast SEO plugin v21.1 - https:\/\/yoast.com\/wordpress\/plugins\/seo\/ -->\n<title>\u201cPone en marcha Mara Lezama Unidad del Bienestar en Jos\u00e9 Mar\u00eda Morelos<\/title>\n<meta name=\"description\" content=\".\" \/>\n<meta name=\"robots\" content=\"index, follow, max-snippet:-1, max-image-preview:large, max-video-preview:-1\" \/>\n<link rel=\"canonical\" href=\"https:\/\/angelsolisnoticias.com\/index.php\/2023\/10\/02\/pone-en-marcha-mara-lezama-unidad-del-bienestar-en-jose-maria-morelos\/\" \/>\n<meta property=\"og:locale\" content=\"es_MX\" \/>\n<meta property=\"og:type\" content=\"article\" \/>\n<meta property=\"og:title\" content=\"\u201cPone en marcha Mara Lezama Unidad del Bienestar en Jos\u00e9 Mar\u00eda Morelos\" \/>\n<meta property=\"og:description\" content=\".\" \/>\n<meta property=\"og:url\" content=\"https:\/\/angelsolisnoticias.com\/index.php\/2023\/10\/02\/pone-en-marcha-mara-lezama-unidad-del-bienestar-en-jose-maria-morelos\/\" \/>\n<meta property=\"og:site_name\" content=\"\u00c1ngel Solis\" \/>\n<meta property=\"article:publisher\" content=\"https:\/\/www.facebook.com\/periodistasquintanaroo\" \/>\n<meta property=\"article:published_time\" content=\"2023-10-02T12:25:53+00:00\" \/>\n<meta property=\"article:modified_time\" content=\"2023-10-02T22:36:05+00:00\" \/>\n<meta property=\"og:image\" content=\"https:\/\/angelsolisnoticias.com\/wp-content\/uploads\/2023\/10\/Mara-lezama-Hospital-Carrillo5-1.jpg\" \/>\n\t<meta property=\"og:image:width\" content=\"800\" \/>\n\t<meta property=\"og:image:height\" content=\"569\" \/>\n\t<meta property=\"og:image:type\" content=\"image\/jpeg\" \/>\n<meta name=\"author\" content=\"admin\" \/>\n<meta name=\"twitter:card\" content=\"summary_large_image\" \/>\n<meta name=\"twitter:creator\" content=\"@PERIODISTASQROO\" \/>\n<meta name=\"twitter:site\" content=\"@PERIODISTASQROO\" \/>\n<meta name=\"twitter:label1\" content=\"Escrito por\" \/>\n\t<meta name=\"twitter:data1\" content=\"admin\" \/>\n\t<meta name=\"twitter:label2\" content=\"Tiempo de lectura\" \/>\n\t<meta name=\"twitter:data2\" content=\"3 minutos\" \/>\n<script type=\"application\/ld+json\" class=\"yoast-schema-graph\">{\"@context\":\"https:\/\/schema.org\",\"@graph\":[{\"@type\":\"Article\",\"@id\":\"https:\/\/angelsolisnoticias.com\/index.php\/2023\/10\/02\/pone-en-marcha-mara-lezama-unidad-del-bienestar-en-jose-maria-morelos\/#article\",\"isPartOf\":{\"@id\":\"https:\/\/angelsolisnoticias.com\/index.php\/2023\/10\/02\/pone-en-marcha-mara-lezama-unidad-del-bienestar-en-jose-maria-morelos\/\"},\"author\":{\"name\":\"admin\",\"@id\":\"https:\/\/angelsolisnoticias.com\/#\/schema\/person\/d5ca5e4c5f05db44e86cb564bf81ae6f\"},\"headline\":\"\u201cPone en marcha Mara Lezama Unidad del Bienestar en Jos\u00e9 Mar\u00eda Morelos\",\"datePublished\":\"2023-10-02T12:25:53+00:00\",\"dateModified\":\"2023-10-02T22:36:05+00:00\",\"mainEntityOfPage\":{\"@id\":\"https:\/\/angelsolisnoticias.com\/index.php\/2023\/10\/02\/pone-en-marcha-mara-lezama-unidad-del-bienestar-en-jose-maria-morelos\/\"},\"wordCount\":566,\"commentCount\":0,\"publisher\":{\"@id\":\"https:\/\/angelsolisnoticias.com\/#organization\"},\"articleSection\":[\"Uncategorized\"],\"inLanguage\":\"es\",\"potentialAction\":[{\"@type\":\"CommentAction\",\"name\":\"Comment\",\"target\":[\"https:\/\/angelsolisnoticias.com\/index.php\/2023\/10\/02\/pone-en-marcha-mara-lezama-unidad-del-bienestar-en-jose-maria-morelos\/#respond\"]}]},{\"@type\":\"WebPage\",\"@id\":\"https:\/\/angelsolisnoticias.com\/index.php\/2023\/10\/02\/pone-en-marcha-mara-lezama-unidad-del-bienestar-en-jose-maria-morelos\/\",\"url\":\"https:\/\/angelsolisnoticias.com\/index.php\/2023\/10\/02\/pone-en-marcha-mara-lezama-unidad-del-bienestar-en-jose-maria-morelos\/\",\"name\":\"\u201cPone en marcha Mara Lezama Unidad del Bienestar en Jos\u00e9 Mar\u00eda Morelos\",\"isPartOf\":{\"@id\":\"https:\/\/angelsolisnoticias.com\/#website\"},\"datePublished\":\"2023-10-02T12:25:53+00:00\",\"dateModified\":\"2023-10-02T22:36:05+00:00\",\"description\":\".\",\"breadcrumb\":{\"@id\":\"https:\/\/angelsolisnoticias.com\/index.php\/2023\/10\/02\/pone-en-marcha-mara-lezama-unidad-del-bienestar-en-jose-maria-morelos\/#breadcrumb\"},\"inLanguage\":\"es\",\"potentialAction\":[{\"@type\":\"ReadAction\",\"target\":[\"https:\/\/angelsolisnoticias.com\/index.php\/2023\/10\/02\/pone-en-marcha-mara-lezama-unidad-del-bienestar-en-jose-maria-morelos\/\"]}]},{\"@type\":\"BreadcrumbList\",\"@id\":\"https:\/\/angelsolisnoticias.com\/index.php\/2023\/10\/02\/pone-en-marcha-mara-lezama-unidad-del-bienestar-en-jose-maria-morelos\/#breadcrumb\",\"itemListElement\":[{\"@type\":\"ListItem\",\"position\":1,\"name\":\"Inicio\",\"item\":\"https:\/\/angelsolisnoticias.com\/\"},{\"@type\":\"ListItem\",\"position\":2,\"name\":\"\u201cPone en marcha Mara Lezama Unidad del Bienestar en Jos\u00e9 Mar\u00eda Morelos\"}]},{\"@type\":\"WebSite\",\"@id\":\"https:\/\/angelsolisnoticias.com\/#website\",\"url\":\"https:\/\/angelsolisnoticias.com\/\",\"name\":\"\u00c1ngel Solis\",\"description\":\"Noticias de Quintana Roo\",\"publisher\":{\"@id\":\"https:\/\/angelsolisnoticias.com\/#organization\"},\"potentialAction\":[{\"@type\":\"SearchAction\",\"target\":{\"@type\":\"EntryPoint\",\"urlTemplate\":\"https:\/\/angelsolisnoticias.com\/?s={search_term_string}\"},\"query-input\":\"required name=search_term_string\"}],\"inLanguage\":\"es\"},{\"@type\":\"Organization\",\"@id\":\"https:\/\/angelsolisnoticias.com\/#organization\",\"name\":\"\u00c1ngel Solis\",\"url\":\"https:\/\/angelsolisnoticias.com\/\",\"logo\":{\"@type\":\"ImageObject\",\"inLanguage\":\"es\",\"@id\":\"https:\/\/angelsolisnoticias.com\/#\/schema\/logo\/image\/\",\"url\":\"https:\/\/angelsolisnoticias.com\/wp-content\/uploads\/2023\/01\/LOGO3.png\",\"contentUrl\":\"https:\/\/angelsolisnoticias.com\/wp-content\/uploads\/2023\/01\/LOGO3.png\",\"width\":1853,\"height\":570,\"caption\":\"\u00c1ngel Solis\"},\"image\":{\"@id\":\"https:\/\/angelsolisnoticias.com\/#\/schema\/logo\/image\/\"},\"sameAs\":[\"https:\/\/www.facebook.com\/periodistasquintanaroo\",\"https:\/\/twitter.com\/PERIODISTASQROO\"]},{\"@type\":\"Person\",\"@id\":\"https:\/\/angelsolisnoticias.com\/#\/schema\/person\/d5ca5e4c5f05db44e86cb564bf81ae6f\",\"name\":\"admin\",\"image\":{\"@type\":\"ImageObject\",\"inLanguage\":\"es\",\"@id\":\"https:\/\/angelsolisnoticias.com\/#\/schema\/person\/image\/\",\"url\":\"https:\/\/secure.gravatar.com\/avatar\/dff3eaf7d33320066684ce268bff2bf90ce4f69456139b2d65d7796f64299e47?s=96&d=mm&r=g\",\"contentUrl\":\"https:\/\/secure.gravatar.com\/avatar\/dff3eaf7d33320066684ce268bff2bf90ce4f69456139b2d65d7796f64299e47?s=96&d=mm&r=g\",\"caption\":\"admin\"},\"sameAs\":[\"https:\/\/angelsolisnoticias.com\"],\"url\":\"https:\/\/angelsolisnoticias.com\/index.php\/author\/admin_qnbaat5l\/\"}]}<\/script>\n<!-- \/ Yoast SEO plugin. -->","yoast_head_json":{"title":"\u201cPone en marcha Mara Lezama Unidad del Bienestar en Jos\u00e9 Mar\u00eda Morelos","description":".","robots":{"index":"index","follow":"follow","max-snippet":"max-snippet:-1","max-image-preview":"max-image-preview:large","max-video-preview":"max-video-preview:-1"},"canonical":"https:\/\/angelsolisnoticias.com\/index.php\/2023\/10\/02\/pone-en-marcha-mara-lezama-unidad-del-bienestar-en-jose-maria-morelos\/","og_locale":"es_MX","og_type":"article","og_title":"\u201cPone en marcha Mara Lezama Unidad del Bienestar en Jos\u00e9 Mar\u00eda Morelos","og_description":".","og_url":"https:\/\/angelsolisnoticias.com\/index.php\/2023\/10\/02\/pone-en-marcha-mara-lezama-unidad-del-bienestar-en-jose-maria-morelos\/","og_site_name":"\u00c1ngel Solis","article_publisher":"https:\/\/www.facebook.com\/periodistasquintanaroo","article_published_time":"2023-10-02T12:25:53+00:00","article_modified_time":"2023-10-02T22:36:05+00:00","og_image":[{"width":800,"height":569,"url":"https:\/\/angelsolisnoticias.com\/wp-content\/uploads\/2023\/10\/Mara-lezama-Hospital-Carrillo5-1.jpg","type":"image\/jpeg"}],"author":"admin","twitter_card":"summary_large_image","twitter_creator":"@PERIODISTASQROO","twitter_site":"@PERIODISTASQROO","twitter_misc":{"Escrito por":"admin","Tiempo de lectura":"3 minutos"},"schema":{"@context":"https:\/\/schema.org","@graph":[{"@type":"Article","@id":"https:\/\/angelsolisnoticias.com\/index.php\/2023\/10\/02\/pone-en-marcha-mara-lezama-unidad-del-bienestar-en-jose-maria-morelos\/#article","isPartOf":{"@id":"https:\/\/angelsolisnoticias.com\/index.php\/2023\/10\/02\/pone-en-marcha-mara-lezama-unidad-del-bienestar-en-jose-maria-morelos\/"},"author":{"name":"admin","@id":"https:\/\/angelsolisnoticias.com\/#\/schema\/person\/d5ca5e4c5f05db44e86cb564bf81ae6f"},"headline":"\u201cPone en marcha Mara Lezama Unidad del Bienestar en Jos\u00e9 Mar\u00eda Morelos","datePublished":"2023-10-02T12:25:53+00:00","dateModified":"2023-10-02T22:36:05+00:00","mainEntityOfPage":{"@id":"https:\/\/angelsolisnoticias.com\/index.php\/2023\/10\/02\/pone-en-marcha-mara-lezama-unidad-del-bienestar-en-jose-maria-morelos\/"},"wordCount":566,"commentCount":0,"publisher":{"@id":"https:\/\/angelsolisnoticias.com\/#organization"},"articleSection":["Uncategorized"],"inLanguage":"es","potentialAction":[{"@type":"CommentAction","name":"Comment","target":["https:\/\/angelsolisnoticias.com\/index.php\/2023\/10\/02\/pone-en-marcha-mara-lezama-unidad-del-bienestar-en-jose-maria-morelos\/#respond"]}]},{"@type":"WebPage","@id":"https:\/\/angelsolisnoticias.com\/index.php\/2023\/10\/02\/pone-en-marcha-mara-lezama-unidad-del-bienestar-en-jose-maria-morelos\/","url":"https:\/\/angelsolisnoticias.com\/index.php\/2023\/10\/02\/pone-en-marcha-mara-lezama-unidad-del-bienestar-en-jose-maria-morelos\/","name":"\u201cPone en marcha Mara Lezama Unidad del Bienestar en Jos\u00e9 Mar\u00eda Morelos","isPartOf":{"@id":"https:\/\/angelsolisnoticias.com\/#website"},"datePublished":"2023-10-02T12:25:53+00:00","dateModified":"2023-10-02T22:36:05+00:00","description":".","breadcrumb":{"@id":"https:\/\/angelsolisnoticias.com\/index.php\/2023\/10\/02\/pone-en-marcha-mara-lezama-unidad-del-bienestar-en-jose-maria-morelos\/#breadcrumb"},"inLanguage":"es","potentialAction":[{"@type":"ReadAction","target":["https:\/\/angelsolisnoticias.com\/index.php\/2023\/10\/02\/pone-en-marcha-mara-lezama-unidad-del-bienestar-en-jose-maria-morelos\/"]}]},{"@type":"BreadcrumbList","@id":"https:\/\/angelsolisnoticias.com\/index.php\/2023\/10\/02\/pone-en-marcha-mara-lezama-unidad-del-bienestar-en-jose-maria-morelos\/#breadcrumb","itemListElement":[{"@type":"ListItem","position":1,"name":"Inicio","item":"https:\/\/angelsolisnoticias.com\/"},{"@type":"ListItem","position":2,"name":"\u201cPone en marcha Mara Lezama Unidad del Bienestar en Jos\u00e9 Mar\u00eda Morelos"}]},{"@type":"WebSite","@id":"https:\/\/angelsolisnoticias.com\/#website","url":"https:\/\/angelsolisnoticias.com\/","name":"\u00c1ngel Solis","description":"Noticias de Quintana Roo","publisher":{"@id":"https:\/\/angelsolisnoticias.com\/#organization"},"potentialAction":[{"@type":"SearchAction","target":{"@type":"EntryPoint","urlTemplate":"https:\/\/angelsolisnoticias.com\/?s={search_term_string}"},"query-input":"required name=search_term_string"}],"inLanguage":"es"},{"@type":"Organization","@id":"https:\/\/angelsolisnoticias.com\/#organization","name":"\u00c1ngel Solis","url":"https:\/\/angelsolisnoticias.com\/","logo":{"@type":"ImageObject","inLanguage":"es","@id":"https:\/\/angelsolisnoticias.com\/#\/schema\/logo\/image\/","url":"https:\/\/angelsolisnoticias.com\/wp-content\/uploads\/2023\/01\/LOGO3.png","contentUrl":"https:\/\/angelsolisnoticias.com\/wp-content\/uploads\/2023\/01\/LOGO3.png","width":1853,"height":570,"caption":"\u00c1ngel Solis"},"image":{"@id":"https:\/\/angelsolisnoticias.com\/#\/schema\/logo\/image\/"},"sameAs":["https:\/\/www.facebook.com\/periodistasquintanaroo","https:\/\/twitter.com\/PERIODISTASQROO"]},{"@type":"Person","@id":"https:\/\/angelsolisnoticias.com\/#\/schema\/person\/d5ca5e4c5f05db44e86cb564bf81ae6f","name":"admin","image":{"@type":"ImageObject","inLanguage":"es","@id":"https:\/\/angelsolisnoticias.com\/#\/schema\/person\/image\/","url":"https:\/\/secure.gravatar.com\/avatar\/dff3eaf7d33320066684ce268bff2bf90ce4f69456139b2d65d7796f64299e47?s=96&d=mm&r=g","contentUrl":"https:\/\/secure.gravatar.com\/avatar\/dff3eaf7d33320066684ce268bff2bf90ce4f69456139b2d65d7796f64299e47?s=96&d=mm&r=g","caption":"admin"},"sameAs":["https:\/\/angelsolisnoticias.com"],"url":"https:\/\/angelsolisnoticias.com\/index.php\/author\/admin_qnbaat5l\/"}]}},"jetpack_featured_media_url":"https:\/\/angelsolisnoticias.com\/wp-content\/uploads\/2023\/10\/Mara-lezama-Hospital-Carrillo5-1.jpg","_links":{"self":[{"href":"https:\/\/angelsolisnoticias.com\/index.php\/wp-json\/wp\/v2\/posts\/2554","targetHints":{"allow":["GET"]}}],"collection":[{"href":"https:\/\/angelsolisnoticias.com\/index.php\/wp-json\/wp\/v2\/posts"}],"about":[{"href":"https:\/\/angelsolisnoticias.com\/index.php\/wp-json\/wp\/v2\/types\/post"}],"author":[{"embeddable":true,"href":"https:\/\/angelsolisnoticias.com\/index.php\/wp-json\/wp\/v2\/users\/1"}],"replies":[{"embeddable":true,"href":"https:\/\/angelsolisnoticias.com\/index.php\/wp-json\/wp\/v2\/comments?post=2554"}],"version-history":[{"count":2,"href":"https:\/\/angelsolisnoticias.com\/index.php\/wp-json\/wp\/v2\/posts\/2554\/revisions"}],"predecessor-version":[{"id":2560,"href":"https:\/\/angelsolisnoticias.com\/index.php\/wp-json\/wp\/v2\/posts\/2554\/revisions\/2560"}],"wp:featuredmedia":[{"embeddable":true,"href":"https:\/\/angelsolisnoticias.com\/index.php\/wp-json\/wp\/v2\/media\/2561"}],"wp:attachment":[{"href":"https:\/\/angelsolisnoticias.com\/index.php\/wp-json\/wp\/v2\/media?parent=2554"}],"wp:term":[{"taxonomy":"category","embeddable":true,"href":"https:\/\/angelsolisnoticias.com\/index.php\/wp-json\/wp\/v2\/categories?post=2554"},{"taxonomy":"post_tag","embeddable":true,"href":"https:\/\/angelsolisnoticias.com\/index.php\/wp-json\/wp\/v2\/tags?post=2554"}],"curies":[{"name":"wp","href":"https:\/\/api.w.org\/{rel}","templated":true}]}}