{"id":2585,"date":"2023-10-02T21:10:46","date_gmt":"2023-10-02T21:10:46","guid":{"rendered":"https:\/\/angelsolisnoticias.com\/?p=2585"},"modified":"2023-10-03T16:11:42","modified_gmt":"2023-10-03T16:11:42","slug":"tras-encendido-rosa-inician-acciones-preventivas-contra-el-cancer-de-mama","status":"publish","type":"post","link":"https:\/\/angelsolisnoticias.com\/index.php\/2023\/10\/02\/tras-encendido-rosa-inician-acciones-preventivas-contra-el-cancer-de-mama\/","title":{"rendered":"Tras encendido rosa, inician acciones preventivas contra el c\u00e1ncer de mama"},"content":{"rendered":"<p>Playa del Carmen, Solidaridad, 2 de octubre del 2023<br \/>\nRedacci\u00f3n<\/p>\n<p>\u201cEn la lucha contra el c\u00e1ncer de mama, no est\u00e1n solas, como gobierno vamos a contar con un mast\u00f3grafo para la detecci\u00f3n oportuna y tenemos distintas actividades a realizar este mes. Contamos con centros de atenci\u00f3n primaria y los kioscos del DIF-Solidaridad donde pueden acudir de manera preventiva a realizarse una exploraci\u00f3n mamaria y recibir platicas\u201d, se\u00f1al\u00f3 la presidenta Lili Campos antes del encendido de luces rosas en el palacio del centro de la ciudad.<\/p>\n<p>En breve mensaje, la edil record\u00f3 que la detecci\u00f3n oportuna del c\u00e1ncer salva vidas, sin embargo es importante realizarse el chequeo y estudios. En conmemoraci\u00f3n del \u201cD\u00eda internacional de la lucha contra el c\u00e1ncer de mama\u201d se realiza el mes rosa \u201ciniciamos con 300 mastograf\u00edas y 200 ultrasonidos, el mast\u00f3grafo viene en camino, una vez instalado tendremos\u00a0 mastograf\u00edas todos los d\u00edas en apoyo de las solidarenses\u201d dijo.<\/p>\n<p><img loading=\"lazy\" decoding=\"async\" class=\"aligncenter wp-image-2590 \" src=\"https:\/\/angelsolisnoticias.com\/wp-content\/uploads\/2023\/10\/Solidaridad-Cancer-Mama1.jpg\" alt=\"\" width=\"595\" height=\"421\" \/><\/p>\n<p>Sobre el mast\u00f3grafo coment\u00f3 que una vez que se instale, se tendr\u00e1n las mastograf\u00edas todos los d\u00edas, de todos los meses del a\u00f1o,\u00a0 a fin de prevenir riesgos mortales. \u201cEl a\u00f1o pasado, la atenci\u00f3n en temas de salud que brindamos como gobierno alcanz\u00f3 a 67 mil 788 mujeres y en este a\u00f1o van 48 mil 414 atenciones\u201d detall\u00f3.<\/p>\n<p><img loading=\"lazy\" decoding=\"async\" class=\"aligncenter wp-image-2587 \" src=\"https:\/\/angelsolisnoticias.com\/wp-content\/uploads\/2023\/10\/Solidaridad-Cancer-Mama4.jpg\" alt=\"\" width=\"605\" height=\"393\" \/><\/p>\n<p>Por otra parte, el presidente honorario del DIF-Solidaridad, Cuauht\u00e9moc Escobedo, extern\u00f3 que seg\u00fan la Organizaci\u00f3n Mundial de la Salud, el c\u00e1ncer es la primera causa de muerte en la poblaci\u00f3n femenina y en M\u00e9xico fallecen m\u00e1s de 100 mil anualmente. \u201cEstamos promoviendo las brigadas por la salud, actividades conmemorativas como pl\u00e1ticas, carrera rosa, inauguraci\u00f3n del carril rosa, desayuno rosa, entre otras\u201d.<\/p>\n<p><img loading=\"lazy\" decoding=\"async\" class=\"aligncenter wp-image-2588 \" src=\"https:\/\/angelsolisnoticias.com\/wp-content\/uploads\/2023\/10\/Solidaridad-Cancer-Mama3.jpg\" alt=\"\" width=\"637\" height=\"434\" \/><\/p>\n<p>Cabe mencionar que en el nuevo palacio municipal, as\u00ed como en el DIF de Solidaridad, igualmente fueron iluminados con luces rosas, estando presentes autoridades de Justicia Social, Igualdad de G\u00e9nero, Servicios P\u00fablicos Municipales, as\u00ed como ciudadanos en general, a quienes se les invit\u00f3 a participar en las diferentes actividades organizadas durante el mes rosa.<\/p>\n","protected":false},"excerpt":{"rendered":"<p>Playa del Carmen, Solidaridad, 2 de octubre del 2023 Redacci\u00f3n \u201cEn la lucha contra el c\u00e1ncer de mama, no est\u00e1n solas, como gobierno vamos a contar con un mast\u00f3grafo para la detecci\u00f3n oportuna y tenemos distintas actividades a realizar este mes. Contamos con centros de atenci\u00f3n primaria y los kioscos <a href=\"https:\/\/angelsolisnoticias.com\/index.php\/2023\/10\/02\/tras-encendido-rosa-inician-acciones-preventivas-contra-el-cancer-de-mama\/\" class=\"btn btn-link continue-link\">Seguir leyendo<\/a><\/p>\n","protected":false},"author":1,"featured_media":2590,"comment_status":"open","ping_status":"open","sticky":false,"template":"","format":"standard","meta":{"footnotes":""},"categories":[6,1],"tags":[],"class_list":["post-2585","post","type-post","status-publish","format-standard","has-post-thumbnail","hentry","category-solidaridad","category-uncategorized"],"yoast_head":"<!-- This site is optimized with the Yoast SEO plugin v21.1 - https:\/\/yoast.com\/wordpress\/plugins\/seo\/ -->\n<title>Tras encendido rosa, inician acciones preventivas contra el c\u00e1ncer de mama<\/title>\n<meta name=\"description\" content=\".\" \/>\n<meta name=\"robots\" content=\"index, follow, max-snippet:-1, max-image-preview:large, max-video-preview:-1\" \/>\n<link rel=\"canonical\" href=\"https:\/\/angelsolisnoticias.com\/index.php\/2023\/10\/02\/tras-encendido-rosa-inician-acciones-preventivas-contra-el-cancer-de-mama\/\" \/>\n<meta property=\"og:locale\" content=\"es_MX\" \/>\n<meta property=\"og:type\" content=\"article\" \/>\n<meta property=\"og:title\" content=\"Tras encendido rosa, inician acciones preventivas contra el c\u00e1ncer de mama\" \/>\n<meta property=\"og:description\" content=\".\" \/>\n<meta property=\"og:url\" content=\"https:\/\/angelsolisnoticias.com\/index.php\/2023\/10\/02\/tras-encendido-rosa-inician-acciones-preventivas-contra-el-cancer-de-mama\/\" \/>\n<meta property=\"og:site_name\" content=\"\u00c1ngel Solis\" \/>\n<meta property=\"article:publisher\" content=\"https:\/\/www.facebook.com\/periodistasquintanaroo\" \/>\n<meta property=\"article:published_time\" content=\"2023-10-02T21:10:46+00:00\" \/>\n<meta property=\"article:modified_time\" content=\"2023-10-03T16:11:42+00:00\" \/>\n<meta property=\"og:image\" content=\"https:\/\/angelsolisnoticias.com\/wp-content\/uploads\/2023\/10\/Solidaridad-Cancer-Mama1.jpg\" \/>\n\t<meta property=\"og:image:width\" content=\"800\" \/>\n\t<meta property=\"og:image:height\" content=\"569\" \/>\n\t<meta property=\"og:image:type\" content=\"image\/jpeg\" \/>\n<meta name=\"author\" content=\"admin\" \/>\n<meta name=\"twitter:card\" content=\"summary_large_image\" \/>\n<meta name=\"twitter:creator\" content=\"@PERIODISTASQROO\" \/>\n<meta name=\"twitter:site\" content=\"@PERIODISTASQROO\" \/>\n<meta name=\"twitter:label1\" content=\"Escrito por\" \/>\n\t<meta name=\"twitter:data1\" content=\"admin\" \/>\n\t<meta name=\"twitter:label2\" content=\"Tiempo de lectura\" \/>\n\t<meta name=\"twitter:data2\" content=\"3 minutos\" \/>\n<script type=\"application\/ld+json\" class=\"yoast-schema-graph\">{\"@context\":\"https:\/\/schema.org\",\"@graph\":[{\"@type\":\"Article\",\"@id\":\"https:\/\/angelsolisnoticias.com\/index.php\/2023\/10\/02\/tras-encendido-rosa-inician-acciones-preventivas-contra-el-cancer-de-mama\/#article\",\"isPartOf\":{\"@id\":\"https:\/\/angelsolisnoticias.com\/index.php\/2023\/10\/02\/tras-encendido-rosa-inician-acciones-preventivas-contra-el-cancer-de-mama\/\"},\"author\":{\"name\":\"admin\",\"@id\":\"https:\/\/angelsolisnoticias.com\/#\/schema\/person\/d5ca5e4c5f05db44e86cb564bf81ae6f\"},\"headline\":\"Tras encendido rosa, inician acciones preventivas contra el c\u00e1ncer de mama\",\"datePublished\":\"2023-10-02T21:10:46+00:00\",\"dateModified\":\"2023-10-03T16:11:42+00:00\",\"mainEntityOfPage\":{\"@id\":\"https:\/\/angelsolisnoticias.com\/index.php\/2023\/10\/02\/tras-encendido-rosa-inician-acciones-preventivas-contra-el-cancer-de-mama\/\"},\"wordCount\":364,\"commentCount\":0,\"publisher\":{\"@id\":\"https:\/\/angelsolisnoticias.com\/#organization\"},\"articleSection\":[\"Solidaridad\",\"Uncategorized\"],\"inLanguage\":\"es\",\"potentialAction\":[{\"@type\":\"CommentAction\",\"name\":\"Comment\",\"target\":[\"https:\/\/angelsolisnoticias.com\/index.php\/2023\/10\/02\/tras-encendido-rosa-inician-acciones-preventivas-contra-el-cancer-de-mama\/#respond\"]}]},{\"@type\":\"WebPage\",\"@id\":\"https:\/\/angelsolisnoticias.com\/index.php\/2023\/10\/02\/tras-encendido-rosa-inician-acciones-preventivas-contra-el-cancer-de-mama\/\",\"url\":\"https:\/\/angelsolisnoticias.com\/index.php\/2023\/10\/02\/tras-encendido-rosa-inician-acciones-preventivas-contra-el-cancer-de-mama\/\",\"name\":\"Tras encendido rosa, inician acciones preventivas contra el c\u00e1ncer de mama\",\"isPartOf\":{\"@id\":\"https:\/\/angelsolisnoticias.com\/#website\"},\"datePublished\":\"2023-10-02T21:10:46+00:00\",\"dateModified\":\"2023-10-03T16:11:42+00:00\",\"description\":\".\",\"breadcrumb\":{\"@id\":\"https:\/\/angelsolisnoticias.com\/index.php\/2023\/10\/02\/tras-encendido-rosa-inician-acciones-preventivas-contra-el-cancer-de-mama\/#breadcrumb\"},\"inLanguage\":\"es\",\"potentialAction\":[{\"@type\":\"ReadAction\",\"target\":[\"https:\/\/angelsolisnoticias.com\/index.php\/2023\/10\/02\/tras-encendido-rosa-inician-acciones-preventivas-contra-el-cancer-de-mama\/\"]}]},{\"@type\":\"BreadcrumbList\",\"@id\":\"https:\/\/angelsolisnoticias.com\/index.php\/2023\/10\/02\/tras-encendido-rosa-inician-acciones-preventivas-contra-el-cancer-de-mama\/#breadcrumb\",\"itemListElement\":[{\"@type\":\"ListItem\",\"position\":1,\"name\":\"Inicio\",\"item\":\"https:\/\/angelsolisnoticias.com\/\"},{\"@type\":\"ListItem\",\"position\":2,\"name\":\"Tras encendido rosa, inician acciones preventivas contra el c\u00e1ncer de mama\"}]},{\"@type\":\"WebSite\",\"@id\":\"https:\/\/angelsolisnoticias.com\/#website\",\"url\":\"https:\/\/angelsolisnoticias.com\/\",\"name\":\"\u00c1ngel Solis\",\"description\":\"Noticias de Quintana Roo\",\"publisher\":{\"@id\":\"https:\/\/angelsolisnoticias.com\/#organization\"},\"potentialAction\":[{\"@type\":\"SearchAction\",\"target\":{\"@type\":\"EntryPoint\",\"urlTemplate\":\"https:\/\/angelsolisnoticias.com\/?s={search_term_string}\"},\"query-input\":\"required name=search_term_string\"}],\"inLanguage\":\"es\"},{\"@type\":\"Organization\",\"@id\":\"https:\/\/angelsolisnoticias.com\/#organization\",\"name\":\"\u00c1ngel Solis\",\"url\":\"https:\/\/angelsolisnoticias.com\/\",\"logo\":{\"@type\":\"ImageObject\",\"inLanguage\":\"es\",\"@id\":\"https:\/\/angelsolisnoticias.com\/#\/schema\/logo\/image\/\",\"url\":\"https:\/\/angelsolisnoticias.com\/wp-content\/uploads\/2023\/01\/LOGO3.png\",\"contentUrl\":\"https:\/\/angelsolisnoticias.com\/wp-content\/uploads\/2023\/01\/LOGO3.png\",\"width\":1853,\"height\":570,\"caption\":\"\u00c1ngel Solis\"},\"image\":{\"@id\":\"https:\/\/angelsolisnoticias.com\/#\/schema\/logo\/image\/\"},\"sameAs\":[\"https:\/\/www.facebook.com\/periodistasquintanaroo\",\"https:\/\/twitter.com\/PERIODISTASQROO\"]},{\"@type\":\"Person\",\"@id\":\"https:\/\/angelsolisnoticias.com\/#\/schema\/person\/d5ca5e4c5f05db44e86cb564bf81ae6f\",\"name\":\"admin\",\"image\":{\"@type\":\"ImageObject\",\"inLanguage\":\"es\",\"@id\":\"https:\/\/angelsolisnoticias.com\/#\/schema\/person\/image\/\",\"url\":\"https:\/\/secure.gravatar.com\/avatar\/dff3eaf7d33320066684ce268bff2bf90ce4f69456139b2d65d7796f64299e47?s=96&d=mm&r=g\",\"contentUrl\":\"https:\/\/secure.gravatar.com\/avatar\/dff3eaf7d33320066684ce268bff2bf90ce4f69456139b2d65d7796f64299e47?s=96&d=mm&r=g\",\"caption\":\"admin\"},\"sameAs\":[\"https:\/\/angelsolisnoticias.com\"],\"url\":\"https:\/\/angelsolisnoticias.com\/index.php\/author\/admin_qnbaat5l\/\"}]}<\/script>\n<!-- \/ Yoast SEO plugin. -->","yoast_head_json":{"title":"Tras encendido rosa, inician acciones preventivas contra el c\u00e1ncer de mama","description":".","robots":{"index":"index","follow":"follow","max-snippet":"max-snippet:-1","max-image-preview":"max-image-preview:large","max-video-preview":"max-video-preview:-1"},"canonical":"https:\/\/angelsolisnoticias.com\/index.php\/2023\/10\/02\/tras-encendido-rosa-inician-acciones-preventivas-contra-el-cancer-de-mama\/","og_locale":"es_MX","og_type":"article","og_title":"Tras encendido rosa, inician acciones preventivas contra el c\u00e1ncer de mama","og_description":".","og_url":"https:\/\/angelsolisnoticias.com\/index.php\/2023\/10\/02\/tras-encendido-rosa-inician-acciones-preventivas-contra-el-cancer-de-mama\/","og_site_name":"\u00c1ngel Solis","article_publisher":"https:\/\/www.facebook.com\/periodistasquintanaroo","article_published_time":"2023-10-02T21:10:46+00:00","article_modified_time":"2023-10-03T16:11:42+00:00","og_image":[{"width":800,"height":569,"url":"https:\/\/angelsolisnoticias.com\/wp-content\/uploads\/2023\/10\/Solidaridad-Cancer-Mama1.jpg","type":"image\/jpeg"}],"author":"admin","twitter_card":"summary_large_image","twitter_creator":"@PERIODISTASQROO","twitter_site":"@PERIODISTASQROO","twitter_misc":{"Escrito por":"admin","Tiempo de lectura":"3 minutos"},"schema":{"@context":"https:\/\/schema.org","@graph":[{"@type":"Article","@id":"https:\/\/angelsolisnoticias.com\/index.php\/2023\/10\/02\/tras-encendido-rosa-inician-acciones-preventivas-contra-el-cancer-de-mama\/#article","isPartOf":{"@id":"https:\/\/angelsolisnoticias.com\/index.php\/2023\/10\/02\/tras-encendido-rosa-inician-acciones-preventivas-contra-el-cancer-de-mama\/"},"author":{"name":"admin","@id":"https:\/\/angelsolisnoticias.com\/#\/schema\/person\/d5ca5e4c5f05db44e86cb564bf81ae6f"},"headline":"Tras encendido rosa, inician acciones preventivas contra el c\u00e1ncer de mama","datePublished":"2023-10-02T21:10:46+00:00","dateModified":"2023-10-03T16:11:42+00:00","mainEntityOfPage":{"@id":"https:\/\/angelsolisnoticias.com\/index.php\/2023\/10\/02\/tras-encendido-rosa-inician-acciones-preventivas-contra-el-cancer-de-mama\/"},"wordCount":364,"commentCount":0,"publisher":{"@id":"https:\/\/angelsolisnoticias.com\/#organization"},"articleSection":["Solidaridad","Uncategorized"],"inLanguage":"es","potentialAction":[{"@type":"CommentAction","name":"Comment","target":["https:\/\/angelsolisnoticias.com\/index.php\/2023\/10\/02\/tras-encendido-rosa-inician-acciones-preventivas-contra-el-cancer-de-mama\/#respond"]}]},{"@type":"WebPage","@id":"https:\/\/angelsolisnoticias.com\/index.php\/2023\/10\/02\/tras-encendido-rosa-inician-acciones-preventivas-contra-el-cancer-de-mama\/","url":"https:\/\/angelsolisnoticias.com\/index.php\/2023\/10\/02\/tras-encendido-rosa-inician-acciones-preventivas-contra-el-cancer-de-mama\/","name":"Tras encendido rosa, inician acciones preventivas contra el c\u00e1ncer de mama","isPartOf":{"@id":"https:\/\/angelsolisnoticias.com\/#website"},"datePublished":"2023-10-02T21:10:46+00:00","dateModified":"2023-10-03T16:11:42+00:00","description":".","breadcrumb":{"@id":"https:\/\/angelsolisnoticias.com\/index.php\/2023\/10\/02\/tras-encendido-rosa-inician-acciones-preventivas-contra-el-cancer-de-mama\/#breadcrumb"},"inLanguage":"es","potentialAction":[{"@type":"ReadAction","target":["https:\/\/angelsolisnoticias.com\/index.php\/2023\/10\/02\/tras-encendido-rosa-inician-acciones-preventivas-contra-el-cancer-de-mama\/"]}]},{"@type":"BreadcrumbList","@id":"https:\/\/angelsolisnoticias.com\/index.php\/2023\/10\/02\/tras-encendido-rosa-inician-acciones-preventivas-contra-el-cancer-de-mama\/#breadcrumb","itemListElement":[{"@type":"ListItem","position":1,"name":"Inicio","item":"https:\/\/angelsolisnoticias.com\/"},{"@type":"ListItem","position":2,"name":"Tras encendido rosa, inician acciones preventivas contra el c\u00e1ncer de mama"}]},{"@type":"WebSite","@id":"https:\/\/angelsolisnoticias.com\/#website","url":"https:\/\/angelsolisnoticias.com\/","name":"\u00c1ngel Solis","description":"Noticias de Quintana Roo","publisher":{"@id":"https:\/\/angelsolisnoticias.com\/#organization"},"potentialAction":[{"@type":"SearchAction","target":{"@type":"EntryPoint","urlTemplate":"https:\/\/angelsolisnoticias.com\/?s={search_term_string}"},"query-input":"required name=search_term_string"}],"inLanguage":"es"},{"@type":"Organization","@id":"https:\/\/angelsolisnoticias.com\/#organization","name":"\u00c1ngel Solis","url":"https:\/\/angelsolisnoticias.com\/","logo":{"@type":"ImageObject","inLanguage":"es","@id":"https:\/\/angelsolisnoticias.com\/#\/schema\/logo\/image\/","url":"https:\/\/angelsolisnoticias.com\/wp-content\/uploads\/2023\/01\/LOGO3.png","contentUrl":"https:\/\/angelsolisnoticias.com\/wp-content\/uploads\/2023\/01\/LOGO3.png","width":1853,"height":570,"caption":"\u00c1ngel Solis"},"image":{"@id":"https:\/\/angelsolisnoticias.com\/#\/schema\/logo\/image\/"},"sameAs":["https:\/\/www.facebook.com\/periodistasquintanaroo","https:\/\/twitter.com\/PERIODISTASQROO"]},{"@type":"Person","@id":"https:\/\/angelsolisnoticias.com\/#\/schema\/person\/d5ca5e4c5f05db44e86cb564bf81ae6f","name":"admin","image":{"@type":"ImageObject","inLanguage":"es","@id":"https:\/\/angelsolisnoticias.com\/#\/schema\/person\/image\/","url":"https:\/\/secure.gravatar.com\/avatar\/dff3eaf7d33320066684ce268bff2bf90ce4f69456139b2d65d7796f64299e47?s=96&d=mm&r=g","contentUrl":"https:\/\/secure.gravatar.com\/avatar\/dff3eaf7d33320066684ce268bff2bf90ce4f69456139b2d65d7796f64299e47?s=96&d=mm&r=g","caption":"admin"},"sameAs":["https:\/\/angelsolisnoticias.com"],"url":"https:\/\/angelsolisnoticias.com\/index.php\/author\/admin_qnbaat5l\/"}]}},"jetpack_featured_media_url":"https:\/\/angelsolisnoticias.com\/wp-content\/uploads\/2023\/10\/Solidaridad-Cancer-Mama1.jpg","_links":{"self":[{"href":"https:\/\/angelsolisnoticias.com\/index.php\/wp-json\/wp\/v2\/posts\/2585","targetHints":{"allow":["GET"]}}],"collection":[{"href":"https:\/\/angelsolisnoticias.com\/index.php\/wp-json\/wp\/v2\/posts"}],"about":[{"href":"https:\/\/angelsolisnoticias.com\/index.php\/wp-json\/wp\/v2\/types\/post"}],"author":[{"embeddable":true,"href":"https:\/\/angelsolisnoticias.com\/index.php\/wp-json\/wp\/v2\/users\/1"}],"replies":[{"embeddable":true,"href":"https:\/\/angelsolisnoticias.com\/index.php\/wp-json\/wp\/v2\/comments?post=2585"}],"version-history":[{"count":3,"href":"https:\/\/angelsolisnoticias.com\/index.php\/wp-json\/wp\/v2\/posts\/2585\/revisions"}],"predecessor-version":[{"id":2592,"href":"https:\/\/angelsolisnoticias.com\/index.php\/wp-json\/wp\/v2\/posts\/2585\/revisions\/2592"}],"wp:featuredmedia":[{"embeddable":true,"href":"https:\/\/angelsolisnoticias.com\/index.php\/wp-json\/wp\/v2\/media\/2590"}],"wp:attachment":[{"href":"https:\/\/angelsolisnoticias.com\/index.php\/wp-json\/wp\/v2\/media?parent=2585"}],"wp:term":[{"taxonomy":"category","embeddable":true,"href":"https:\/\/angelsolisnoticias.com\/index.php\/wp-json\/wp\/v2\/categories?post=2585"},{"taxonomy":"post_tag","embeddable":true,"href":"https:\/\/angelsolisnoticias.com\/index.php\/wp-json\/wp\/v2\/tags?post=2585"}],"curies":[{"name":"wp","href":"https:\/\/api.w.org\/{rel}","templated":true}]}}