{"id":2627,"date":"2023-10-04T13:10:29","date_gmt":"2023-10-04T13:10:29","guid":{"rendered":"https:\/\/angelsolisnoticias.com\/?p=2627"},"modified":"2023-10-04T21:36:24","modified_gmt":"2023-10-04T21:36:24","slug":"mara-lezama-encabeza-conmemoracion-del-202-aniversario-de-la-creacion-de-la-armada-de-mexico","status":"publish","type":"post","link":"https:\/\/angelsolisnoticias.com\/index.php\/2023\/10\/04\/mara-lezama-encabeza-conmemoracion-del-202-aniversario-de-la-creacion-de-la-armada-de-mexico\/","title":{"rendered":"Mara Lezama encabeza conmemoraci\u00f3n del 202 aniversario de la creaci\u00f3n de la Armada de M\u00e9xico"},"content":{"rendered":"<p>Isla Mujeres, 4 de octubre<br \/>\nRedacci\u00f3n<\/p>\n<p>La gobernadora Mara Lezama\u00a0 Espinosa y el almirante del Cuerpo General DEM Abraham Eloy Caballero Rosas, comandante de la Novena Regi\u00f3n Naval, encabezaron la ceremonia conmemorativa al 202 Aniversario de la Creaci\u00f3n de la Armada de M\u00e9xico.<\/p>\n<p>En las instalaciones de la Novena Regi\u00f3n Naval, el almirante Caballero Rosas ley\u00f3 el mensaje que el Secretario de Marina, Jos\u00e9 Rafael Ojeda Dur\u00e1n, dirigi\u00f3 a las y los marinos de M\u00e9xico. \u201cSomos marinos de bien, de entrega, compromiso y de trabajo, que en tiempos de cambio asumimos el reto de la transformaci\u00f3n. Han sido 202 a\u00f1os de dirigir los esfuerzos para el bienestar de las y los mexicanos. Nuestra misi\u00f3n es velar por la paz, la seguridad y el bienestar de nuestro pueblo\u201d, se cit\u00f3 en el mensaje.<\/p>\n<p>Previamente, el capit\u00e1n de Fragata Marco Trejo Cruz hizo una semblanza de la creaci\u00f3n de la Armada de M\u00e9xico. Su misi\u00f3n es emplear el poder naval de la federaci\u00f3n para la defensa exterior y coadyuvar a la seguridad interior en el mar, el aire y la tierra, manteniendo el estado de derecho en zonas marinas, costas, r\u00edos, zonas lacustres y recintos portuarios de M\u00e9xico, manteniendo el estado de derecho, la soberan\u00eda, e impulsando el desarrollo del pa\u00eds.<\/p>\n<p><img loading=\"lazy\" decoding=\"async\" class=\"aligncenter wp-image-2632 \" src=\"https:\/\/angelsolisnoticias.com\/wp-content\/uploads\/2023\/10\/Mara-Armada-Mexico2.jpg\" alt=\"\" width=\"602\" height=\"396\" \/><\/p>\n<p>La gobernadora Mara Lezama, quien recibi\u00f3 los honores de ordenanza, reconoci\u00f3 el trabajo, la disciplina, el esp\u00edritu de sacrificio que hace la Armada de M\u00e9xico, a trav\u00e9s de personas emanadas del pueblo, con valores y principios inculcados para servir a M\u00e9xico sin esperar nada a cambio m\u00e1s que la satisfacci\u00f3n del deber cumplido.<\/p>\n<p>Mara Lezama record\u00f3 que en noviembre de 2022, gracias a la disposici\u00f3n del secretario Ojeda Dur\u00e1n, el gobierno de Quintana Roo suscribi\u00f3 un convenio con la SEMAR mediante el cual arribaron a Quintana Roo los primeros 50 marinos, de un total de 200, destacados para reforzar las tareas de seguridad, sum\u00e1ndose a los elementos de Seguridad Ciudadana estatal.<\/p>\n<p>La primera mujer gobernadora del estado destac\u00f3 que Quintana Roo es una de las privilegiadas 17 entidades del pa\u00eds que posee litorales, y la presencia de los marinos de la Armada de M\u00e9xico proporciona seguridad a la poblaci\u00f3n en costas y puertos, lo mismo ante fen\u00f3menos naturales como frente a pescadores furtivos, perpetradores, contrabandistas, traficantes de personas y de estupefacientes y potenciales enemigos que pretendan surcar nuestras aguas para violar la Ley y el Estado de Derecho.<\/p>\n<p><img loading=\"lazy\" decoding=\"async\" class=\"aligncenter wp-image-2631 \" src=\"https:\/\/angelsolisnoticias.com\/wp-content\/uploads\/2023\/10\/Mara-Armada-Mexico3.jpg\" alt=\"\" width=\"536\" height=\"398\" \/><\/p>\n<p>Mara Lezama tambi\u00e9n reconoci\u00f3 el apoyo institucional en los dispositivos vacacionales, en la vigilancia territorial y en operativos<\/p>\n<p>especiales para combatir la delincuencia y preservar el orden, en conjunto y coordinaci\u00f3n con otras fuerzas del estado, la federaci\u00f3n y los municipios; as\u00ed como en tareas de contenci\u00f3n y recolecci\u00f3n de sargazo en nuestras costas y playas.<\/p>\n<p><img loading=\"lazy\" decoding=\"async\" class=\"aligncenter wp-image-2630 \" src=\"https:\/\/angelsolisnoticias.com\/wp-content\/uploads\/2023\/10\/Mara-Armada-Mexico4.jpg\" alt=\"\" width=\"570\" height=\"360\" \/><\/p>\n<p>A\u00f1adi\u00f3 que ese mismo esp\u00edritu de colaboraci\u00f3n, de suma de esfuerzos, de lealtad, de compromiso, se finca en el Nuevo Acuerdo por el Bienestar y Desarrollo de Quintana Roo que impulsa desde el primer d\u00eda de la administraci\u00f3n, para que las personas no se queden fuera ni atr\u00e1s de la prosperidad compartida, la justicia social y el bienestar social.<\/p>\n<p>\u201cHoy m\u00e1s que nunca reconocemos la labor de nuestras y nuestros marinos y con su ejemplo, refrendamos el compromiso conjunto por el que buscamos que M\u00e9xico y Quintana Roo sean, tanto en tierra como en mar, la esperanza de un mejor porvenir para nuestras futuras generaciones\u201d afirm\u00f3 Mara Lezama.<\/p>\n","protected":false},"excerpt":{"rendered":"<p>Isla Mujeres, 4 de octubre Redacci\u00f3n La gobernadora Mara Lezama\u00a0 Espinosa y el almirante del Cuerpo General DEM Abraham Eloy Caballero Rosas, comandante de la Novena Regi\u00f3n Naval, encabezaron la ceremonia conmemorativa al 202 Aniversario de la Creaci\u00f3n de la Armada de M\u00e9xico. En las instalaciones de la Novena Regi\u00f3n <a href=\"https:\/\/angelsolisnoticias.com\/index.php\/2023\/10\/04\/mara-lezama-encabeza-conmemoracion-del-202-aniversario-de-la-creacion-de-la-armada-de-mexico\/\" class=\"btn btn-link continue-link\">Seguir leyendo<\/a><\/p>\n","protected":false},"author":1,"featured_media":2629,"comment_status":"open","ping_status":"open","sticky":false,"template":"","format":"standard","meta":{"footnotes":""},"categories":[1],"tags":[],"class_list":["post-2627","post","type-post","status-publish","format-standard","has-post-thumbnail","hentry","category-uncategorized"],"yoast_head":"<!-- This site is optimized with the Yoast SEO plugin v21.1 - https:\/\/yoast.com\/wordpress\/plugins\/seo\/ -->\n<title>Mara Lezama encabeza conmemoraci\u00f3n del 202 aniversario de la creaci\u00f3n de la Armada de M\u00e9xico<\/title>\n<meta name=\"description\" content=\".\" \/>\n<meta name=\"robots\" content=\"index, follow, max-snippet:-1, max-image-preview:large, max-video-preview:-1\" \/>\n<link rel=\"canonical\" href=\"https:\/\/angelsolisnoticias.com\/index.php\/2023\/10\/04\/mara-lezama-encabeza-conmemoracion-del-202-aniversario-de-la-creacion-de-la-armada-de-mexico\/\" \/>\n<meta property=\"og:locale\" content=\"es_MX\" \/>\n<meta property=\"og:type\" content=\"article\" \/>\n<meta property=\"og:title\" content=\"Mara Lezama encabeza conmemoraci\u00f3n del 202 aniversario de la creaci\u00f3n de la Armada de M\u00e9xico\" \/>\n<meta property=\"og:description\" content=\".\" \/>\n<meta property=\"og:url\" content=\"https:\/\/angelsolisnoticias.com\/index.php\/2023\/10\/04\/mara-lezama-encabeza-conmemoracion-del-202-aniversario-de-la-creacion-de-la-armada-de-mexico\/\" \/>\n<meta property=\"og:site_name\" content=\"\u00c1ngel Solis\" \/>\n<meta property=\"article:publisher\" content=\"https:\/\/www.facebook.com\/periodistasquintanaroo\" \/>\n<meta property=\"article:published_time\" content=\"2023-10-04T13:10:29+00:00\" \/>\n<meta property=\"article:modified_time\" content=\"2023-10-04T21:36:24+00:00\" \/>\n<meta property=\"og:image\" content=\"https:\/\/angelsolisnoticias.com\/wp-content\/uploads\/2023\/10\/Mara-Armada-Mexico5.jpg\" \/>\n\t<meta property=\"og:image:width\" content=\"800\" \/>\n\t<meta property=\"og:image:height\" content=\"569\" \/>\n\t<meta property=\"og:image:type\" content=\"image\/jpeg\" \/>\n<meta name=\"author\" content=\"admin\" \/>\n<meta name=\"twitter:card\" content=\"summary_large_image\" \/>\n<meta name=\"twitter:creator\" content=\"@PERIODISTASQROO\" \/>\n<meta name=\"twitter:site\" content=\"@PERIODISTASQROO\" \/>\n<meta name=\"twitter:label1\" content=\"Escrito por\" \/>\n\t<meta name=\"twitter:data1\" content=\"admin\" \/>\n\t<meta name=\"twitter:label2\" content=\"Tiempo de lectura\" \/>\n\t<meta name=\"twitter:data2\" content=\"4 minutos\" \/>\n<script type=\"application\/ld+json\" class=\"yoast-schema-graph\">{\"@context\":\"https:\/\/schema.org\",\"@graph\":[{\"@type\":\"Article\",\"@id\":\"https:\/\/angelsolisnoticias.com\/index.php\/2023\/10\/04\/mara-lezama-encabeza-conmemoracion-del-202-aniversario-de-la-creacion-de-la-armada-de-mexico\/#article\",\"isPartOf\":{\"@id\":\"https:\/\/angelsolisnoticias.com\/index.php\/2023\/10\/04\/mara-lezama-encabeza-conmemoracion-del-202-aniversario-de-la-creacion-de-la-armada-de-mexico\/\"},\"author\":{\"name\":\"admin\",\"@id\":\"https:\/\/angelsolisnoticias.com\/#\/schema\/person\/d5ca5e4c5f05db44e86cb564bf81ae6f\"},\"headline\":\"Mara Lezama encabeza conmemoraci\u00f3n del 202 aniversario de la creaci\u00f3n de la Armada de M\u00e9xico\",\"datePublished\":\"2023-10-04T13:10:29+00:00\",\"dateModified\":\"2023-10-04T21:36:24+00:00\",\"mainEntityOfPage\":{\"@id\":\"https:\/\/angelsolisnoticias.com\/index.php\/2023\/10\/04\/mara-lezama-encabeza-conmemoracion-del-202-aniversario-de-la-creacion-de-la-armada-de-mexico\/\"},\"wordCount\":616,\"commentCount\":0,\"publisher\":{\"@id\":\"https:\/\/angelsolisnoticias.com\/#organization\"},\"articleSection\":[\"Uncategorized\"],\"inLanguage\":\"es\",\"potentialAction\":[{\"@type\":\"CommentAction\",\"name\":\"Comment\",\"target\":[\"https:\/\/angelsolisnoticias.com\/index.php\/2023\/10\/04\/mara-lezama-encabeza-conmemoracion-del-202-aniversario-de-la-creacion-de-la-armada-de-mexico\/#respond\"]}]},{\"@type\":\"WebPage\",\"@id\":\"https:\/\/angelsolisnoticias.com\/index.php\/2023\/10\/04\/mara-lezama-encabeza-conmemoracion-del-202-aniversario-de-la-creacion-de-la-armada-de-mexico\/\",\"url\":\"https:\/\/angelsolisnoticias.com\/index.php\/2023\/10\/04\/mara-lezama-encabeza-conmemoracion-del-202-aniversario-de-la-creacion-de-la-armada-de-mexico\/\",\"name\":\"Mara Lezama encabeza conmemoraci\u00f3n del 202 aniversario de la creaci\u00f3n de la Armada de M\u00e9xico\",\"isPartOf\":{\"@id\":\"https:\/\/angelsolisnoticias.com\/#website\"},\"datePublished\":\"2023-10-04T13:10:29+00:00\",\"dateModified\":\"2023-10-04T21:36:24+00:00\",\"description\":\".\",\"breadcrumb\":{\"@id\":\"https:\/\/angelsolisnoticias.com\/index.php\/2023\/10\/04\/mara-lezama-encabeza-conmemoracion-del-202-aniversario-de-la-creacion-de-la-armada-de-mexico\/#breadcrumb\"},\"inLanguage\":\"es\",\"potentialAction\":[{\"@type\":\"ReadAction\",\"target\":[\"https:\/\/angelsolisnoticias.com\/index.php\/2023\/10\/04\/mara-lezama-encabeza-conmemoracion-del-202-aniversario-de-la-creacion-de-la-armada-de-mexico\/\"]}]},{\"@type\":\"BreadcrumbList\",\"@id\":\"https:\/\/angelsolisnoticias.com\/index.php\/2023\/10\/04\/mara-lezama-encabeza-conmemoracion-del-202-aniversario-de-la-creacion-de-la-armada-de-mexico\/#breadcrumb\",\"itemListElement\":[{\"@type\":\"ListItem\",\"position\":1,\"name\":\"Inicio\",\"item\":\"https:\/\/angelsolisnoticias.com\/\"},{\"@type\":\"ListItem\",\"position\":2,\"name\":\"Mara Lezama encabeza conmemoraci\u00f3n del 202 aniversario de la creaci\u00f3n de la Armada de M\u00e9xico\"}]},{\"@type\":\"WebSite\",\"@id\":\"https:\/\/angelsolisnoticias.com\/#website\",\"url\":\"https:\/\/angelsolisnoticias.com\/\",\"name\":\"\u00c1ngel Solis\",\"description\":\"Noticias de Quintana Roo\",\"publisher\":{\"@id\":\"https:\/\/angelsolisnoticias.com\/#organization\"},\"potentialAction\":[{\"@type\":\"SearchAction\",\"target\":{\"@type\":\"EntryPoint\",\"urlTemplate\":\"https:\/\/angelsolisnoticias.com\/?s={search_term_string}\"},\"query-input\":\"required name=search_term_string\"}],\"inLanguage\":\"es\"},{\"@type\":\"Organization\",\"@id\":\"https:\/\/angelsolisnoticias.com\/#organization\",\"name\":\"\u00c1ngel Solis\",\"url\":\"https:\/\/angelsolisnoticias.com\/\",\"logo\":{\"@type\":\"ImageObject\",\"inLanguage\":\"es\",\"@id\":\"https:\/\/angelsolisnoticias.com\/#\/schema\/logo\/image\/\",\"url\":\"https:\/\/angelsolisnoticias.com\/wp-content\/uploads\/2023\/01\/LOGO3.png\",\"contentUrl\":\"https:\/\/angelsolisnoticias.com\/wp-content\/uploads\/2023\/01\/LOGO3.png\",\"width\":1853,\"height\":570,\"caption\":\"\u00c1ngel Solis\"},\"image\":{\"@id\":\"https:\/\/angelsolisnoticias.com\/#\/schema\/logo\/image\/\"},\"sameAs\":[\"https:\/\/www.facebook.com\/periodistasquintanaroo\",\"https:\/\/twitter.com\/PERIODISTASQROO\"]},{\"@type\":\"Person\",\"@id\":\"https:\/\/angelsolisnoticias.com\/#\/schema\/person\/d5ca5e4c5f05db44e86cb564bf81ae6f\",\"name\":\"admin\",\"image\":{\"@type\":\"ImageObject\",\"inLanguage\":\"es\",\"@id\":\"https:\/\/angelsolisnoticias.com\/#\/schema\/person\/image\/\",\"url\":\"https:\/\/secure.gravatar.com\/avatar\/dff3eaf7d33320066684ce268bff2bf90ce4f69456139b2d65d7796f64299e47?s=96&d=mm&r=g\",\"contentUrl\":\"https:\/\/secure.gravatar.com\/avatar\/dff3eaf7d33320066684ce268bff2bf90ce4f69456139b2d65d7796f64299e47?s=96&d=mm&r=g\",\"caption\":\"admin\"},\"sameAs\":[\"https:\/\/angelsolisnoticias.com\"],\"url\":\"https:\/\/angelsolisnoticias.com\/index.php\/author\/admin_qnbaat5l\/\"}]}<\/script>\n<!-- \/ Yoast SEO plugin. -->","yoast_head_json":{"title":"Mara Lezama encabeza conmemoraci\u00f3n del 202 aniversario de la creaci\u00f3n de la Armada de M\u00e9xico","description":".","robots":{"index":"index","follow":"follow","max-snippet":"max-snippet:-1","max-image-preview":"max-image-preview:large","max-video-preview":"max-video-preview:-1"},"canonical":"https:\/\/angelsolisnoticias.com\/index.php\/2023\/10\/04\/mara-lezama-encabeza-conmemoracion-del-202-aniversario-de-la-creacion-de-la-armada-de-mexico\/","og_locale":"es_MX","og_type":"article","og_title":"Mara Lezama encabeza conmemoraci\u00f3n del 202 aniversario de la creaci\u00f3n de la Armada de M\u00e9xico","og_description":".","og_url":"https:\/\/angelsolisnoticias.com\/index.php\/2023\/10\/04\/mara-lezama-encabeza-conmemoracion-del-202-aniversario-de-la-creacion-de-la-armada-de-mexico\/","og_site_name":"\u00c1ngel Solis","article_publisher":"https:\/\/www.facebook.com\/periodistasquintanaroo","article_published_time":"2023-10-04T13:10:29+00:00","article_modified_time":"2023-10-04T21:36:24+00:00","og_image":[{"width":800,"height":569,"url":"https:\/\/angelsolisnoticias.com\/wp-content\/uploads\/2023\/10\/Mara-Armada-Mexico5.jpg","type":"image\/jpeg"}],"author":"admin","twitter_card":"summary_large_image","twitter_creator":"@PERIODISTASQROO","twitter_site":"@PERIODISTASQROO","twitter_misc":{"Escrito por":"admin","Tiempo de lectura":"4 minutos"},"schema":{"@context":"https:\/\/schema.org","@graph":[{"@type":"Article","@id":"https:\/\/angelsolisnoticias.com\/index.php\/2023\/10\/04\/mara-lezama-encabeza-conmemoracion-del-202-aniversario-de-la-creacion-de-la-armada-de-mexico\/#article","isPartOf":{"@id":"https:\/\/angelsolisnoticias.com\/index.php\/2023\/10\/04\/mara-lezama-encabeza-conmemoracion-del-202-aniversario-de-la-creacion-de-la-armada-de-mexico\/"},"author":{"name":"admin","@id":"https:\/\/angelsolisnoticias.com\/#\/schema\/person\/d5ca5e4c5f05db44e86cb564bf81ae6f"},"headline":"Mara Lezama encabeza conmemoraci\u00f3n del 202 aniversario de la creaci\u00f3n de la Armada de M\u00e9xico","datePublished":"2023-10-04T13:10:29+00:00","dateModified":"2023-10-04T21:36:24+00:00","mainEntityOfPage":{"@id":"https:\/\/angelsolisnoticias.com\/index.php\/2023\/10\/04\/mara-lezama-encabeza-conmemoracion-del-202-aniversario-de-la-creacion-de-la-armada-de-mexico\/"},"wordCount":616,"commentCount":0,"publisher":{"@id":"https:\/\/angelsolisnoticias.com\/#organization"},"articleSection":["Uncategorized"],"inLanguage":"es","potentialAction":[{"@type":"CommentAction","name":"Comment","target":["https:\/\/angelsolisnoticias.com\/index.php\/2023\/10\/04\/mara-lezama-encabeza-conmemoracion-del-202-aniversario-de-la-creacion-de-la-armada-de-mexico\/#respond"]}]},{"@type":"WebPage","@id":"https:\/\/angelsolisnoticias.com\/index.php\/2023\/10\/04\/mara-lezama-encabeza-conmemoracion-del-202-aniversario-de-la-creacion-de-la-armada-de-mexico\/","url":"https:\/\/angelsolisnoticias.com\/index.php\/2023\/10\/04\/mara-lezama-encabeza-conmemoracion-del-202-aniversario-de-la-creacion-de-la-armada-de-mexico\/","name":"Mara Lezama encabeza conmemoraci\u00f3n del 202 aniversario de la creaci\u00f3n de la Armada de M\u00e9xico","isPartOf":{"@id":"https:\/\/angelsolisnoticias.com\/#website"},"datePublished":"2023-10-04T13:10:29+00:00","dateModified":"2023-10-04T21:36:24+00:00","description":".","breadcrumb":{"@id":"https:\/\/angelsolisnoticias.com\/index.php\/2023\/10\/04\/mara-lezama-encabeza-conmemoracion-del-202-aniversario-de-la-creacion-de-la-armada-de-mexico\/#breadcrumb"},"inLanguage":"es","potentialAction":[{"@type":"ReadAction","target":["https:\/\/angelsolisnoticias.com\/index.php\/2023\/10\/04\/mara-lezama-encabeza-conmemoracion-del-202-aniversario-de-la-creacion-de-la-armada-de-mexico\/"]}]},{"@type":"BreadcrumbList","@id":"https:\/\/angelsolisnoticias.com\/index.php\/2023\/10\/04\/mara-lezama-encabeza-conmemoracion-del-202-aniversario-de-la-creacion-de-la-armada-de-mexico\/#breadcrumb","itemListElement":[{"@type":"ListItem","position":1,"name":"Inicio","item":"https:\/\/angelsolisnoticias.com\/"},{"@type":"ListItem","position":2,"name":"Mara Lezama encabeza conmemoraci\u00f3n del 202 aniversario de la creaci\u00f3n de la Armada de M\u00e9xico"}]},{"@type":"WebSite","@id":"https:\/\/angelsolisnoticias.com\/#website","url":"https:\/\/angelsolisnoticias.com\/","name":"\u00c1ngel Solis","description":"Noticias de Quintana Roo","publisher":{"@id":"https:\/\/angelsolisnoticias.com\/#organization"},"potentialAction":[{"@type":"SearchAction","target":{"@type":"EntryPoint","urlTemplate":"https:\/\/angelsolisnoticias.com\/?s={search_term_string}"},"query-input":"required name=search_term_string"}],"inLanguage":"es"},{"@type":"Organization","@id":"https:\/\/angelsolisnoticias.com\/#organization","name":"\u00c1ngel Solis","url":"https:\/\/angelsolisnoticias.com\/","logo":{"@type":"ImageObject","inLanguage":"es","@id":"https:\/\/angelsolisnoticias.com\/#\/schema\/logo\/image\/","url":"https:\/\/angelsolisnoticias.com\/wp-content\/uploads\/2023\/01\/LOGO3.png","contentUrl":"https:\/\/angelsolisnoticias.com\/wp-content\/uploads\/2023\/01\/LOGO3.png","width":1853,"height":570,"caption":"\u00c1ngel Solis"},"image":{"@id":"https:\/\/angelsolisnoticias.com\/#\/schema\/logo\/image\/"},"sameAs":["https:\/\/www.facebook.com\/periodistasquintanaroo","https:\/\/twitter.com\/PERIODISTASQROO"]},{"@type":"Person","@id":"https:\/\/angelsolisnoticias.com\/#\/schema\/person\/d5ca5e4c5f05db44e86cb564bf81ae6f","name":"admin","image":{"@type":"ImageObject","inLanguage":"es","@id":"https:\/\/angelsolisnoticias.com\/#\/schema\/person\/image\/","url":"https:\/\/secure.gravatar.com\/avatar\/dff3eaf7d33320066684ce268bff2bf90ce4f69456139b2d65d7796f64299e47?s=96&d=mm&r=g","contentUrl":"https:\/\/secure.gravatar.com\/avatar\/dff3eaf7d33320066684ce268bff2bf90ce4f69456139b2d65d7796f64299e47?s=96&d=mm&r=g","caption":"admin"},"sameAs":["https:\/\/angelsolisnoticias.com"],"url":"https:\/\/angelsolisnoticias.com\/index.php\/author\/admin_qnbaat5l\/"}]}},"jetpack_featured_media_url":"https:\/\/angelsolisnoticias.com\/wp-content\/uploads\/2023\/10\/Mara-Armada-Mexico5.jpg","_links":{"self":[{"href":"https:\/\/angelsolisnoticias.com\/index.php\/wp-json\/wp\/v2\/posts\/2627","targetHints":{"allow":["GET"]}}],"collection":[{"href":"https:\/\/angelsolisnoticias.com\/index.php\/wp-json\/wp\/v2\/posts"}],"about":[{"href":"https:\/\/angelsolisnoticias.com\/index.php\/wp-json\/wp\/v2\/types\/post"}],"author":[{"embeddable":true,"href":"https:\/\/angelsolisnoticias.com\/index.php\/wp-json\/wp\/v2\/users\/1"}],"replies":[{"embeddable":true,"href":"https:\/\/angelsolisnoticias.com\/index.php\/wp-json\/wp\/v2\/comments?post=2627"}],"version-history":[{"count":3,"href":"https:\/\/angelsolisnoticias.com\/index.php\/wp-json\/wp\/v2\/posts\/2627\/revisions"}],"predecessor-version":[{"id":2634,"href":"https:\/\/angelsolisnoticias.com\/index.php\/wp-json\/wp\/v2\/posts\/2627\/revisions\/2634"}],"wp:featuredmedia":[{"embeddable":true,"href":"https:\/\/angelsolisnoticias.com\/index.php\/wp-json\/wp\/v2\/media\/2629"}],"wp:attachment":[{"href":"https:\/\/angelsolisnoticias.com\/index.php\/wp-json\/wp\/v2\/media?parent=2627"}],"wp:term":[{"taxonomy":"category","embeddable":true,"href":"https:\/\/angelsolisnoticias.com\/index.php\/wp-json\/wp\/v2\/categories?post=2627"},{"taxonomy":"post_tag","embeddable":true,"href":"https:\/\/angelsolisnoticias.com\/index.php\/wp-json\/wp\/v2\/tags?post=2627"}],"curies":[{"name":"wp","href":"https:\/\/api.w.org\/{rel}","templated":true}]}}