{"id":2635,"date":"2023-10-04T10:45:35","date_gmt":"2023-10-04T10:45:35","guid":{"rendered":"https:\/\/angelsolisnoticias.com\/?p=2635"},"modified":"2023-10-04T21:56:15","modified_gmt":"2023-10-04T21:56:15","slug":"mary-hernandez-realizo-el-encendido-del-lazo-rosa-con-el-cual-se-enmarca-a-octubre-como-el-mes-de-la-lucha-contra-el-cancer-de-mama","status":"publish","type":"post","link":"https:\/\/angelsolisnoticias.com\/index.php\/2023\/10\/04\/mary-hernandez-realizo-el-encendido-del-lazo-rosa-con-el-cual-se-enmarca-a-octubre-como-el-mes-de-la-lucha-contra-el-cancer-de-mama\/","title":{"rendered":"Mary Hern\u00e1ndez realiz\u00f3 el encendido del lazo rosa, con el cual se enmarca a octubre como el mes de la lucha contra el c\u00e1ncer de mama"},"content":{"rendered":"<p>Felipe Carrillo Puerto Quintana Roo, 4 de octubre de 2023<br \/>\nRedacci\u00f3n<\/p>\n<p>En un emotivo evento llevado a cabo en las instalaciones del DIF municipal encabezado por la presidenta honoraria Mar\u00eda del Carmen Sol\u00eds S\u00e1nchez, la alcaldesa enfatiz\u00f3 la importancia de la prevenci\u00f3n, ya que el n\u00famero de decesos en mujeres a causa del c\u00e1ncer de mama evidentemente sigue creciendo y eso es consecuencia de una falta de cultura de la autoexploraci\u00f3n.<\/p>\n<p>Record\u00f3 que al inicio de su administraci\u00f3n inici\u00f3 con la gesti\u00f3n de un mast\u00f3grafo\u00a0 para el hospital general, ya que el que se ten\u00eda se encontraba en malas condiciones por falta de mantenimiento, situaci\u00f3n que oblig\u00f3 a las pacientes de Felipe Carrillo Puerto, trasladarse al vecino municipio de Jos\u00e9 Mar\u00eda Morelos.<\/p>\n<p><img loading=\"lazy\" decoding=\"async\" class=\"aligncenter wp-image-2639 \" src=\"https:\/\/angelsolisnoticias.com\/wp-content\/uploads\/2023\/10\/Carrillo-lazo-Rosa3.jpg\" alt=\"\" width=\"564\" height=\"374\" \/><\/p>\n<p>As\u00ed mismo, agreg\u00f3 que a la llegada del gobierno de la gobernadora Mara Lezama se dio esa sensibilidad y se autoriz\u00f3 de manera inmediata ese recurso para la adquisici\u00f3n de ese mastografo. \u201cahora el problema no es que se tenga el mast\u00f3grafo, el problema es que no est\u00e1n acudiendo las mujeres a realizarse estos estudios.<\/p>\n<p>En ese sentido, hizo extensiva la invitaci\u00f3n a la ciudadan\u00eda para que a trav\u00e9s del IQM,\u00a0 CRIM,\u00a0 DIF tengan acceso a informaci\u00f3n en la que se les invita a ejercer ese derecho a la salud y que acudan a los m\u00f3dulos que se tienen preparados y listos para poder atenderlas a todas y cada una de las mujeres.<\/p>\n<p><img loading=\"lazy\" decoding=\"async\" class=\"aligncenter wp-image-2640 \" src=\"https:\/\/angelsolisnoticias.com\/wp-content\/uploads\/2023\/10\/Carrillo-lazo-Rosa4.jpg\" alt=\"\" width=\"568\" height=\"420\" \/><\/p>\n<p>La presidenta honoraria del sistema DIF Municipal Mar\u00eda del Carmen Sol\u00eds S\u00e1nchez calific\u00f3 esta actividad como relevante ya que se tiene como objetivo principal la prevenci\u00f3n, detecci\u00f3n temprana y el tratamiento oportuno para poder salvar la vida de muchas mujeres, raz\u00f3n por la cual tambi\u00e9n hizo extensiva la invitaci\u00f3n a todas las mujeres del municipio a practicar la autoexploraci\u00f3n para poder detectar a tiempo alguna normalidad y poder brindarle una atenci\u00f3n oportuna.<\/p>\n<p>Durante el evento fue proyectado un video testimonial de dos pacientes que luchan contra esta enfermedad, con el objetivo de sensibilizar a\u00fan m\u00e1s a los presentes.<\/p>\n","protected":false},"excerpt":{"rendered":"<p>Felipe Carrillo Puerto Quintana Roo, 4 de octubre de 2023 Redacci\u00f3n En un emotivo evento llevado a cabo en las instalaciones del DIF municipal encabezado por la presidenta honoraria Mar\u00eda del Carmen Sol\u00eds S\u00e1nchez, la alcaldesa enfatiz\u00f3 la importancia de la prevenci\u00f3n, ya que el n\u00famero de decesos en mujeres <a href=\"https:\/\/angelsolisnoticias.com\/index.php\/2023\/10\/04\/mary-hernandez-realizo-el-encendido-del-lazo-rosa-con-el-cual-se-enmarca-a-octubre-como-el-mes-de-la-lucha-contra-el-cancer-de-mama\/\" class=\"btn btn-link continue-link\">Seguir leyendo<\/a><\/p>\n","protected":false},"author":1,"featured_media":2641,"comment_status":"open","ping_status":"open","sticky":false,"template":"","format":"standard","meta":{"footnotes":""},"categories":[1],"tags":[],"class_list":["post-2635","post","type-post","status-publish","format-standard","has-post-thumbnail","hentry","category-uncategorized"],"yoast_head":"<!-- This site is optimized with the Yoast SEO plugin v21.1 - https:\/\/yoast.com\/wordpress\/plugins\/seo\/ -->\n<title>Mary Hern\u00e1ndez realiz\u00f3 el encendido del lazo rosa, con el cual se enmarca a octubre como el mes de la lucha contra el c\u00e1ncer de mama<\/title>\n<meta name=\"description\" content=\".\" \/>\n<meta name=\"robots\" content=\"index, follow, max-snippet:-1, max-image-preview:large, max-video-preview:-1\" \/>\n<link rel=\"canonical\" href=\"https:\/\/angelsolisnoticias.com\/index.php\/2023\/10\/04\/mary-hernandez-realizo-el-encendido-del-lazo-rosa-con-el-cual-se-enmarca-a-octubre-como-el-mes-de-la-lucha-contra-el-cancer-de-mama\/\" \/>\n<meta property=\"og:locale\" content=\"es_MX\" \/>\n<meta property=\"og:type\" content=\"article\" \/>\n<meta property=\"og:title\" content=\"Mary Hern\u00e1ndez realiz\u00f3 el encendido del lazo rosa, con el cual se enmarca a octubre como el mes de la lucha contra el c\u00e1ncer de mama\" \/>\n<meta property=\"og:description\" content=\".\" \/>\n<meta property=\"og:url\" content=\"https:\/\/angelsolisnoticias.com\/index.php\/2023\/10\/04\/mary-hernandez-realizo-el-encendido-del-lazo-rosa-con-el-cual-se-enmarca-a-octubre-como-el-mes-de-la-lucha-contra-el-cancer-de-mama\/\" \/>\n<meta property=\"og:site_name\" content=\"\u00c1ngel Solis\" \/>\n<meta property=\"article:publisher\" content=\"https:\/\/www.facebook.com\/periodistasquintanaroo\" \/>\n<meta property=\"article:published_time\" content=\"2023-10-04T10:45:35+00:00\" \/>\n<meta property=\"article:modified_time\" content=\"2023-10-04T21:56:15+00:00\" \/>\n<meta property=\"og:image\" content=\"https:\/\/angelsolisnoticias.com\/wp-content\/uploads\/2023\/10\/Carrillo-lazo-Rosa6.jpg\" \/>\n\t<meta property=\"og:image:width\" content=\"800\" \/>\n\t<meta property=\"og:image:height\" content=\"569\" \/>\n\t<meta property=\"og:image:type\" content=\"image\/jpeg\" \/>\n<meta name=\"author\" content=\"admin\" \/>\n<meta name=\"twitter:card\" content=\"summary_large_image\" \/>\n<meta name=\"twitter:creator\" content=\"@PERIODISTASQROO\" \/>\n<meta name=\"twitter:site\" content=\"@PERIODISTASQROO\" \/>\n<meta name=\"twitter:label1\" content=\"Escrito por\" \/>\n\t<meta name=\"twitter:data1\" content=\"admin\" \/>\n\t<meta name=\"twitter:label2\" content=\"Tiempo de lectura\" \/>\n\t<meta name=\"twitter:data2\" content=\"2 minutos\" \/>\n<script type=\"application\/ld+json\" class=\"yoast-schema-graph\">{\"@context\":\"https:\/\/schema.org\",\"@graph\":[{\"@type\":\"Article\",\"@id\":\"https:\/\/angelsolisnoticias.com\/index.php\/2023\/10\/04\/mary-hernandez-realizo-el-encendido-del-lazo-rosa-con-el-cual-se-enmarca-a-octubre-como-el-mes-de-la-lucha-contra-el-cancer-de-mama\/#article\",\"isPartOf\":{\"@id\":\"https:\/\/angelsolisnoticias.com\/index.php\/2023\/10\/04\/mary-hernandez-realizo-el-encendido-del-lazo-rosa-con-el-cual-se-enmarca-a-octubre-como-el-mes-de-la-lucha-contra-el-cancer-de-mama\/\"},\"author\":{\"name\":\"admin\",\"@id\":\"https:\/\/angelsolisnoticias.com\/#\/schema\/person\/d5ca5e4c5f05db44e86cb564bf81ae6f\"},\"headline\":\"Mary Hern\u00e1ndez realiz\u00f3 el encendido del lazo rosa, con el cual se enmarca a octubre como el mes de la lucha contra el c\u00e1ncer de mama\",\"datePublished\":\"2023-10-04T10:45:35+00:00\",\"dateModified\":\"2023-10-04T21:56:15+00:00\",\"mainEntityOfPage\":{\"@id\":\"https:\/\/angelsolisnoticias.com\/index.php\/2023\/10\/04\/mary-hernandez-realizo-el-encendido-del-lazo-rosa-con-el-cual-se-enmarca-a-octubre-como-el-mes-de-la-lucha-contra-el-cancer-de-mama\/\"},\"wordCount\":393,\"commentCount\":0,\"publisher\":{\"@id\":\"https:\/\/angelsolisnoticias.com\/#organization\"},\"articleSection\":[\"Uncategorized\"],\"inLanguage\":\"es\",\"potentialAction\":[{\"@type\":\"CommentAction\",\"name\":\"Comment\",\"target\":[\"https:\/\/angelsolisnoticias.com\/index.php\/2023\/10\/04\/mary-hernandez-realizo-el-encendido-del-lazo-rosa-con-el-cual-se-enmarca-a-octubre-como-el-mes-de-la-lucha-contra-el-cancer-de-mama\/#respond\"]}]},{\"@type\":\"WebPage\",\"@id\":\"https:\/\/angelsolisnoticias.com\/index.php\/2023\/10\/04\/mary-hernandez-realizo-el-encendido-del-lazo-rosa-con-el-cual-se-enmarca-a-octubre-como-el-mes-de-la-lucha-contra-el-cancer-de-mama\/\",\"url\":\"https:\/\/angelsolisnoticias.com\/index.php\/2023\/10\/04\/mary-hernandez-realizo-el-encendido-del-lazo-rosa-con-el-cual-se-enmarca-a-octubre-como-el-mes-de-la-lucha-contra-el-cancer-de-mama\/\",\"name\":\"Mary Hern\u00e1ndez realiz\u00f3 el encendido del lazo rosa, con el cual se enmarca a octubre como el mes de la lucha contra el c\u00e1ncer de mama\",\"isPartOf\":{\"@id\":\"https:\/\/angelsolisnoticias.com\/#website\"},\"datePublished\":\"2023-10-04T10:45:35+00:00\",\"dateModified\":\"2023-10-04T21:56:15+00:00\",\"description\":\".\",\"breadcrumb\":{\"@id\":\"https:\/\/angelsolisnoticias.com\/index.php\/2023\/10\/04\/mary-hernandez-realizo-el-encendido-del-lazo-rosa-con-el-cual-se-enmarca-a-octubre-como-el-mes-de-la-lucha-contra-el-cancer-de-mama\/#breadcrumb\"},\"inLanguage\":\"es\",\"potentialAction\":[{\"@type\":\"ReadAction\",\"target\":[\"https:\/\/angelsolisnoticias.com\/index.php\/2023\/10\/04\/mary-hernandez-realizo-el-encendido-del-lazo-rosa-con-el-cual-se-enmarca-a-octubre-como-el-mes-de-la-lucha-contra-el-cancer-de-mama\/\"]}]},{\"@type\":\"BreadcrumbList\",\"@id\":\"https:\/\/angelsolisnoticias.com\/index.php\/2023\/10\/04\/mary-hernandez-realizo-el-encendido-del-lazo-rosa-con-el-cual-se-enmarca-a-octubre-como-el-mes-de-la-lucha-contra-el-cancer-de-mama\/#breadcrumb\",\"itemListElement\":[{\"@type\":\"ListItem\",\"position\":1,\"name\":\"Inicio\",\"item\":\"https:\/\/angelsolisnoticias.com\/\"},{\"@type\":\"ListItem\",\"position\":2,\"name\":\"Mary Hern\u00e1ndez realiz\u00f3 el encendido del lazo rosa, con el cual se enmarca a octubre como el mes de la lucha contra el c\u00e1ncer de mama\"}]},{\"@type\":\"WebSite\",\"@id\":\"https:\/\/angelsolisnoticias.com\/#website\",\"url\":\"https:\/\/angelsolisnoticias.com\/\",\"name\":\"\u00c1ngel Solis\",\"description\":\"Noticias de Quintana Roo\",\"publisher\":{\"@id\":\"https:\/\/angelsolisnoticias.com\/#organization\"},\"potentialAction\":[{\"@type\":\"SearchAction\",\"target\":{\"@type\":\"EntryPoint\",\"urlTemplate\":\"https:\/\/angelsolisnoticias.com\/?s={search_term_string}\"},\"query-input\":\"required name=search_term_string\"}],\"inLanguage\":\"es\"},{\"@type\":\"Organization\",\"@id\":\"https:\/\/angelsolisnoticias.com\/#organization\",\"name\":\"\u00c1ngel Solis\",\"url\":\"https:\/\/angelsolisnoticias.com\/\",\"logo\":{\"@type\":\"ImageObject\",\"inLanguage\":\"es\",\"@id\":\"https:\/\/angelsolisnoticias.com\/#\/schema\/logo\/image\/\",\"url\":\"https:\/\/angelsolisnoticias.com\/wp-content\/uploads\/2023\/01\/LOGO3.png\",\"contentUrl\":\"https:\/\/angelsolisnoticias.com\/wp-content\/uploads\/2023\/01\/LOGO3.png\",\"width\":1853,\"height\":570,\"caption\":\"\u00c1ngel Solis\"},\"image\":{\"@id\":\"https:\/\/angelsolisnoticias.com\/#\/schema\/logo\/image\/\"},\"sameAs\":[\"https:\/\/www.facebook.com\/periodistasquintanaroo\",\"https:\/\/twitter.com\/PERIODISTASQROO\"]},{\"@type\":\"Person\",\"@id\":\"https:\/\/angelsolisnoticias.com\/#\/schema\/person\/d5ca5e4c5f05db44e86cb564bf81ae6f\",\"name\":\"admin\",\"image\":{\"@type\":\"ImageObject\",\"inLanguage\":\"es\",\"@id\":\"https:\/\/angelsolisnoticias.com\/#\/schema\/person\/image\/\",\"url\":\"https:\/\/secure.gravatar.com\/avatar\/dff3eaf7d33320066684ce268bff2bf90ce4f69456139b2d65d7796f64299e47?s=96&d=mm&r=g\",\"contentUrl\":\"https:\/\/secure.gravatar.com\/avatar\/dff3eaf7d33320066684ce268bff2bf90ce4f69456139b2d65d7796f64299e47?s=96&d=mm&r=g\",\"caption\":\"admin\"},\"sameAs\":[\"https:\/\/angelsolisnoticias.com\"],\"url\":\"https:\/\/angelsolisnoticias.com\/index.php\/author\/admin_qnbaat5l\/\"}]}<\/script>\n<!-- \/ Yoast SEO plugin. -->","yoast_head_json":{"title":"Mary Hern\u00e1ndez realiz\u00f3 el encendido del lazo rosa, con el cual se enmarca a octubre como el mes de la lucha contra el c\u00e1ncer de mama","description":".","robots":{"index":"index","follow":"follow","max-snippet":"max-snippet:-1","max-image-preview":"max-image-preview:large","max-video-preview":"max-video-preview:-1"},"canonical":"https:\/\/angelsolisnoticias.com\/index.php\/2023\/10\/04\/mary-hernandez-realizo-el-encendido-del-lazo-rosa-con-el-cual-se-enmarca-a-octubre-como-el-mes-de-la-lucha-contra-el-cancer-de-mama\/","og_locale":"es_MX","og_type":"article","og_title":"Mary Hern\u00e1ndez realiz\u00f3 el encendido del lazo rosa, con el cual se enmarca a octubre como el mes de la lucha contra el c\u00e1ncer de mama","og_description":".","og_url":"https:\/\/angelsolisnoticias.com\/index.php\/2023\/10\/04\/mary-hernandez-realizo-el-encendido-del-lazo-rosa-con-el-cual-se-enmarca-a-octubre-como-el-mes-de-la-lucha-contra-el-cancer-de-mama\/","og_site_name":"\u00c1ngel Solis","article_publisher":"https:\/\/www.facebook.com\/periodistasquintanaroo","article_published_time":"2023-10-04T10:45:35+00:00","article_modified_time":"2023-10-04T21:56:15+00:00","og_image":[{"width":800,"height":569,"url":"https:\/\/angelsolisnoticias.com\/wp-content\/uploads\/2023\/10\/Carrillo-lazo-Rosa6.jpg","type":"image\/jpeg"}],"author":"admin","twitter_card":"summary_large_image","twitter_creator":"@PERIODISTASQROO","twitter_site":"@PERIODISTASQROO","twitter_misc":{"Escrito por":"admin","Tiempo de lectura":"2 minutos"},"schema":{"@context":"https:\/\/schema.org","@graph":[{"@type":"Article","@id":"https:\/\/angelsolisnoticias.com\/index.php\/2023\/10\/04\/mary-hernandez-realizo-el-encendido-del-lazo-rosa-con-el-cual-se-enmarca-a-octubre-como-el-mes-de-la-lucha-contra-el-cancer-de-mama\/#article","isPartOf":{"@id":"https:\/\/angelsolisnoticias.com\/index.php\/2023\/10\/04\/mary-hernandez-realizo-el-encendido-del-lazo-rosa-con-el-cual-se-enmarca-a-octubre-como-el-mes-de-la-lucha-contra-el-cancer-de-mama\/"},"author":{"name":"admin","@id":"https:\/\/angelsolisnoticias.com\/#\/schema\/person\/d5ca5e4c5f05db44e86cb564bf81ae6f"},"headline":"Mary Hern\u00e1ndez realiz\u00f3 el encendido del lazo rosa, con el cual se enmarca a octubre como el mes de la lucha contra el c\u00e1ncer de mama","datePublished":"2023-10-04T10:45:35+00:00","dateModified":"2023-10-04T21:56:15+00:00","mainEntityOfPage":{"@id":"https:\/\/angelsolisnoticias.com\/index.php\/2023\/10\/04\/mary-hernandez-realizo-el-encendido-del-lazo-rosa-con-el-cual-se-enmarca-a-octubre-como-el-mes-de-la-lucha-contra-el-cancer-de-mama\/"},"wordCount":393,"commentCount":0,"publisher":{"@id":"https:\/\/angelsolisnoticias.com\/#organization"},"articleSection":["Uncategorized"],"inLanguage":"es","potentialAction":[{"@type":"CommentAction","name":"Comment","target":["https:\/\/angelsolisnoticias.com\/index.php\/2023\/10\/04\/mary-hernandez-realizo-el-encendido-del-lazo-rosa-con-el-cual-se-enmarca-a-octubre-como-el-mes-de-la-lucha-contra-el-cancer-de-mama\/#respond"]}]},{"@type":"WebPage","@id":"https:\/\/angelsolisnoticias.com\/index.php\/2023\/10\/04\/mary-hernandez-realizo-el-encendido-del-lazo-rosa-con-el-cual-se-enmarca-a-octubre-como-el-mes-de-la-lucha-contra-el-cancer-de-mama\/","url":"https:\/\/angelsolisnoticias.com\/index.php\/2023\/10\/04\/mary-hernandez-realizo-el-encendido-del-lazo-rosa-con-el-cual-se-enmarca-a-octubre-como-el-mes-de-la-lucha-contra-el-cancer-de-mama\/","name":"Mary Hern\u00e1ndez realiz\u00f3 el encendido del lazo rosa, con el cual se enmarca a octubre como el mes de la lucha contra el c\u00e1ncer de mama","isPartOf":{"@id":"https:\/\/angelsolisnoticias.com\/#website"},"datePublished":"2023-10-04T10:45:35+00:00","dateModified":"2023-10-04T21:56:15+00:00","description":".","breadcrumb":{"@id":"https:\/\/angelsolisnoticias.com\/index.php\/2023\/10\/04\/mary-hernandez-realizo-el-encendido-del-lazo-rosa-con-el-cual-se-enmarca-a-octubre-como-el-mes-de-la-lucha-contra-el-cancer-de-mama\/#breadcrumb"},"inLanguage":"es","potentialAction":[{"@type":"ReadAction","target":["https:\/\/angelsolisnoticias.com\/index.php\/2023\/10\/04\/mary-hernandez-realizo-el-encendido-del-lazo-rosa-con-el-cual-se-enmarca-a-octubre-como-el-mes-de-la-lucha-contra-el-cancer-de-mama\/"]}]},{"@type":"BreadcrumbList","@id":"https:\/\/angelsolisnoticias.com\/index.php\/2023\/10\/04\/mary-hernandez-realizo-el-encendido-del-lazo-rosa-con-el-cual-se-enmarca-a-octubre-como-el-mes-de-la-lucha-contra-el-cancer-de-mama\/#breadcrumb","itemListElement":[{"@type":"ListItem","position":1,"name":"Inicio","item":"https:\/\/angelsolisnoticias.com\/"},{"@type":"ListItem","position":2,"name":"Mary Hern\u00e1ndez realiz\u00f3 el encendido del lazo rosa, con el cual se enmarca a octubre como el mes de la lucha contra el c\u00e1ncer de mama"}]},{"@type":"WebSite","@id":"https:\/\/angelsolisnoticias.com\/#website","url":"https:\/\/angelsolisnoticias.com\/","name":"\u00c1ngel Solis","description":"Noticias de Quintana Roo","publisher":{"@id":"https:\/\/angelsolisnoticias.com\/#organization"},"potentialAction":[{"@type":"SearchAction","target":{"@type":"EntryPoint","urlTemplate":"https:\/\/angelsolisnoticias.com\/?s={search_term_string}"},"query-input":"required name=search_term_string"}],"inLanguage":"es"},{"@type":"Organization","@id":"https:\/\/angelsolisnoticias.com\/#organization","name":"\u00c1ngel Solis","url":"https:\/\/angelsolisnoticias.com\/","logo":{"@type":"ImageObject","inLanguage":"es","@id":"https:\/\/angelsolisnoticias.com\/#\/schema\/logo\/image\/","url":"https:\/\/angelsolisnoticias.com\/wp-content\/uploads\/2023\/01\/LOGO3.png","contentUrl":"https:\/\/angelsolisnoticias.com\/wp-content\/uploads\/2023\/01\/LOGO3.png","width":1853,"height":570,"caption":"\u00c1ngel Solis"},"image":{"@id":"https:\/\/angelsolisnoticias.com\/#\/schema\/logo\/image\/"},"sameAs":["https:\/\/www.facebook.com\/periodistasquintanaroo","https:\/\/twitter.com\/PERIODISTASQROO"]},{"@type":"Person","@id":"https:\/\/angelsolisnoticias.com\/#\/schema\/person\/d5ca5e4c5f05db44e86cb564bf81ae6f","name":"admin","image":{"@type":"ImageObject","inLanguage":"es","@id":"https:\/\/angelsolisnoticias.com\/#\/schema\/person\/image\/","url":"https:\/\/secure.gravatar.com\/avatar\/dff3eaf7d33320066684ce268bff2bf90ce4f69456139b2d65d7796f64299e47?s=96&d=mm&r=g","contentUrl":"https:\/\/secure.gravatar.com\/avatar\/dff3eaf7d33320066684ce268bff2bf90ce4f69456139b2d65d7796f64299e47?s=96&d=mm&r=g","caption":"admin"},"sameAs":["https:\/\/angelsolisnoticias.com"],"url":"https:\/\/angelsolisnoticias.com\/index.php\/author\/admin_qnbaat5l\/"}]}},"jetpack_featured_media_url":"https:\/\/angelsolisnoticias.com\/wp-content\/uploads\/2023\/10\/Carrillo-lazo-Rosa6.jpg","_links":{"self":[{"href":"https:\/\/angelsolisnoticias.com\/index.php\/wp-json\/wp\/v2\/posts\/2635","targetHints":{"allow":["GET"]}}],"collection":[{"href":"https:\/\/angelsolisnoticias.com\/index.php\/wp-json\/wp\/v2\/posts"}],"about":[{"href":"https:\/\/angelsolisnoticias.com\/index.php\/wp-json\/wp\/v2\/types\/post"}],"author":[{"embeddable":true,"href":"https:\/\/angelsolisnoticias.com\/index.php\/wp-json\/wp\/v2\/users\/1"}],"replies":[{"embeddable":true,"href":"https:\/\/angelsolisnoticias.com\/index.php\/wp-json\/wp\/v2\/comments?post=2635"}],"version-history":[{"count":4,"href":"https:\/\/angelsolisnoticias.com\/index.php\/wp-json\/wp\/v2\/posts\/2635\/revisions"}],"predecessor-version":[{"id":2643,"href":"https:\/\/angelsolisnoticias.com\/index.php\/wp-json\/wp\/v2\/posts\/2635\/revisions\/2643"}],"wp:featuredmedia":[{"embeddable":true,"href":"https:\/\/angelsolisnoticias.com\/index.php\/wp-json\/wp\/v2\/media\/2641"}],"wp:attachment":[{"href":"https:\/\/angelsolisnoticias.com\/index.php\/wp-json\/wp\/v2\/media?parent=2635"}],"wp:term":[{"taxonomy":"category","embeddable":true,"href":"https:\/\/angelsolisnoticias.com\/index.php\/wp-json\/wp\/v2\/categories?post=2635"},{"taxonomy":"post_tag","embeddable":true,"href":"https:\/\/angelsolisnoticias.com\/index.php\/wp-json\/wp\/v2\/tags?post=2635"}],"curies":[{"name":"wp","href":"https:\/\/api.w.org\/{rel}","templated":true}]}}