{"id":2689,"date":"2023-10-05T14:52:00","date_gmt":"2023-10-05T14:52:00","guid":{"rendered":"https:\/\/angelsolisnoticias.com\/?p=2689"},"modified":"2023-10-05T23:32:46","modified_gmt":"2023-10-05T23:32:46","slug":"justicia-civica-de-solidaridad-un-referente-de-atencion-integral","status":"publish","type":"post","link":"https:\/\/angelsolisnoticias.com\/index.php\/2023\/10\/05\/justicia-civica-de-solidaridad-un-referente-de-atencion-integral\/","title":{"rendered":"Justicia C\u00edvica de Solidaridad, un referente de atenci\u00f3n integral"},"content":{"rendered":"<p>Playa del Carmen, Solidaridad, 5 de octubre del 2023<br \/>\nRedacci\u00f3n<\/p>\n<p>Esta administraci\u00f3n que encabeza Lili Campos le da importancia al tema de justicia c\u00edvica, como lo demuestra el hecho que Solidaridad es el primer municipio por tener el modelo homologado de justicia c\u00edvica, el cual procura facilitar y mejorar la convivencia en la comunidad y evitar que los conflictos y actas administrativas escalen a conductas delictivas.<\/p>\n<p>Joel Francisco Su\u00e1rez G\u00f3ngora, secretario de Justicia C\u00edvica y Convivencia Humana, manifest\u00f3 que con este nuevo modelo que inicio la actual administraci\u00f3n, la justicia c\u00edvica en el municipio es m\u00e1s restaurativa y preventiva, es decir, que al llegar un infractor no solo se trata de la detenci\u00f3n y sentencia, sino que dan un seguimiento entre psic\u00f3logos, m\u00e9dicos y asociaciones para atender el problema de fondo seg\u00fan cada caso.<\/p>\n<p><img loading=\"lazy\" decoding=\"async\" class=\"aligncenter wp-image-2692 \" src=\"https:\/\/angelsolisnoticias.com\/wp-content\/uploads\/2023\/10\/Solidaridad-Justicia-Civica2.jpg\" alt=\"\" width=\"588\" height=\"387\" \/><\/p>\n<p>El funcionario destac\u00f3 que esta secretar\u00eda cuenta con la direcci\u00f3n de jueces c\u00edvicos, quienes realizan las sanciones por faltas administrativas, y el \u00e1rea de mediaci\u00f3n, la cual se encarga de facilitar la sana convivencia en el municipio mediante la conciliaci\u00f3n comunitaria de conflictos vecinales que se van dando.<\/p>\n<p>El secretario de Justicia C\u00edvica dijo que se est\u00e1 transitando de un sistema que \u00fanicamente se encargaba de aplicar multas y arrestos, a un sistema donde se pugna por los trabajos a favor de la comunidad. \u201cAdem\u00e1s, estamos utilizando una herramienta de tamizaje, y con base en eso el juez c\u00edvico va a determinar de qu\u00e9 forma va a sancionar y a d\u00f3nde ser\u00e1 canalizado\u201d.<\/p>\n<p><img loading=\"lazy\" decoding=\"async\" class=\"aligncenter wp-image-2691 \" src=\"https:\/\/angelsolisnoticias.com\/wp-content\/uploads\/2023\/10\/Solidaridad-Justicia-Civica3.jpg\" alt=\"\" width=\"610\" height=\"416\" \/><\/p>\n<p>Por \u00faltimo, Su\u00e1rez G\u00f3ngora, dijo que los horarios de los jueces c\u00edvicos son de 24 horas, por lo que la ciudadan\u00eda que as\u00ed lo requiera puede acudir a las instalaciones ubicadas en Calle Ceiba, supermanzana 75 manzana 08 lote 02, colonia Villamar 1 o llamar al n\u00famero 984 877 3050 extensi\u00f3n 11032 y 11036, mientras que el centro de mediaci\u00f3n municipal labora de lunes a s\u00e1bado de 8 am a 5 pm.<\/p>\n","protected":false},"excerpt":{"rendered":"<p>Playa del Carmen, Solidaridad, 5 de octubre del 2023 Redacci\u00f3n Esta administraci\u00f3n que encabeza Lili Campos le da importancia al tema de justicia c\u00edvica, como lo demuestra el hecho que Solidaridad es el primer municipio por tener el modelo homologado de justicia c\u00edvica, el cual procura facilitar y mejorar la <a href=\"https:\/\/angelsolisnoticias.com\/index.php\/2023\/10\/05\/justicia-civica-de-solidaridad-un-referente-de-atencion-integral\/\" class=\"btn btn-link continue-link\">Seguir leyendo<\/a><\/p>\n","protected":false},"author":1,"featured_media":2693,"comment_status":"open","ping_status":"open","sticky":false,"template":"","format":"standard","meta":{"footnotes":""},"categories":[6,1],"tags":[],"class_list":["post-2689","post","type-post","status-publish","format-standard","has-post-thumbnail","hentry","category-solidaridad","category-uncategorized"],"yoast_head":"<!-- This site is optimized with the Yoast SEO plugin v21.1 - https:\/\/yoast.com\/wordpress\/plugins\/seo\/ -->\n<title>Justicia C\u00edvica de Solidaridad, un referente de atenci\u00f3n integral<\/title>\n<meta name=\"description\" content=\".\" \/>\n<meta name=\"robots\" content=\"index, follow, max-snippet:-1, max-image-preview:large, max-video-preview:-1\" \/>\n<link rel=\"canonical\" href=\"https:\/\/angelsolisnoticias.com\/index.php\/2023\/10\/05\/justicia-civica-de-solidaridad-un-referente-de-atencion-integral\/\" \/>\n<meta property=\"og:locale\" content=\"es_MX\" \/>\n<meta property=\"og:type\" content=\"article\" \/>\n<meta property=\"og:title\" content=\"Justicia C\u00edvica de Solidaridad, un referente de atenci\u00f3n integral\" \/>\n<meta property=\"og:description\" content=\".\" \/>\n<meta property=\"og:url\" content=\"https:\/\/angelsolisnoticias.com\/index.php\/2023\/10\/05\/justicia-civica-de-solidaridad-un-referente-de-atencion-integral\/\" \/>\n<meta property=\"og:site_name\" content=\"\u00c1ngel Solis\" \/>\n<meta property=\"article:publisher\" content=\"https:\/\/www.facebook.com\/periodistasquintanaroo\" \/>\n<meta property=\"article:published_time\" content=\"2023-10-05T14:52:00+00:00\" \/>\n<meta property=\"article:modified_time\" content=\"2023-10-05T23:32:46+00:00\" \/>\n<meta property=\"og:image\" content=\"https:\/\/angelsolisnoticias.com\/wp-content\/uploads\/2023\/10\/Solidaridad-Justicia-Civica1.jpg\" \/>\n\t<meta property=\"og:image:width\" content=\"800\" \/>\n\t<meta property=\"og:image:height\" content=\"569\" \/>\n\t<meta property=\"og:image:type\" content=\"image\/jpeg\" \/>\n<meta name=\"author\" content=\"admin\" \/>\n<meta name=\"twitter:card\" content=\"summary_large_image\" \/>\n<meta name=\"twitter:creator\" content=\"@PERIODISTASQROO\" \/>\n<meta name=\"twitter:site\" content=\"@PERIODISTASQROO\" \/>\n<meta name=\"twitter:label1\" content=\"Escrito por\" \/>\n\t<meta name=\"twitter:data1\" content=\"admin\" \/>\n\t<meta name=\"twitter:label2\" content=\"Tiempo de lectura\" \/>\n\t<meta name=\"twitter:data2\" content=\"2 minutos\" \/>\n<script type=\"application\/ld+json\" class=\"yoast-schema-graph\">{\"@context\":\"https:\/\/schema.org\",\"@graph\":[{\"@type\":\"Article\",\"@id\":\"https:\/\/angelsolisnoticias.com\/index.php\/2023\/10\/05\/justicia-civica-de-solidaridad-un-referente-de-atencion-integral\/#article\",\"isPartOf\":{\"@id\":\"https:\/\/angelsolisnoticias.com\/index.php\/2023\/10\/05\/justicia-civica-de-solidaridad-un-referente-de-atencion-integral\/\"},\"author\":{\"name\":\"admin\",\"@id\":\"https:\/\/angelsolisnoticias.com\/#\/schema\/person\/d5ca5e4c5f05db44e86cb564bf81ae6f\"},\"headline\":\"Justicia C\u00edvica de Solidaridad, un referente de atenci\u00f3n integral\",\"datePublished\":\"2023-10-05T14:52:00+00:00\",\"dateModified\":\"2023-10-05T23:32:46+00:00\",\"mainEntityOfPage\":{\"@id\":\"https:\/\/angelsolisnoticias.com\/index.php\/2023\/10\/05\/justicia-civica-de-solidaridad-un-referente-de-atencion-integral\/\"},\"wordCount\":347,\"commentCount\":0,\"publisher\":{\"@id\":\"https:\/\/angelsolisnoticias.com\/#organization\"},\"articleSection\":[\"Solidaridad\",\"Uncategorized\"],\"inLanguage\":\"es\",\"potentialAction\":[{\"@type\":\"CommentAction\",\"name\":\"Comment\",\"target\":[\"https:\/\/angelsolisnoticias.com\/index.php\/2023\/10\/05\/justicia-civica-de-solidaridad-un-referente-de-atencion-integral\/#respond\"]}]},{\"@type\":\"WebPage\",\"@id\":\"https:\/\/angelsolisnoticias.com\/index.php\/2023\/10\/05\/justicia-civica-de-solidaridad-un-referente-de-atencion-integral\/\",\"url\":\"https:\/\/angelsolisnoticias.com\/index.php\/2023\/10\/05\/justicia-civica-de-solidaridad-un-referente-de-atencion-integral\/\",\"name\":\"Justicia C\u00edvica de Solidaridad, un referente de atenci\u00f3n integral\",\"isPartOf\":{\"@id\":\"https:\/\/angelsolisnoticias.com\/#website\"},\"datePublished\":\"2023-10-05T14:52:00+00:00\",\"dateModified\":\"2023-10-05T23:32:46+00:00\",\"description\":\".\",\"breadcrumb\":{\"@id\":\"https:\/\/angelsolisnoticias.com\/index.php\/2023\/10\/05\/justicia-civica-de-solidaridad-un-referente-de-atencion-integral\/#breadcrumb\"},\"inLanguage\":\"es\",\"potentialAction\":[{\"@type\":\"ReadAction\",\"target\":[\"https:\/\/angelsolisnoticias.com\/index.php\/2023\/10\/05\/justicia-civica-de-solidaridad-un-referente-de-atencion-integral\/\"]}]},{\"@type\":\"BreadcrumbList\",\"@id\":\"https:\/\/angelsolisnoticias.com\/index.php\/2023\/10\/05\/justicia-civica-de-solidaridad-un-referente-de-atencion-integral\/#breadcrumb\",\"itemListElement\":[{\"@type\":\"ListItem\",\"position\":1,\"name\":\"Inicio\",\"item\":\"https:\/\/angelsolisnoticias.com\/\"},{\"@type\":\"ListItem\",\"position\":2,\"name\":\"Justicia C\u00edvica de Solidaridad, un referente de atenci\u00f3n integral\"}]},{\"@type\":\"WebSite\",\"@id\":\"https:\/\/angelsolisnoticias.com\/#website\",\"url\":\"https:\/\/angelsolisnoticias.com\/\",\"name\":\"\u00c1ngel Solis\",\"description\":\"Noticias de Quintana Roo\",\"publisher\":{\"@id\":\"https:\/\/angelsolisnoticias.com\/#organization\"},\"potentialAction\":[{\"@type\":\"SearchAction\",\"target\":{\"@type\":\"EntryPoint\",\"urlTemplate\":\"https:\/\/angelsolisnoticias.com\/?s={search_term_string}\"},\"query-input\":\"required name=search_term_string\"}],\"inLanguage\":\"es\"},{\"@type\":\"Organization\",\"@id\":\"https:\/\/angelsolisnoticias.com\/#organization\",\"name\":\"\u00c1ngel Solis\",\"url\":\"https:\/\/angelsolisnoticias.com\/\",\"logo\":{\"@type\":\"ImageObject\",\"inLanguage\":\"es\",\"@id\":\"https:\/\/angelsolisnoticias.com\/#\/schema\/logo\/image\/\",\"url\":\"https:\/\/angelsolisnoticias.com\/wp-content\/uploads\/2023\/01\/LOGO3.png\",\"contentUrl\":\"https:\/\/angelsolisnoticias.com\/wp-content\/uploads\/2023\/01\/LOGO3.png\",\"width\":1853,\"height\":570,\"caption\":\"\u00c1ngel Solis\"},\"image\":{\"@id\":\"https:\/\/angelsolisnoticias.com\/#\/schema\/logo\/image\/\"},\"sameAs\":[\"https:\/\/www.facebook.com\/periodistasquintanaroo\",\"https:\/\/twitter.com\/PERIODISTASQROO\"]},{\"@type\":\"Person\",\"@id\":\"https:\/\/angelsolisnoticias.com\/#\/schema\/person\/d5ca5e4c5f05db44e86cb564bf81ae6f\",\"name\":\"admin\",\"image\":{\"@type\":\"ImageObject\",\"inLanguage\":\"es\",\"@id\":\"https:\/\/angelsolisnoticias.com\/#\/schema\/person\/image\/\",\"url\":\"https:\/\/secure.gravatar.com\/avatar\/dff3eaf7d33320066684ce268bff2bf90ce4f69456139b2d65d7796f64299e47?s=96&d=mm&r=g\",\"contentUrl\":\"https:\/\/secure.gravatar.com\/avatar\/dff3eaf7d33320066684ce268bff2bf90ce4f69456139b2d65d7796f64299e47?s=96&d=mm&r=g\",\"caption\":\"admin\"},\"sameAs\":[\"https:\/\/angelsolisnoticias.com\"],\"url\":\"https:\/\/angelsolisnoticias.com\/index.php\/author\/admin_qnbaat5l\/\"}]}<\/script>\n<!-- \/ Yoast SEO plugin. -->","yoast_head_json":{"title":"Justicia C\u00edvica de Solidaridad, un referente de atenci\u00f3n integral","description":".","robots":{"index":"index","follow":"follow","max-snippet":"max-snippet:-1","max-image-preview":"max-image-preview:large","max-video-preview":"max-video-preview:-1"},"canonical":"https:\/\/angelsolisnoticias.com\/index.php\/2023\/10\/05\/justicia-civica-de-solidaridad-un-referente-de-atencion-integral\/","og_locale":"es_MX","og_type":"article","og_title":"Justicia C\u00edvica de Solidaridad, un referente de atenci\u00f3n integral","og_description":".","og_url":"https:\/\/angelsolisnoticias.com\/index.php\/2023\/10\/05\/justicia-civica-de-solidaridad-un-referente-de-atencion-integral\/","og_site_name":"\u00c1ngel Solis","article_publisher":"https:\/\/www.facebook.com\/periodistasquintanaroo","article_published_time":"2023-10-05T14:52:00+00:00","article_modified_time":"2023-10-05T23:32:46+00:00","og_image":[{"width":800,"height":569,"url":"https:\/\/angelsolisnoticias.com\/wp-content\/uploads\/2023\/10\/Solidaridad-Justicia-Civica1.jpg","type":"image\/jpeg"}],"author":"admin","twitter_card":"summary_large_image","twitter_creator":"@PERIODISTASQROO","twitter_site":"@PERIODISTASQROO","twitter_misc":{"Escrito por":"admin","Tiempo de lectura":"2 minutos"},"schema":{"@context":"https:\/\/schema.org","@graph":[{"@type":"Article","@id":"https:\/\/angelsolisnoticias.com\/index.php\/2023\/10\/05\/justicia-civica-de-solidaridad-un-referente-de-atencion-integral\/#article","isPartOf":{"@id":"https:\/\/angelsolisnoticias.com\/index.php\/2023\/10\/05\/justicia-civica-de-solidaridad-un-referente-de-atencion-integral\/"},"author":{"name":"admin","@id":"https:\/\/angelsolisnoticias.com\/#\/schema\/person\/d5ca5e4c5f05db44e86cb564bf81ae6f"},"headline":"Justicia C\u00edvica de Solidaridad, un referente de atenci\u00f3n integral","datePublished":"2023-10-05T14:52:00+00:00","dateModified":"2023-10-05T23:32:46+00:00","mainEntityOfPage":{"@id":"https:\/\/angelsolisnoticias.com\/index.php\/2023\/10\/05\/justicia-civica-de-solidaridad-un-referente-de-atencion-integral\/"},"wordCount":347,"commentCount":0,"publisher":{"@id":"https:\/\/angelsolisnoticias.com\/#organization"},"articleSection":["Solidaridad","Uncategorized"],"inLanguage":"es","potentialAction":[{"@type":"CommentAction","name":"Comment","target":["https:\/\/angelsolisnoticias.com\/index.php\/2023\/10\/05\/justicia-civica-de-solidaridad-un-referente-de-atencion-integral\/#respond"]}]},{"@type":"WebPage","@id":"https:\/\/angelsolisnoticias.com\/index.php\/2023\/10\/05\/justicia-civica-de-solidaridad-un-referente-de-atencion-integral\/","url":"https:\/\/angelsolisnoticias.com\/index.php\/2023\/10\/05\/justicia-civica-de-solidaridad-un-referente-de-atencion-integral\/","name":"Justicia C\u00edvica de Solidaridad, un referente de atenci\u00f3n integral","isPartOf":{"@id":"https:\/\/angelsolisnoticias.com\/#website"},"datePublished":"2023-10-05T14:52:00+00:00","dateModified":"2023-10-05T23:32:46+00:00","description":".","breadcrumb":{"@id":"https:\/\/angelsolisnoticias.com\/index.php\/2023\/10\/05\/justicia-civica-de-solidaridad-un-referente-de-atencion-integral\/#breadcrumb"},"inLanguage":"es","potentialAction":[{"@type":"ReadAction","target":["https:\/\/angelsolisnoticias.com\/index.php\/2023\/10\/05\/justicia-civica-de-solidaridad-un-referente-de-atencion-integral\/"]}]},{"@type":"BreadcrumbList","@id":"https:\/\/angelsolisnoticias.com\/index.php\/2023\/10\/05\/justicia-civica-de-solidaridad-un-referente-de-atencion-integral\/#breadcrumb","itemListElement":[{"@type":"ListItem","position":1,"name":"Inicio","item":"https:\/\/angelsolisnoticias.com\/"},{"@type":"ListItem","position":2,"name":"Justicia C\u00edvica de Solidaridad, un referente de atenci\u00f3n integral"}]},{"@type":"WebSite","@id":"https:\/\/angelsolisnoticias.com\/#website","url":"https:\/\/angelsolisnoticias.com\/","name":"\u00c1ngel Solis","description":"Noticias de Quintana Roo","publisher":{"@id":"https:\/\/angelsolisnoticias.com\/#organization"},"potentialAction":[{"@type":"SearchAction","target":{"@type":"EntryPoint","urlTemplate":"https:\/\/angelsolisnoticias.com\/?s={search_term_string}"},"query-input":"required name=search_term_string"}],"inLanguage":"es"},{"@type":"Organization","@id":"https:\/\/angelsolisnoticias.com\/#organization","name":"\u00c1ngel Solis","url":"https:\/\/angelsolisnoticias.com\/","logo":{"@type":"ImageObject","inLanguage":"es","@id":"https:\/\/angelsolisnoticias.com\/#\/schema\/logo\/image\/","url":"https:\/\/angelsolisnoticias.com\/wp-content\/uploads\/2023\/01\/LOGO3.png","contentUrl":"https:\/\/angelsolisnoticias.com\/wp-content\/uploads\/2023\/01\/LOGO3.png","width":1853,"height":570,"caption":"\u00c1ngel Solis"},"image":{"@id":"https:\/\/angelsolisnoticias.com\/#\/schema\/logo\/image\/"},"sameAs":["https:\/\/www.facebook.com\/periodistasquintanaroo","https:\/\/twitter.com\/PERIODISTASQROO"]},{"@type":"Person","@id":"https:\/\/angelsolisnoticias.com\/#\/schema\/person\/d5ca5e4c5f05db44e86cb564bf81ae6f","name":"admin","image":{"@type":"ImageObject","inLanguage":"es","@id":"https:\/\/angelsolisnoticias.com\/#\/schema\/person\/image\/","url":"https:\/\/secure.gravatar.com\/avatar\/dff3eaf7d33320066684ce268bff2bf90ce4f69456139b2d65d7796f64299e47?s=96&d=mm&r=g","contentUrl":"https:\/\/secure.gravatar.com\/avatar\/dff3eaf7d33320066684ce268bff2bf90ce4f69456139b2d65d7796f64299e47?s=96&d=mm&r=g","caption":"admin"},"sameAs":["https:\/\/angelsolisnoticias.com"],"url":"https:\/\/angelsolisnoticias.com\/index.php\/author\/admin_qnbaat5l\/"}]}},"jetpack_featured_media_url":"https:\/\/angelsolisnoticias.com\/wp-content\/uploads\/2023\/10\/Solidaridad-Justicia-Civica1.jpg","_links":{"self":[{"href":"https:\/\/angelsolisnoticias.com\/index.php\/wp-json\/wp\/v2\/posts\/2689","targetHints":{"allow":["GET"]}}],"collection":[{"href":"https:\/\/angelsolisnoticias.com\/index.php\/wp-json\/wp\/v2\/posts"}],"about":[{"href":"https:\/\/angelsolisnoticias.com\/index.php\/wp-json\/wp\/v2\/types\/post"}],"author":[{"embeddable":true,"href":"https:\/\/angelsolisnoticias.com\/index.php\/wp-json\/wp\/v2\/users\/1"}],"replies":[{"embeddable":true,"href":"https:\/\/angelsolisnoticias.com\/index.php\/wp-json\/wp\/v2\/comments?post=2689"}],"version-history":[{"count":3,"href":"https:\/\/angelsolisnoticias.com\/index.php\/wp-json\/wp\/v2\/posts\/2689\/revisions"}],"predecessor-version":[{"id":2695,"href":"https:\/\/angelsolisnoticias.com\/index.php\/wp-json\/wp\/v2\/posts\/2689\/revisions\/2695"}],"wp:featuredmedia":[{"embeddable":true,"href":"https:\/\/angelsolisnoticias.com\/index.php\/wp-json\/wp\/v2\/media\/2693"}],"wp:attachment":[{"href":"https:\/\/angelsolisnoticias.com\/index.php\/wp-json\/wp\/v2\/media?parent=2689"}],"wp:term":[{"taxonomy":"category","embeddable":true,"href":"https:\/\/angelsolisnoticias.com\/index.php\/wp-json\/wp\/v2\/categories?post=2689"},{"taxonomy":"post_tag","embeddable":true,"href":"https:\/\/angelsolisnoticias.com\/index.php\/wp-json\/wp\/v2\/tags?post=2689"}],"curies":[{"name":"wp","href":"https:\/\/api.w.org\/{rel}","templated":true}]}}