{"id":2827,"date":"2023-10-10T14:40:28","date_gmt":"2023-10-10T14:40:28","guid":{"rendered":"https:\/\/angelsolisnoticias.com\/?p=2827"},"modified":"2023-10-10T22:40:20","modified_gmt":"2023-10-10T22:40:20","slug":"fomento-al-talento-artistico-con-exitoso-arranque-del-programa-raices","status":"publish","type":"post","link":"https:\/\/angelsolisnoticias.com\/index.php\/2023\/10\/10\/fomento-al-talento-artistico-con-exitoso-arranque-del-programa-raices\/","title":{"rendered":"Fomento al talento art\u00edstico con exitoso arranque del programa \u201cRa\u00edces\u201d"},"content":{"rendered":"<p>Playa del Carmen, Solidaridad, 10 de octubre del 2023<br \/>\nRedacci\u00f3n<\/p>\n<p>Para crear talentos art\u00edsticos y acercar el arte a las y los estudiantes, la presidenta Lili Campos\u00a0 llev\u00f3 creativo concierto did\u00e1ctico \u201cRa\u00edces\u201d a la escuela primaria Xcaret de Villas del Sol, a trav\u00e9s del Instituto Municipal de la Cultura y las Artes (IMCAS).<\/p>\n<p>En representaci\u00f3n de la presidenta Lili Campos, el director de Educaci\u00f3n Desarrollo Humano y Bibliotecas P\u00fablicas, Javier Basurto, subray\u00f3 la importancia de este programa cultural al enfatizar que \u201ces para dar a conocer la cultura ancestral de nuestra regi\u00f3n, permitiendo que las y los alumnos se sientan orgullosos de nuestra m\u00fasica y cultura\u201d.<\/p>\n<p><img loading=\"lazy\" decoding=\"async\" class=\"aligncenter wp-image-2829 \" src=\"https:\/\/angelsolisnoticias.com\/wp-content\/uploads\/2023\/10\/Solidaridad-Raices3.jpg\" alt=\"\" width=\"603\" height=\"401\" srcset=\"https:\/\/angelsolisnoticias.com\/wp-content\/uploads\/2023\/10\/Solidaridad-Raices3.jpg 720w, https:\/\/angelsolisnoticias.com\/wp-content\/uploads\/2023\/10\/Solidaridad-Raices3-300x200.jpg 300w\" sizes=\"auto, (max-width: 603px) 100vw, 603px\" \/><\/p>\n<p>En su intervenci\u00f3n, el director del IMCAS, Francisco Reyes explic\u00f3 que estos conciertos \u201cpermiten a los estudiantes conocer el origen de los sonidos creados por el hombre y su transformaci\u00f3n en m\u00fasica a lo largo de diferentes contextos culturales\u201d. Adem\u00e1s, se busca estimular el desarrollo art\u00edstico a trav\u00e9s del contacto con diversos instrumentos musicales.<\/p>\n<p>El titular del IMCAS subray\u00f3 que el programa \u201cRa\u00edces\u201d pretende llegar a todas las escuelas del municipio incluyendo Puerto Aventuras. En las comunidades alejadas, se trasladar\u00e1 a los estudiantes para que puedan disfrutar este tipo de programas, adem\u00e1s de llevarlos a conocer el Teatro de la Ciudad.<\/p>\n<p><img loading=\"lazy\" decoding=\"async\" class=\"aligncenter wp-image-2832 \" src=\"https:\/\/angelsolisnoticias.com\/wp-content\/uploads\/2023\/10\/Solidaridad-Raices4.jpg\" alt=\"\" width=\"573\" height=\"382\" srcset=\"https:\/\/angelsolisnoticias.com\/wp-content\/uploads\/2023\/10\/Solidaridad-Raices4.jpg 720w, https:\/\/angelsolisnoticias.com\/wp-content\/uploads\/2023\/10\/Solidaridad-Raices4-300x200.jpg 300w\" sizes=\"auto, (max-width: 573px) 100vw, 573px\" \/><\/p>\n<p>En esta exhibici\u00f3n se presentaron entre 25 y 28 instrumentos de percusi\u00f3n, alientos y cuerdas, narrando la historia de la m\u00fasica y su evoluci\u00f3n hasta la actualidad. El recorrido musical comenz\u00f3 con un tema chontal maya, pasando a la parte mestiza, para posteriormente hacer un recorrido por la revoluci\u00f3n, luego se traslad\u00f3 a Europa y Colombia, terminando con los carnavales tradicionales de M\u00e9xico.<\/p>\n","protected":false},"excerpt":{"rendered":"<p>Playa del Carmen, Solidaridad, 10 de octubre del 2023 Redacci\u00f3n Para crear talentos art\u00edsticos y acercar el arte a las y los estudiantes, la presidenta Lili Campos\u00a0 llev\u00f3 creativo concierto did\u00e1ctico \u201cRa\u00edces\u201d a la escuela primaria Xcaret de Villas del Sol, a trav\u00e9s del Instituto Municipal de la Cultura y <a href=\"https:\/\/angelsolisnoticias.com\/index.php\/2023\/10\/10\/fomento-al-talento-artistico-con-exitoso-arranque-del-programa-raices\/\" class=\"btn btn-link continue-link\">Seguir leyendo<\/a><\/p>\n","protected":false},"author":1,"featured_media":2831,"comment_status":"open","ping_status":"open","sticky":false,"template":"","format":"standard","meta":{"footnotes":""},"categories":[6,1],"tags":[],"class_list":["post-2827","post","type-post","status-publish","format-standard","has-post-thumbnail","hentry","category-solidaridad","category-uncategorized"],"yoast_head":"<!-- This site is optimized with the Yoast SEO plugin v21.1 - https:\/\/yoast.com\/wordpress\/plugins\/seo\/ -->\n<title>Fomento al talento art\u00edstico con exitoso arranque del programa \u201cRa\u00edces\u201d<\/title>\n<meta name=\"description\" content=\".\" \/>\n<meta name=\"robots\" content=\"index, follow, max-snippet:-1, max-image-preview:large, max-video-preview:-1\" \/>\n<link rel=\"canonical\" href=\"https:\/\/angelsolisnoticias.com\/index.php\/2023\/10\/10\/fomento-al-talento-artistico-con-exitoso-arranque-del-programa-raices\/\" \/>\n<meta property=\"og:locale\" content=\"es_MX\" \/>\n<meta property=\"og:type\" content=\"article\" \/>\n<meta property=\"og:title\" content=\"Fomento al talento art\u00edstico con exitoso arranque del programa \u201cRa\u00edces\u201d\" \/>\n<meta property=\"og:description\" content=\".\" \/>\n<meta property=\"og:url\" content=\"https:\/\/angelsolisnoticias.com\/index.php\/2023\/10\/10\/fomento-al-talento-artistico-con-exitoso-arranque-del-programa-raices\/\" \/>\n<meta property=\"og:site_name\" content=\"\u00c1ngel Solis\" \/>\n<meta property=\"article:publisher\" content=\"https:\/\/www.facebook.com\/periodistasquintanaroo\" \/>\n<meta property=\"article:published_time\" content=\"2023-10-10T14:40:28+00:00\" \/>\n<meta property=\"article:modified_time\" content=\"2023-10-10T22:40:20+00:00\" \/>\n<meta property=\"og:image\" content=\"https:\/\/angelsolisnoticias.com\/wp-content\/uploads\/2023\/10\/Solidaridad-Raices1.jpg\" \/>\n\t<meta property=\"og:image:width\" content=\"800\" \/>\n\t<meta property=\"og:image:height\" content=\"569\" \/>\n\t<meta property=\"og:image:type\" content=\"image\/jpeg\" \/>\n<meta name=\"author\" content=\"admin\" \/>\n<meta name=\"twitter:card\" content=\"summary_large_image\" \/>\n<meta name=\"twitter:creator\" content=\"@PERIODISTASQROO\" \/>\n<meta name=\"twitter:site\" content=\"@PERIODISTASQROO\" \/>\n<meta name=\"twitter:label1\" content=\"Escrito por\" \/>\n\t<meta name=\"twitter:data1\" content=\"admin\" \/>\n\t<meta name=\"twitter:label2\" content=\"Tiempo de lectura\" \/>\n\t<meta name=\"twitter:data2\" content=\"2 minutos\" \/>\n<script type=\"application\/ld+json\" class=\"yoast-schema-graph\">{\"@context\":\"https:\/\/schema.org\",\"@graph\":[{\"@type\":\"Article\",\"@id\":\"https:\/\/angelsolisnoticias.com\/index.php\/2023\/10\/10\/fomento-al-talento-artistico-con-exitoso-arranque-del-programa-raices\/#article\",\"isPartOf\":{\"@id\":\"https:\/\/angelsolisnoticias.com\/index.php\/2023\/10\/10\/fomento-al-talento-artistico-con-exitoso-arranque-del-programa-raices\/\"},\"author\":{\"name\":\"admin\",\"@id\":\"https:\/\/angelsolisnoticias.com\/#\/schema\/person\/d5ca5e4c5f05db44e86cb564bf81ae6f\"},\"headline\":\"Fomento al talento art\u00edstico con exitoso arranque del programa \u201cRa\u00edces\u201d\",\"datePublished\":\"2023-10-10T14:40:28+00:00\",\"dateModified\":\"2023-10-10T22:40:20+00:00\",\"mainEntityOfPage\":{\"@id\":\"https:\/\/angelsolisnoticias.com\/index.php\/2023\/10\/10\/fomento-al-talento-artistico-con-exitoso-arranque-del-programa-raices\/\"},\"wordCount\":302,\"commentCount\":0,\"publisher\":{\"@id\":\"https:\/\/angelsolisnoticias.com\/#organization\"},\"articleSection\":[\"Solidaridad\",\"Uncategorized\"],\"inLanguage\":\"es\",\"potentialAction\":[{\"@type\":\"CommentAction\",\"name\":\"Comment\",\"target\":[\"https:\/\/angelsolisnoticias.com\/index.php\/2023\/10\/10\/fomento-al-talento-artistico-con-exitoso-arranque-del-programa-raices\/#respond\"]}]},{\"@type\":\"WebPage\",\"@id\":\"https:\/\/angelsolisnoticias.com\/index.php\/2023\/10\/10\/fomento-al-talento-artistico-con-exitoso-arranque-del-programa-raices\/\",\"url\":\"https:\/\/angelsolisnoticias.com\/index.php\/2023\/10\/10\/fomento-al-talento-artistico-con-exitoso-arranque-del-programa-raices\/\",\"name\":\"Fomento al talento art\u00edstico con exitoso arranque del programa \u201cRa\u00edces\u201d\",\"isPartOf\":{\"@id\":\"https:\/\/angelsolisnoticias.com\/#website\"},\"datePublished\":\"2023-10-10T14:40:28+00:00\",\"dateModified\":\"2023-10-10T22:40:20+00:00\",\"description\":\".\",\"breadcrumb\":{\"@id\":\"https:\/\/angelsolisnoticias.com\/index.php\/2023\/10\/10\/fomento-al-talento-artistico-con-exitoso-arranque-del-programa-raices\/#breadcrumb\"},\"inLanguage\":\"es\",\"potentialAction\":[{\"@type\":\"ReadAction\",\"target\":[\"https:\/\/angelsolisnoticias.com\/index.php\/2023\/10\/10\/fomento-al-talento-artistico-con-exitoso-arranque-del-programa-raices\/\"]}]},{\"@type\":\"BreadcrumbList\",\"@id\":\"https:\/\/angelsolisnoticias.com\/index.php\/2023\/10\/10\/fomento-al-talento-artistico-con-exitoso-arranque-del-programa-raices\/#breadcrumb\",\"itemListElement\":[{\"@type\":\"ListItem\",\"position\":1,\"name\":\"Inicio\",\"item\":\"https:\/\/angelsolisnoticias.com\/\"},{\"@type\":\"ListItem\",\"position\":2,\"name\":\"Fomento al talento art\u00edstico con exitoso arranque del programa \u201cRa\u00edces\u201d\"}]},{\"@type\":\"WebSite\",\"@id\":\"https:\/\/angelsolisnoticias.com\/#website\",\"url\":\"https:\/\/angelsolisnoticias.com\/\",\"name\":\"\u00c1ngel Solis\",\"description\":\"Noticias de Quintana Roo\",\"publisher\":{\"@id\":\"https:\/\/angelsolisnoticias.com\/#organization\"},\"potentialAction\":[{\"@type\":\"SearchAction\",\"target\":{\"@type\":\"EntryPoint\",\"urlTemplate\":\"https:\/\/angelsolisnoticias.com\/?s={search_term_string}\"},\"query-input\":\"required name=search_term_string\"}],\"inLanguage\":\"es\"},{\"@type\":\"Organization\",\"@id\":\"https:\/\/angelsolisnoticias.com\/#organization\",\"name\":\"\u00c1ngel Solis\",\"url\":\"https:\/\/angelsolisnoticias.com\/\",\"logo\":{\"@type\":\"ImageObject\",\"inLanguage\":\"es\",\"@id\":\"https:\/\/angelsolisnoticias.com\/#\/schema\/logo\/image\/\",\"url\":\"https:\/\/angelsolisnoticias.com\/wp-content\/uploads\/2023\/01\/LOGO3.png\",\"contentUrl\":\"https:\/\/angelsolisnoticias.com\/wp-content\/uploads\/2023\/01\/LOGO3.png\",\"width\":1853,\"height\":570,\"caption\":\"\u00c1ngel Solis\"},\"image\":{\"@id\":\"https:\/\/angelsolisnoticias.com\/#\/schema\/logo\/image\/\"},\"sameAs\":[\"https:\/\/www.facebook.com\/periodistasquintanaroo\",\"https:\/\/twitter.com\/PERIODISTASQROO\"]},{\"@type\":\"Person\",\"@id\":\"https:\/\/angelsolisnoticias.com\/#\/schema\/person\/d5ca5e4c5f05db44e86cb564bf81ae6f\",\"name\":\"admin\",\"image\":{\"@type\":\"ImageObject\",\"inLanguage\":\"es\",\"@id\":\"https:\/\/angelsolisnoticias.com\/#\/schema\/person\/image\/\",\"url\":\"https:\/\/secure.gravatar.com\/avatar\/dff3eaf7d33320066684ce268bff2bf90ce4f69456139b2d65d7796f64299e47?s=96&d=mm&r=g\",\"contentUrl\":\"https:\/\/secure.gravatar.com\/avatar\/dff3eaf7d33320066684ce268bff2bf90ce4f69456139b2d65d7796f64299e47?s=96&d=mm&r=g\",\"caption\":\"admin\"},\"sameAs\":[\"https:\/\/angelsolisnoticias.com\"],\"url\":\"https:\/\/angelsolisnoticias.com\/index.php\/author\/admin_qnbaat5l\/\"}]}<\/script>\n<!-- \/ Yoast SEO plugin. -->","yoast_head_json":{"title":"Fomento al talento art\u00edstico con exitoso arranque del programa \u201cRa\u00edces\u201d","description":".","robots":{"index":"index","follow":"follow","max-snippet":"max-snippet:-1","max-image-preview":"max-image-preview:large","max-video-preview":"max-video-preview:-1"},"canonical":"https:\/\/angelsolisnoticias.com\/index.php\/2023\/10\/10\/fomento-al-talento-artistico-con-exitoso-arranque-del-programa-raices\/","og_locale":"es_MX","og_type":"article","og_title":"Fomento al talento art\u00edstico con exitoso arranque del programa \u201cRa\u00edces\u201d","og_description":".","og_url":"https:\/\/angelsolisnoticias.com\/index.php\/2023\/10\/10\/fomento-al-talento-artistico-con-exitoso-arranque-del-programa-raices\/","og_site_name":"\u00c1ngel Solis","article_publisher":"https:\/\/www.facebook.com\/periodistasquintanaroo","article_published_time":"2023-10-10T14:40:28+00:00","article_modified_time":"2023-10-10T22:40:20+00:00","og_image":[{"width":800,"height":569,"url":"https:\/\/angelsolisnoticias.com\/wp-content\/uploads\/2023\/10\/Solidaridad-Raices1.jpg","type":"image\/jpeg"}],"author":"admin","twitter_card":"summary_large_image","twitter_creator":"@PERIODISTASQROO","twitter_site":"@PERIODISTASQROO","twitter_misc":{"Escrito por":"admin","Tiempo de lectura":"2 minutos"},"schema":{"@context":"https:\/\/schema.org","@graph":[{"@type":"Article","@id":"https:\/\/angelsolisnoticias.com\/index.php\/2023\/10\/10\/fomento-al-talento-artistico-con-exitoso-arranque-del-programa-raices\/#article","isPartOf":{"@id":"https:\/\/angelsolisnoticias.com\/index.php\/2023\/10\/10\/fomento-al-talento-artistico-con-exitoso-arranque-del-programa-raices\/"},"author":{"name":"admin","@id":"https:\/\/angelsolisnoticias.com\/#\/schema\/person\/d5ca5e4c5f05db44e86cb564bf81ae6f"},"headline":"Fomento al talento art\u00edstico con exitoso arranque del programa \u201cRa\u00edces\u201d","datePublished":"2023-10-10T14:40:28+00:00","dateModified":"2023-10-10T22:40:20+00:00","mainEntityOfPage":{"@id":"https:\/\/angelsolisnoticias.com\/index.php\/2023\/10\/10\/fomento-al-talento-artistico-con-exitoso-arranque-del-programa-raices\/"},"wordCount":302,"commentCount":0,"publisher":{"@id":"https:\/\/angelsolisnoticias.com\/#organization"},"articleSection":["Solidaridad","Uncategorized"],"inLanguage":"es","potentialAction":[{"@type":"CommentAction","name":"Comment","target":["https:\/\/angelsolisnoticias.com\/index.php\/2023\/10\/10\/fomento-al-talento-artistico-con-exitoso-arranque-del-programa-raices\/#respond"]}]},{"@type":"WebPage","@id":"https:\/\/angelsolisnoticias.com\/index.php\/2023\/10\/10\/fomento-al-talento-artistico-con-exitoso-arranque-del-programa-raices\/","url":"https:\/\/angelsolisnoticias.com\/index.php\/2023\/10\/10\/fomento-al-talento-artistico-con-exitoso-arranque-del-programa-raices\/","name":"Fomento al talento art\u00edstico con exitoso arranque del programa \u201cRa\u00edces\u201d","isPartOf":{"@id":"https:\/\/angelsolisnoticias.com\/#website"},"datePublished":"2023-10-10T14:40:28+00:00","dateModified":"2023-10-10T22:40:20+00:00","description":".","breadcrumb":{"@id":"https:\/\/angelsolisnoticias.com\/index.php\/2023\/10\/10\/fomento-al-talento-artistico-con-exitoso-arranque-del-programa-raices\/#breadcrumb"},"inLanguage":"es","potentialAction":[{"@type":"ReadAction","target":["https:\/\/angelsolisnoticias.com\/index.php\/2023\/10\/10\/fomento-al-talento-artistico-con-exitoso-arranque-del-programa-raices\/"]}]},{"@type":"BreadcrumbList","@id":"https:\/\/angelsolisnoticias.com\/index.php\/2023\/10\/10\/fomento-al-talento-artistico-con-exitoso-arranque-del-programa-raices\/#breadcrumb","itemListElement":[{"@type":"ListItem","position":1,"name":"Inicio","item":"https:\/\/angelsolisnoticias.com\/"},{"@type":"ListItem","position":2,"name":"Fomento al talento art\u00edstico con exitoso arranque del programa \u201cRa\u00edces\u201d"}]},{"@type":"WebSite","@id":"https:\/\/angelsolisnoticias.com\/#website","url":"https:\/\/angelsolisnoticias.com\/","name":"\u00c1ngel Solis","description":"Noticias de Quintana Roo","publisher":{"@id":"https:\/\/angelsolisnoticias.com\/#organization"},"potentialAction":[{"@type":"SearchAction","target":{"@type":"EntryPoint","urlTemplate":"https:\/\/angelsolisnoticias.com\/?s={search_term_string}"},"query-input":"required name=search_term_string"}],"inLanguage":"es"},{"@type":"Organization","@id":"https:\/\/angelsolisnoticias.com\/#organization","name":"\u00c1ngel Solis","url":"https:\/\/angelsolisnoticias.com\/","logo":{"@type":"ImageObject","inLanguage":"es","@id":"https:\/\/angelsolisnoticias.com\/#\/schema\/logo\/image\/","url":"https:\/\/angelsolisnoticias.com\/wp-content\/uploads\/2023\/01\/LOGO3.png","contentUrl":"https:\/\/angelsolisnoticias.com\/wp-content\/uploads\/2023\/01\/LOGO3.png","width":1853,"height":570,"caption":"\u00c1ngel Solis"},"image":{"@id":"https:\/\/angelsolisnoticias.com\/#\/schema\/logo\/image\/"},"sameAs":["https:\/\/www.facebook.com\/periodistasquintanaroo","https:\/\/twitter.com\/PERIODISTASQROO"]},{"@type":"Person","@id":"https:\/\/angelsolisnoticias.com\/#\/schema\/person\/d5ca5e4c5f05db44e86cb564bf81ae6f","name":"admin","image":{"@type":"ImageObject","inLanguage":"es","@id":"https:\/\/angelsolisnoticias.com\/#\/schema\/person\/image\/","url":"https:\/\/secure.gravatar.com\/avatar\/dff3eaf7d33320066684ce268bff2bf90ce4f69456139b2d65d7796f64299e47?s=96&d=mm&r=g","contentUrl":"https:\/\/secure.gravatar.com\/avatar\/dff3eaf7d33320066684ce268bff2bf90ce4f69456139b2d65d7796f64299e47?s=96&d=mm&r=g","caption":"admin"},"sameAs":["https:\/\/angelsolisnoticias.com"],"url":"https:\/\/angelsolisnoticias.com\/index.php\/author\/admin_qnbaat5l\/"}]}},"jetpack_featured_media_url":"https:\/\/angelsolisnoticias.com\/wp-content\/uploads\/2023\/10\/Solidaridad-Raices1.jpg","_links":{"self":[{"href":"https:\/\/angelsolisnoticias.com\/index.php\/wp-json\/wp\/v2\/posts\/2827","targetHints":{"allow":["GET"]}}],"collection":[{"href":"https:\/\/angelsolisnoticias.com\/index.php\/wp-json\/wp\/v2\/posts"}],"about":[{"href":"https:\/\/angelsolisnoticias.com\/index.php\/wp-json\/wp\/v2\/types\/post"}],"author":[{"embeddable":true,"href":"https:\/\/angelsolisnoticias.com\/index.php\/wp-json\/wp\/v2\/users\/1"}],"replies":[{"embeddable":true,"href":"https:\/\/angelsolisnoticias.com\/index.php\/wp-json\/wp\/v2\/comments?post=2827"}],"version-history":[{"count":3,"href":"https:\/\/angelsolisnoticias.com\/index.php\/wp-json\/wp\/v2\/posts\/2827\/revisions"}],"predecessor-version":[{"id":2834,"href":"https:\/\/angelsolisnoticias.com\/index.php\/wp-json\/wp\/v2\/posts\/2827\/revisions\/2834"}],"wp:featuredmedia":[{"embeddable":true,"href":"https:\/\/angelsolisnoticias.com\/index.php\/wp-json\/wp\/v2\/media\/2831"}],"wp:attachment":[{"href":"https:\/\/angelsolisnoticias.com\/index.php\/wp-json\/wp\/v2\/media?parent=2827"}],"wp:term":[{"taxonomy":"category","embeddable":true,"href":"https:\/\/angelsolisnoticias.com\/index.php\/wp-json\/wp\/v2\/categories?post=2827"},{"taxonomy":"post_tag","embeddable":true,"href":"https:\/\/angelsolisnoticias.com\/index.php\/wp-json\/wp\/v2\/tags?post=2827"}],"curies":[{"name":"wp","href":"https:\/\/api.w.org\/{rel}","templated":true}]}}