{"id":2849,"date":"2023-10-11T12:22:30","date_gmt":"2023-10-11T12:22:30","guid":{"rendered":"https:\/\/angelsolisnoticias.com\/?p=2849"},"modified":"2023-10-11T20:13:34","modified_gmt":"2023-10-11T20:13:34","slug":"se-inauguro-carril-rosa-para-la-rehabilitacion-de-mujeres-pacientes-de-cancer","status":"publish","type":"post","link":"https:\/\/angelsolisnoticias.com\/index.php\/2023\/10\/11\/se-inauguro-carril-rosa-para-la-rehabilitacion-de-mujeres-pacientes-de-cancer\/","title":{"rendered":"Se inaugur\u00f3 \u201cCarril Rosa\u201d, para la rehabilitaci\u00f3n de mujeres pacientes de c\u00e1ncer"},"content":{"rendered":"<p>Playa del Carmen, Solidaridad, 11 de octubre del 2023<br \/>\nRedacci\u00f3n<\/p>\n<p>La presidenta municipal Lili Campos\u00a0 en coordinaci\u00f3n con AMEXME, inaugur\u00f3 el programa &#8220;Carril Rosa&#8221; en la alberca ol\u00edmpica de la Unidad Deportiva de la Riviera Maya, lo que coloca a Solidaridad como el tercer municipio en el pa\u00eds y el \u00fanico en estado, en contar con uno, y en donde el DIF municipal ofrecer\u00e1 rehabilitaci\u00f3n acu\u00e1tica gratuita a mujeres pacientes de c\u00e1ncer, para mejorar su movilidad y calidad de vida.<\/p>\n<p>Lili Campos resalt\u00f3 que este d\u00eda se da un paso m\u00e1s en ayuda a las mujeres, \u201ca nuestras guerreras que han logrado salir adelante y que ahora tomaron su primera terapia acu\u00e1tica, porque como mujeres nunca nos damos por vencidas. Por esta raz\u00f3n estamos unidas por una gran causa, siempre haciendo lo mejor para las mujeres solidarenses\u201d.<\/p>\n<p><img loading=\"lazy\" decoding=\"async\" class=\"aligncenter wp-image-2853 \" src=\"https:\/\/angelsolisnoticias.com\/wp-content\/uploads\/2023\/10\/Solidaridad-Mujeres-Cancer2.jpg\" alt=\"\" width=\"610\" height=\"356\" \/><\/p>\n<p>La presidenta de AMEXME, cap\u00edtulo Riviera Maya, Liliana Bravo Mena expres\u00f3 su agradecimiento a la presidenta Lili Campos por convertir este programa en una realidad y destac\u00f3 que Solidaridad es el tercer municipio del pa\u00eds en implementar el \u201ccarril rosa\u201d, dise\u00f1ado especialmente para ayudar a las mujeres que han sufrido c\u00e1ncer de mama y que debido a una condici\u00f3n tienen limitada la movilidad de sus brazos.<\/p>\n<p><img loading=\"lazy\" decoding=\"async\" class=\"aligncenter wp-image-2852 \" src=\"https:\/\/angelsolisnoticias.com\/wp-content\/uploads\/2023\/10\/Solidaridad-Mujeres-Cancer3.jpg\" alt=\"\" width=\"563\" height=\"438\" \/><\/p>\n<p>Los carriles habilitados como rosas son el 6 y el 7 de la alberca ol\u00edmpica de la Unidad Deportiva de la Riviera Maya. Este logro nace a partir de la iniciativa de (AMEXME), as\u00ed como de la colaboraci\u00f3n y apoyo de diversas entidades como el DIF, los institutos del deporte y de mujeres.<\/p>\n<p><img loading=\"lazy\" decoding=\"async\" class=\"aligncenter wp-image-2851 \" src=\"https:\/\/angelsolisnoticias.com\/wp-content\/uploads\/2023\/10\/Solidaridad-Mujeres-Cancer4.jpg\" alt=\"\" width=\"553\" height=\"375\" \/><\/p>\n<p>Los carriles rosas estar\u00e1n disponibles los martes y jueves. A las mujeres interesadas se les invita acudir por m\u00e1s informaci\u00f3n a las instalaciones del DIF, al Instituto de las Mujeres y a los diversos puntos violetas del municipio.<\/p>\n","protected":false},"excerpt":{"rendered":"<p>Playa del Carmen, Solidaridad, 11 de octubre del 2023 Redacci\u00f3n La presidenta municipal Lili Campos\u00a0 en coordinaci\u00f3n con AMEXME, inaugur\u00f3 el programa &#8220;Carril Rosa&#8221; en la alberca ol\u00edmpica de la Unidad Deportiva de la Riviera Maya, lo que coloca a Solidaridad como el tercer municipio en el pa\u00eds y el <a href=\"https:\/\/angelsolisnoticias.com\/index.php\/2023\/10\/11\/se-inauguro-carril-rosa-para-la-rehabilitacion-de-mujeres-pacientes-de-cancer\/\" class=\"btn btn-link continue-link\">Seguir leyendo<\/a><\/p>\n","protected":false},"author":1,"featured_media":2854,"comment_status":"open","ping_status":"open","sticky":false,"template":"","format":"standard","meta":{"footnotes":""},"categories":[6,1],"tags":[],"class_list":["post-2849","post","type-post","status-publish","format-standard","has-post-thumbnail","hentry","category-solidaridad","category-uncategorized"],"yoast_head":"<!-- This site is optimized with the Yoast SEO plugin v21.1 - https:\/\/yoast.com\/wordpress\/plugins\/seo\/ -->\n<title>Se inaugur\u00f3 \u201cCarril Rosa\u201d, para la rehabilitaci\u00f3n de mujeres pacientes de c\u00e1ncer<\/title>\n<meta name=\"description\" content=\".\" \/>\n<meta name=\"robots\" content=\"index, follow, max-snippet:-1, max-image-preview:large, max-video-preview:-1\" \/>\n<link rel=\"canonical\" href=\"https:\/\/angelsolisnoticias.com\/index.php\/2023\/10\/11\/se-inauguro-carril-rosa-para-la-rehabilitacion-de-mujeres-pacientes-de-cancer\/\" \/>\n<meta property=\"og:locale\" content=\"es_MX\" \/>\n<meta property=\"og:type\" content=\"article\" \/>\n<meta property=\"og:title\" content=\"Se inaugur\u00f3 \u201cCarril Rosa\u201d, para la rehabilitaci\u00f3n de mujeres pacientes de c\u00e1ncer\" \/>\n<meta property=\"og:description\" content=\".\" \/>\n<meta property=\"og:url\" content=\"https:\/\/angelsolisnoticias.com\/index.php\/2023\/10\/11\/se-inauguro-carril-rosa-para-la-rehabilitacion-de-mujeres-pacientes-de-cancer\/\" \/>\n<meta property=\"og:site_name\" content=\"\u00c1ngel Solis\" \/>\n<meta property=\"article:publisher\" content=\"https:\/\/www.facebook.com\/periodistasquintanaroo\" \/>\n<meta property=\"article:published_time\" content=\"2023-10-11T12:22:30+00:00\" \/>\n<meta property=\"article:modified_time\" content=\"2023-10-11T20:13:34+00:00\" \/>\n<meta property=\"og:image\" content=\"https:\/\/angelsolisnoticias.com\/wp-content\/uploads\/2023\/10\/Solidaridad-Mujeres-Cancer1.jpg\" \/>\n\t<meta property=\"og:image:width\" content=\"800\" \/>\n\t<meta property=\"og:image:height\" content=\"569\" \/>\n\t<meta property=\"og:image:type\" content=\"image\/jpeg\" \/>\n<meta name=\"author\" content=\"admin\" \/>\n<meta name=\"twitter:card\" content=\"summary_large_image\" \/>\n<meta name=\"twitter:creator\" content=\"@PERIODISTASQROO\" \/>\n<meta name=\"twitter:site\" content=\"@PERIODISTASQROO\" \/>\n<meta name=\"twitter:label1\" content=\"Escrito por\" \/>\n\t<meta name=\"twitter:data1\" content=\"admin\" \/>\n\t<meta name=\"twitter:label2\" content=\"Tiempo de lectura\" \/>\n\t<meta name=\"twitter:data2\" content=\"2 minutos\" \/>\n<script type=\"application\/ld+json\" class=\"yoast-schema-graph\">{\"@context\":\"https:\/\/schema.org\",\"@graph\":[{\"@type\":\"Article\",\"@id\":\"https:\/\/angelsolisnoticias.com\/index.php\/2023\/10\/11\/se-inauguro-carril-rosa-para-la-rehabilitacion-de-mujeres-pacientes-de-cancer\/#article\",\"isPartOf\":{\"@id\":\"https:\/\/angelsolisnoticias.com\/index.php\/2023\/10\/11\/se-inauguro-carril-rosa-para-la-rehabilitacion-de-mujeres-pacientes-de-cancer\/\"},\"author\":{\"name\":\"admin\",\"@id\":\"https:\/\/angelsolisnoticias.com\/#\/schema\/person\/d5ca5e4c5f05db44e86cb564bf81ae6f\"},\"headline\":\"Se inaugur\u00f3 \u201cCarril Rosa\u201d, para la rehabilitaci\u00f3n de mujeres pacientes de c\u00e1ncer\",\"datePublished\":\"2023-10-11T12:22:30+00:00\",\"dateModified\":\"2023-10-11T20:13:34+00:00\",\"mainEntityOfPage\":{\"@id\":\"https:\/\/angelsolisnoticias.com\/index.php\/2023\/10\/11\/se-inauguro-carril-rosa-para-la-rehabilitacion-de-mujeres-pacientes-de-cancer\/\"},\"wordCount\":325,\"commentCount\":0,\"publisher\":{\"@id\":\"https:\/\/angelsolisnoticias.com\/#organization\"},\"articleSection\":[\"Solidaridad\",\"Uncategorized\"],\"inLanguage\":\"es\",\"potentialAction\":[{\"@type\":\"CommentAction\",\"name\":\"Comment\",\"target\":[\"https:\/\/angelsolisnoticias.com\/index.php\/2023\/10\/11\/se-inauguro-carril-rosa-para-la-rehabilitacion-de-mujeres-pacientes-de-cancer\/#respond\"]}]},{\"@type\":\"WebPage\",\"@id\":\"https:\/\/angelsolisnoticias.com\/index.php\/2023\/10\/11\/se-inauguro-carril-rosa-para-la-rehabilitacion-de-mujeres-pacientes-de-cancer\/\",\"url\":\"https:\/\/angelsolisnoticias.com\/index.php\/2023\/10\/11\/se-inauguro-carril-rosa-para-la-rehabilitacion-de-mujeres-pacientes-de-cancer\/\",\"name\":\"Se inaugur\u00f3 \u201cCarril Rosa\u201d, para la rehabilitaci\u00f3n de mujeres pacientes de c\u00e1ncer\",\"isPartOf\":{\"@id\":\"https:\/\/angelsolisnoticias.com\/#website\"},\"datePublished\":\"2023-10-11T12:22:30+00:00\",\"dateModified\":\"2023-10-11T20:13:34+00:00\",\"description\":\".\",\"breadcrumb\":{\"@id\":\"https:\/\/angelsolisnoticias.com\/index.php\/2023\/10\/11\/se-inauguro-carril-rosa-para-la-rehabilitacion-de-mujeres-pacientes-de-cancer\/#breadcrumb\"},\"inLanguage\":\"es\",\"potentialAction\":[{\"@type\":\"ReadAction\",\"target\":[\"https:\/\/angelsolisnoticias.com\/index.php\/2023\/10\/11\/se-inauguro-carril-rosa-para-la-rehabilitacion-de-mujeres-pacientes-de-cancer\/\"]}]},{\"@type\":\"BreadcrumbList\",\"@id\":\"https:\/\/angelsolisnoticias.com\/index.php\/2023\/10\/11\/se-inauguro-carril-rosa-para-la-rehabilitacion-de-mujeres-pacientes-de-cancer\/#breadcrumb\",\"itemListElement\":[{\"@type\":\"ListItem\",\"position\":1,\"name\":\"Inicio\",\"item\":\"https:\/\/angelsolisnoticias.com\/\"},{\"@type\":\"ListItem\",\"position\":2,\"name\":\"Se inaugur\u00f3 \u201cCarril Rosa\u201d, para la rehabilitaci\u00f3n de mujeres pacientes de c\u00e1ncer\"}]},{\"@type\":\"WebSite\",\"@id\":\"https:\/\/angelsolisnoticias.com\/#website\",\"url\":\"https:\/\/angelsolisnoticias.com\/\",\"name\":\"\u00c1ngel Solis\",\"description\":\"Noticias de Quintana Roo\",\"publisher\":{\"@id\":\"https:\/\/angelsolisnoticias.com\/#organization\"},\"potentialAction\":[{\"@type\":\"SearchAction\",\"target\":{\"@type\":\"EntryPoint\",\"urlTemplate\":\"https:\/\/angelsolisnoticias.com\/?s={search_term_string}\"},\"query-input\":\"required name=search_term_string\"}],\"inLanguage\":\"es\"},{\"@type\":\"Organization\",\"@id\":\"https:\/\/angelsolisnoticias.com\/#organization\",\"name\":\"\u00c1ngel Solis\",\"url\":\"https:\/\/angelsolisnoticias.com\/\",\"logo\":{\"@type\":\"ImageObject\",\"inLanguage\":\"es\",\"@id\":\"https:\/\/angelsolisnoticias.com\/#\/schema\/logo\/image\/\",\"url\":\"https:\/\/angelsolisnoticias.com\/wp-content\/uploads\/2023\/01\/LOGO3.png\",\"contentUrl\":\"https:\/\/angelsolisnoticias.com\/wp-content\/uploads\/2023\/01\/LOGO3.png\",\"width\":1853,\"height\":570,\"caption\":\"\u00c1ngel Solis\"},\"image\":{\"@id\":\"https:\/\/angelsolisnoticias.com\/#\/schema\/logo\/image\/\"},\"sameAs\":[\"https:\/\/www.facebook.com\/periodistasquintanaroo\",\"https:\/\/twitter.com\/PERIODISTASQROO\"]},{\"@type\":\"Person\",\"@id\":\"https:\/\/angelsolisnoticias.com\/#\/schema\/person\/d5ca5e4c5f05db44e86cb564bf81ae6f\",\"name\":\"admin\",\"image\":{\"@type\":\"ImageObject\",\"inLanguage\":\"es\",\"@id\":\"https:\/\/angelsolisnoticias.com\/#\/schema\/person\/image\/\",\"url\":\"https:\/\/secure.gravatar.com\/avatar\/dff3eaf7d33320066684ce268bff2bf90ce4f69456139b2d65d7796f64299e47?s=96&d=mm&r=g\",\"contentUrl\":\"https:\/\/secure.gravatar.com\/avatar\/dff3eaf7d33320066684ce268bff2bf90ce4f69456139b2d65d7796f64299e47?s=96&d=mm&r=g\",\"caption\":\"admin\"},\"sameAs\":[\"https:\/\/angelsolisnoticias.com\"],\"url\":\"https:\/\/angelsolisnoticias.com\/index.php\/author\/admin_qnbaat5l\/\"}]}<\/script>\n<!-- \/ Yoast SEO plugin. -->","yoast_head_json":{"title":"Se inaugur\u00f3 \u201cCarril Rosa\u201d, para la rehabilitaci\u00f3n de mujeres pacientes de c\u00e1ncer","description":".","robots":{"index":"index","follow":"follow","max-snippet":"max-snippet:-1","max-image-preview":"max-image-preview:large","max-video-preview":"max-video-preview:-1"},"canonical":"https:\/\/angelsolisnoticias.com\/index.php\/2023\/10\/11\/se-inauguro-carril-rosa-para-la-rehabilitacion-de-mujeres-pacientes-de-cancer\/","og_locale":"es_MX","og_type":"article","og_title":"Se inaugur\u00f3 \u201cCarril Rosa\u201d, para la rehabilitaci\u00f3n de mujeres pacientes de c\u00e1ncer","og_description":".","og_url":"https:\/\/angelsolisnoticias.com\/index.php\/2023\/10\/11\/se-inauguro-carril-rosa-para-la-rehabilitacion-de-mujeres-pacientes-de-cancer\/","og_site_name":"\u00c1ngel Solis","article_publisher":"https:\/\/www.facebook.com\/periodistasquintanaroo","article_published_time":"2023-10-11T12:22:30+00:00","article_modified_time":"2023-10-11T20:13:34+00:00","og_image":[{"width":800,"height":569,"url":"https:\/\/angelsolisnoticias.com\/wp-content\/uploads\/2023\/10\/Solidaridad-Mujeres-Cancer1.jpg","type":"image\/jpeg"}],"author":"admin","twitter_card":"summary_large_image","twitter_creator":"@PERIODISTASQROO","twitter_site":"@PERIODISTASQROO","twitter_misc":{"Escrito por":"admin","Tiempo de lectura":"2 minutos"},"schema":{"@context":"https:\/\/schema.org","@graph":[{"@type":"Article","@id":"https:\/\/angelsolisnoticias.com\/index.php\/2023\/10\/11\/se-inauguro-carril-rosa-para-la-rehabilitacion-de-mujeres-pacientes-de-cancer\/#article","isPartOf":{"@id":"https:\/\/angelsolisnoticias.com\/index.php\/2023\/10\/11\/se-inauguro-carril-rosa-para-la-rehabilitacion-de-mujeres-pacientes-de-cancer\/"},"author":{"name":"admin","@id":"https:\/\/angelsolisnoticias.com\/#\/schema\/person\/d5ca5e4c5f05db44e86cb564bf81ae6f"},"headline":"Se inaugur\u00f3 \u201cCarril Rosa\u201d, para la rehabilitaci\u00f3n de mujeres pacientes de c\u00e1ncer","datePublished":"2023-10-11T12:22:30+00:00","dateModified":"2023-10-11T20:13:34+00:00","mainEntityOfPage":{"@id":"https:\/\/angelsolisnoticias.com\/index.php\/2023\/10\/11\/se-inauguro-carril-rosa-para-la-rehabilitacion-de-mujeres-pacientes-de-cancer\/"},"wordCount":325,"commentCount":0,"publisher":{"@id":"https:\/\/angelsolisnoticias.com\/#organization"},"articleSection":["Solidaridad","Uncategorized"],"inLanguage":"es","potentialAction":[{"@type":"CommentAction","name":"Comment","target":["https:\/\/angelsolisnoticias.com\/index.php\/2023\/10\/11\/se-inauguro-carril-rosa-para-la-rehabilitacion-de-mujeres-pacientes-de-cancer\/#respond"]}]},{"@type":"WebPage","@id":"https:\/\/angelsolisnoticias.com\/index.php\/2023\/10\/11\/se-inauguro-carril-rosa-para-la-rehabilitacion-de-mujeres-pacientes-de-cancer\/","url":"https:\/\/angelsolisnoticias.com\/index.php\/2023\/10\/11\/se-inauguro-carril-rosa-para-la-rehabilitacion-de-mujeres-pacientes-de-cancer\/","name":"Se inaugur\u00f3 \u201cCarril Rosa\u201d, para la rehabilitaci\u00f3n de mujeres pacientes de c\u00e1ncer","isPartOf":{"@id":"https:\/\/angelsolisnoticias.com\/#website"},"datePublished":"2023-10-11T12:22:30+00:00","dateModified":"2023-10-11T20:13:34+00:00","description":".","breadcrumb":{"@id":"https:\/\/angelsolisnoticias.com\/index.php\/2023\/10\/11\/se-inauguro-carril-rosa-para-la-rehabilitacion-de-mujeres-pacientes-de-cancer\/#breadcrumb"},"inLanguage":"es","potentialAction":[{"@type":"ReadAction","target":["https:\/\/angelsolisnoticias.com\/index.php\/2023\/10\/11\/se-inauguro-carril-rosa-para-la-rehabilitacion-de-mujeres-pacientes-de-cancer\/"]}]},{"@type":"BreadcrumbList","@id":"https:\/\/angelsolisnoticias.com\/index.php\/2023\/10\/11\/se-inauguro-carril-rosa-para-la-rehabilitacion-de-mujeres-pacientes-de-cancer\/#breadcrumb","itemListElement":[{"@type":"ListItem","position":1,"name":"Inicio","item":"https:\/\/angelsolisnoticias.com\/"},{"@type":"ListItem","position":2,"name":"Se inaugur\u00f3 \u201cCarril Rosa\u201d, para la rehabilitaci\u00f3n de mujeres pacientes de c\u00e1ncer"}]},{"@type":"WebSite","@id":"https:\/\/angelsolisnoticias.com\/#website","url":"https:\/\/angelsolisnoticias.com\/","name":"\u00c1ngel Solis","description":"Noticias de Quintana Roo","publisher":{"@id":"https:\/\/angelsolisnoticias.com\/#organization"},"potentialAction":[{"@type":"SearchAction","target":{"@type":"EntryPoint","urlTemplate":"https:\/\/angelsolisnoticias.com\/?s={search_term_string}"},"query-input":"required name=search_term_string"}],"inLanguage":"es"},{"@type":"Organization","@id":"https:\/\/angelsolisnoticias.com\/#organization","name":"\u00c1ngel Solis","url":"https:\/\/angelsolisnoticias.com\/","logo":{"@type":"ImageObject","inLanguage":"es","@id":"https:\/\/angelsolisnoticias.com\/#\/schema\/logo\/image\/","url":"https:\/\/angelsolisnoticias.com\/wp-content\/uploads\/2023\/01\/LOGO3.png","contentUrl":"https:\/\/angelsolisnoticias.com\/wp-content\/uploads\/2023\/01\/LOGO3.png","width":1853,"height":570,"caption":"\u00c1ngel Solis"},"image":{"@id":"https:\/\/angelsolisnoticias.com\/#\/schema\/logo\/image\/"},"sameAs":["https:\/\/www.facebook.com\/periodistasquintanaroo","https:\/\/twitter.com\/PERIODISTASQROO"]},{"@type":"Person","@id":"https:\/\/angelsolisnoticias.com\/#\/schema\/person\/d5ca5e4c5f05db44e86cb564bf81ae6f","name":"admin","image":{"@type":"ImageObject","inLanguage":"es","@id":"https:\/\/angelsolisnoticias.com\/#\/schema\/person\/image\/","url":"https:\/\/secure.gravatar.com\/avatar\/dff3eaf7d33320066684ce268bff2bf90ce4f69456139b2d65d7796f64299e47?s=96&d=mm&r=g","contentUrl":"https:\/\/secure.gravatar.com\/avatar\/dff3eaf7d33320066684ce268bff2bf90ce4f69456139b2d65d7796f64299e47?s=96&d=mm&r=g","caption":"admin"},"sameAs":["https:\/\/angelsolisnoticias.com"],"url":"https:\/\/angelsolisnoticias.com\/index.php\/author\/admin_qnbaat5l\/"}]}},"jetpack_featured_media_url":"https:\/\/angelsolisnoticias.com\/wp-content\/uploads\/2023\/10\/Solidaridad-Mujeres-Cancer1.jpg","_links":{"self":[{"href":"https:\/\/angelsolisnoticias.com\/index.php\/wp-json\/wp\/v2\/posts\/2849","targetHints":{"allow":["GET"]}}],"collection":[{"href":"https:\/\/angelsolisnoticias.com\/index.php\/wp-json\/wp\/v2\/posts"}],"about":[{"href":"https:\/\/angelsolisnoticias.com\/index.php\/wp-json\/wp\/v2\/types\/post"}],"author":[{"embeddable":true,"href":"https:\/\/angelsolisnoticias.com\/index.php\/wp-json\/wp\/v2\/users\/1"}],"replies":[{"embeddable":true,"href":"https:\/\/angelsolisnoticias.com\/index.php\/wp-json\/wp\/v2\/comments?post=2849"}],"version-history":[{"count":3,"href":"https:\/\/angelsolisnoticias.com\/index.php\/wp-json\/wp\/v2\/posts\/2849\/revisions"}],"predecessor-version":[{"id":2856,"href":"https:\/\/angelsolisnoticias.com\/index.php\/wp-json\/wp\/v2\/posts\/2849\/revisions\/2856"}],"wp:featuredmedia":[{"embeddable":true,"href":"https:\/\/angelsolisnoticias.com\/index.php\/wp-json\/wp\/v2\/media\/2854"}],"wp:attachment":[{"href":"https:\/\/angelsolisnoticias.com\/index.php\/wp-json\/wp\/v2\/media?parent=2849"}],"wp:term":[{"taxonomy":"category","embeddable":true,"href":"https:\/\/angelsolisnoticias.com\/index.php\/wp-json\/wp\/v2\/categories?post=2849"},{"taxonomy":"post_tag","embeddable":true,"href":"https:\/\/angelsolisnoticias.com\/index.php\/wp-json\/wp\/v2\/tags?post=2849"}],"curies":[{"name":"wp","href":"https:\/\/api.w.org\/{rel}","templated":true}]}}