{"id":2936,"date":"2023-10-14T10:15:59","date_gmt":"2023-10-14T10:15:59","guid":{"rendered":"https:\/\/angelsolisnoticias.com\/?p=2936"},"modified":"2023-10-14T18:20:55","modified_gmt":"2023-10-14T18:20:55","slug":"mara-lezama-inaugura-la-expofer-2023-en-chetumal-fiesta-con-tradicion","status":"publish","type":"post","link":"https:\/\/angelsolisnoticias.com\/index.php\/2023\/10\/14\/mara-lezama-inaugura-la-expofer-2023-en-chetumal-fiesta-con-tradicion\/","title":{"rendered":"Mara Lezama inaugura la EXPOFER 2023 en Chetumal fiesta con tradici\u00f3n"},"content":{"rendered":"<p>Chetumal, 14 de octubre<br \/>\nRedacci\u00f3n<\/p>\n<p>Al inaugurar la Feria de la Frontera Sur 2023 (EXPOFER), la gobernadora Mara Lezama\u00a0 Espinosa destac\u00f3 que despu\u00e9s de 3 a\u00f1os se retoma este festejo de tradici\u00f3n en Chetumal, la capital del estado, un espacio para disfrutarlo en familia y con ello recomponer el tejido social.<\/p>\n<p>Acompa\u00f1ada de la presidenta municipal de Oth\u00f3n P. Blanco, Yensunni Mart\u00ednez Hern\u00e1ndez, la gobernadora de Quintana Roo destac\u00f3 que la EXPOFER es una festividad llena de tradiciones, que refleja el orgullo y la fuerza de nuestros or\u00edgenes.<\/p>\n<p>\u201cRefleja tambi\u00e9n el dinamismo y crecimiento que Chetumal y Oth\u00f3n P. Blanco est\u00e1n teniendo a partir de este nuevo tiempo de justicia social, de transformaci\u00f3n profunda y de prosperidad compartida que permite, como se establece en el Nuevo Acuerdo por el Bienestar y Desarrollo de Quintana Roo, cerrar las brechas de desigualdad para que nadie se quede fuera ni nadie se quede atr\u00e1s\u201d expres\u00f3 Mara Lezama.<\/p>\n<p><img loading=\"lazy\" decoding=\"async\" class=\"aligncenter wp-image-2942 \" src=\"https:\/\/angelsolisnoticias.com\/wp-content\/uploads\/2023\/10\/Mara-lezama-Expofer2.jpg\" alt=\"\" width=\"587\" height=\"399\" \/><\/p>\n<p>Dio a conocer que este recinto, en donde est\u00e1 la EXPOFER es temporal porque el proyecto del Parque Quintana Roo, que ser\u00e1 su sede definitiva, ya est\u00e1 muy avanzado y conf\u00eda en que se inaugure el a\u00f1o pr\u00f3ximo, en los festejos de los 50 a\u00f1os del estado.<\/p>\n<p>Rodeadas de las y los chetumale\u00f1os, as\u00ed como invitados y visitantes, Mara Lezama y Yensunni Mart\u00ednez cortaron el list\u00f3n inaugural de la EXPOFER, despu\u00e9s de tres a\u00f1os de ausencia por la emergencia sanitaria ocasionada por el covid-19.<\/p>\n<p><img loading=\"lazy\" decoding=\"async\" class=\"aligncenter wp-image-2941 \" src=\"https:\/\/angelsolisnoticias.com\/wp-content\/uploads\/2023\/10\/Mara-lezama-Expofer3.jpg\" alt=\"\" width=\"601\" height=\"433\" \/><\/p>\n<p>\u201cEste 2023 lo retomamos con el invaluable apoyo de la gobernadora de nuestro estado Mara Lezama, quien tambi\u00e9n ha impulsado preservar las tradiciones de todo el estado\u201d, se\u00f1al\u00f3 la presidenta municipal. Indic\u00f3 que este a\u00f1o se eligi\u00f3 un espacio cercano a la gente, para facilitar su movilidad, como tanto hab\u00edan pedido; invit\u00f3 a la gente a asistir con confianza, ya que es un espacio seguro para el disfrute de grandes y peque\u00f1os.<\/p>\n<p>Las autoridades realizaron un recorrido por las instalaciones de la EXPOFER, por los stands del pabell\u00f3n cultural, el lienzo charro, el \u00e1rea de juegos, entre muchos otros, hasta llegar al escenario principal donde se tuvo la participaci\u00f3n del Ballet Folcl\u00f3rico de Quintana Roo, acompa\u00f1ado de la banda de m\u00fasica del Gobierno del Estado.<\/p>\n<p>Esta noche se tuvo la presentaci\u00f3n del cantante Espinosa Paz, quien interpret\u00f3 sus \u00e9xitos como \u201cLa Mushasha Shula\u201d, \u201cEl pr\u00f3ximo viernes\u201d, \u201cremodelaci\u00f3n facial\u201d, entre muchas otras.<\/p>\n<p><img loading=\"lazy\" decoding=\"async\" class=\"aligncenter wp-image-2940 \" src=\"https:\/\/angelsolisnoticias.com\/wp-content\/uploads\/2023\/10\/Mara-lezama-Expofer4.jpg\" alt=\"\" width=\"563\" height=\"384\" \/><\/p>\n<p>Durante dos semanas, artistas de talla nacional e internacional, como Moenia y los \u00c1ngeles Azules, estar\u00e1n actuando para los asistentes.<\/p>\n<p>Acompa\u00f1aron a la gobernadora Mara Lezama la presidenta honoraria del Sistema DIF Quintana Roo, Ver\u00f3nica Lezama Espinosa, regidoras y regidores, diputados locales, y de la reina de la EXPOFER Naomi Ren\u00e9 Bastarrachea Castillo.<\/p>\n","protected":false},"excerpt":{"rendered":"<p>Chetumal, 14 de octubre Redacci\u00f3n Al inaugurar la Feria de la Frontera Sur 2023 (EXPOFER), la gobernadora Mara Lezama\u00a0 Espinosa destac\u00f3 que despu\u00e9s de 3 a\u00f1os se retoma este festejo de tradici\u00f3n en Chetumal, la capital del estado, un espacio para disfrutarlo en familia y con ello recomponer el tejido <a href=\"https:\/\/angelsolisnoticias.com\/index.php\/2023\/10\/14\/mara-lezama-inaugura-la-expofer-2023-en-chetumal-fiesta-con-tradicion\/\" class=\"btn btn-link continue-link\">Seguir leyendo<\/a><\/p>\n","protected":false},"author":1,"featured_media":2938,"comment_status":"open","ping_status":"open","sticky":false,"template":"","format":"standard","meta":{"footnotes":""},"categories":[1],"tags":[],"class_list":["post-2936","post","type-post","status-publish","format-standard","has-post-thumbnail","hentry","category-uncategorized"],"yoast_head":"<!-- This site is optimized with the Yoast SEO plugin v21.1 - https:\/\/yoast.com\/wordpress\/plugins\/seo\/ -->\n<title>Mara Lezama inaugura la EXPOFER 2023 en Chetumal fiesta con tradici\u00f3n<\/title>\n<meta name=\"description\" content=\".\" \/>\n<meta name=\"robots\" content=\"index, follow, max-snippet:-1, max-image-preview:large, max-video-preview:-1\" \/>\n<link rel=\"canonical\" href=\"https:\/\/angelsolisnoticias.com\/index.php\/2023\/10\/14\/mara-lezama-inaugura-la-expofer-2023-en-chetumal-fiesta-con-tradicion\/\" \/>\n<meta property=\"og:locale\" content=\"es_MX\" \/>\n<meta property=\"og:type\" content=\"article\" \/>\n<meta property=\"og:title\" content=\"Mara Lezama inaugura la EXPOFER 2023 en Chetumal fiesta con tradici\u00f3n\" \/>\n<meta property=\"og:description\" content=\".\" \/>\n<meta property=\"og:url\" content=\"https:\/\/angelsolisnoticias.com\/index.php\/2023\/10\/14\/mara-lezama-inaugura-la-expofer-2023-en-chetumal-fiesta-con-tradicion\/\" \/>\n<meta property=\"og:site_name\" content=\"\u00c1ngel Solis\" \/>\n<meta property=\"article:publisher\" content=\"https:\/\/www.facebook.com\/periodistasquintanaroo\" \/>\n<meta property=\"article:published_time\" content=\"2023-10-14T10:15:59+00:00\" \/>\n<meta property=\"article:modified_time\" content=\"2023-10-14T18:20:55+00:00\" \/>\n<meta property=\"og:image\" content=\"https:\/\/angelsolisnoticias.com\/wp-content\/uploads\/2023\/10\/Mara-lezama-Expofer6.jpg\" \/>\n\t<meta property=\"og:image:width\" content=\"800\" \/>\n\t<meta property=\"og:image:height\" content=\"569\" \/>\n\t<meta property=\"og:image:type\" content=\"image\/jpeg\" \/>\n<meta name=\"author\" content=\"admin\" \/>\n<meta name=\"twitter:card\" content=\"summary_large_image\" \/>\n<meta name=\"twitter:creator\" content=\"@PERIODISTASQROO\" \/>\n<meta name=\"twitter:site\" content=\"@PERIODISTASQROO\" \/>\n<meta name=\"twitter:label1\" content=\"Escrito por\" \/>\n\t<meta name=\"twitter:data1\" content=\"admin\" \/>\n\t<meta name=\"twitter:label2\" content=\"Tiempo de lectura\" \/>\n\t<meta name=\"twitter:data2\" content=\"3 minutos\" \/>\n<script type=\"application\/ld+json\" class=\"yoast-schema-graph\">{\"@context\":\"https:\/\/schema.org\",\"@graph\":[{\"@type\":\"Article\",\"@id\":\"https:\/\/angelsolisnoticias.com\/index.php\/2023\/10\/14\/mara-lezama-inaugura-la-expofer-2023-en-chetumal-fiesta-con-tradicion\/#article\",\"isPartOf\":{\"@id\":\"https:\/\/angelsolisnoticias.com\/index.php\/2023\/10\/14\/mara-lezama-inaugura-la-expofer-2023-en-chetumal-fiesta-con-tradicion\/\"},\"author\":{\"name\":\"admin\",\"@id\":\"https:\/\/angelsolisnoticias.com\/#\/schema\/person\/d5ca5e4c5f05db44e86cb564bf81ae6f\"},\"headline\":\"Mara Lezama inaugura la EXPOFER 2023 en Chetumal fiesta con tradici\u00f3n\",\"datePublished\":\"2023-10-14T10:15:59+00:00\",\"dateModified\":\"2023-10-14T18:20:55+00:00\",\"mainEntityOfPage\":{\"@id\":\"https:\/\/angelsolisnoticias.com\/index.php\/2023\/10\/14\/mara-lezama-inaugura-la-expofer-2023-en-chetumal-fiesta-con-tradicion\/\"},\"wordCount\":487,\"commentCount\":0,\"publisher\":{\"@id\":\"https:\/\/angelsolisnoticias.com\/#organization\"},\"articleSection\":[\"Uncategorized\"],\"inLanguage\":\"es\",\"potentialAction\":[{\"@type\":\"CommentAction\",\"name\":\"Comment\",\"target\":[\"https:\/\/angelsolisnoticias.com\/index.php\/2023\/10\/14\/mara-lezama-inaugura-la-expofer-2023-en-chetumal-fiesta-con-tradicion\/#respond\"]}]},{\"@type\":\"WebPage\",\"@id\":\"https:\/\/angelsolisnoticias.com\/index.php\/2023\/10\/14\/mara-lezama-inaugura-la-expofer-2023-en-chetumal-fiesta-con-tradicion\/\",\"url\":\"https:\/\/angelsolisnoticias.com\/index.php\/2023\/10\/14\/mara-lezama-inaugura-la-expofer-2023-en-chetumal-fiesta-con-tradicion\/\",\"name\":\"Mara Lezama inaugura la EXPOFER 2023 en Chetumal fiesta con tradici\u00f3n\",\"isPartOf\":{\"@id\":\"https:\/\/angelsolisnoticias.com\/#website\"},\"datePublished\":\"2023-10-14T10:15:59+00:00\",\"dateModified\":\"2023-10-14T18:20:55+00:00\",\"description\":\".\",\"breadcrumb\":{\"@id\":\"https:\/\/angelsolisnoticias.com\/index.php\/2023\/10\/14\/mara-lezama-inaugura-la-expofer-2023-en-chetumal-fiesta-con-tradicion\/#breadcrumb\"},\"inLanguage\":\"es\",\"potentialAction\":[{\"@type\":\"ReadAction\",\"target\":[\"https:\/\/angelsolisnoticias.com\/index.php\/2023\/10\/14\/mara-lezama-inaugura-la-expofer-2023-en-chetumal-fiesta-con-tradicion\/\"]}]},{\"@type\":\"BreadcrumbList\",\"@id\":\"https:\/\/angelsolisnoticias.com\/index.php\/2023\/10\/14\/mara-lezama-inaugura-la-expofer-2023-en-chetumal-fiesta-con-tradicion\/#breadcrumb\",\"itemListElement\":[{\"@type\":\"ListItem\",\"position\":1,\"name\":\"Inicio\",\"item\":\"https:\/\/angelsolisnoticias.com\/\"},{\"@type\":\"ListItem\",\"position\":2,\"name\":\"Mara Lezama inaugura la EXPOFER 2023 en Chetumal fiesta con tradici\u00f3n\"}]},{\"@type\":\"WebSite\",\"@id\":\"https:\/\/angelsolisnoticias.com\/#website\",\"url\":\"https:\/\/angelsolisnoticias.com\/\",\"name\":\"\u00c1ngel Solis\",\"description\":\"Noticias de Quintana Roo\",\"publisher\":{\"@id\":\"https:\/\/angelsolisnoticias.com\/#organization\"},\"potentialAction\":[{\"@type\":\"SearchAction\",\"target\":{\"@type\":\"EntryPoint\",\"urlTemplate\":\"https:\/\/angelsolisnoticias.com\/?s={search_term_string}\"},\"query-input\":\"required name=search_term_string\"}],\"inLanguage\":\"es\"},{\"@type\":\"Organization\",\"@id\":\"https:\/\/angelsolisnoticias.com\/#organization\",\"name\":\"\u00c1ngel Solis\",\"url\":\"https:\/\/angelsolisnoticias.com\/\",\"logo\":{\"@type\":\"ImageObject\",\"inLanguage\":\"es\",\"@id\":\"https:\/\/angelsolisnoticias.com\/#\/schema\/logo\/image\/\",\"url\":\"https:\/\/angelsolisnoticias.com\/wp-content\/uploads\/2023\/01\/LOGO3.png\",\"contentUrl\":\"https:\/\/angelsolisnoticias.com\/wp-content\/uploads\/2023\/01\/LOGO3.png\",\"width\":1853,\"height\":570,\"caption\":\"\u00c1ngel Solis\"},\"image\":{\"@id\":\"https:\/\/angelsolisnoticias.com\/#\/schema\/logo\/image\/\"},\"sameAs\":[\"https:\/\/www.facebook.com\/periodistasquintanaroo\",\"https:\/\/twitter.com\/PERIODISTASQROO\"]},{\"@type\":\"Person\",\"@id\":\"https:\/\/angelsolisnoticias.com\/#\/schema\/person\/d5ca5e4c5f05db44e86cb564bf81ae6f\",\"name\":\"admin\",\"image\":{\"@type\":\"ImageObject\",\"inLanguage\":\"es\",\"@id\":\"https:\/\/angelsolisnoticias.com\/#\/schema\/person\/image\/\",\"url\":\"https:\/\/secure.gravatar.com\/avatar\/dff3eaf7d33320066684ce268bff2bf90ce4f69456139b2d65d7796f64299e47?s=96&d=mm&r=g\",\"contentUrl\":\"https:\/\/secure.gravatar.com\/avatar\/dff3eaf7d33320066684ce268bff2bf90ce4f69456139b2d65d7796f64299e47?s=96&d=mm&r=g\",\"caption\":\"admin\"},\"sameAs\":[\"https:\/\/angelsolisnoticias.com\"],\"url\":\"https:\/\/angelsolisnoticias.com\/index.php\/author\/admin_qnbaat5l\/\"}]}<\/script>\n<!-- \/ Yoast SEO plugin. -->","yoast_head_json":{"title":"Mara Lezama inaugura la EXPOFER 2023 en Chetumal fiesta con tradici\u00f3n","description":".","robots":{"index":"index","follow":"follow","max-snippet":"max-snippet:-1","max-image-preview":"max-image-preview:large","max-video-preview":"max-video-preview:-1"},"canonical":"https:\/\/angelsolisnoticias.com\/index.php\/2023\/10\/14\/mara-lezama-inaugura-la-expofer-2023-en-chetumal-fiesta-con-tradicion\/","og_locale":"es_MX","og_type":"article","og_title":"Mara Lezama inaugura la EXPOFER 2023 en Chetumal fiesta con tradici\u00f3n","og_description":".","og_url":"https:\/\/angelsolisnoticias.com\/index.php\/2023\/10\/14\/mara-lezama-inaugura-la-expofer-2023-en-chetumal-fiesta-con-tradicion\/","og_site_name":"\u00c1ngel Solis","article_publisher":"https:\/\/www.facebook.com\/periodistasquintanaroo","article_published_time":"2023-10-14T10:15:59+00:00","article_modified_time":"2023-10-14T18:20:55+00:00","og_image":[{"width":800,"height":569,"url":"https:\/\/angelsolisnoticias.com\/wp-content\/uploads\/2023\/10\/Mara-lezama-Expofer6.jpg","type":"image\/jpeg"}],"author":"admin","twitter_card":"summary_large_image","twitter_creator":"@PERIODISTASQROO","twitter_site":"@PERIODISTASQROO","twitter_misc":{"Escrito por":"admin","Tiempo de lectura":"3 minutos"},"schema":{"@context":"https:\/\/schema.org","@graph":[{"@type":"Article","@id":"https:\/\/angelsolisnoticias.com\/index.php\/2023\/10\/14\/mara-lezama-inaugura-la-expofer-2023-en-chetumal-fiesta-con-tradicion\/#article","isPartOf":{"@id":"https:\/\/angelsolisnoticias.com\/index.php\/2023\/10\/14\/mara-lezama-inaugura-la-expofer-2023-en-chetumal-fiesta-con-tradicion\/"},"author":{"name":"admin","@id":"https:\/\/angelsolisnoticias.com\/#\/schema\/person\/d5ca5e4c5f05db44e86cb564bf81ae6f"},"headline":"Mara Lezama inaugura la EXPOFER 2023 en Chetumal fiesta con tradici\u00f3n","datePublished":"2023-10-14T10:15:59+00:00","dateModified":"2023-10-14T18:20:55+00:00","mainEntityOfPage":{"@id":"https:\/\/angelsolisnoticias.com\/index.php\/2023\/10\/14\/mara-lezama-inaugura-la-expofer-2023-en-chetumal-fiesta-con-tradicion\/"},"wordCount":487,"commentCount":0,"publisher":{"@id":"https:\/\/angelsolisnoticias.com\/#organization"},"articleSection":["Uncategorized"],"inLanguage":"es","potentialAction":[{"@type":"CommentAction","name":"Comment","target":["https:\/\/angelsolisnoticias.com\/index.php\/2023\/10\/14\/mara-lezama-inaugura-la-expofer-2023-en-chetumal-fiesta-con-tradicion\/#respond"]}]},{"@type":"WebPage","@id":"https:\/\/angelsolisnoticias.com\/index.php\/2023\/10\/14\/mara-lezama-inaugura-la-expofer-2023-en-chetumal-fiesta-con-tradicion\/","url":"https:\/\/angelsolisnoticias.com\/index.php\/2023\/10\/14\/mara-lezama-inaugura-la-expofer-2023-en-chetumal-fiesta-con-tradicion\/","name":"Mara Lezama inaugura la EXPOFER 2023 en Chetumal fiesta con tradici\u00f3n","isPartOf":{"@id":"https:\/\/angelsolisnoticias.com\/#website"},"datePublished":"2023-10-14T10:15:59+00:00","dateModified":"2023-10-14T18:20:55+00:00","description":".","breadcrumb":{"@id":"https:\/\/angelsolisnoticias.com\/index.php\/2023\/10\/14\/mara-lezama-inaugura-la-expofer-2023-en-chetumal-fiesta-con-tradicion\/#breadcrumb"},"inLanguage":"es","potentialAction":[{"@type":"ReadAction","target":["https:\/\/angelsolisnoticias.com\/index.php\/2023\/10\/14\/mara-lezama-inaugura-la-expofer-2023-en-chetumal-fiesta-con-tradicion\/"]}]},{"@type":"BreadcrumbList","@id":"https:\/\/angelsolisnoticias.com\/index.php\/2023\/10\/14\/mara-lezama-inaugura-la-expofer-2023-en-chetumal-fiesta-con-tradicion\/#breadcrumb","itemListElement":[{"@type":"ListItem","position":1,"name":"Inicio","item":"https:\/\/angelsolisnoticias.com\/"},{"@type":"ListItem","position":2,"name":"Mara Lezama inaugura la EXPOFER 2023 en Chetumal fiesta con tradici\u00f3n"}]},{"@type":"WebSite","@id":"https:\/\/angelsolisnoticias.com\/#website","url":"https:\/\/angelsolisnoticias.com\/","name":"\u00c1ngel Solis","description":"Noticias de Quintana Roo","publisher":{"@id":"https:\/\/angelsolisnoticias.com\/#organization"},"potentialAction":[{"@type":"SearchAction","target":{"@type":"EntryPoint","urlTemplate":"https:\/\/angelsolisnoticias.com\/?s={search_term_string}"},"query-input":"required name=search_term_string"}],"inLanguage":"es"},{"@type":"Organization","@id":"https:\/\/angelsolisnoticias.com\/#organization","name":"\u00c1ngel Solis","url":"https:\/\/angelsolisnoticias.com\/","logo":{"@type":"ImageObject","inLanguage":"es","@id":"https:\/\/angelsolisnoticias.com\/#\/schema\/logo\/image\/","url":"https:\/\/angelsolisnoticias.com\/wp-content\/uploads\/2023\/01\/LOGO3.png","contentUrl":"https:\/\/angelsolisnoticias.com\/wp-content\/uploads\/2023\/01\/LOGO3.png","width":1853,"height":570,"caption":"\u00c1ngel Solis"},"image":{"@id":"https:\/\/angelsolisnoticias.com\/#\/schema\/logo\/image\/"},"sameAs":["https:\/\/www.facebook.com\/periodistasquintanaroo","https:\/\/twitter.com\/PERIODISTASQROO"]},{"@type":"Person","@id":"https:\/\/angelsolisnoticias.com\/#\/schema\/person\/d5ca5e4c5f05db44e86cb564bf81ae6f","name":"admin","image":{"@type":"ImageObject","inLanguage":"es","@id":"https:\/\/angelsolisnoticias.com\/#\/schema\/person\/image\/","url":"https:\/\/secure.gravatar.com\/avatar\/dff3eaf7d33320066684ce268bff2bf90ce4f69456139b2d65d7796f64299e47?s=96&d=mm&r=g","contentUrl":"https:\/\/secure.gravatar.com\/avatar\/dff3eaf7d33320066684ce268bff2bf90ce4f69456139b2d65d7796f64299e47?s=96&d=mm&r=g","caption":"admin"},"sameAs":["https:\/\/angelsolisnoticias.com"],"url":"https:\/\/angelsolisnoticias.com\/index.php\/author\/admin_qnbaat5l\/"}]}},"jetpack_featured_media_url":"https:\/\/angelsolisnoticias.com\/wp-content\/uploads\/2023\/10\/Mara-lezama-Expofer6.jpg","_links":{"self":[{"href":"https:\/\/angelsolisnoticias.com\/index.php\/wp-json\/wp\/v2\/posts\/2936","targetHints":{"allow":["GET"]}}],"collection":[{"href":"https:\/\/angelsolisnoticias.com\/index.php\/wp-json\/wp\/v2\/posts"}],"about":[{"href":"https:\/\/angelsolisnoticias.com\/index.php\/wp-json\/wp\/v2\/types\/post"}],"author":[{"embeddable":true,"href":"https:\/\/angelsolisnoticias.com\/index.php\/wp-json\/wp\/v2\/users\/1"}],"replies":[{"embeddable":true,"href":"https:\/\/angelsolisnoticias.com\/index.php\/wp-json\/wp\/v2\/comments?post=2936"}],"version-history":[{"count":3,"href":"https:\/\/angelsolisnoticias.com\/index.php\/wp-json\/wp\/v2\/posts\/2936\/revisions"}],"predecessor-version":[{"id":2944,"href":"https:\/\/angelsolisnoticias.com\/index.php\/wp-json\/wp\/v2\/posts\/2936\/revisions\/2944"}],"wp:featuredmedia":[{"embeddable":true,"href":"https:\/\/angelsolisnoticias.com\/index.php\/wp-json\/wp\/v2\/media\/2938"}],"wp:attachment":[{"href":"https:\/\/angelsolisnoticias.com\/index.php\/wp-json\/wp\/v2\/media?parent=2936"}],"wp:term":[{"taxonomy":"category","embeddable":true,"href":"https:\/\/angelsolisnoticias.com\/index.php\/wp-json\/wp\/v2\/categories?post=2936"},{"taxonomy":"post_tag","embeddable":true,"href":"https:\/\/angelsolisnoticias.com\/index.php\/wp-json\/wp\/v2\/tags?post=2936"}],"curies":[{"name":"wp","href":"https:\/\/api.w.org\/{rel}","templated":true}]}}