{"id":2962,"date":"2023-10-15T11:39:33","date_gmt":"2023-10-15T11:39:33","guid":{"rendered":"https:\/\/angelsolisnoticias.com\/?p=2962"},"modified":"2023-10-15T18:46:06","modified_gmt":"2023-10-15T18:46:06","slug":"felipe-carrillo-puerto-celebra-173-anos-de-fundacion-con-emocionante-carrera-pedestre","status":"publish","type":"post","link":"https:\/\/angelsolisnoticias.com\/index.php\/2023\/10\/15\/felipe-carrillo-puerto-celebra-173-anos-de-fundacion-con-emocionante-carrera-pedestre\/","title":{"rendered":"Felipe Carrillo Puerto celebra 173 a\u00f1os de fundaci\u00f3n con emocionante carrera pedestre"},"content":{"rendered":"<p>Felipe Carrillo Puerto, 15 de octubre<br \/>\nRedacci\u00f3n<\/p>\n<p>En un emocionante domingo, la ciudad de Felipe Carrillo Puerto conmemor\u00f3 su 173 aniversario de fundaci\u00f3n con la tercera edici\u00f3n de la carrera pedestre &#8220;Noh Cah Chan Santa Cruz- X Baalam Naaj&#8221;, que atrajo a 363 atletas provenientes de diversas localidades de Quintana Roo y el vecino estado de Yucat\u00e1n.<\/p>\n<p>La presidenta municipal, Mary Hern\u00e1ndez dio inicio a esta competencia, que abraz\u00f3 tanto a corredores locales como a participantes de los municipios aleda\u00f1os y del estado vecino de Yucat\u00e1n.<\/p>\n<p>Previo a la carrera, la alcaldesa agradeci\u00f3 a todos los participantes por responder a la convocatoria del Club &#8220;Running Carrillo Puerto&#8221; en colaboraci\u00f3n con el Ayuntamiento, subrayando el papel que desempe\u00f1a el evento en el enaltecimiento del municipio y la generaci\u00f3n de una derrama econ\u00f3mica local.<\/p>\n<p><img loading=\"lazy\" decoding=\"async\" class=\"aligncenter wp-image-2968 \" src=\"https:\/\/angelsolisnoticias.com\/wp-content\/uploads\/2023\/10\/Carrillo-Carrera02.jpg\" alt=\"\" width=\"601\" height=\"448\" \/><\/p>\n<p>La ruta de la carrera abarc\u00f3 un extenso recorrido a lo largo y ancho de la ciudad, tomando las principales calles y avenidas, con tramos de 5 y 10 kil\u00f3metros en diferentes categor\u00edas y una exhibici\u00f3n de 3 kil\u00f3metros.<\/p>\n<p><img loading=\"lazy\" decoding=\"async\" class=\"aligncenter wp-image-2966 \" src=\"https:\/\/angelsolisnoticias.com\/wp-content\/uploads\/2023\/10\/Carrillo-Carrera03.jpg\" alt=\"\" width=\"603\" height=\"444\" \/><\/p>\n<p>Los atletas compitieron en una variedad de categor\u00edas, desde libres hasta veteranos plus. Los destacados ganadores de la tercera edici\u00f3n de la carrera pedestre en conmemoraci\u00f3n del aniversario de Felipe Carrillo Puerto fueron los siguientes:<\/p>\n<p><strong>Categor\u00eda de 5 km:<\/strong><\/p>\n<p><strong>Libre Varonil:<\/strong><\/p>\n<p>Jes\u00fas Ricardo G\u00f3mez Flores (Felipe Carrillo Puerto)<\/p>\n<p>Jose Roberto Camargo Rodriguez (Tekax)<\/p>\n<p>Mois\u00e9s Rafael Coh Gonz\u00e1lez (Tekax)<\/p>\n<p><strong>Femenil:<\/strong><\/p>\n<p>Viviana Bautista Borges<\/p>\n<p>Erica Vanesa<\/p>\n<p>Yoselyn P\u00e9rez Mar\u00edn<\/p>\n<p><strong>Categor\u00eda de 10 km:<\/strong><\/p>\n<p><strong>Femenil Libre:<\/strong><\/p>\n<p>Estefani Cohuo<\/p>\n<p>Diana Aldazaba<\/p>\n<p>Veronica Hern\u00e1ndez<\/p>\n<p><strong>Femenil Master:<\/strong><\/p>\n<p>Olga Arroyo<\/p>\n<p>Yuly Pinto<\/p>\n<p>Alma Moo Medina<\/p>\n<p>Femenil Submaster:<\/p>\n<p>Rosa Cruz Urbina<\/p>\n<p>Sof\u00eda Isaac<\/p>\n<p>Liliana Dzul Diaz<\/p>\n<p><strong>Veteranos Femenil:<\/strong><\/p>\n<p>Angelina Oca\u00f1a May<\/p>\n<p>Mar\u00eda Vega Coral<\/p>\n<p>Rosalinda Guillen<\/p>\n<p><strong>Veteranos Plus:<\/strong><\/p>\n<p>Irma G\u00f3mez Sanchez<\/p>\n<p>Varonil Libre:<\/p>\n<p>Hugo P\u00e9rez<\/p>\n<p>Mart\u00edn Barbosa<\/p>\n<p>Iv\u00e1n Criollo Carrillo<\/p>\n<p>M\u00e1ster Varonil:<\/p>\n<p>Antonio Reyes<\/p>\n<p>Jose Escobedo<\/p>\n<p>Felipe Romero Dzib<\/p>\n<p>Submaster Varonil:<\/p>\n<p>Roberto Atocha Ru\u00edz<\/p>\n<p>Rom\u00e1n Cebadua<\/p>\n<p>Rub\u00e9n Cortez<\/p>\n<p><strong>Veteranos Varonil:<\/strong><\/p>\n<p>Mario Balam Cen<\/p>\n<p>V\u00edctor Guti\u00e9rrez<\/p>\n<p>Jose S\u00e1nchez<\/p>\n<p>Veteranos Plus:<\/p>\n<p>Eliseo Dur\u00e1n<\/p>\n<p>C\u00e9sar Noh<\/p>\n<p>Pedro Arcos<\/p>\n<p><img loading=\"lazy\" decoding=\"async\" class=\"aligncenter wp-image-2965 \" src=\"https:\/\/angelsolisnoticias.com\/wp-content\/uploads\/2023\/10\/Carrillo-Carrera04.jpg\" alt=\"\" width=\"624\" height=\"418\" \/><\/p>\n<p>Los premios entregados a los ganadores fueron valiosas artesan\u00edas representativas de la rica cultura maya, elaboradas por los patrocinadores y organizadores de la carrera.<\/p>\n","protected":false},"excerpt":{"rendered":"<p>Felipe Carrillo Puerto, 15 de octubre Redacci\u00f3n En un emocionante domingo, la ciudad de Felipe Carrillo Puerto conmemor\u00f3 su 173 aniversario de fundaci\u00f3n con la tercera edici\u00f3n de la carrera pedestre &#8220;Noh Cah Chan Santa Cruz- X Baalam Naaj&#8221;, que atrajo a 363 atletas provenientes de diversas localidades de Quintana <a href=\"https:\/\/angelsolisnoticias.com\/index.php\/2023\/10\/15\/felipe-carrillo-puerto-celebra-173-anos-de-fundacion-con-emocionante-carrera-pedestre\/\" class=\"btn btn-link continue-link\">Seguir leyendo<\/a><\/p>\n","protected":false},"author":1,"featured_media":2969,"comment_status":"open","ping_status":"open","sticky":false,"template":"","format":"standard","meta":{"footnotes":""},"categories":[1],"tags":[],"class_list":["post-2962","post","type-post","status-publish","format-standard","has-post-thumbnail","hentry","category-uncategorized"],"yoast_head":"<!-- This site is optimized with the Yoast SEO plugin v21.1 - https:\/\/yoast.com\/wordpress\/plugins\/seo\/ -->\n<title>Felipe Carrillo Puerto celebra 173 a\u00f1os de fundaci\u00f3n con emocionante carrera pedestre<\/title>\n<meta name=\"description\" content=\".\" \/>\n<meta name=\"robots\" content=\"index, follow, max-snippet:-1, max-image-preview:large, max-video-preview:-1\" \/>\n<link rel=\"canonical\" href=\"https:\/\/angelsolisnoticias.com\/index.php\/2023\/10\/15\/felipe-carrillo-puerto-celebra-173-anos-de-fundacion-con-emocionante-carrera-pedestre\/\" \/>\n<meta property=\"og:locale\" content=\"es_MX\" \/>\n<meta property=\"og:type\" content=\"article\" \/>\n<meta property=\"og:title\" content=\"Felipe Carrillo Puerto celebra 173 a\u00f1os de fundaci\u00f3n con emocionante carrera pedestre\" \/>\n<meta property=\"og:description\" content=\".\" \/>\n<meta property=\"og:url\" content=\"https:\/\/angelsolisnoticias.com\/index.php\/2023\/10\/15\/felipe-carrillo-puerto-celebra-173-anos-de-fundacion-con-emocionante-carrera-pedestre\/\" \/>\n<meta property=\"og:site_name\" content=\"\u00c1ngel Solis\" \/>\n<meta property=\"article:publisher\" content=\"https:\/\/www.facebook.com\/periodistasquintanaroo\" \/>\n<meta property=\"article:published_time\" content=\"2023-10-15T11:39:33+00:00\" \/>\n<meta property=\"article:modified_time\" content=\"2023-10-15T18:46:06+00:00\" \/>\n<meta property=\"og:image\" content=\"https:\/\/angelsolisnoticias.com\/wp-content\/uploads\/2023\/10\/Carrillo-Carrera01.jpg\" \/>\n\t<meta property=\"og:image:width\" content=\"800\" \/>\n\t<meta property=\"og:image:height\" content=\"569\" \/>\n\t<meta property=\"og:image:type\" content=\"image\/jpeg\" \/>\n<meta name=\"author\" content=\"admin\" \/>\n<meta name=\"twitter:card\" content=\"summary_large_image\" \/>\n<meta name=\"twitter:creator\" content=\"@PERIODISTASQROO\" \/>\n<meta name=\"twitter:site\" content=\"@PERIODISTASQROO\" \/>\n<meta name=\"twitter:label1\" content=\"Escrito por\" \/>\n\t<meta name=\"twitter:data1\" content=\"admin\" \/>\n\t<meta name=\"twitter:label2\" content=\"Tiempo de lectura\" \/>\n\t<meta name=\"twitter:data2\" content=\"3 minutos\" \/>\n<script type=\"application\/ld+json\" class=\"yoast-schema-graph\">{\"@context\":\"https:\/\/schema.org\",\"@graph\":[{\"@type\":\"Article\",\"@id\":\"https:\/\/angelsolisnoticias.com\/index.php\/2023\/10\/15\/felipe-carrillo-puerto-celebra-173-anos-de-fundacion-con-emocionante-carrera-pedestre\/#article\",\"isPartOf\":{\"@id\":\"https:\/\/angelsolisnoticias.com\/index.php\/2023\/10\/15\/felipe-carrillo-puerto-celebra-173-anos-de-fundacion-con-emocionante-carrera-pedestre\/\"},\"author\":{\"name\":\"admin\",\"@id\":\"https:\/\/angelsolisnoticias.com\/#\/schema\/person\/d5ca5e4c5f05db44e86cb564bf81ae6f\"},\"headline\":\"Felipe Carrillo Puerto celebra 173 a\u00f1os de fundaci\u00f3n con emocionante carrera pedestre\",\"datePublished\":\"2023-10-15T11:39:33+00:00\",\"dateModified\":\"2023-10-15T18:46:06+00:00\",\"mainEntityOfPage\":{\"@id\":\"https:\/\/angelsolisnoticias.com\/index.php\/2023\/10\/15\/felipe-carrillo-puerto-celebra-173-anos-de-fundacion-con-emocionante-carrera-pedestre\/\"},\"wordCount\":401,\"commentCount\":0,\"publisher\":{\"@id\":\"https:\/\/angelsolisnoticias.com\/#organization\"},\"articleSection\":[\"Uncategorized\"],\"inLanguage\":\"es\",\"potentialAction\":[{\"@type\":\"CommentAction\",\"name\":\"Comment\",\"target\":[\"https:\/\/angelsolisnoticias.com\/index.php\/2023\/10\/15\/felipe-carrillo-puerto-celebra-173-anos-de-fundacion-con-emocionante-carrera-pedestre\/#respond\"]}]},{\"@type\":\"WebPage\",\"@id\":\"https:\/\/angelsolisnoticias.com\/index.php\/2023\/10\/15\/felipe-carrillo-puerto-celebra-173-anos-de-fundacion-con-emocionante-carrera-pedestre\/\",\"url\":\"https:\/\/angelsolisnoticias.com\/index.php\/2023\/10\/15\/felipe-carrillo-puerto-celebra-173-anos-de-fundacion-con-emocionante-carrera-pedestre\/\",\"name\":\"Felipe Carrillo Puerto celebra 173 a\u00f1os de fundaci\u00f3n con emocionante carrera pedestre\",\"isPartOf\":{\"@id\":\"https:\/\/angelsolisnoticias.com\/#website\"},\"datePublished\":\"2023-10-15T11:39:33+00:00\",\"dateModified\":\"2023-10-15T18:46:06+00:00\",\"description\":\".\",\"breadcrumb\":{\"@id\":\"https:\/\/angelsolisnoticias.com\/index.php\/2023\/10\/15\/felipe-carrillo-puerto-celebra-173-anos-de-fundacion-con-emocionante-carrera-pedestre\/#breadcrumb\"},\"inLanguage\":\"es\",\"potentialAction\":[{\"@type\":\"ReadAction\",\"target\":[\"https:\/\/angelsolisnoticias.com\/index.php\/2023\/10\/15\/felipe-carrillo-puerto-celebra-173-anos-de-fundacion-con-emocionante-carrera-pedestre\/\"]}]},{\"@type\":\"BreadcrumbList\",\"@id\":\"https:\/\/angelsolisnoticias.com\/index.php\/2023\/10\/15\/felipe-carrillo-puerto-celebra-173-anos-de-fundacion-con-emocionante-carrera-pedestre\/#breadcrumb\",\"itemListElement\":[{\"@type\":\"ListItem\",\"position\":1,\"name\":\"Inicio\",\"item\":\"https:\/\/angelsolisnoticias.com\/\"},{\"@type\":\"ListItem\",\"position\":2,\"name\":\"Felipe Carrillo Puerto celebra 173 a\u00f1os de fundaci\u00f3n con emocionante carrera pedestre\"}]},{\"@type\":\"WebSite\",\"@id\":\"https:\/\/angelsolisnoticias.com\/#website\",\"url\":\"https:\/\/angelsolisnoticias.com\/\",\"name\":\"\u00c1ngel Solis\",\"description\":\"Noticias de Quintana Roo\",\"publisher\":{\"@id\":\"https:\/\/angelsolisnoticias.com\/#organization\"},\"potentialAction\":[{\"@type\":\"SearchAction\",\"target\":{\"@type\":\"EntryPoint\",\"urlTemplate\":\"https:\/\/angelsolisnoticias.com\/?s={search_term_string}\"},\"query-input\":\"required name=search_term_string\"}],\"inLanguage\":\"es\"},{\"@type\":\"Organization\",\"@id\":\"https:\/\/angelsolisnoticias.com\/#organization\",\"name\":\"\u00c1ngel Solis\",\"url\":\"https:\/\/angelsolisnoticias.com\/\",\"logo\":{\"@type\":\"ImageObject\",\"inLanguage\":\"es\",\"@id\":\"https:\/\/angelsolisnoticias.com\/#\/schema\/logo\/image\/\",\"url\":\"https:\/\/angelsolisnoticias.com\/wp-content\/uploads\/2023\/01\/LOGO3.png\",\"contentUrl\":\"https:\/\/angelsolisnoticias.com\/wp-content\/uploads\/2023\/01\/LOGO3.png\",\"width\":1853,\"height\":570,\"caption\":\"\u00c1ngel Solis\"},\"image\":{\"@id\":\"https:\/\/angelsolisnoticias.com\/#\/schema\/logo\/image\/\"},\"sameAs\":[\"https:\/\/www.facebook.com\/periodistasquintanaroo\",\"https:\/\/twitter.com\/PERIODISTASQROO\"]},{\"@type\":\"Person\",\"@id\":\"https:\/\/angelsolisnoticias.com\/#\/schema\/person\/d5ca5e4c5f05db44e86cb564bf81ae6f\",\"name\":\"admin\",\"image\":{\"@type\":\"ImageObject\",\"inLanguage\":\"es\",\"@id\":\"https:\/\/angelsolisnoticias.com\/#\/schema\/person\/image\/\",\"url\":\"https:\/\/secure.gravatar.com\/avatar\/dff3eaf7d33320066684ce268bff2bf90ce4f69456139b2d65d7796f64299e47?s=96&d=mm&r=g\",\"contentUrl\":\"https:\/\/secure.gravatar.com\/avatar\/dff3eaf7d33320066684ce268bff2bf90ce4f69456139b2d65d7796f64299e47?s=96&d=mm&r=g\",\"caption\":\"admin\"},\"sameAs\":[\"https:\/\/angelsolisnoticias.com\"],\"url\":\"https:\/\/angelsolisnoticias.com\/index.php\/author\/admin_qnbaat5l\/\"}]}<\/script>\n<!-- \/ Yoast SEO plugin. -->","yoast_head_json":{"title":"Felipe Carrillo Puerto celebra 173 a\u00f1os de fundaci\u00f3n con emocionante carrera pedestre","description":".","robots":{"index":"index","follow":"follow","max-snippet":"max-snippet:-1","max-image-preview":"max-image-preview:large","max-video-preview":"max-video-preview:-1"},"canonical":"https:\/\/angelsolisnoticias.com\/index.php\/2023\/10\/15\/felipe-carrillo-puerto-celebra-173-anos-de-fundacion-con-emocionante-carrera-pedestre\/","og_locale":"es_MX","og_type":"article","og_title":"Felipe Carrillo Puerto celebra 173 a\u00f1os de fundaci\u00f3n con emocionante carrera pedestre","og_description":".","og_url":"https:\/\/angelsolisnoticias.com\/index.php\/2023\/10\/15\/felipe-carrillo-puerto-celebra-173-anos-de-fundacion-con-emocionante-carrera-pedestre\/","og_site_name":"\u00c1ngel Solis","article_publisher":"https:\/\/www.facebook.com\/periodistasquintanaroo","article_published_time":"2023-10-15T11:39:33+00:00","article_modified_time":"2023-10-15T18:46:06+00:00","og_image":[{"width":800,"height":569,"url":"https:\/\/angelsolisnoticias.com\/wp-content\/uploads\/2023\/10\/Carrillo-Carrera01.jpg","type":"image\/jpeg"}],"author":"admin","twitter_card":"summary_large_image","twitter_creator":"@PERIODISTASQROO","twitter_site":"@PERIODISTASQROO","twitter_misc":{"Escrito por":"admin","Tiempo de lectura":"3 minutos"},"schema":{"@context":"https:\/\/schema.org","@graph":[{"@type":"Article","@id":"https:\/\/angelsolisnoticias.com\/index.php\/2023\/10\/15\/felipe-carrillo-puerto-celebra-173-anos-de-fundacion-con-emocionante-carrera-pedestre\/#article","isPartOf":{"@id":"https:\/\/angelsolisnoticias.com\/index.php\/2023\/10\/15\/felipe-carrillo-puerto-celebra-173-anos-de-fundacion-con-emocionante-carrera-pedestre\/"},"author":{"name":"admin","@id":"https:\/\/angelsolisnoticias.com\/#\/schema\/person\/d5ca5e4c5f05db44e86cb564bf81ae6f"},"headline":"Felipe Carrillo Puerto celebra 173 a\u00f1os de fundaci\u00f3n con emocionante carrera pedestre","datePublished":"2023-10-15T11:39:33+00:00","dateModified":"2023-10-15T18:46:06+00:00","mainEntityOfPage":{"@id":"https:\/\/angelsolisnoticias.com\/index.php\/2023\/10\/15\/felipe-carrillo-puerto-celebra-173-anos-de-fundacion-con-emocionante-carrera-pedestre\/"},"wordCount":401,"commentCount":0,"publisher":{"@id":"https:\/\/angelsolisnoticias.com\/#organization"},"articleSection":["Uncategorized"],"inLanguage":"es","potentialAction":[{"@type":"CommentAction","name":"Comment","target":["https:\/\/angelsolisnoticias.com\/index.php\/2023\/10\/15\/felipe-carrillo-puerto-celebra-173-anos-de-fundacion-con-emocionante-carrera-pedestre\/#respond"]}]},{"@type":"WebPage","@id":"https:\/\/angelsolisnoticias.com\/index.php\/2023\/10\/15\/felipe-carrillo-puerto-celebra-173-anos-de-fundacion-con-emocionante-carrera-pedestre\/","url":"https:\/\/angelsolisnoticias.com\/index.php\/2023\/10\/15\/felipe-carrillo-puerto-celebra-173-anos-de-fundacion-con-emocionante-carrera-pedestre\/","name":"Felipe Carrillo Puerto celebra 173 a\u00f1os de fundaci\u00f3n con emocionante carrera pedestre","isPartOf":{"@id":"https:\/\/angelsolisnoticias.com\/#website"},"datePublished":"2023-10-15T11:39:33+00:00","dateModified":"2023-10-15T18:46:06+00:00","description":".","breadcrumb":{"@id":"https:\/\/angelsolisnoticias.com\/index.php\/2023\/10\/15\/felipe-carrillo-puerto-celebra-173-anos-de-fundacion-con-emocionante-carrera-pedestre\/#breadcrumb"},"inLanguage":"es","potentialAction":[{"@type":"ReadAction","target":["https:\/\/angelsolisnoticias.com\/index.php\/2023\/10\/15\/felipe-carrillo-puerto-celebra-173-anos-de-fundacion-con-emocionante-carrera-pedestre\/"]}]},{"@type":"BreadcrumbList","@id":"https:\/\/angelsolisnoticias.com\/index.php\/2023\/10\/15\/felipe-carrillo-puerto-celebra-173-anos-de-fundacion-con-emocionante-carrera-pedestre\/#breadcrumb","itemListElement":[{"@type":"ListItem","position":1,"name":"Inicio","item":"https:\/\/angelsolisnoticias.com\/"},{"@type":"ListItem","position":2,"name":"Felipe Carrillo Puerto celebra 173 a\u00f1os de fundaci\u00f3n con emocionante carrera pedestre"}]},{"@type":"WebSite","@id":"https:\/\/angelsolisnoticias.com\/#website","url":"https:\/\/angelsolisnoticias.com\/","name":"\u00c1ngel Solis","description":"Noticias de Quintana Roo","publisher":{"@id":"https:\/\/angelsolisnoticias.com\/#organization"},"potentialAction":[{"@type":"SearchAction","target":{"@type":"EntryPoint","urlTemplate":"https:\/\/angelsolisnoticias.com\/?s={search_term_string}"},"query-input":"required name=search_term_string"}],"inLanguage":"es"},{"@type":"Organization","@id":"https:\/\/angelsolisnoticias.com\/#organization","name":"\u00c1ngel Solis","url":"https:\/\/angelsolisnoticias.com\/","logo":{"@type":"ImageObject","inLanguage":"es","@id":"https:\/\/angelsolisnoticias.com\/#\/schema\/logo\/image\/","url":"https:\/\/angelsolisnoticias.com\/wp-content\/uploads\/2023\/01\/LOGO3.png","contentUrl":"https:\/\/angelsolisnoticias.com\/wp-content\/uploads\/2023\/01\/LOGO3.png","width":1853,"height":570,"caption":"\u00c1ngel Solis"},"image":{"@id":"https:\/\/angelsolisnoticias.com\/#\/schema\/logo\/image\/"},"sameAs":["https:\/\/www.facebook.com\/periodistasquintanaroo","https:\/\/twitter.com\/PERIODISTASQROO"]},{"@type":"Person","@id":"https:\/\/angelsolisnoticias.com\/#\/schema\/person\/d5ca5e4c5f05db44e86cb564bf81ae6f","name":"admin","image":{"@type":"ImageObject","inLanguage":"es","@id":"https:\/\/angelsolisnoticias.com\/#\/schema\/person\/image\/","url":"https:\/\/secure.gravatar.com\/avatar\/dff3eaf7d33320066684ce268bff2bf90ce4f69456139b2d65d7796f64299e47?s=96&d=mm&r=g","contentUrl":"https:\/\/secure.gravatar.com\/avatar\/dff3eaf7d33320066684ce268bff2bf90ce4f69456139b2d65d7796f64299e47?s=96&d=mm&r=g","caption":"admin"},"sameAs":["https:\/\/angelsolisnoticias.com"],"url":"https:\/\/angelsolisnoticias.com\/index.php\/author\/admin_qnbaat5l\/"}]}},"jetpack_featured_media_url":"https:\/\/angelsolisnoticias.com\/wp-content\/uploads\/2023\/10\/Carrillo-Carrera01.jpg","_links":{"self":[{"href":"https:\/\/angelsolisnoticias.com\/index.php\/wp-json\/wp\/v2\/posts\/2962","targetHints":{"allow":["GET"]}}],"collection":[{"href":"https:\/\/angelsolisnoticias.com\/index.php\/wp-json\/wp\/v2\/posts"}],"about":[{"href":"https:\/\/angelsolisnoticias.com\/index.php\/wp-json\/wp\/v2\/types\/post"}],"author":[{"embeddable":true,"href":"https:\/\/angelsolisnoticias.com\/index.php\/wp-json\/wp\/v2\/users\/1"}],"replies":[{"embeddable":true,"href":"https:\/\/angelsolisnoticias.com\/index.php\/wp-json\/wp\/v2\/comments?post=2962"}],"version-history":[{"count":5,"href":"https:\/\/angelsolisnoticias.com\/index.php\/wp-json\/wp\/v2\/posts\/2962\/revisions"}],"predecessor-version":[{"id":2971,"href":"https:\/\/angelsolisnoticias.com\/index.php\/wp-json\/wp\/v2\/posts\/2962\/revisions\/2971"}],"wp:featuredmedia":[{"embeddable":true,"href":"https:\/\/angelsolisnoticias.com\/index.php\/wp-json\/wp\/v2\/media\/2969"}],"wp:attachment":[{"href":"https:\/\/angelsolisnoticias.com\/index.php\/wp-json\/wp\/v2\/media?parent=2962"}],"wp:term":[{"taxonomy":"category","embeddable":true,"href":"https:\/\/angelsolisnoticias.com\/index.php\/wp-json\/wp\/v2\/categories?post=2962"},{"taxonomy":"post_tag","embeddable":true,"href":"https:\/\/angelsolisnoticias.com\/index.php\/wp-json\/wp\/v2\/tags?post=2962"}],"curies":[{"name":"wp","href":"https:\/\/api.w.org\/{rel}","templated":true}]}}