{"id":2989,"date":"2023-10-16T15:50:22","date_gmt":"2023-10-16T15:50:22","guid":{"rendered":"https:\/\/angelsolisnoticias.com\/?p=2989"},"modified":"2023-10-17T01:31:30","modified_gmt":"2023-10-17T01:31:30","slug":"solidaridad-firma-convenio-en-combate-a-la-violencia-politica-de-genero","status":"publish","type":"post","link":"https:\/\/angelsolisnoticias.com\/index.php\/2023\/10\/16\/solidaridad-firma-convenio-en-combate-a-la-violencia-politica-de-genero\/","title":{"rendered":"Solidaridad firma convenio en combate a la violencia pol\u00edtica de g\u00e9nero"},"content":{"rendered":"<p>Playa del Carmen, Solidaridad, 16 de octubre del 2023<br \/>\nRedacci\u00f3n<\/p>\n<p>La presidenta municipal Lili Campos encabez\u00f3 la firma del convenio de colaboraci\u00f3n entre el Instituto de las Mujeres y el Instituto Electoral de Quintana Roo (IEQROO), con el objetivo de abordar la problem\u00e1tica de la violencia pol\u00edtica en raz\u00f3n de g\u00e9nero en el municipio.<\/p>\n<p>Lili Campos subray\u00f3 la importancia de este convenio como un paso fundamental hacia una sociedad m\u00e1s justa, igualitaria y libre de violencia. Asimismo, hizo un llamado a la unidad y solidaridad en la lucha por garantizar los derechos y la dignidad de las mujeres en Solidaridad y en todo Quintana Roo.<\/p>\n<p><img loading=\"lazy\" decoding=\"async\" class=\"aligncenter wp-image-2992 \" src=\"https:\/\/angelsolisnoticias.com\/wp-content\/uploads\/2023\/10\/Solidaridad-violencia-genero2.jpg\" alt=\"\" width=\"640\" height=\"419\" \/><\/p>\n<p>La edil destac\u00f3 y agradeci\u00f3 el papel fundamental de su equipo de trabajo y enfatiz\u00f3 que la erradicaci\u00f3n de la violencia de g\u00e9nero es un esfuerzo conjunto de hombres y mujeres. Adem\u00e1s, resalt\u00f3 los avances que se tienen en el municipio, como el grupo Geavig, seis puntos violetas, el Centro de Justicia para las Mujeres y el Centro de Educaci\u00f3n para Hombres (Cecovim), que es el quinto de su tipo a nivel nacional y el \u00fanico en el estado. Tambi\u00e9n anunci\u00f3 la pr\u00f3xima implementaci\u00f3n de botones de p\u00e1nico y brazaletes como medidas adicionales.<\/p>\n<p><img loading=\"lazy\" decoding=\"async\" class=\"aligncenter wp-image-2991 \" src=\"https:\/\/angelsolisnoticias.com\/wp-content\/uploads\/2023\/10\/Solidaridad-violencia-genero3.jpg\" alt=\"\" width=\"631\" height=\"347\" \/><\/p>\n<p>Por su parte, la consejera presidenta del IEQROO, Rub\u00ed Pacheco, agradeci\u00f3 a la presidenta Lili Campos y a todo su gabinete por su inter\u00e9s en la prevenci\u00f3n, erradicaci\u00f3n y sanci\u00f3n de la violencia pol\u00edtica contra las mujeres en raz\u00f3n de g\u00e9nero. Adem\u00e1s, se\u00f1al\u00f3: \u201cestamos realizando acciones para que poco a poco vayamos caminando en la prevenci\u00f3n y erradicaci\u00f3n de conductas negativas, no solamente procesos electorales, sino en todos los momentos del a\u00f1o\u201d.<\/p>\n","protected":false},"excerpt":{"rendered":"<p>Playa del Carmen, Solidaridad, 16 de octubre del 2023 Redacci\u00f3n La presidenta municipal Lili Campos encabez\u00f3 la firma del convenio de colaboraci\u00f3n entre el Instituto de las Mujeres y el Instituto Electoral de Quintana Roo (IEQROO), con el objetivo de abordar la problem\u00e1tica de la violencia pol\u00edtica en raz\u00f3n de <a href=\"https:\/\/angelsolisnoticias.com\/index.php\/2023\/10\/16\/solidaridad-firma-convenio-en-combate-a-la-violencia-politica-de-genero\/\" class=\"btn btn-link continue-link\">Seguir leyendo<\/a><\/p>\n","protected":false},"author":1,"featured_media":2993,"comment_status":"open","ping_status":"open","sticky":false,"template":"","format":"standard","meta":{"footnotes":""},"categories":[6,1],"tags":[],"class_list":["post-2989","post","type-post","status-publish","format-standard","has-post-thumbnail","hentry","category-solidaridad","category-uncategorized"],"yoast_head":"<!-- This site is optimized with the Yoast SEO plugin v21.1 - https:\/\/yoast.com\/wordpress\/plugins\/seo\/ -->\n<title>Solidaridad firma convenio en combate a la violencia pol\u00edtica de g\u00e9nero<\/title>\n<meta name=\"description\" content=\".\" \/>\n<meta name=\"robots\" content=\"index, follow, max-snippet:-1, max-image-preview:large, max-video-preview:-1\" \/>\n<link rel=\"canonical\" href=\"https:\/\/angelsolisnoticias.com\/index.php\/2023\/10\/16\/solidaridad-firma-convenio-en-combate-a-la-violencia-politica-de-genero\/\" \/>\n<meta property=\"og:locale\" content=\"es_MX\" \/>\n<meta property=\"og:type\" content=\"article\" \/>\n<meta property=\"og:title\" content=\"Solidaridad firma convenio en combate a la violencia pol\u00edtica de g\u00e9nero\" \/>\n<meta property=\"og:description\" content=\".\" \/>\n<meta property=\"og:url\" content=\"https:\/\/angelsolisnoticias.com\/index.php\/2023\/10\/16\/solidaridad-firma-convenio-en-combate-a-la-violencia-politica-de-genero\/\" \/>\n<meta property=\"og:site_name\" content=\"\u00c1ngel Solis\" \/>\n<meta property=\"article:publisher\" content=\"https:\/\/www.facebook.com\/periodistasquintanaroo\" \/>\n<meta property=\"article:published_time\" content=\"2023-10-16T15:50:22+00:00\" \/>\n<meta property=\"article:modified_time\" content=\"2023-10-17T01:31:30+00:00\" \/>\n<meta property=\"og:image\" content=\"https:\/\/angelsolisnoticias.com\/wp-content\/uploads\/2023\/10\/Solidaridad-violencia-genero1.jpg\" \/>\n\t<meta property=\"og:image:width\" content=\"800\" \/>\n\t<meta property=\"og:image:height\" content=\"569\" \/>\n\t<meta property=\"og:image:type\" content=\"image\/jpeg\" \/>\n<meta name=\"author\" content=\"admin\" \/>\n<meta name=\"twitter:card\" content=\"summary_large_image\" \/>\n<meta name=\"twitter:creator\" content=\"@PERIODISTASQROO\" \/>\n<meta name=\"twitter:site\" content=\"@PERIODISTASQROO\" \/>\n<meta name=\"twitter:label1\" content=\"Escrito por\" \/>\n\t<meta name=\"twitter:data1\" content=\"admin\" \/>\n\t<meta name=\"twitter:label2\" content=\"Tiempo de lectura\" \/>\n\t<meta name=\"twitter:data2\" content=\"2 minutos\" \/>\n<script type=\"application\/ld+json\" class=\"yoast-schema-graph\">{\"@context\":\"https:\/\/schema.org\",\"@graph\":[{\"@type\":\"Article\",\"@id\":\"https:\/\/angelsolisnoticias.com\/index.php\/2023\/10\/16\/solidaridad-firma-convenio-en-combate-a-la-violencia-politica-de-genero\/#article\",\"isPartOf\":{\"@id\":\"https:\/\/angelsolisnoticias.com\/index.php\/2023\/10\/16\/solidaridad-firma-convenio-en-combate-a-la-violencia-politica-de-genero\/\"},\"author\":{\"name\":\"admin\",\"@id\":\"https:\/\/angelsolisnoticias.com\/#\/schema\/person\/d5ca5e4c5f05db44e86cb564bf81ae6f\"},\"headline\":\"Solidaridad firma convenio en combate a la violencia pol\u00edtica de g\u00e9nero\",\"datePublished\":\"2023-10-16T15:50:22+00:00\",\"dateModified\":\"2023-10-17T01:31:30+00:00\",\"mainEntityOfPage\":{\"@id\":\"https:\/\/angelsolisnoticias.com\/index.php\/2023\/10\/16\/solidaridad-firma-convenio-en-combate-a-la-violencia-politica-de-genero\/\"},\"wordCount\":308,\"commentCount\":0,\"publisher\":{\"@id\":\"https:\/\/angelsolisnoticias.com\/#organization\"},\"articleSection\":[\"Solidaridad\",\"Uncategorized\"],\"inLanguage\":\"es\",\"potentialAction\":[{\"@type\":\"CommentAction\",\"name\":\"Comment\",\"target\":[\"https:\/\/angelsolisnoticias.com\/index.php\/2023\/10\/16\/solidaridad-firma-convenio-en-combate-a-la-violencia-politica-de-genero\/#respond\"]}]},{\"@type\":\"WebPage\",\"@id\":\"https:\/\/angelsolisnoticias.com\/index.php\/2023\/10\/16\/solidaridad-firma-convenio-en-combate-a-la-violencia-politica-de-genero\/\",\"url\":\"https:\/\/angelsolisnoticias.com\/index.php\/2023\/10\/16\/solidaridad-firma-convenio-en-combate-a-la-violencia-politica-de-genero\/\",\"name\":\"Solidaridad firma convenio en combate a la violencia pol\u00edtica de g\u00e9nero\",\"isPartOf\":{\"@id\":\"https:\/\/angelsolisnoticias.com\/#website\"},\"datePublished\":\"2023-10-16T15:50:22+00:00\",\"dateModified\":\"2023-10-17T01:31:30+00:00\",\"description\":\".\",\"breadcrumb\":{\"@id\":\"https:\/\/angelsolisnoticias.com\/index.php\/2023\/10\/16\/solidaridad-firma-convenio-en-combate-a-la-violencia-politica-de-genero\/#breadcrumb\"},\"inLanguage\":\"es\",\"potentialAction\":[{\"@type\":\"ReadAction\",\"target\":[\"https:\/\/angelsolisnoticias.com\/index.php\/2023\/10\/16\/solidaridad-firma-convenio-en-combate-a-la-violencia-politica-de-genero\/\"]}]},{\"@type\":\"BreadcrumbList\",\"@id\":\"https:\/\/angelsolisnoticias.com\/index.php\/2023\/10\/16\/solidaridad-firma-convenio-en-combate-a-la-violencia-politica-de-genero\/#breadcrumb\",\"itemListElement\":[{\"@type\":\"ListItem\",\"position\":1,\"name\":\"Inicio\",\"item\":\"https:\/\/angelsolisnoticias.com\/\"},{\"@type\":\"ListItem\",\"position\":2,\"name\":\"Solidaridad firma convenio en combate a la violencia pol\u00edtica de g\u00e9nero\"}]},{\"@type\":\"WebSite\",\"@id\":\"https:\/\/angelsolisnoticias.com\/#website\",\"url\":\"https:\/\/angelsolisnoticias.com\/\",\"name\":\"\u00c1ngel Solis\",\"description\":\"Noticias de Quintana Roo\",\"publisher\":{\"@id\":\"https:\/\/angelsolisnoticias.com\/#organization\"},\"potentialAction\":[{\"@type\":\"SearchAction\",\"target\":{\"@type\":\"EntryPoint\",\"urlTemplate\":\"https:\/\/angelsolisnoticias.com\/?s={search_term_string}\"},\"query-input\":\"required name=search_term_string\"}],\"inLanguage\":\"es\"},{\"@type\":\"Organization\",\"@id\":\"https:\/\/angelsolisnoticias.com\/#organization\",\"name\":\"\u00c1ngel Solis\",\"url\":\"https:\/\/angelsolisnoticias.com\/\",\"logo\":{\"@type\":\"ImageObject\",\"inLanguage\":\"es\",\"@id\":\"https:\/\/angelsolisnoticias.com\/#\/schema\/logo\/image\/\",\"url\":\"https:\/\/angelsolisnoticias.com\/wp-content\/uploads\/2023\/01\/LOGO3.png\",\"contentUrl\":\"https:\/\/angelsolisnoticias.com\/wp-content\/uploads\/2023\/01\/LOGO3.png\",\"width\":1853,\"height\":570,\"caption\":\"\u00c1ngel Solis\"},\"image\":{\"@id\":\"https:\/\/angelsolisnoticias.com\/#\/schema\/logo\/image\/\"},\"sameAs\":[\"https:\/\/www.facebook.com\/periodistasquintanaroo\",\"https:\/\/twitter.com\/PERIODISTASQROO\"]},{\"@type\":\"Person\",\"@id\":\"https:\/\/angelsolisnoticias.com\/#\/schema\/person\/d5ca5e4c5f05db44e86cb564bf81ae6f\",\"name\":\"admin\",\"image\":{\"@type\":\"ImageObject\",\"inLanguage\":\"es\",\"@id\":\"https:\/\/angelsolisnoticias.com\/#\/schema\/person\/image\/\",\"url\":\"https:\/\/secure.gravatar.com\/avatar\/dff3eaf7d33320066684ce268bff2bf90ce4f69456139b2d65d7796f64299e47?s=96&d=mm&r=g\",\"contentUrl\":\"https:\/\/secure.gravatar.com\/avatar\/dff3eaf7d33320066684ce268bff2bf90ce4f69456139b2d65d7796f64299e47?s=96&d=mm&r=g\",\"caption\":\"admin\"},\"sameAs\":[\"https:\/\/angelsolisnoticias.com\"],\"url\":\"https:\/\/angelsolisnoticias.com\/index.php\/author\/admin_qnbaat5l\/\"}]}<\/script>\n<!-- \/ Yoast SEO plugin. -->","yoast_head_json":{"title":"Solidaridad firma convenio en combate a la violencia pol\u00edtica de g\u00e9nero","description":".","robots":{"index":"index","follow":"follow","max-snippet":"max-snippet:-1","max-image-preview":"max-image-preview:large","max-video-preview":"max-video-preview:-1"},"canonical":"https:\/\/angelsolisnoticias.com\/index.php\/2023\/10\/16\/solidaridad-firma-convenio-en-combate-a-la-violencia-politica-de-genero\/","og_locale":"es_MX","og_type":"article","og_title":"Solidaridad firma convenio en combate a la violencia pol\u00edtica de g\u00e9nero","og_description":".","og_url":"https:\/\/angelsolisnoticias.com\/index.php\/2023\/10\/16\/solidaridad-firma-convenio-en-combate-a-la-violencia-politica-de-genero\/","og_site_name":"\u00c1ngel Solis","article_publisher":"https:\/\/www.facebook.com\/periodistasquintanaroo","article_published_time":"2023-10-16T15:50:22+00:00","article_modified_time":"2023-10-17T01:31:30+00:00","og_image":[{"width":800,"height":569,"url":"https:\/\/angelsolisnoticias.com\/wp-content\/uploads\/2023\/10\/Solidaridad-violencia-genero1.jpg","type":"image\/jpeg"}],"author":"admin","twitter_card":"summary_large_image","twitter_creator":"@PERIODISTASQROO","twitter_site":"@PERIODISTASQROO","twitter_misc":{"Escrito por":"admin","Tiempo de lectura":"2 minutos"},"schema":{"@context":"https:\/\/schema.org","@graph":[{"@type":"Article","@id":"https:\/\/angelsolisnoticias.com\/index.php\/2023\/10\/16\/solidaridad-firma-convenio-en-combate-a-la-violencia-politica-de-genero\/#article","isPartOf":{"@id":"https:\/\/angelsolisnoticias.com\/index.php\/2023\/10\/16\/solidaridad-firma-convenio-en-combate-a-la-violencia-politica-de-genero\/"},"author":{"name":"admin","@id":"https:\/\/angelsolisnoticias.com\/#\/schema\/person\/d5ca5e4c5f05db44e86cb564bf81ae6f"},"headline":"Solidaridad firma convenio en combate a la violencia pol\u00edtica de g\u00e9nero","datePublished":"2023-10-16T15:50:22+00:00","dateModified":"2023-10-17T01:31:30+00:00","mainEntityOfPage":{"@id":"https:\/\/angelsolisnoticias.com\/index.php\/2023\/10\/16\/solidaridad-firma-convenio-en-combate-a-la-violencia-politica-de-genero\/"},"wordCount":308,"commentCount":0,"publisher":{"@id":"https:\/\/angelsolisnoticias.com\/#organization"},"articleSection":["Solidaridad","Uncategorized"],"inLanguage":"es","potentialAction":[{"@type":"CommentAction","name":"Comment","target":["https:\/\/angelsolisnoticias.com\/index.php\/2023\/10\/16\/solidaridad-firma-convenio-en-combate-a-la-violencia-politica-de-genero\/#respond"]}]},{"@type":"WebPage","@id":"https:\/\/angelsolisnoticias.com\/index.php\/2023\/10\/16\/solidaridad-firma-convenio-en-combate-a-la-violencia-politica-de-genero\/","url":"https:\/\/angelsolisnoticias.com\/index.php\/2023\/10\/16\/solidaridad-firma-convenio-en-combate-a-la-violencia-politica-de-genero\/","name":"Solidaridad firma convenio en combate a la violencia pol\u00edtica de g\u00e9nero","isPartOf":{"@id":"https:\/\/angelsolisnoticias.com\/#website"},"datePublished":"2023-10-16T15:50:22+00:00","dateModified":"2023-10-17T01:31:30+00:00","description":".","breadcrumb":{"@id":"https:\/\/angelsolisnoticias.com\/index.php\/2023\/10\/16\/solidaridad-firma-convenio-en-combate-a-la-violencia-politica-de-genero\/#breadcrumb"},"inLanguage":"es","potentialAction":[{"@type":"ReadAction","target":["https:\/\/angelsolisnoticias.com\/index.php\/2023\/10\/16\/solidaridad-firma-convenio-en-combate-a-la-violencia-politica-de-genero\/"]}]},{"@type":"BreadcrumbList","@id":"https:\/\/angelsolisnoticias.com\/index.php\/2023\/10\/16\/solidaridad-firma-convenio-en-combate-a-la-violencia-politica-de-genero\/#breadcrumb","itemListElement":[{"@type":"ListItem","position":1,"name":"Inicio","item":"https:\/\/angelsolisnoticias.com\/"},{"@type":"ListItem","position":2,"name":"Solidaridad firma convenio en combate a la violencia pol\u00edtica de g\u00e9nero"}]},{"@type":"WebSite","@id":"https:\/\/angelsolisnoticias.com\/#website","url":"https:\/\/angelsolisnoticias.com\/","name":"\u00c1ngel Solis","description":"Noticias de Quintana Roo","publisher":{"@id":"https:\/\/angelsolisnoticias.com\/#organization"},"potentialAction":[{"@type":"SearchAction","target":{"@type":"EntryPoint","urlTemplate":"https:\/\/angelsolisnoticias.com\/?s={search_term_string}"},"query-input":"required name=search_term_string"}],"inLanguage":"es"},{"@type":"Organization","@id":"https:\/\/angelsolisnoticias.com\/#organization","name":"\u00c1ngel Solis","url":"https:\/\/angelsolisnoticias.com\/","logo":{"@type":"ImageObject","inLanguage":"es","@id":"https:\/\/angelsolisnoticias.com\/#\/schema\/logo\/image\/","url":"https:\/\/angelsolisnoticias.com\/wp-content\/uploads\/2023\/01\/LOGO3.png","contentUrl":"https:\/\/angelsolisnoticias.com\/wp-content\/uploads\/2023\/01\/LOGO3.png","width":1853,"height":570,"caption":"\u00c1ngel Solis"},"image":{"@id":"https:\/\/angelsolisnoticias.com\/#\/schema\/logo\/image\/"},"sameAs":["https:\/\/www.facebook.com\/periodistasquintanaroo","https:\/\/twitter.com\/PERIODISTASQROO"]},{"@type":"Person","@id":"https:\/\/angelsolisnoticias.com\/#\/schema\/person\/d5ca5e4c5f05db44e86cb564bf81ae6f","name":"admin","image":{"@type":"ImageObject","inLanguage":"es","@id":"https:\/\/angelsolisnoticias.com\/#\/schema\/person\/image\/","url":"https:\/\/secure.gravatar.com\/avatar\/dff3eaf7d33320066684ce268bff2bf90ce4f69456139b2d65d7796f64299e47?s=96&d=mm&r=g","contentUrl":"https:\/\/secure.gravatar.com\/avatar\/dff3eaf7d33320066684ce268bff2bf90ce4f69456139b2d65d7796f64299e47?s=96&d=mm&r=g","caption":"admin"},"sameAs":["https:\/\/angelsolisnoticias.com"],"url":"https:\/\/angelsolisnoticias.com\/index.php\/author\/admin_qnbaat5l\/"}]}},"jetpack_featured_media_url":"https:\/\/angelsolisnoticias.com\/wp-content\/uploads\/2023\/10\/Solidaridad-violencia-genero1.jpg","_links":{"self":[{"href":"https:\/\/angelsolisnoticias.com\/index.php\/wp-json\/wp\/v2\/posts\/2989","targetHints":{"allow":["GET"]}}],"collection":[{"href":"https:\/\/angelsolisnoticias.com\/index.php\/wp-json\/wp\/v2\/posts"}],"about":[{"href":"https:\/\/angelsolisnoticias.com\/index.php\/wp-json\/wp\/v2\/types\/post"}],"author":[{"embeddable":true,"href":"https:\/\/angelsolisnoticias.com\/index.php\/wp-json\/wp\/v2\/users\/1"}],"replies":[{"embeddable":true,"href":"https:\/\/angelsolisnoticias.com\/index.php\/wp-json\/wp\/v2\/comments?post=2989"}],"version-history":[{"count":3,"href":"https:\/\/angelsolisnoticias.com\/index.php\/wp-json\/wp\/v2\/posts\/2989\/revisions"}],"predecessor-version":[{"id":2995,"href":"https:\/\/angelsolisnoticias.com\/index.php\/wp-json\/wp\/v2\/posts\/2989\/revisions\/2995"}],"wp:featuredmedia":[{"embeddable":true,"href":"https:\/\/angelsolisnoticias.com\/index.php\/wp-json\/wp\/v2\/media\/2993"}],"wp:attachment":[{"href":"https:\/\/angelsolisnoticias.com\/index.php\/wp-json\/wp\/v2\/media?parent=2989"}],"wp:term":[{"taxonomy":"category","embeddable":true,"href":"https:\/\/angelsolisnoticias.com\/index.php\/wp-json\/wp\/v2\/categories?post=2989"},{"taxonomy":"post_tag","embeddable":true,"href":"https:\/\/angelsolisnoticias.com\/index.php\/wp-json\/wp\/v2\/tags?post=2989"}],"curies":[{"name":"wp","href":"https:\/\/api.w.org\/{rel}","templated":true}]}}