{"id":3066,"date":"2023-10-19T14:15:22","date_gmt":"2023-10-19T14:15:22","guid":{"rendered":"https:\/\/angelsolisnoticias.com\/?p=3066"},"modified":"2023-10-19T20:01:28","modified_gmt":"2023-10-19T20:01:28","slug":"conmemoran-aniversario-luctuoso-del-general-lazaro-cardenas","status":"publish","type":"post","link":"https:\/\/angelsolisnoticias.com\/index.php\/2023\/10\/19\/conmemoran-aniversario-luctuoso-del-general-lazaro-cardenas\/","title":{"rendered":"Conmemoran aniversario luctuoso del general L\u00e1zaro C\u00e1rdenas"},"content":{"rendered":"<p>Felipe Carrillo Puerto Quintana Roo, 19 de octubre de 2023<br \/>\nRedacci\u00f3n<\/p>\n<p>El Ayuntamiento de Felipe Carrillo Puerto conmemor\u00f3 el 53 aniversario luctuoso del general L\u00e1zaro C\u00e1rdenas con un homenaje c\u00edvico llevado a cabo la ma\u00f1ana de este jueves al pie de su monumento, ubicado en la avenida del mismo nombre por la calle 50 de esta ciudad.<\/p>\n<p>La secretaria particular Brianda Medina Ru\u00edz en representaci\u00f3n de la presidenta municipal Mary Hern\u00e1ndez\u00a0 acudi\u00f3 a este acto c\u00edvico acompa\u00f1ada de secretarios, directores jefes de \u00e1rea y trabajadores de la comuna local.<\/p>\n<p><img loading=\"lazy\" decoding=\"async\" class=\"aligncenter wp-image-3070 \" src=\"https:\/\/angelsolisnoticias.com\/wp-content\/uploads\/2023\/10\/Carrillo-aniversario-lazaro-Cardenas2.jpg\" alt=\"\" width=\"620\" height=\"416\" \/><\/p>\n<p>El orador oficial de este acto c\u00edvico conmemorativo fue el director de educaci\u00f3n Hulford Barrera \u00c1vila, qui\u00e9n comparti\u00f3 a los presentes una remembranza hist\u00f3rica que destacan que las ense\u00f1anzas y aportaciones del general L\u00e1zaro C\u00e1rdenas han sido de vital importancia en la consolidaci\u00f3n de M\u00e9xico.<\/p>\n<p>Agreg\u00f3 que el general C\u00e1rdenas fue un militar, pol\u00edtico y estadista, impulsor de la reforma agraria y la nacionalizaci\u00f3n de la industria petrolera; considerado con una personalidad hist\u00f3rica importante de los a\u00f1os pos revolucionarios adem\u00e1s de ser considerado el mejor presidente de la historia nacional.<\/p>\n<p><img loading=\"lazy\" decoding=\"async\" class=\"aligncenter wp-image-3069 \" src=\"https:\/\/angelsolisnoticias.com\/wp-content\/uploads\/2023\/10\/Carrillo-aniversario-lazaro-Cardenas3.jpg\" alt=\"\" width=\"592\" height=\"401\" \/><\/p>\n<p>Al t\u00e9rmino de la ceremonia, las autoridades ah\u00ed presentes, depositaron una ofrenda floral al pie del monumento al general L\u00e1zaro C\u00e1rdenas y montaron guardia de honor con el toque de silencio respectivo de la banda de guerra de la direcci\u00f3n de seguridad p\u00fablica tr\u00e1nsito y bomberos municipal.<\/p>\n","protected":false},"excerpt":{"rendered":"<p>Felipe Carrillo Puerto Quintana Roo, 19 de octubre de 2023 Redacci\u00f3n El Ayuntamiento de Felipe Carrillo Puerto conmemor\u00f3 el 53 aniversario luctuoso del general L\u00e1zaro C\u00e1rdenas con un homenaje c\u00edvico llevado a cabo la ma\u00f1ana de este jueves al pie de su monumento, ubicado en la avenida del mismo nombre <a href=\"https:\/\/angelsolisnoticias.com\/index.php\/2023\/10\/19\/conmemoran-aniversario-luctuoso-del-general-lazaro-cardenas\/\" class=\"btn btn-link continue-link\">Seguir leyendo<\/a><\/p>\n","protected":false},"author":1,"featured_media":3071,"comment_status":"open","ping_status":"open","sticky":false,"template":"","format":"standard","meta":{"footnotes":""},"categories":[1],"tags":[],"class_list":["post-3066","post","type-post","status-publish","format-standard","has-post-thumbnail","hentry","category-uncategorized"],"yoast_head":"<!-- This site is optimized with the Yoast SEO plugin v21.1 - https:\/\/yoast.com\/wordpress\/plugins\/seo\/ -->\n<title>Conmemoran aniversario luctuoso del general L\u00e1zaro C\u00e1rdenas<\/title>\n<meta name=\"description\" content=\".\" \/>\n<meta name=\"robots\" content=\"index, follow, max-snippet:-1, max-image-preview:large, max-video-preview:-1\" \/>\n<link rel=\"canonical\" href=\"https:\/\/angelsolisnoticias.com\/index.php\/2023\/10\/19\/conmemoran-aniversario-luctuoso-del-general-lazaro-cardenas\/\" \/>\n<meta property=\"og:locale\" content=\"es_MX\" \/>\n<meta property=\"og:type\" content=\"article\" \/>\n<meta property=\"og:title\" content=\"Conmemoran aniversario luctuoso del general L\u00e1zaro C\u00e1rdenas\" \/>\n<meta property=\"og:description\" content=\".\" \/>\n<meta property=\"og:url\" content=\"https:\/\/angelsolisnoticias.com\/index.php\/2023\/10\/19\/conmemoran-aniversario-luctuoso-del-general-lazaro-cardenas\/\" \/>\n<meta property=\"og:site_name\" content=\"\u00c1ngel Solis\" \/>\n<meta property=\"article:publisher\" content=\"https:\/\/www.facebook.com\/periodistasquintanaroo\" \/>\n<meta property=\"article:published_time\" content=\"2023-10-19T14:15:22+00:00\" \/>\n<meta property=\"article:modified_time\" content=\"2023-10-19T20:01:28+00:00\" \/>\n<meta property=\"og:image\" content=\"https:\/\/angelsolisnoticias.com\/wp-content\/uploads\/2023\/10\/Carrillo-aniversario-lazaro-Cardenas1.jpg\" \/>\n\t<meta property=\"og:image:width\" content=\"800\" \/>\n\t<meta property=\"og:image:height\" content=\"569\" \/>\n\t<meta property=\"og:image:type\" content=\"image\/jpeg\" \/>\n<meta name=\"author\" content=\"admin\" \/>\n<meta name=\"twitter:card\" content=\"summary_large_image\" \/>\n<meta name=\"twitter:creator\" content=\"@PERIODISTASQROO\" \/>\n<meta name=\"twitter:site\" content=\"@PERIODISTASQROO\" \/>\n<meta name=\"twitter:label1\" content=\"Escrito por\" \/>\n\t<meta name=\"twitter:data1\" content=\"admin\" \/>\n\t<meta name=\"twitter:label2\" content=\"Tiempo de lectura\" \/>\n\t<meta name=\"twitter:data2\" content=\"2 minutos\" \/>\n<script type=\"application\/ld+json\" class=\"yoast-schema-graph\">{\"@context\":\"https:\/\/schema.org\",\"@graph\":[{\"@type\":\"Article\",\"@id\":\"https:\/\/angelsolisnoticias.com\/index.php\/2023\/10\/19\/conmemoran-aniversario-luctuoso-del-general-lazaro-cardenas\/#article\",\"isPartOf\":{\"@id\":\"https:\/\/angelsolisnoticias.com\/index.php\/2023\/10\/19\/conmemoran-aniversario-luctuoso-del-general-lazaro-cardenas\/\"},\"author\":{\"name\":\"admin\",\"@id\":\"https:\/\/angelsolisnoticias.com\/#\/schema\/person\/d5ca5e4c5f05db44e86cb564bf81ae6f\"},\"headline\":\"Conmemoran aniversario luctuoso del general L\u00e1zaro C\u00e1rdenas\",\"datePublished\":\"2023-10-19T14:15:22+00:00\",\"dateModified\":\"2023-10-19T20:01:28+00:00\",\"mainEntityOfPage\":{\"@id\":\"https:\/\/angelsolisnoticias.com\/index.php\/2023\/10\/19\/conmemoran-aniversario-luctuoso-del-general-lazaro-cardenas\/\"},\"wordCount\":262,\"commentCount\":0,\"publisher\":{\"@id\":\"https:\/\/angelsolisnoticias.com\/#organization\"},\"articleSection\":[\"Uncategorized\"],\"inLanguage\":\"es\",\"potentialAction\":[{\"@type\":\"CommentAction\",\"name\":\"Comment\",\"target\":[\"https:\/\/angelsolisnoticias.com\/index.php\/2023\/10\/19\/conmemoran-aniversario-luctuoso-del-general-lazaro-cardenas\/#respond\"]}]},{\"@type\":\"WebPage\",\"@id\":\"https:\/\/angelsolisnoticias.com\/index.php\/2023\/10\/19\/conmemoran-aniversario-luctuoso-del-general-lazaro-cardenas\/\",\"url\":\"https:\/\/angelsolisnoticias.com\/index.php\/2023\/10\/19\/conmemoran-aniversario-luctuoso-del-general-lazaro-cardenas\/\",\"name\":\"Conmemoran aniversario luctuoso del general L\u00e1zaro C\u00e1rdenas\",\"isPartOf\":{\"@id\":\"https:\/\/angelsolisnoticias.com\/#website\"},\"datePublished\":\"2023-10-19T14:15:22+00:00\",\"dateModified\":\"2023-10-19T20:01:28+00:00\",\"description\":\".\",\"breadcrumb\":{\"@id\":\"https:\/\/angelsolisnoticias.com\/index.php\/2023\/10\/19\/conmemoran-aniversario-luctuoso-del-general-lazaro-cardenas\/#breadcrumb\"},\"inLanguage\":\"es\",\"potentialAction\":[{\"@type\":\"ReadAction\",\"target\":[\"https:\/\/angelsolisnoticias.com\/index.php\/2023\/10\/19\/conmemoran-aniversario-luctuoso-del-general-lazaro-cardenas\/\"]}]},{\"@type\":\"BreadcrumbList\",\"@id\":\"https:\/\/angelsolisnoticias.com\/index.php\/2023\/10\/19\/conmemoran-aniversario-luctuoso-del-general-lazaro-cardenas\/#breadcrumb\",\"itemListElement\":[{\"@type\":\"ListItem\",\"position\":1,\"name\":\"Inicio\",\"item\":\"https:\/\/angelsolisnoticias.com\/\"},{\"@type\":\"ListItem\",\"position\":2,\"name\":\"Conmemoran aniversario luctuoso del general L\u00e1zaro C\u00e1rdenas\"}]},{\"@type\":\"WebSite\",\"@id\":\"https:\/\/angelsolisnoticias.com\/#website\",\"url\":\"https:\/\/angelsolisnoticias.com\/\",\"name\":\"\u00c1ngel Solis\",\"description\":\"Noticias de Quintana Roo\",\"publisher\":{\"@id\":\"https:\/\/angelsolisnoticias.com\/#organization\"},\"potentialAction\":[{\"@type\":\"SearchAction\",\"target\":{\"@type\":\"EntryPoint\",\"urlTemplate\":\"https:\/\/angelsolisnoticias.com\/?s={search_term_string}\"},\"query-input\":\"required name=search_term_string\"}],\"inLanguage\":\"es\"},{\"@type\":\"Organization\",\"@id\":\"https:\/\/angelsolisnoticias.com\/#organization\",\"name\":\"\u00c1ngel Solis\",\"url\":\"https:\/\/angelsolisnoticias.com\/\",\"logo\":{\"@type\":\"ImageObject\",\"inLanguage\":\"es\",\"@id\":\"https:\/\/angelsolisnoticias.com\/#\/schema\/logo\/image\/\",\"url\":\"https:\/\/angelsolisnoticias.com\/wp-content\/uploads\/2023\/01\/LOGO3.png\",\"contentUrl\":\"https:\/\/angelsolisnoticias.com\/wp-content\/uploads\/2023\/01\/LOGO3.png\",\"width\":1853,\"height\":570,\"caption\":\"\u00c1ngel Solis\"},\"image\":{\"@id\":\"https:\/\/angelsolisnoticias.com\/#\/schema\/logo\/image\/\"},\"sameAs\":[\"https:\/\/www.facebook.com\/periodistasquintanaroo\",\"https:\/\/twitter.com\/PERIODISTASQROO\"]},{\"@type\":\"Person\",\"@id\":\"https:\/\/angelsolisnoticias.com\/#\/schema\/person\/d5ca5e4c5f05db44e86cb564bf81ae6f\",\"name\":\"admin\",\"image\":{\"@type\":\"ImageObject\",\"inLanguage\":\"es\",\"@id\":\"https:\/\/angelsolisnoticias.com\/#\/schema\/person\/image\/\",\"url\":\"https:\/\/secure.gravatar.com\/avatar\/dff3eaf7d33320066684ce268bff2bf90ce4f69456139b2d65d7796f64299e47?s=96&d=mm&r=g\",\"contentUrl\":\"https:\/\/secure.gravatar.com\/avatar\/dff3eaf7d33320066684ce268bff2bf90ce4f69456139b2d65d7796f64299e47?s=96&d=mm&r=g\",\"caption\":\"admin\"},\"sameAs\":[\"https:\/\/angelsolisnoticias.com\"],\"url\":\"https:\/\/angelsolisnoticias.com\/index.php\/author\/admin_qnbaat5l\/\"}]}<\/script>\n<!-- \/ Yoast SEO plugin. -->","yoast_head_json":{"title":"Conmemoran aniversario luctuoso del general L\u00e1zaro C\u00e1rdenas","description":".","robots":{"index":"index","follow":"follow","max-snippet":"max-snippet:-1","max-image-preview":"max-image-preview:large","max-video-preview":"max-video-preview:-1"},"canonical":"https:\/\/angelsolisnoticias.com\/index.php\/2023\/10\/19\/conmemoran-aniversario-luctuoso-del-general-lazaro-cardenas\/","og_locale":"es_MX","og_type":"article","og_title":"Conmemoran aniversario luctuoso del general L\u00e1zaro C\u00e1rdenas","og_description":".","og_url":"https:\/\/angelsolisnoticias.com\/index.php\/2023\/10\/19\/conmemoran-aniversario-luctuoso-del-general-lazaro-cardenas\/","og_site_name":"\u00c1ngel Solis","article_publisher":"https:\/\/www.facebook.com\/periodistasquintanaroo","article_published_time":"2023-10-19T14:15:22+00:00","article_modified_time":"2023-10-19T20:01:28+00:00","og_image":[{"width":800,"height":569,"url":"https:\/\/angelsolisnoticias.com\/wp-content\/uploads\/2023\/10\/Carrillo-aniversario-lazaro-Cardenas1.jpg","type":"image\/jpeg"}],"author":"admin","twitter_card":"summary_large_image","twitter_creator":"@PERIODISTASQROO","twitter_site":"@PERIODISTASQROO","twitter_misc":{"Escrito por":"admin","Tiempo de lectura":"2 minutos"},"schema":{"@context":"https:\/\/schema.org","@graph":[{"@type":"Article","@id":"https:\/\/angelsolisnoticias.com\/index.php\/2023\/10\/19\/conmemoran-aniversario-luctuoso-del-general-lazaro-cardenas\/#article","isPartOf":{"@id":"https:\/\/angelsolisnoticias.com\/index.php\/2023\/10\/19\/conmemoran-aniversario-luctuoso-del-general-lazaro-cardenas\/"},"author":{"name":"admin","@id":"https:\/\/angelsolisnoticias.com\/#\/schema\/person\/d5ca5e4c5f05db44e86cb564bf81ae6f"},"headline":"Conmemoran aniversario luctuoso del general L\u00e1zaro C\u00e1rdenas","datePublished":"2023-10-19T14:15:22+00:00","dateModified":"2023-10-19T20:01:28+00:00","mainEntityOfPage":{"@id":"https:\/\/angelsolisnoticias.com\/index.php\/2023\/10\/19\/conmemoran-aniversario-luctuoso-del-general-lazaro-cardenas\/"},"wordCount":262,"commentCount":0,"publisher":{"@id":"https:\/\/angelsolisnoticias.com\/#organization"},"articleSection":["Uncategorized"],"inLanguage":"es","potentialAction":[{"@type":"CommentAction","name":"Comment","target":["https:\/\/angelsolisnoticias.com\/index.php\/2023\/10\/19\/conmemoran-aniversario-luctuoso-del-general-lazaro-cardenas\/#respond"]}]},{"@type":"WebPage","@id":"https:\/\/angelsolisnoticias.com\/index.php\/2023\/10\/19\/conmemoran-aniversario-luctuoso-del-general-lazaro-cardenas\/","url":"https:\/\/angelsolisnoticias.com\/index.php\/2023\/10\/19\/conmemoran-aniversario-luctuoso-del-general-lazaro-cardenas\/","name":"Conmemoran aniversario luctuoso del general L\u00e1zaro C\u00e1rdenas","isPartOf":{"@id":"https:\/\/angelsolisnoticias.com\/#website"},"datePublished":"2023-10-19T14:15:22+00:00","dateModified":"2023-10-19T20:01:28+00:00","description":".","breadcrumb":{"@id":"https:\/\/angelsolisnoticias.com\/index.php\/2023\/10\/19\/conmemoran-aniversario-luctuoso-del-general-lazaro-cardenas\/#breadcrumb"},"inLanguage":"es","potentialAction":[{"@type":"ReadAction","target":["https:\/\/angelsolisnoticias.com\/index.php\/2023\/10\/19\/conmemoran-aniversario-luctuoso-del-general-lazaro-cardenas\/"]}]},{"@type":"BreadcrumbList","@id":"https:\/\/angelsolisnoticias.com\/index.php\/2023\/10\/19\/conmemoran-aniversario-luctuoso-del-general-lazaro-cardenas\/#breadcrumb","itemListElement":[{"@type":"ListItem","position":1,"name":"Inicio","item":"https:\/\/angelsolisnoticias.com\/"},{"@type":"ListItem","position":2,"name":"Conmemoran aniversario luctuoso del general L\u00e1zaro C\u00e1rdenas"}]},{"@type":"WebSite","@id":"https:\/\/angelsolisnoticias.com\/#website","url":"https:\/\/angelsolisnoticias.com\/","name":"\u00c1ngel Solis","description":"Noticias de Quintana Roo","publisher":{"@id":"https:\/\/angelsolisnoticias.com\/#organization"},"potentialAction":[{"@type":"SearchAction","target":{"@type":"EntryPoint","urlTemplate":"https:\/\/angelsolisnoticias.com\/?s={search_term_string}"},"query-input":"required name=search_term_string"}],"inLanguage":"es"},{"@type":"Organization","@id":"https:\/\/angelsolisnoticias.com\/#organization","name":"\u00c1ngel Solis","url":"https:\/\/angelsolisnoticias.com\/","logo":{"@type":"ImageObject","inLanguage":"es","@id":"https:\/\/angelsolisnoticias.com\/#\/schema\/logo\/image\/","url":"https:\/\/angelsolisnoticias.com\/wp-content\/uploads\/2023\/01\/LOGO3.png","contentUrl":"https:\/\/angelsolisnoticias.com\/wp-content\/uploads\/2023\/01\/LOGO3.png","width":1853,"height":570,"caption":"\u00c1ngel Solis"},"image":{"@id":"https:\/\/angelsolisnoticias.com\/#\/schema\/logo\/image\/"},"sameAs":["https:\/\/www.facebook.com\/periodistasquintanaroo","https:\/\/twitter.com\/PERIODISTASQROO"]},{"@type":"Person","@id":"https:\/\/angelsolisnoticias.com\/#\/schema\/person\/d5ca5e4c5f05db44e86cb564bf81ae6f","name":"admin","image":{"@type":"ImageObject","inLanguage":"es","@id":"https:\/\/angelsolisnoticias.com\/#\/schema\/person\/image\/","url":"https:\/\/secure.gravatar.com\/avatar\/dff3eaf7d33320066684ce268bff2bf90ce4f69456139b2d65d7796f64299e47?s=96&d=mm&r=g","contentUrl":"https:\/\/secure.gravatar.com\/avatar\/dff3eaf7d33320066684ce268bff2bf90ce4f69456139b2d65d7796f64299e47?s=96&d=mm&r=g","caption":"admin"},"sameAs":["https:\/\/angelsolisnoticias.com"],"url":"https:\/\/angelsolisnoticias.com\/index.php\/author\/admin_qnbaat5l\/"}]}},"jetpack_featured_media_url":"https:\/\/angelsolisnoticias.com\/wp-content\/uploads\/2023\/10\/Carrillo-aniversario-lazaro-Cardenas1.jpg","_links":{"self":[{"href":"https:\/\/angelsolisnoticias.com\/index.php\/wp-json\/wp\/v2\/posts\/3066","targetHints":{"allow":["GET"]}}],"collection":[{"href":"https:\/\/angelsolisnoticias.com\/index.php\/wp-json\/wp\/v2\/posts"}],"about":[{"href":"https:\/\/angelsolisnoticias.com\/index.php\/wp-json\/wp\/v2\/types\/post"}],"author":[{"embeddable":true,"href":"https:\/\/angelsolisnoticias.com\/index.php\/wp-json\/wp\/v2\/users\/1"}],"replies":[{"embeddable":true,"href":"https:\/\/angelsolisnoticias.com\/index.php\/wp-json\/wp\/v2\/comments?post=3066"}],"version-history":[{"count":4,"href":"https:\/\/angelsolisnoticias.com\/index.php\/wp-json\/wp\/v2\/posts\/3066\/revisions"}],"predecessor-version":[{"id":3074,"href":"https:\/\/angelsolisnoticias.com\/index.php\/wp-json\/wp\/v2\/posts\/3066\/revisions\/3074"}],"wp:featuredmedia":[{"embeddable":true,"href":"https:\/\/angelsolisnoticias.com\/index.php\/wp-json\/wp\/v2\/media\/3071"}],"wp:attachment":[{"href":"https:\/\/angelsolisnoticias.com\/index.php\/wp-json\/wp\/v2\/media?parent=3066"}],"wp:term":[{"taxonomy":"category","embeddable":true,"href":"https:\/\/angelsolisnoticias.com\/index.php\/wp-json\/wp\/v2\/categories?post=3066"},{"taxonomy":"post_tag","embeddable":true,"href":"https:\/\/angelsolisnoticias.com\/index.php\/wp-json\/wp\/v2\/tags?post=3066"}],"curies":[{"name":"wp","href":"https:\/\/api.w.org\/{rel}","templated":true}]}}