{"id":3075,"date":"2023-10-19T14:38:35","date_gmt":"2023-10-19T14:38:35","guid":{"rendered":"https:\/\/angelsolisnoticias.com\/?p=3075"},"modified":"2023-10-19T22:46:52","modified_gmt":"2023-10-19T22:46:52","slug":"fortalecen-el-comercio-con-espacios-para-emprendedores-locales","status":"publish","type":"post","link":"https:\/\/angelsolisnoticias.com\/index.php\/2023\/10\/19\/fortalecen-el-comercio-con-espacios-para-emprendedores-locales\/","title":{"rendered":"Fortalecen el comercio con espacios para emprendedores locales"},"content":{"rendered":"<p>Playa del Carmen, Solidaridad, 19 de octubre de 2023<br \/>\nRedacci\u00f3n<\/p>\n<p>Con la puesta en marcha de programas que impulsan y generan ingresos a las y los solidarenses, la presidenta Lili Campos reafirma su compromiso con el desarrollo econ\u00f3mico, igualdad de g\u00e9nero, empoderamiento y la calidad de vida de las familias.<\/p>\n<p>Lili Campos enfatiz\u00f3: \u201cme siento muy orgullosa de impulsar y dar a conocer los productos hechos por manos solidarenses y contribuir a mejorar la econom\u00eda y calidad de vida de las familias, as\u00ed como al desarrollo econ\u00f3mico de Solidaridad\u201d.<\/p>\n<p><img loading=\"lazy\" decoding=\"async\" class=\"aligncenter wp-image-3079 \" src=\"https:\/\/angelsolisnoticias.com\/wp-content\/uploads\/2023\/10\/Solidaridad-Emprendedores2.jpg\" alt=\"\" width=\"591\" height=\"401\" \/><\/p>\n<p>A trav\u00e9s de la Secretar\u00eda de Desarrollo Econ\u00f3mico Municipal se han creado programas innovadores para apoyar y promover a los artesanos y productores locales. Uno de estos programas es la marca &#8220;Hecho en Playa del Carmen&#8221;, que destaca y promueve a 33 artesanos y 17 productores con registro ante el IMPI, resaltando la calidad de los productos elaborados en el municipio.<\/p>\n<p>Aunado a lo anterior, &#8220;La Plaza de Playa&#8221; proporciona un espacio en la Plaza 28 de Julio, de viernes a domingo, para que m\u00e1s de 70 productores y artesanos locales comercialicen sus productos. En colaboraci\u00f3n con la SEDE zona Norte y PRODECON, se imparten cursos sobre obligaciones fiscales, ventas y marketing para apoyar el crecimiento de estos emprendedores.<\/p>\n<p><img loading=\"lazy\" decoding=\"async\" class=\"aligncenter wp-image-3077 \" src=\"https:\/\/angelsolisnoticias.com\/wp-content\/uploads\/2023\/10\/Solidaridad-Emprendedores3.jpg\" alt=\"\" width=\"582\" height=\"386\" \/><\/p>\n<p>El &#8220;Bazar Juvenil&#8221;, impulsado por el Instituto de la Juventud, ofrece una plataforma para m\u00e1s de 100 j\u00f3venes emprendedores. Desde moda y arte hasta tecnolog\u00eda y gastronom\u00eda, este mercado se realiza todos los viernes y s\u00e1bados en el Parque Leona Vicario. Adem\u00e1s, proporciona a los asistentes eventos y actividades especiales para crear un ambiente festivo durante todo el evento.<\/p>\n<p><img loading=\"lazy\" decoding=\"async\" class=\"aligncenter wp-image-3080 \" src=\"https:\/\/angelsolisnoticias.com\/wp-content\/uploads\/2023\/10\/Solidaridad-Emprendedores4.jpg\" alt=\"\" width=\"637\" height=\"356\" srcset=\"https:\/\/angelsolisnoticias.com\/wp-content\/uploads\/2023\/10\/Solidaridad-Emprendedores4.jpg 720w, https:\/\/angelsolisnoticias.com\/wp-content\/uploads\/2023\/10\/Solidaridad-Emprendedores4-300x168.jpg 300w\" sizes=\"auto, (max-width: 637px) 100vw, 637px\" \/><\/p>\n<p>Finalmente, el Instituto de la Mujer con el programa &#8220;De Mujer a Mujer&#8221; establece un centro de negocios para emprendedoras, el cual dispondr\u00e1 de espacios gratuitos en diferentes ubicaciones del municipio a 118 mujeres registradas, permiti\u00e9ndoles promocionar sus productos y generar ingresos. Tambi\u00e9n, se empodera a mujeres y ni\u00f1as a trav\u00e9s de 46 cursos y talleres, que abarcan desde macram\u00e9 hasta vendaje neuromuscular, promoviendo la independencia y la autosuficiencia.<\/p>\n","protected":false},"excerpt":{"rendered":"<p>Playa del Carmen, Solidaridad, 19 de octubre de 2023 Redacci\u00f3n Con la puesta en marcha de programas que impulsan y generan ingresos a las y los solidarenses, la presidenta Lili Campos reafirma su compromiso con el desarrollo econ\u00f3mico, igualdad de g\u00e9nero, empoderamiento y la calidad de vida de las familias. <a href=\"https:\/\/angelsolisnoticias.com\/index.php\/2023\/10\/19\/fortalecen-el-comercio-con-espacios-para-emprendedores-locales\/\" class=\"btn btn-link continue-link\">Seguir leyendo<\/a><\/p>\n","protected":false},"author":1,"featured_media":3078,"comment_status":"open","ping_status":"open","sticky":false,"template":"","format":"standard","meta":{"footnotes":""},"categories":[6,1],"tags":[],"class_list":["post-3075","post","type-post","status-publish","format-standard","has-post-thumbnail","hentry","category-solidaridad","category-uncategorized"],"yoast_head":"<!-- This site is optimized with the Yoast SEO plugin v21.1 - https:\/\/yoast.com\/wordpress\/plugins\/seo\/ -->\n<title>Fortalecen el comercio con espacios para emprendedores locales<\/title>\n<meta name=\"description\" content=\".\" \/>\n<meta name=\"robots\" content=\"index, follow, max-snippet:-1, max-image-preview:large, max-video-preview:-1\" \/>\n<link rel=\"canonical\" href=\"https:\/\/angelsolisnoticias.com\/index.php\/2023\/10\/19\/fortalecen-el-comercio-con-espacios-para-emprendedores-locales\/\" \/>\n<meta property=\"og:locale\" content=\"es_MX\" \/>\n<meta property=\"og:type\" content=\"article\" \/>\n<meta property=\"og:title\" content=\"Fortalecen el comercio con espacios para emprendedores locales\" \/>\n<meta property=\"og:description\" content=\".\" \/>\n<meta property=\"og:url\" content=\"https:\/\/angelsolisnoticias.com\/index.php\/2023\/10\/19\/fortalecen-el-comercio-con-espacios-para-emprendedores-locales\/\" \/>\n<meta property=\"og:site_name\" content=\"\u00c1ngel Solis\" \/>\n<meta property=\"article:publisher\" content=\"https:\/\/www.facebook.com\/periodistasquintanaroo\" \/>\n<meta property=\"article:published_time\" content=\"2023-10-19T14:38:35+00:00\" \/>\n<meta property=\"article:modified_time\" content=\"2023-10-19T22:46:52+00:00\" \/>\n<meta property=\"og:image\" content=\"https:\/\/angelsolisnoticias.com\/wp-content\/uploads\/2023\/10\/Solidaridad-Emprendedores1.jpg\" \/>\n\t<meta property=\"og:image:width\" content=\"800\" \/>\n\t<meta property=\"og:image:height\" content=\"569\" \/>\n\t<meta property=\"og:image:type\" content=\"image\/jpeg\" \/>\n<meta name=\"author\" content=\"admin\" \/>\n<meta name=\"twitter:card\" content=\"summary_large_image\" \/>\n<meta name=\"twitter:creator\" content=\"@PERIODISTASQROO\" \/>\n<meta name=\"twitter:site\" content=\"@PERIODISTASQROO\" \/>\n<meta name=\"twitter:label1\" content=\"Escrito por\" \/>\n\t<meta name=\"twitter:data1\" content=\"admin\" \/>\n\t<meta name=\"twitter:label2\" content=\"Tiempo de lectura\" \/>\n\t<meta name=\"twitter:data2\" content=\"3 minutos\" \/>\n<script type=\"application\/ld+json\" class=\"yoast-schema-graph\">{\"@context\":\"https:\/\/schema.org\",\"@graph\":[{\"@type\":\"Article\",\"@id\":\"https:\/\/angelsolisnoticias.com\/index.php\/2023\/10\/19\/fortalecen-el-comercio-con-espacios-para-emprendedores-locales\/#article\",\"isPartOf\":{\"@id\":\"https:\/\/angelsolisnoticias.com\/index.php\/2023\/10\/19\/fortalecen-el-comercio-con-espacios-para-emprendedores-locales\/\"},\"author\":{\"name\":\"admin\",\"@id\":\"https:\/\/angelsolisnoticias.com\/#\/schema\/person\/d5ca5e4c5f05db44e86cb564bf81ae6f\"},\"headline\":\"Fortalecen el comercio con espacios para emprendedores locales\",\"datePublished\":\"2023-10-19T14:38:35+00:00\",\"dateModified\":\"2023-10-19T22:46:52+00:00\",\"mainEntityOfPage\":{\"@id\":\"https:\/\/angelsolisnoticias.com\/index.php\/2023\/10\/19\/fortalecen-el-comercio-con-espacios-para-emprendedores-locales\/\"},\"wordCount\":355,\"commentCount\":0,\"publisher\":{\"@id\":\"https:\/\/angelsolisnoticias.com\/#organization\"},\"articleSection\":[\"Solidaridad\",\"Uncategorized\"],\"inLanguage\":\"es\",\"potentialAction\":[{\"@type\":\"CommentAction\",\"name\":\"Comment\",\"target\":[\"https:\/\/angelsolisnoticias.com\/index.php\/2023\/10\/19\/fortalecen-el-comercio-con-espacios-para-emprendedores-locales\/#respond\"]}]},{\"@type\":\"WebPage\",\"@id\":\"https:\/\/angelsolisnoticias.com\/index.php\/2023\/10\/19\/fortalecen-el-comercio-con-espacios-para-emprendedores-locales\/\",\"url\":\"https:\/\/angelsolisnoticias.com\/index.php\/2023\/10\/19\/fortalecen-el-comercio-con-espacios-para-emprendedores-locales\/\",\"name\":\"Fortalecen el comercio con espacios para emprendedores locales\",\"isPartOf\":{\"@id\":\"https:\/\/angelsolisnoticias.com\/#website\"},\"datePublished\":\"2023-10-19T14:38:35+00:00\",\"dateModified\":\"2023-10-19T22:46:52+00:00\",\"description\":\".\",\"breadcrumb\":{\"@id\":\"https:\/\/angelsolisnoticias.com\/index.php\/2023\/10\/19\/fortalecen-el-comercio-con-espacios-para-emprendedores-locales\/#breadcrumb\"},\"inLanguage\":\"es\",\"potentialAction\":[{\"@type\":\"ReadAction\",\"target\":[\"https:\/\/angelsolisnoticias.com\/index.php\/2023\/10\/19\/fortalecen-el-comercio-con-espacios-para-emprendedores-locales\/\"]}]},{\"@type\":\"BreadcrumbList\",\"@id\":\"https:\/\/angelsolisnoticias.com\/index.php\/2023\/10\/19\/fortalecen-el-comercio-con-espacios-para-emprendedores-locales\/#breadcrumb\",\"itemListElement\":[{\"@type\":\"ListItem\",\"position\":1,\"name\":\"Inicio\",\"item\":\"https:\/\/angelsolisnoticias.com\/\"},{\"@type\":\"ListItem\",\"position\":2,\"name\":\"Fortalecen el comercio con espacios para emprendedores locales\"}]},{\"@type\":\"WebSite\",\"@id\":\"https:\/\/angelsolisnoticias.com\/#website\",\"url\":\"https:\/\/angelsolisnoticias.com\/\",\"name\":\"\u00c1ngel Solis\",\"description\":\"Noticias de Quintana Roo\",\"publisher\":{\"@id\":\"https:\/\/angelsolisnoticias.com\/#organization\"},\"potentialAction\":[{\"@type\":\"SearchAction\",\"target\":{\"@type\":\"EntryPoint\",\"urlTemplate\":\"https:\/\/angelsolisnoticias.com\/?s={search_term_string}\"},\"query-input\":\"required name=search_term_string\"}],\"inLanguage\":\"es\"},{\"@type\":\"Organization\",\"@id\":\"https:\/\/angelsolisnoticias.com\/#organization\",\"name\":\"\u00c1ngel Solis\",\"url\":\"https:\/\/angelsolisnoticias.com\/\",\"logo\":{\"@type\":\"ImageObject\",\"inLanguage\":\"es\",\"@id\":\"https:\/\/angelsolisnoticias.com\/#\/schema\/logo\/image\/\",\"url\":\"https:\/\/angelsolisnoticias.com\/wp-content\/uploads\/2023\/01\/LOGO3.png\",\"contentUrl\":\"https:\/\/angelsolisnoticias.com\/wp-content\/uploads\/2023\/01\/LOGO3.png\",\"width\":1853,\"height\":570,\"caption\":\"\u00c1ngel Solis\"},\"image\":{\"@id\":\"https:\/\/angelsolisnoticias.com\/#\/schema\/logo\/image\/\"},\"sameAs\":[\"https:\/\/www.facebook.com\/periodistasquintanaroo\",\"https:\/\/twitter.com\/PERIODISTASQROO\"]},{\"@type\":\"Person\",\"@id\":\"https:\/\/angelsolisnoticias.com\/#\/schema\/person\/d5ca5e4c5f05db44e86cb564bf81ae6f\",\"name\":\"admin\",\"image\":{\"@type\":\"ImageObject\",\"inLanguage\":\"es\",\"@id\":\"https:\/\/angelsolisnoticias.com\/#\/schema\/person\/image\/\",\"url\":\"https:\/\/secure.gravatar.com\/avatar\/dff3eaf7d33320066684ce268bff2bf90ce4f69456139b2d65d7796f64299e47?s=96&d=mm&r=g\",\"contentUrl\":\"https:\/\/secure.gravatar.com\/avatar\/dff3eaf7d33320066684ce268bff2bf90ce4f69456139b2d65d7796f64299e47?s=96&d=mm&r=g\",\"caption\":\"admin\"},\"sameAs\":[\"https:\/\/angelsolisnoticias.com\"],\"url\":\"https:\/\/angelsolisnoticias.com\/index.php\/author\/admin_qnbaat5l\/\"}]}<\/script>\n<!-- \/ Yoast SEO plugin. -->","yoast_head_json":{"title":"Fortalecen el comercio con espacios para emprendedores locales","description":".","robots":{"index":"index","follow":"follow","max-snippet":"max-snippet:-1","max-image-preview":"max-image-preview:large","max-video-preview":"max-video-preview:-1"},"canonical":"https:\/\/angelsolisnoticias.com\/index.php\/2023\/10\/19\/fortalecen-el-comercio-con-espacios-para-emprendedores-locales\/","og_locale":"es_MX","og_type":"article","og_title":"Fortalecen el comercio con espacios para emprendedores locales","og_description":".","og_url":"https:\/\/angelsolisnoticias.com\/index.php\/2023\/10\/19\/fortalecen-el-comercio-con-espacios-para-emprendedores-locales\/","og_site_name":"\u00c1ngel Solis","article_publisher":"https:\/\/www.facebook.com\/periodistasquintanaroo","article_published_time":"2023-10-19T14:38:35+00:00","article_modified_time":"2023-10-19T22:46:52+00:00","og_image":[{"width":800,"height":569,"url":"https:\/\/angelsolisnoticias.com\/wp-content\/uploads\/2023\/10\/Solidaridad-Emprendedores1.jpg","type":"image\/jpeg"}],"author":"admin","twitter_card":"summary_large_image","twitter_creator":"@PERIODISTASQROO","twitter_site":"@PERIODISTASQROO","twitter_misc":{"Escrito por":"admin","Tiempo de lectura":"3 minutos"},"schema":{"@context":"https:\/\/schema.org","@graph":[{"@type":"Article","@id":"https:\/\/angelsolisnoticias.com\/index.php\/2023\/10\/19\/fortalecen-el-comercio-con-espacios-para-emprendedores-locales\/#article","isPartOf":{"@id":"https:\/\/angelsolisnoticias.com\/index.php\/2023\/10\/19\/fortalecen-el-comercio-con-espacios-para-emprendedores-locales\/"},"author":{"name":"admin","@id":"https:\/\/angelsolisnoticias.com\/#\/schema\/person\/d5ca5e4c5f05db44e86cb564bf81ae6f"},"headline":"Fortalecen el comercio con espacios para emprendedores locales","datePublished":"2023-10-19T14:38:35+00:00","dateModified":"2023-10-19T22:46:52+00:00","mainEntityOfPage":{"@id":"https:\/\/angelsolisnoticias.com\/index.php\/2023\/10\/19\/fortalecen-el-comercio-con-espacios-para-emprendedores-locales\/"},"wordCount":355,"commentCount":0,"publisher":{"@id":"https:\/\/angelsolisnoticias.com\/#organization"},"articleSection":["Solidaridad","Uncategorized"],"inLanguage":"es","potentialAction":[{"@type":"CommentAction","name":"Comment","target":["https:\/\/angelsolisnoticias.com\/index.php\/2023\/10\/19\/fortalecen-el-comercio-con-espacios-para-emprendedores-locales\/#respond"]}]},{"@type":"WebPage","@id":"https:\/\/angelsolisnoticias.com\/index.php\/2023\/10\/19\/fortalecen-el-comercio-con-espacios-para-emprendedores-locales\/","url":"https:\/\/angelsolisnoticias.com\/index.php\/2023\/10\/19\/fortalecen-el-comercio-con-espacios-para-emprendedores-locales\/","name":"Fortalecen el comercio con espacios para emprendedores locales","isPartOf":{"@id":"https:\/\/angelsolisnoticias.com\/#website"},"datePublished":"2023-10-19T14:38:35+00:00","dateModified":"2023-10-19T22:46:52+00:00","description":".","breadcrumb":{"@id":"https:\/\/angelsolisnoticias.com\/index.php\/2023\/10\/19\/fortalecen-el-comercio-con-espacios-para-emprendedores-locales\/#breadcrumb"},"inLanguage":"es","potentialAction":[{"@type":"ReadAction","target":["https:\/\/angelsolisnoticias.com\/index.php\/2023\/10\/19\/fortalecen-el-comercio-con-espacios-para-emprendedores-locales\/"]}]},{"@type":"BreadcrumbList","@id":"https:\/\/angelsolisnoticias.com\/index.php\/2023\/10\/19\/fortalecen-el-comercio-con-espacios-para-emprendedores-locales\/#breadcrumb","itemListElement":[{"@type":"ListItem","position":1,"name":"Inicio","item":"https:\/\/angelsolisnoticias.com\/"},{"@type":"ListItem","position":2,"name":"Fortalecen el comercio con espacios para emprendedores locales"}]},{"@type":"WebSite","@id":"https:\/\/angelsolisnoticias.com\/#website","url":"https:\/\/angelsolisnoticias.com\/","name":"\u00c1ngel Solis","description":"Noticias de Quintana Roo","publisher":{"@id":"https:\/\/angelsolisnoticias.com\/#organization"},"potentialAction":[{"@type":"SearchAction","target":{"@type":"EntryPoint","urlTemplate":"https:\/\/angelsolisnoticias.com\/?s={search_term_string}"},"query-input":"required name=search_term_string"}],"inLanguage":"es"},{"@type":"Organization","@id":"https:\/\/angelsolisnoticias.com\/#organization","name":"\u00c1ngel Solis","url":"https:\/\/angelsolisnoticias.com\/","logo":{"@type":"ImageObject","inLanguage":"es","@id":"https:\/\/angelsolisnoticias.com\/#\/schema\/logo\/image\/","url":"https:\/\/angelsolisnoticias.com\/wp-content\/uploads\/2023\/01\/LOGO3.png","contentUrl":"https:\/\/angelsolisnoticias.com\/wp-content\/uploads\/2023\/01\/LOGO3.png","width":1853,"height":570,"caption":"\u00c1ngel Solis"},"image":{"@id":"https:\/\/angelsolisnoticias.com\/#\/schema\/logo\/image\/"},"sameAs":["https:\/\/www.facebook.com\/periodistasquintanaroo","https:\/\/twitter.com\/PERIODISTASQROO"]},{"@type":"Person","@id":"https:\/\/angelsolisnoticias.com\/#\/schema\/person\/d5ca5e4c5f05db44e86cb564bf81ae6f","name":"admin","image":{"@type":"ImageObject","inLanguage":"es","@id":"https:\/\/angelsolisnoticias.com\/#\/schema\/person\/image\/","url":"https:\/\/secure.gravatar.com\/avatar\/dff3eaf7d33320066684ce268bff2bf90ce4f69456139b2d65d7796f64299e47?s=96&d=mm&r=g","contentUrl":"https:\/\/secure.gravatar.com\/avatar\/dff3eaf7d33320066684ce268bff2bf90ce4f69456139b2d65d7796f64299e47?s=96&d=mm&r=g","caption":"admin"},"sameAs":["https:\/\/angelsolisnoticias.com"],"url":"https:\/\/angelsolisnoticias.com\/index.php\/author\/admin_qnbaat5l\/"}]}},"jetpack_featured_media_url":"https:\/\/angelsolisnoticias.com\/wp-content\/uploads\/2023\/10\/Solidaridad-Emprendedores1.jpg","_links":{"self":[{"href":"https:\/\/angelsolisnoticias.com\/index.php\/wp-json\/wp\/v2\/posts\/3075","targetHints":{"allow":["GET"]}}],"collection":[{"href":"https:\/\/angelsolisnoticias.com\/index.php\/wp-json\/wp\/v2\/posts"}],"about":[{"href":"https:\/\/angelsolisnoticias.com\/index.php\/wp-json\/wp\/v2\/types\/post"}],"author":[{"embeddable":true,"href":"https:\/\/angelsolisnoticias.com\/index.php\/wp-json\/wp\/v2\/users\/1"}],"replies":[{"embeddable":true,"href":"https:\/\/angelsolisnoticias.com\/index.php\/wp-json\/wp\/v2\/comments?post=3075"}],"version-history":[{"count":3,"href":"https:\/\/angelsolisnoticias.com\/index.php\/wp-json\/wp\/v2\/posts\/3075\/revisions"}],"predecessor-version":[{"id":3082,"href":"https:\/\/angelsolisnoticias.com\/index.php\/wp-json\/wp\/v2\/posts\/3075\/revisions\/3082"}],"wp:featuredmedia":[{"embeddable":true,"href":"https:\/\/angelsolisnoticias.com\/index.php\/wp-json\/wp\/v2\/media\/3078"}],"wp:attachment":[{"href":"https:\/\/angelsolisnoticias.com\/index.php\/wp-json\/wp\/v2\/media?parent=3075"}],"wp:term":[{"taxonomy":"category","embeddable":true,"href":"https:\/\/angelsolisnoticias.com\/index.php\/wp-json\/wp\/v2\/categories?post=3075"},{"taxonomy":"post_tag","embeddable":true,"href":"https:\/\/angelsolisnoticias.com\/index.php\/wp-json\/wp\/v2\/tags?post=3075"}],"curies":[{"name":"wp","href":"https:\/\/api.w.org\/{rel}","templated":true}]}}