{"id":3100,"date":"2023-10-20T15:54:37","date_gmt":"2023-10-20T15:54:37","guid":{"rendered":"https:\/\/angelsolisnoticias.com\/?p=3100"},"modified":"2023-10-21T03:09:23","modified_gmt":"2023-10-21T03:09:23","slug":"reconocen-trabajo-de-productores-con-marca-hecho-en-playa-del-carmen","status":"publish","type":"post","link":"https:\/\/angelsolisnoticias.com\/index.php\/2023\/10\/20\/reconocen-trabajo-de-productores-con-marca-hecho-en-playa-del-carmen\/","title":{"rendered":"Reconocen trabajo de productores con marca \u201cHecho en Playa del Carmen\u201d"},"content":{"rendered":"<p>Playa del Carmen, Solidaridad, 20 de octubre del 2023<br \/>\nRedacci\u00f3n<\/p>\n<p>El trabajo y esfuerzo de las manos Solidaridenses, que producen art\u00edculos de gran calidad, son reconocidos a trav\u00e9s del distintivo de la marca \u201cHecho en Playa del Carmen\u201d, programa del gobierno de Solidaridad que encabeza la presidenta Lili Campos\u00a0 y que se realiza en coordinaci\u00f3n con la Secretar\u00eda de Desarrollo Econ\u00f3mico y de Atracci\u00f3n de Inversiones.<\/p>\n<p>Esmeralda Yoshedad Mart\u00ednez Vera, coordinadora de la Secretar\u00eda de Desarrollo Econ\u00f3mico y Atracci\u00f3n de Inversiones, manifest\u00f3 que la dependencia es la encargada de coordinar el programa, toda vez que el municipio tiene el derecho otorgar extensi\u00f3n de uso respecto de la marca \u201cHecho en Playa del Carmen\u201d. \u201cEsto quiere decir que la marca es un distintivo con registro ante el Instituto Mexicano de la Propiedad Industrial (IMPI) que destaca los productos elaborados dentro del municipio para que sean reconocidos a nivel local, nacional e internacional por su gran calidad\u201d.<\/p>\n<p><img loading=\"lazy\" decoding=\"async\" class=\"aligncenter wp-image-3104 \" src=\"https:\/\/angelsolisnoticias.com\/wp-content\/uploads\/2023\/10\/Solidaridad-Hecho-en-Playa6.jpg\" alt=\"\" width=\"620\" height=\"402\" \/><\/p>\n<p>La funcionaria subray\u00f3 que el motivo por el cual el municipio otorga este distintivo es con el fin de reconocer a los productores solidarenses, y respaldar tanto a los artesanos y empresarios que trabajan con creatividad e innovaci\u00f3n para ofrecer productos y servicios competitivos, puesto que aquellos que portan el distintivo, son sin\u00f3nimo de calidad y esfuerzo local. \u201cLa intenci\u00f3n es impulsarlos para que tengan una mayor presencia en \u00e1mbitos comerciales y que fortalezcan su comercializaci\u00f3n\u201d.<\/p>\n<p>Dijo que actualmente son 21 productores y empresarios lo que se encuentran inscritos en el padr\u00f3n, los cuales los pueden encontrar en la p\u00e1gina web https:\/\/hechoenplayadelcarmen.info\/, pues ellos ya cuentan con una marca registrada en el IMPI. Sin embargo, hay algunos que est\u00e1n en el proceso de registro de su marca y tambi\u00e9n est\u00e1n publicados en esta web en los padrones de artesanos y emprendedores.<\/p>\n<p><img loading=\"lazy\" decoding=\"async\" class=\"aligncenter wp-image-3102 \" src=\"https:\/\/angelsolisnoticias.com\/wp-content\/uploads\/2023\/10\/Solidaridad-Hecho-en-Playa8.jpg\" alt=\"\" width=\"639\" height=\"418\" \/><\/p>\n<p>Mart\u00ednez Vera recalc\u00f3 que aquellos que quieran formar parte de este padr\u00f3n deben contar con los siguientes requisitos: persona f\u00edsica: INE vigente, comprobante de domicilio (no mayor a 3 meses), constancia de Situaci\u00f3n Fiscal y el t\u00edtulo de registro de su marca ante el (IMPI). Sus productos deber\u00e1n estar dentro de las marcas registradas en \u201cHecho en Playa del Carmen\u201d, mientras que para las personas morales son: acta constitutiva de la empresa, constancia de situaci\u00f3n fiscal, comprobante de domicilio del establecimiento comercial (no mayor a 3 meses), INE representante legal, as\u00ed como el t\u00edtulo de registro de su marca ante el (IMPI).<\/p>\n","protected":false},"excerpt":{"rendered":"<p>Playa del Carmen, Solidaridad, 20 de octubre del 2023 Redacci\u00f3n El trabajo y esfuerzo de las manos Solidaridenses, que producen art\u00edculos de gran calidad, son reconocidos a trav\u00e9s del distintivo de la marca \u201cHecho en Playa del Carmen\u201d, programa del gobierno de Solidaridad que encabeza la presidenta Lili Campos\u00a0 y <a href=\"https:\/\/angelsolisnoticias.com\/index.php\/2023\/10\/20\/reconocen-trabajo-de-productores-con-marca-hecho-en-playa-del-carmen\/\" class=\"btn btn-link continue-link\">Seguir leyendo<\/a><\/p>\n","protected":false},"author":1,"featured_media":3105,"comment_status":"open","ping_status":"open","sticky":false,"template":"","format":"standard","meta":{"footnotes":""},"categories":[6,1],"tags":[],"class_list":["post-3100","post","type-post","status-publish","format-standard","has-post-thumbnail","hentry","category-solidaridad","category-uncategorized"],"yoast_head":"<!-- This site is optimized with the Yoast SEO plugin v21.1 - https:\/\/yoast.com\/wordpress\/plugins\/seo\/ -->\n<title>Reconocen trabajo de productores con marca \u201cHecho en Playa del Carmen\u201d<\/title>\n<meta name=\"description\" content=\".\" \/>\n<meta name=\"robots\" content=\"index, follow, max-snippet:-1, max-image-preview:large, max-video-preview:-1\" \/>\n<link rel=\"canonical\" href=\"https:\/\/angelsolisnoticias.com\/index.php\/2023\/10\/20\/reconocen-trabajo-de-productores-con-marca-hecho-en-playa-del-carmen\/\" \/>\n<meta property=\"og:locale\" content=\"es_MX\" \/>\n<meta property=\"og:type\" content=\"article\" \/>\n<meta property=\"og:title\" content=\"Reconocen trabajo de productores con marca \u201cHecho en Playa del Carmen\u201d\" \/>\n<meta property=\"og:description\" content=\".\" \/>\n<meta property=\"og:url\" content=\"https:\/\/angelsolisnoticias.com\/index.php\/2023\/10\/20\/reconocen-trabajo-de-productores-con-marca-hecho-en-playa-del-carmen\/\" \/>\n<meta property=\"og:site_name\" content=\"\u00c1ngel Solis\" \/>\n<meta property=\"article:publisher\" content=\"https:\/\/www.facebook.com\/periodistasquintanaroo\" \/>\n<meta property=\"article:published_time\" content=\"2023-10-20T15:54:37+00:00\" \/>\n<meta property=\"article:modified_time\" content=\"2023-10-21T03:09:23+00:00\" \/>\n<meta property=\"og:image\" content=\"https:\/\/angelsolisnoticias.com\/wp-content\/uploads\/2023\/10\/Solidaridad-Hecho-en-Playa5.jpg\" \/>\n\t<meta property=\"og:image:width\" content=\"800\" \/>\n\t<meta property=\"og:image:height\" content=\"569\" \/>\n\t<meta property=\"og:image:type\" content=\"image\/jpeg\" \/>\n<meta name=\"author\" content=\"admin\" \/>\n<meta name=\"twitter:card\" content=\"summary_large_image\" \/>\n<meta name=\"twitter:creator\" content=\"@PERIODISTASQROO\" \/>\n<meta name=\"twitter:site\" content=\"@PERIODISTASQROO\" \/>\n<meta name=\"twitter:label1\" content=\"Escrito por\" \/>\n\t<meta name=\"twitter:data1\" content=\"admin\" \/>\n\t<meta name=\"twitter:label2\" content=\"Tiempo de lectura\" \/>\n\t<meta name=\"twitter:data2\" content=\"3 minutos\" \/>\n<script type=\"application\/ld+json\" class=\"yoast-schema-graph\">{\"@context\":\"https:\/\/schema.org\",\"@graph\":[{\"@type\":\"Article\",\"@id\":\"https:\/\/angelsolisnoticias.com\/index.php\/2023\/10\/20\/reconocen-trabajo-de-productores-con-marca-hecho-en-playa-del-carmen\/#article\",\"isPartOf\":{\"@id\":\"https:\/\/angelsolisnoticias.com\/index.php\/2023\/10\/20\/reconocen-trabajo-de-productores-con-marca-hecho-en-playa-del-carmen\/\"},\"author\":{\"name\":\"admin\",\"@id\":\"https:\/\/angelsolisnoticias.com\/#\/schema\/person\/d5ca5e4c5f05db44e86cb564bf81ae6f\"},\"headline\":\"Reconocen trabajo de productores con marca \u201cHecho en Playa del Carmen\u201d\",\"datePublished\":\"2023-10-20T15:54:37+00:00\",\"dateModified\":\"2023-10-21T03:09:23+00:00\",\"mainEntityOfPage\":{\"@id\":\"https:\/\/angelsolisnoticias.com\/index.php\/2023\/10\/20\/reconocen-trabajo-de-productores-con-marca-hecho-en-playa-del-carmen\/\"},\"wordCount\":435,\"commentCount\":0,\"publisher\":{\"@id\":\"https:\/\/angelsolisnoticias.com\/#organization\"},\"articleSection\":[\"Solidaridad\",\"Uncategorized\"],\"inLanguage\":\"es\",\"potentialAction\":[{\"@type\":\"CommentAction\",\"name\":\"Comment\",\"target\":[\"https:\/\/angelsolisnoticias.com\/index.php\/2023\/10\/20\/reconocen-trabajo-de-productores-con-marca-hecho-en-playa-del-carmen\/#respond\"]}]},{\"@type\":\"WebPage\",\"@id\":\"https:\/\/angelsolisnoticias.com\/index.php\/2023\/10\/20\/reconocen-trabajo-de-productores-con-marca-hecho-en-playa-del-carmen\/\",\"url\":\"https:\/\/angelsolisnoticias.com\/index.php\/2023\/10\/20\/reconocen-trabajo-de-productores-con-marca-hecho-en-playa-del-carmen\/\",\"name\":\"Reconocen trabajo de productores con marca \u201cHecho en Playa del Carmen\u201d\",\"isPartOf\":{\"@id\":\"https:\/\/angelsolisnoticias.com\/#website\"},\"datePublished\":\"2023-10-20T15:54:37+00:00\",\"dateModified\":\"2023-10-21T03:09:23+00:00\",\"description\":\".\",\"breadcrumb\":{\"@id\":\"https:\/\/angelsolisnoticias.com\/index.php\/2023\/10\/20\/reconocen-trabajo-de-productores-con-marca-hecho-en-playa-del-carmen\/#breadcrumb\"},\"inLanguage\":\"es\",\"potentialAction\":[{\"@type\":\"ReadAction\",\"target\":[\"https:\/\/angelsolisnoticias.com\/index.php\/2023\/10\/20\/reconocen-trabajo-de-productores-con-marca-hecho-en-playa-del-carmen\/\"]}]},{\"@type\":\"BreadcrumbList\",\"@id\":\"https:\/\/angelsolisnoticias.com\/index.php\/2023\/10\/20\/reconocen-trabajo-de-productores-con-marca-hecho-en-playa-del-carmen\/#breadcrumb\",\"itemListElement\":[{\"@type\":\"ListItem\",\"position\":1,\"name\":\"Inicio\",\"item\":\"https:\/\/angelsolisnoticias.com\/\"},{\"@type\":\"ListItem\",\"position\":2,\"name\":\"Reconocen trabajo de productores con marca \u201cHecho en Playa del Carmen\u201d\"}]},{\"@type\":\"WebSite\",\"@id\":\"https:\/\/angelsolisnoticias.com\/#website\",\"url\":\"https:\/\/angelsolisnoticias.com\/\",\"name\":\"\u00c1ngel Solis\",\"description\":\"Noticias de Quintana Roo\",\"publisher\":{\"@id\":\"https:\/\/angelsolisnoticias.com\/#organization\"},\"potentialAction\":[{\"@type\":\"SearchAction\",\"target\":{\"@type\":\"EntryPoint\",\"urlTemplate\":\"https:\/\/angelsolisnoticias.com\/?s={search_term_string}\"},\"query-input\":\"required name=search_term_string\"}],\"inLanguage\":\"es\"},{\"@type\":\"Organization\",\"@id\":\"https:\/\/angelsolisnoticias.com\/#organization\",\"name\":\"\u00c1ngel Solis\",\"url\":\"https:\/\/angelsolisnoticias.com\/\",\"logo\":{\"@type\":\"ImageObject\",\"inLanguage\":\"es\",\"@id\":\"https:\/\/angelsolisnoticias.com\/#\/schema\/logo\/image\/\",\"url\":\"https:\/\/angelsolisnoticias.com\/wp-content\/uploads\/2023\/01\/LOGO3.png\",\"contentUrl\":\"https:\/\/angelsolisnoticias.com\/wp-content\/uploads\/2023\/01\/LOGO3.png\",\"width\":1853,\"height\":570,\"caption\":\"\u00c1ngel Solis\"},\"image\":{\"@id\":\"https:\/\/angelsolisnoticias.com\/#\/schema\/logo\/image\/\"},\"sameAs\":[\"https:\/\/www.facebook.com\/periodistasquintanaroo\",\"https:\/\/twitter.com\/PERIODISTASQROO\"]},{\"@type\":\"Person\",\"@id\":\"https:\/\/angelsolisnoticias.com\/#\/schema\/person\/d5ca5e4c5f05db44e86cb564bf81ae6f\",\"name\":\"admin\",\"image\":{\"@type\":\"ImageObject\",\"inLanguage\":\"es\",\"@id\":\"https:\/\/angelsolisnoticias.com\/#\/schema\/person\/image\/\",\"url\":\"https:\/\/secure.gravatar.com\/avatar\/dff3eaf7d33320066684ce268bff2bf90ce4f69456139b2d65d7796f64299e47?s=96&d=mm&r=g\",\"contentUrl\":\"https:\/\/secure.gravatar.com\/avatar\/dff3eaf7d33320066684ce268bff2bf90ce4f69456139b2d65d7796f64299e47?s=96&d=mm&r=g\",\"caption\":\"admin\"},\"sameAs\":[\"https:\/\/angelsolisnoticias.com\"],\"url\":\"https:\/\/angelsolisnoticias.com\/index.php\/author\/admin_qnbaat5l\/\"}]}<\/script>\n<!-- \/ Yoast SEO plugin. -->","yoast_head_json":{"title":"Reconocen trabajo de productores con marca \u201cHecho en Playa del Carmen\u201d","description":".","robots":{"index":"index","follow":"follow","max-snippet":"max-snippet:-1","max-image-preview":"max-image-preview:large","max-video-preview":"max-video-preview:-1"},"canonical":"https:\/\/angelsolisnoticias.com\/index.php\/2023\/10\/20\/reconocen-trabajo-de-productores-con-marca-hecho-en-playa-del-carmen\/","og_locale":"es_MX","og_type":"article","og_title":"Reconocen trabajo de productores con marca \u201cHecho en Playa del Carmen\u201d","og_description":".","og_url":"https:\/\/angelsolisnoticias.com\/index.php\/2023\/10\/20\/reconocen-trabajo-de-productores-con-marca-hecho-en-playa-del-carmen\/","og_site_name":"\u00c1ngel Solis","article_publisher":"https:\/\/www.facebook.com\/periodistasquintanaroo","article_published_time":"2023-10-20T15:54:37+00:00","article_modified_time":"2023-10-21T03:09:23+00:00","og_image":[{"width":800,"height":569,"url":"https:\/\/angelsolisnoticias.com\/wp-content\/uploads\/2023\/10\/Solidaridad-Hecho-en-Playa5.jpg","type":"image\/jpeg"}],"author":"admin","twitter_card":"summary_large_image","twitter_creator":"@PERIODISTASQROO","twitter_site":"@PERIODISTASQROO","twitter_misc":{"Escrito por":"admin","Tiempo de lectura":"3 minutos"},"schema":{"@context":"https:\/\/schema.org","@graph":[{"@type":"Article","@id":"https:\/\/angelsolisnoticias.com\/index.php\/2023\/10\/20\/reconocen-trabajo-de-productores-con-marca-hecho-en-playa-del-carmen\/#article","isPartOf":{"@id":"https:\/\/angelsolisnoticias.com\/index.php\/2023\/10\/20\/reconocen-trabajo-de-productores-con-marca-hecho-en-playa-del-carmen\/"},"author":{"name":"admin","@id":"https:\/\/angelsolisnoticias.com\/#\/schema\/person\/d5ca5e4c5f05db44e86cb564bf81ae6f"},"headline":"Reconocen trabajo de productores con marca \u201cHecho en Playa del Carmen\u201d","datePublished":"2023-10-20T15:54:37+00:00","dateModified":"2023-10-21T03:09:23+00:00","mainEntityOfPage":{"@id":"https:\/\/angelsolisnoticias.com\/index.php\/2023\/10\/20\/reconocen-trabajo-de-productores-con-marca-hecho-en-playa-del-carmen\/"},"wordCount":435,"commentCount":0,"publisher":{"@id":"https:\/\/angelsolisnoticias.com\/#organization"},"articleSection":["Solidaridad","Uncategorized"],"inLanguage":"es","potentialAction":[{"@type":"CommentAction","name":"Comment","target":["https:\/\/angelsolisnoticias.com\/index.php\/2023\/10\/20\/reconocen-trabajo-de-productores-con-marca-hecho-en-playa-del-carmen\/#respond"]}]},{"@type":"WebPage","@id":"https:\/\/angelsolisnoticias.com\/index.php\/2023\/10\/20\/reconocen-trabajo-de-productores-con-marca-hecho-en-playa-del-carmen\/","url":"https:\/\/angelsolisnoticias.com\/index.php\/2023\/10\/20\/reconocen-trabajo-de-productores-con-marca-hecho-en-playa-del-carmen\/","name":"Reconocen trabajo de productores con marca \u201cHecho en Playa del Carmen\u201d","isPartOf":{"@id":"https:\/\/angelsolisnoticias.com\/#website"},"datePublished":"2023-10-20T15:54:37+00:00","dateModified":"2023-10-21T03:09:23+00:00","description":".","breadcrumb":{"@id":"https:\/\/angelsolisnoticias.com\/index.php\/2023\/10\/20\/reconocen-trabajo-de-productores-con-marca-hecho-en-playa-del-carmen\/#breadcrumb"},"inLanguage":"es","potentialAction":[{"@type":"ReadAction","target":["https:\/\/angelsolisnoticias.com\/index.php\/2023\/10\/20\/reconocen-trabajo-de-productores-con-marca-hecho-en-playa-del-carmen\/"]}]},{"@type":"BreadcrumbList","@id":"https:\/\/angelsolisnoticias.com\/index.php\/2023\/10\/20\/reconocen-trabajo-de-productores-con-marca-hecho-en-playa-del-carmen\/#breadcrumb","itemListElement":[{"@type":"ListItem","position":1,"name":"Inicio","item":"https:\/\/angelsolisnoticias.com\/"},{"@type":"ListItem","position":2,"name":"Reconocen trabajo de productores con marca \u201cHecho en Playa del Carmen\u201d"}]},{"@type":"WebSite","@id":"https:\/\/angelsolisnoticias.com\/#website","url":"https:\/\/angelsolisnoticias.com\/","name":"\u00c1ngel Solis","description":"Noticias de Quintana Roo","publisher":{"@id":"https:\/\/angelsolisnoticias.com\/#organization"},"potentialAction":[{"@type":"SearchAction","target":{"@type":"EntryPoint","urlTemplate":"https:\/\/angelsolisnoticias.com\/?s={search_term_string}"},"query-input":"required name=search_term_string"}],"inLanguage":"es"},{"@type":"Organization","@id":"https:\/\/angelsolisnoticias.com\/#organization","name":"\u00c1ngel Solis","url":"https:\/\/angelsolisnoticias.com\/","logo":{"@type":"ImageObject","inLanguage":"es","@id":"https:\/\/angelsolisnoticias.com\/#\/schema\/logo\/image\/","url":"https:\/\/angelsolisnoticias.com\/wp-content\/uploads\/2023\/01\/LOGO3.png","contentUrl":"https:\/\/angelsolisnoticias.com\/wp-content\/uploads\/2023\/01\/LOGO3.png","width":1853,"height":570,"caption":"\u00c1ngel Solis"},"image":{"@id":"https:\/\/angelsolisnoticias.com\/#\/schema\/logo\/image\/"},"sameAs":["https:\/\/www.facebook.com\/periodistasquintanaroo","https:\/\/twitter.com\/PERIODISTASQROO"]},{"@type":"Person","@id":"https:\/\/angelsolisnoticias.com\/#\/schema\/person\/d5ca5e4c5f05db44e86cb564bf81ae6f","name":"admin","image":{"@type":"ImageObject","inLanguage":"es","@id":"https:\/\/angelsolisnoticias.com\/#\/schema\/person\/image\/","url":"https:\/\/secure.gravatar.com\/avatar\/dff3eaf7d33320066684ce268bff2bf90ce4f69456139b2d65d7796f64299e47?s=96&d=mm&r=g","contentUrl":"https:\/\/secure.gravatar.com\/avatar\/dff3eaf7d33320066684ce268bff2bf90ce4f69456139b2d65d7796f64299e47?s=96&d=mm&r=g","caption":"admin"},"sameAs":["https:\/\/angelsolisnoticias.com"],"url":"https:\/\/angelsolisnoticias.com\/index.php\/author\/admin_qnbaat5l\/"}]}},"jetpack_featured_media_url":"https:\/\/angelsolisnoticias.com\/wp-content\/uploads\/2023\/10\/Solidaridad-Hecho-en-Playa5.jpg","_links":{"self":[{"href":"https:\/\/angelsolisnoticias.com\/index.php\/wp-json\/wp\/v2\/posts\/3100","targetHints":{"allow":["GET"]}}],"collection":[{"href":"https:\/\/angelsolisnoticias.com\/index.php\/wp-json\/wp\/v2\/posts"}],"about":[{"href":"https:\/\/angelsolisnoticias.com\/index.php\/wp-json\/wp\/v2\/types\/post"}],"author":[{"embeddable":true,"href":"https:\/\/angelsolisnoticias.com\/index.php\/wp-json\/wp\/v2\/users\/1"}],"replies":[{"embeddable":true,"href":"https:\/\/angelsolisnoticias.com\/index.php\/wp-json\/wp\/v2\/comments?post=3100"}],"version-history":[{"count":3,"href":"https:\/\/angelsolisnoticias.com\/index.php\/wp-json\/wp\/v2\/posts\/3100\/revisions"}],"predecessor-version":[{"id":3107,"href":"https:\/\/angelsolisnoticias.com\/index.php\/wp-json\/wp\/v2\/posts\/3100\/revisions\/3107"}],"wp:featuredmedia":[{"embeddable":true,"href":"https:\/\/angelsolisnoticias.com\/index.php\/wp-json\/wp\/v2\/media\/3105"}],"wp:attachment":[{"href":"https:\/\/angelsolisnoticias.com\/index.php\/wp-json\/wp\/v2\/media?parent=3100"}],"wp:term":[{"taxonomy":"category","embeddable":true,"href":"https:\/\/angelsolisnoticias.com\/index.php\/wp-json\/wp\/v2\/categories?post=3100"},{"taxonomy":"post_tag","embeddable":true,"href":"https:\/\/angelsolisnoticias.com\/index.php\/wp-json\/wp\/v2\/tags?post=3100"}],"curies":[{"name":"wp","href":"https:\/\/api.w.org\/{rel}","templated":true}]}}