{"id":3135,"date":"2023-10-21T15:33:14","date_gmt":"2023-10-21T15:33:14","guid":{"rendered":"https:\/\/angelsolisnoticias.com\/?p=3135"},"modified":"2023-10-21T21:27:37","modified_gmt":"2023-10-21T21:27:37","slug":"ayuntamiento-de-felipe-carrillo-puerto-anuncia-programa-de-tres-dias-para-conmemorar-el-jaanal-pixan-2023","status":"publish","type":"post","link":"https:\/\/angelsolisnoticias.com\/index.php\/2023\/10\/21\/ayuntamiento-de-felipe-carrillo-puerto-anuncia-programa-de-tres-dias-para-conmemorar-el-jaanal-pixan-2023\/","title":{"rendered":"Ayuntamiento de Felipe Carrillo Puerto anuncia programa de tres d\u00edas para conmemorar el \u201cJaanal Pixan 2023\u201d"},"content":{"rendered":"<p>Felipe Carrillo Puerto, 21 de octubre<br \/>\nRedacci\u00f3n<\/p>\n<p>El Ayuntamiento de Felipe Carrillo Puerto se prepara para celebrar el \u201cJaanal Pixan 2023\u201d con un emocionante programa de tres d\u00edas lleno de actividades culturales y art\u00edsticas que honrar\u00e1n una de las tradiciones m\u00e1s entra\u00f1ables del pueblo. La Presidenta Municipal, Mary Hern\u00e1ndez, anunci\u00f3 hoy que del 27 al 29 de octubre, el Parque Central de la cabecera carrilloportense se convertir\u00e1 en el epicentro de esta festividad que une a la comunidad en la conmemoraci\u00f3n de sus seres queridos fallecidos.<\/p>\n<p>La celebraci\u00f3n iniciar\u00e1 con el desfile &#8220;Paseo de las \u00c1nimas&#8221;, programado para dar inicio el 27 de octubre a las 7 pm. El desfile comenzar\u00e1 en el centro ceremonial de la Cruz Parlante y recorrer\u00e1 las principales calles de la ciudad. Esta procesi\u00f3n resaltar\u00e1 la esencia y la profundidad de la tradici\u00f3n del D\u00eda de Muertos en la regi\u00f3n.<\/p>\n<p><img loading=\"lazy\" decoding=\"async\" class=\"aligncenter wp-image-3138 \" src=\"https:\/\/angelsolisnoticias.com\/wp-content\/uploads\/2023\/10\/Carrillo-Dia-muertos2.jpg\" alt=\"\" width=\"440\" height=\"526\" \/><\/p>\n<p>&#8220;El Jaanal Pixan es un evento de suma importancia para nuestro municipio, que nos conecta con nuestras ra\u00edces y nos permite honrar a nuestros seres queridos que ya no est\u00e1n con nosotros. Queremos que esta celebraci\u00f3n sea un reflejo de nuestra rica herencia cultural y que se convierta en un evento que todos los carrilloportenses disfruten y aprecien\u201d, dijo Mary Hern\u00e1ndez.<\/p>\n<p>El programa art\u00edstico y cultural contar\u00e1 con la presentaci\u00f3n de un tapete artesanal alusivo al D\u00eda de Muertos, elaborado con meticulosidad y cari\u00f1o por la comunidad. Adem\u00e1s, se presentar\u00e1 un altar dise\u00f1ado por el H. Ayuntamiento.<\/p>\n<p><img loading=\"lazy\" decoding=\"async\" class=\"aligncenter wp-image-3137 \" src=\"https:\/\/angelsolisnoticias.com\/wp-content\/uploads\/2023\/10\/Carrillo-Dia-muertos3.jpg\" alt=\"\" width=\"435\" height=\"551\" \/><\/p>\n<p>Uno de los aspectos m\u00e1s emocionantes de este a\u00f1o es el &#8220;Concurso de Catrinas Regionales&#8221; y el\u00a0 &#8220;Concurso de Altares Regionales Mayas&#8221;. Los carrilloportenses que deseen participar deber\u00e1n identificarse con su INE y RFC, y los menores de edad deber\u00e1n presentar una carta responsiva de sus padres o tutores.<\/p>\n<p>La Presidenta Municipal explic\u00f3 que el tema de este concurso busca destacar el folclore y el arte adecuados en cada dise\u00f1o. Los aspectos que se evaluar\u00e1n incluyen originalidad, maquillaje, creatividad, referentes culturales y la explicaci\u00f3n que brinde el participante sobre su creaci\u00f3n.<\/p>\n<p>\u201cEl Ayuntamiento de Felipe Carrillo Puerto se esfuerza por mantener vivas las tradiciones y fomentar el sentido de comunidad a trav\u00e9s de eventos como el Jaanal Pixan\u201d, finaliz\u00f3 la mun\u00edcipe.<\/p>\n","protected":false},"excerpt":{"rendered":"<p>Felipe Carrillo Puerto, 21 de octubre Redacci\u00f3n El Ayuntamiento de Felipe Carrillo Puerto se prepara para celebrar el \u201cJaanal Pixan 2023\u201d con un emocionante programa de tres d\u00edas lleno de actividades culturales y art\u00edsticas que honrar\u00e1n una de las tradiciones m\u00e1s entra\u00f1ables del pueblo. La Presidenta Municipal, Mary Hern\u00e1ndez, anunci\u00f3 <a href=\"https:\/\/angelsolisnoticias.com\/index.php\/2023\/10\/21\/ayuntamiento-de-felipe-carrillo-puerto-anuncia-programa-de-tres-dias-para-conmemorar-el-jaanal-pixan-2023\/\" class=\"btn btn-link continue-link\">Seguir leyendo<\/a><\/p>\n","protected":false},"author":1,"featured_media":3139,"comment_status":"open","ping_status":"open","sticky":false,"template":"","format":"standard","meta":{"footnotes":""},"categories":[1],"tags":[],"class_list":["post-3135","post","type-post","status-publish","format-standard","has-post-thumbnail","hentry","category-uncategorized"],"yoast_head":"<!-- This site is optimized with the Yoast SEO plugin v21.1 - https:\/\/yoast.com\/wordpress\/plugins\/seo\/ -->\n<title>Ayuntamiento de Felipe Carrillo Puerto anuncia programa de tres d\u00edas para conmemorar el \u201cJaanal Pixan 2023\u201d<\/title>\n<meta name=\"description\" content=\".\" \/>\n<meta name=\"robots\" content=\"index, follow, max-snippet:-1, max-image-preview:large, max-video-preview:-1\" \/>\n<link rel=\"canonical\" href=\"https:\/\/angelsolisnoticias.com\/index.php\/2023\/10\/21\/ayuntamiento-de-felipe-carrillo-puerto-anuncia-programa-de-tres-dias-para-conmemorar-el-jaanal-pixan-2023\/\" \/>\n<meta property=\"og:locale\" content=\"es_MX\" \/>\n<meta property=\"og:type\" content=\"article\" \/>\n<meta property=\"og:title\" content=\"Ayuntamiento de Felipe Carrillo Puerto anuncia programa de tres d\u00edas para conmemorar el \u201cJaanal Pixan 2023\u201d\" \/>\n<meta property=\"og:description\" content=\".\" \/>\n<meta property=\"og:url\" content=\"https:\/\/angelsolisnoticias.com\/index.php\/2023\/10\/21\/ayuntamiento-de-felipe-carrillo-puerto-anuncia-programa-de-tres-dias-para-conmemorar-el-jaanal-pixan-2023\/\" \/>\n<meta property=\"og:site_name\" content=\"\u00c1ngel Solis\" \/>\n<meta property=\"article:publisher\" content=\"https:\/\/www.facebook.com\/periodistasquintanaroo\" \/>\n<meta property=\"article:published_time\" content=\"2023-10-21T15:33:14+00:00\" \/>\n<meta property=\"article:modified_time\" content=\"2023-10-21T21:27:37+00:00\" \/>\n<meta property=\"og:image\" content=\"https:\/\/angelsolisnoticias.com\/wp-content\/uploads\/2023\/10\/Carrillo-Dia-muertos1.jpg\" \/>\n\t<meta property=\"og:image:width\" content=\"800\" \/>\n\t<meta property=\"og:image:height\" content=\"569\" \/>\n\t<meta property=\"og:image:type\" content=\"image\/jpeg\" \/>\n<meta name=\"author\" content=\"admin\" \/>\n<meta name=\"twitter:card\" content=\"summary_large_image\" \/>\n<meta name=\"twitter:creator\" content=\"@PERIODISTASQROO\" \/>\n<meta name=\"twitter:site\" content=\"@PERIODISTASQROO\" \/>\n<meta name=\"twitter:label1\" content=\"Escrito por\" \/>\n\t<meta name=\"twitter:data1\" content=\"admin\" \/>\n\t<meta name=\"twitter:label2\" content=\"Tiempo de lectura\" \/>\n\t<meta name=\"twitter:data2\" content=\"3 minutos\" \/>\n<script type=\"application\/ld+json\" class=\"yoast-schema-graph\">{\"@context\":\"https:\/\/schema.org\",\"@graph\":[{\"@type\":\"Article\",\"@id\":\"https:\/\/angelsolisnoticias.com\/index.php\/2023\/10\/21\/ayuntamiento-de-felipe-carrillo-puerto-anuncia-programa-de-tres-dias-para-conmemorar-el-jaanal-pixan-2023\/#article\",\"isPartOf\":{\"@id\":\"https:\/\/angelsolisnoticias.com\/index.php\/2023\/10\/21\/ayuntamiento-de-felipe-carrillo-puerto-anuncia-programa-de-tres-dias-para-conmemorar-el-jaanal-pixan-2023\/\"},\"author\":{\"name\":\"admin\",\"@id\":\"https:\/\/angelsolisnoticias.com\/#\/schema\/person\/d5ca5e4c5f05db44e86cb564bf81ae6f\"},\"headline\":\"Ayuntamiento de Felipe Carrillo Puerto anuncia programa de tres d\u00edas para conmemorar el \u201cJaanal Pixan 2023\u201d\",\"datePublished\":\"2023-10-21T15:33:14+00:00\",\"dateModified\":\"2023-10-21T21:27:37+00:00\",\"mainEntityOfPage\":{\"@id\":\"https:\/\/angelsolisnoticias.com\/index.php\/2023\/10\/21\/ayuntamiento-de-felipe-carrillo-puerto-anuncia-programa-de-tres-dias-para-conmemorar-el-jaanal-pixan-2023\/\"},\"wordCount\":406,\"commentCount\":0,\"publisher\":{\"@id\":\"https:\/\/angelsolisnoticias.com\/#organization\"},\"articleSection\":[\"Uncategorized\"],\"inLanguage\":\"es\",\"potentialAction\":[{\"@type\":\"CommentAction\",\"name\":\"Comment\",\"target\":[\"https:\/\/angelsolisnoticias.com\/index.php\/2023\/10\/21\/ayuntamiento-de-felipe-carrillo-puerto-anuncia-programa-de-tres-dias-para-conmemorar-el-jaanal-pixan-2023\/#respond\"]}]},{\"@type\":\"WebPage\",\"@id\":\"https:\/\/angelsolisnoticias.com\/index.php\/2023\/10\/21\/ayuntamiento-de-felipe-carrillo-puerto-anuncia-programa-de-tres-dias-para-conmemorar-el-jaanal-pixan-2023\/\",\"url\":\"https:\/\/angelsolisnoticias.com\/index.php\/2023\/10\/21\/ayuntamiento-de-felipe-carrillo-puerto-anuncia-programa-de-tres-dias-para-conmemorar-el-jaanal-pixan-2023\/\",\"name\":\"Ayuntamiento de Felipe Carrillo Puerto anuncia programa de tres d\u00edas para conmemorar el \u201cJaanal Pixan 2023\u201d\",\"isPartOf\":{\"@id\":\"https:\/\/angelsolisnoticias.com\/#website\"},\"datePublished\":\"2023-10-21T15:33:14+00:00\",\"dateModified\":\"2023-10-21T21:27:37+00:00\",\"description\":\".\",\"breadcrumb\":{\"@id\":\"https:\/\/angelsolisnoticias.com\/index.php\/2023\/10\/21\/ayuntamiento-de-felipe-carrillo-puerto-anuncia-programa-de-tres-dias-para-conmemorar-el-jaanal-pixan-2023\/#breadcrumb\"},\"inLanguage\":\"es\",\"potentialAction\":[{\"@type\":\"ReadAction\",\"target\":[\"https:\/\/angelsolisnoticias.com\/index.php\/2023\/10\/21\/ayuntamiento-de-felipe-carrillo-puerto-anuncia-programa-de-tres-dias-para-conmemorar-el-jaanal-pixan-2023\/\"]}]},{\"@type\":\"BreadcrumbList\",\"@id\":\"https:\/\/angelsolisnoticias.com\/index.php\/2023\/10\/21\/ayuntamiento-de-felipe-carrillo-puerto-anuncia-programa-de-tres-dias-para-conmemorar-el-jaanal-pixan-2023\/#breadcrumb\",\"itemListElement\":[{\"@type\":\"ListItem\",\"position\":1,\"name\":\"Inicio\",\"item\":\"https:\/\/angelsolisnoticias.com\/\"},{\"@type\":\"ListItem\",\"position\":2,\"name\":\"Ayuntamiento de Felipe Carrillo Puerto anuncia programa de tres d\u00edas para conmemorar el \u201cJaanal Pixan 2023\u201d\"}]},{\"@type\":\"WebSite\",\"@id\":\"https:\/\/angelsolisnoticias.com\/#website\",\"url\":\"https:\/\/angelsolisnoticias.com\/\",\"name\":\"\u00c1ngel Solis\",\"description\":\"Noticias de Quintana Roo\",\"publisher\":{\"@id\":\"https:\/\/angelsolisnoticias.com\/#organization\"},\"potentialAction\":[{\"@type\":\"SearchAction\",\"target\":{\"@type\":\"EntryPoint\",\"urlTemplate\":\"https:\/\/angelsolisnoticias.com\/?s={search_term_string}\"},\"query-input\":\"required name=search_term_string\"}],\"inLanguage\":\"es\"},{\"@type\":\"Organization\",\"@id\":\"https:\/\/angelsolisnoticias.com\/#organization\",\"name\":\"\u00c1ngel Solis\",\"url\":\"https:\/\/angelsolisnoticias.com\/\",\"logo\":{\"@type\":\"ImageObject\",\"inLanguage\":\"es\",\"@id\":\"https:\/\/angelsolisnoticias.com\/#\/schema\/logo\/image\/\",\"url\":\"https:\/\/angelsolisnoticias.com\/wp-content\/uploads\/2023\/01\/LOGO3.png\",\"contentUrl\":\"https:\/\/angelsolisnoticias.com\/wp-content\/uploads\/2023\/01\/LOGO3.png\",\"width\":1853,\"height\":570,\"caption\":\"\u00c1ngel Solis\"},\"image\":{\"@id\":\"https:\/\/angelsolisnoticias.com\/#\/schema\/logo\/image\/\"},\"sameAs\":[\"https:\/\/www.facebook.com\/periodistasquintanaroo\",\"https:\/\/twitter.com\/PERIODISTASQROO\"]},{\"@type\":\"Person\",\"@id\":\"https:\/\/angelsolisnoticias.com\/#\/schema\/person\/d5ca5e4c5f05db44e86cb564bf81ae6f\",\"name\":\"admin\",\"image\":{\"@type\":\"ImageObject\",\"inLanguage\":\"es\",\"@id\":\"https:\/\/angelsolisnoticias.com\/#\/schema\/person\/image\/\",\"url\":\"https:\/\/secure.gravatar.com\/avatar\/dff3eaf7d33320066684ce268bff2bf90ce4f69456139b2d65d7796f64299e47?s=96&d=mm&r=g\",\"contentUrl\":\"https:\/\/secure.gravatar.com\/avatar\/dff3eaf7d33320066684ce268bff2bf90ce4f69456139b2d65d7796f64299e47?s=96&d=mm&r=g\",\"caption\":\"admin\"},\"sameAs\":[\"https:\/\/angelsolisnoticias.com\"],\"url\":\"https:\/\/angelsolisnoticias.com\/index.php\/author\/admin_qnbaat5l\/\"}]}<\/script>\n<!-- \/ Yoast SEO plugin. -->","yoast_head_json":{"title":"Ayuntamiento de Felipe Carrillo Puerto anuncia programa de tres d\u00edas para conmemorar el \u201cJaanal Pixan 2023\u201d","description":".","robots":{"index":"index","follow":"follow","max-snippet":"max-snippet:-1","max-image-preview":"max-image-preview:large","max-video-preview":"max-video-preview:-1"},"canonical":"https:\/\/angelsolisnoticias.com\/index.php\/2023\/10\/21\/ayuntamiento-de-felipe-carrillo-puerto-anuncia-programa-de-tres-dias-para-conmemorar-el-jaanal-pixan-2023\/","og_locale":"es_MX","og_type":"article","og_title":"Ayuntamiento de Felipe Carrillo Puerto anuncia programa de tres d\u00edas para conmemorar el \u201cJaanal Pixan 2023\u201d","og_description":".","og_url":"https:\/\/angelsolisnoticias.com\/index.php\/2023\/10\/21\/ayuntamiento-de-felipe-carrillo-puerto-anuncia-programa-de-tres-dias-para-conmemorar-el-jaanal-pixan-2023\/","og_site_name":"\u00c1ngel Solis","article_publisher":"https:\/\/www.facebook.com\/periodistasquintanaroo","article_published_time":"2023-10-21T15:33:14+00:00","article_modified_time":"2023-10-21T21:27:37+00:00","og_image":[{"width":800,"height":569,"url":"https:\/\/angelsolisnoticias.com\/wp-content\/uploads\/2023\/10\/Carrillo-Dia-muertos1.jpg","type":"image\/jpeg"}],"author":"admin","twitter_card":"summary_large_image","twitter_creator":"@PERIODISTASQROO","twitter_site":"@PERIODISTASQROO","twitter_misc":{"Escrito por":"admin","Tiempo de lectura":"3 minutos"},"schema":{"@context":"https:\/\/schema.org","@graph":[{"@type":"Article","@id":"https:\/\/angelsolisnoticias.com\/index.php\/2023\/10\/21\/ayuntamiento-de-felipe-carrillo-puerto-anuncia-programa-de-tres-dias-para-conmemorar-el-jaanal-pixan-2023\/#article","isPartOf":{"@id":"https:\/\/angelsolisnoticias.com\/index.php\/2023\/10\/21\/ayuntamiento-de-felipe-carrillo-puerto-anuncia-programa-de-tres-dias-para-conmemorar-el-jaanal-pixan-2023\/"},"author":{"name":"admin","@id":"https:\/\/angelsolisnoticias.com\/#\/schema\/person\/d5ca5e4c5f05db44e86cb564bf81ae6f"},"headline":"Ayuntamiento de Felipe Carrillo Puerto anuncia programa de tres d\u00edas para conmemorar el \u201cJaanal Pixan 2023\u201d","datePublished":"2023-10-21T15:33:14+00:00","dateModified":"2023-10-21T21:27:37+00:00","mainEntityOfPage":{"@id":"https:\/\/angelsolisnoticias.com\/index.php\/2023\/10\/21\/ayuntamiento-de-felipe-carrillo-puerto-anuncia-programa-de-tres-dias-para-conmemorar-el-jaanal-pixan-2023\/"},"wordCount":406,"commentCount":0,"publisher":{"@id":"https:\/\/angelsolisnoticias.com\/#organization"},"articleSection":["Uncategorized"],"inLanguage":"es","potentialAction":[{"@type":"CommentAction","name":"Comment","target":["https:\/\/angelsolisnoticias.com\/index.php\/2023\/10\/21\/ayuntamiento-de-felipe-carrillo-puerto-anuncia-programa-de-tres-dias-para-conmemorar-el-jaanal-pixan-2023\/#respond"]}]},{"@type":"WebPage","@id":"https:\/\/angelsolisnoticias.com\/index.php\/2023\/10\/21\/ayuntamiento-de-felipe-carrillo-puerto-anuncia-programa-de-tres-dias-para-conmemorar-el-jaanal-pixan-2023\/","url":"https:\/\/angelsolisnoticias.com\/index.php\/2023\/10\/21\/ayuntamiento-de-felipe-carrillo-puerto-anuncia-programa-de-tres-dias-para-conmemorar-el-jaanal-pixan-2023\/","name":"Ayuntamiento de Felipe Carrillo Puerto anuncia programa de tres d\u00edas para conmemorar el \u201cJaanal Pixan 2023\u201d","isPartOf":{"@id":"https:\/\/angelsolisnoticias.com\/#website"},"datePublished":"2023-10-21T15:33:14+00:00","dateModified":"2023-10-21T21:27:37+00:00","description":".","breadcrumb":{"@id":"https:\/\/angelsolisnoticias.com\/index.php\/2023\/10\/21\/ayuntamiento-de-felipe-carrillo-puerto-anuncia-programa-de-tres-dias-para-conmemorar-el-jaanal-pixan-2023\/#breadcrumb"},"inLanguage":"es","potentialAction":[{"@type":"ReadAction","target":["https:\/\/angelsolisnoticias.com\/index.php\/2023\/10\/21\/ayuntamiento-de-felipe-carrillo-puerto-anuncia-programa-de-tres-dias-para-conmemorar-el-jaanal-pixan-2023\/"]}]},{"@type":"BreadcrumbList","@id":"https:\/\/angelsolisnoticias.com\/index.php\/2023\/10\/21\/ayuntamiento-de-felipe-carrillo-puerto-anuncia-programa-de-tres-dias-para-conmemorar-el-jaanal-pixan-2023\/#breadcrumb","itemListElement":[{"@type":"ListItem","position":1,"name":"Inicio","item":"https:\/\/angelsolisnoticias.com\/"},{"@type":"ListItem","position":2,"name":"Ayuntamiento de Felipe Carrillo Puerto anuncia programa de tres d\u00edas para conmemorar el \u201cJaanal Pixan 2023\u201d"}]},{"@type":"WebSite","@id":"https:\/\/angelsolisnoticias.com\/#website","url":"https:\/\/angelsolisnoticias.com\/","name":"\u00c1ngel Solis","description":"Noticias de Quintana Roo","publisher":{"@id":"https:\/\/angelsolisnoticias.com\/#organization"},"potentialAction":[{"@type":"SearchAction","target":{"@type":"EntryPoint","urlTemplate":"https:\/\/angelsolisnoticias.com\/?s={search_term_string}"},"query-input":"required name=search_term_string"}],"inLanguage":"es"},{"@type":"Organization","@id":"https:\/\/angelsolisnoticias.com\/#organization","name":"\u00c1ngel Solis","url":"https:\/\/angelsolisnoticias.com\/","logo":{"@type":"ImageObject","inLanguage":"es","@id":"https:\/\/angelsolisnoticias.com\/#\/schema\/logo\/image\/","url":"https:\/\/angelsolisnoticias.com\/wp-content\/uploads\/2023\/01\/LOGO3.png","contentUrl":"https:\/\/angelsolisnoticias.com\/wp-content\/uploads\/2023\/01\/LOGO3.png","width":1853,"height":570,"caption":"\u00c1ngel Solis"},"image":{"@id":"https:\/\/angelsolisnoticias.com\/#\/schema\/logo\/image\/"},"sameAs":["https:\/\/www.facebook.com\/periodistasquintanaroo","https:\/\/twitter.com\/PERIODISTASQROO"]},{"@type":"Person","@id":"https:\/\/angelsolisnoticias.com\/#\/schema\/person\/d5ca5e4c5f05db44e86cb564bf81ae6f","name":"admin","image":{"@type":"ImageObject","inLanguage":"es","@id":"https:\/\/angelsolisnoticias.com\/#\/schema\/person\/image\/","url":"https:\/\/secure.gravatar.com\/avatar\/dff3eaf7d33320066684ce268bff2bf90ce4f69456139b2d65d7796f64299e47?s=96&d=mm&r=g","contentUrl":"https:\/\/secure.gravatar.com\/avatar\/dff3eaf7d33320066684ce268bff2bf90ce4f69456139b2d65d7796f64299e47?s=96&d=mm&r=g","caption":"admin"},"sameAs":["https:\/\/angelsolisnoticias.com"],"url":"https:\/\/angelsolisnoticias.com\/index.php\/author\/admin_qnbaat5l\/"}]}},"jetpack_featured_media_url":"https:\/\/angelsolisnoticias.com\/wp-content\/uploads\/2023\/10\/Carrillo-Dia-muertos1.jpg","_links":{"self":[{"href":"https:\/\/angelsolisnoticias.com\/index.php\/wp-json\/wp\/v2\/posts\/3135","targetHints":{"allow":["GET"]}}],"collection":[{"href":"https:\/\/angelsolisnoticias.com\/index.php\/wp-json\/wp\/v2\/posts"}],"about":[{"href":"https:\/\/angelsolisnoticias.com\/index.php\/wp-json\/wp\/v2\/types\/post"}],"author":[{"embeddable":true,"href":"https:\/\/angelsolisnoticias.com\/index.php\/wp-json\/wp\/v2\/users\/1"}],"replies":[{"embeddable":true,"href":"https:\/\/angelsolisnoticias.com\/index.php\/wp-json\/wp\/v2\/comments?post=3135"}],"version-history":[{"count":3,"href":"https:\/\/angelsolisnoticias.com\/index.php\/wp-json\/wp\/v2\/posts\/3135\/revisions"}],"predecessor-version":[{"id":3141,"href":"https:\/\/angelsolisnoticias.com\/index.php\/wp-json\/wp\/v2\/posts\/3135\/revisions\/3141"}],"wp:featuredmedia":[{"embeddable":true,"href":"https:\/\/angelsolisnoticias.com\/index.php\/wp-json\/wp\/v2\/media\/3139"}],"wp:attachment":[{"href":"https:\/\/angelsolisnoticias.com\/index.php\/wp-json\/wp\/v2\/media?parent=3135"}],"wp:term":[{"taxonomy":"category","embeddable":true,"href":"https:\/\/angelsolisnoticias.com\/index.php\/wp-json\/wp\/v2\/categories?post=3135"},{"taxonomy":"post_tag","embeddable":true,"href":"https:\/\/angelsolisnoticias.com\/index.php\/wp-json\/wp\/v2\/tags?post=3135"}],"curies":[{"name":"wp","href":"https:\/\/api.w.org\/{rel}","templated":true}]}}