{"id":3142,"date":"2023-10-21T14:20:17","date_gmt":"2023-10-21T14:20:17","guid":{"rendered":"https:\/\/angelsolisnoticias.com\/?p=3142"},"modified":"2023-10-21T22:11:02","modified_gmt":"2023-10-21T22:11:02","slug":"solidaridad-encabezo-el-evento-voluntario-internacional-de-limpieza-de-costas-y-cuerpos-de-agua","status":"publish","type":"post","link":"https:\/\/angelsolisnoticias.com\/index.php\/2023\/10\/21\/solidaridad-encabezo-el-evento-voluntario-internacional-de-limpieza-de-costas-y-cuerpos-de-agua\/","title":{"rendered":"Solidaridad encabez\u00f3 el evento voluntario internacional de limpieza de costas y cuerpos de agua"},"content":{"rendered":"<p>Playa del Carmen, Solidaridad, 21 de octubre del 2023<br \/>\nRedacci\u00f3n<\/p>\n<p>Se llev\u00f3 a cabo el evento voluntario m\u00e1s grande a nivel global, la Limpieza Internacional de Costas y Cuerpos de Agua (LICCA) que el gobierno municipal encabezado por Lili Campos realiz\u00f3 para concientizar sobre la preservaci\u00f3n del ecosistema costero, en el que participaron m\u00e1s de mil personas, incluyendo voluntarios del sector privado, instituciones educativas y servidores p\u00fablicos.<\/p>\n<p>En representaci\u00f3n de la presidenta municipal Lili Campos, el secretario de Protecci\u00f3n Civil, Prevenci\u00f3n de Riesgos y Bomberos, Jorge Oropeza subray\u00f3: &#8220;tenemos la obligaci\u00f3n de retribuirle a la naturaleza lo que tan bondadosamente nos brinda, este tipo de eventos ayuda sobre todo para que la ni\u00f1ez se d\u00e9 cuenta de lo que tenemos que hacer&#8221;.<\/p>\n<p><img loading=\"lazy\" decoding=\"async\" class=\"aligncenter wp-image-3146 \" src=\"https:\/\/angelsolisnoticias.com\/wp-content\/uploads\/2023\/10\/Solidaridad-Limpieza-Costas2.jpg\" alt=\"\" width=\"581\" height=\"373\" \/><\/p>\n<p>La secretaria de Medio Ambiente Sustentable y Cambio Clim\u00e1tico, Lourdes V\u00e1rguez, destac\u00f3 que en esta edici\u00f3n 2023 de LICCA se realizaron labores de limpieza en las playas m\u00e1s visitadas y por lo tanto requieren m\u00e1s limpieza como Punta Esmeralda, la 72, Fundadores, Caribe, entre otras. Adem\u00e1s, se limpiaron cuatro cenotes urbanos ubicados en las colonias In House, Guadalupana, Bosque Real y Misi\u00f3n del Carmen.<\/p>\n<p><img loading=\"lazy\" decoding=\"async\" class=\"aligncenter wp-image-3145 \" src=\"https:\/\/angelsolisnoticias.com\/wp-content\/uploads\/2023\/10\/Solidaridad-Limpieza-Costas3.jpg\" alt=\"\" width=\"576\" height=\"382\" \/><\/p>\n<p>Lourdes V\u00e1rguez record\u00f3 que, &#8220;en 2021, cuando iniciamos la administraci\u00f3n, recolectamos casi cuatro toneladas de residuos y el a\u00f1o pasado s\u00f3lo 178 kilos, lo que demuestra el trabajo que hace la Zofemat&#8221;<\/p>\n<p><img loading=\"lazy\" decoding=\"async\" class=\"aligncenter wp-image-3144 \" src=\"https:\/\/angelsolisnoticias.com\/wp-content\/uploads\/2023\/10\/Solidaridad-Limpieza-Costas4.jpg\" alt=\"\" width=\"584\" height=\"398\" \/><\/p>\n<p>Una vez finalizada la tarea de limpieza, se organizaron diversas actividades recreativas, entre las que se incluyeron partidos de v\u00f3libol, sesiones de zumba, yoga, y muchas otras, en varias playas del municipio. Estas actividades no solo promovieron la sana convivencia, sino tambi\u00e9n la importancia de mantenerse activos y cuidar el entorno.<\/p>\n","protected":false},"excerpt":{"rendered":"<p>Playa del Carmen, Solidaridad, 21 de octubre del 2023 Redacci\u00f3n Se llev\u00f3 a cabo el evento voluntario m\u00e1s grande a nivel global, la Limpieza Internacional de Costas y Cuerpos de Agua (LICCA) que el gobierno municipal encabezado por Lili Campos realiz\u00f3 para concientizar sobre la preservaci\u00f3n del ecosistema costero, en <a href=\"https:\/\/angelsolisnoticias.com\/index.php\/2023\/10\/21\/solidaridad-encabezo-el-evento-voluntario-internacional-de-limpieza-de-costas-y-cuerpos-de-agua\/\" class=\"btn btn-link continue-link\">Seguir leyendo<\/a><\/p>\n","protected":false},"author":1,"featured_media":3147,"comment_status":"open","ping_status":"open","sticky":false,"template":"","format":"standard","meta":{"footnotes":""},"categories":[6,1],"tags":[],"class_list":["post-3142","post","type-post","status-publish","format-standard","has-post-thumbnail","hentry","category-solidaridad","category-uncategorized"],"yoast_head":"<!-- This site is optimized with the Yoast SEO plugin v21.1 - https:\/\/yoast.com\/wordpress\/plugins\/seo\/ -->\n<title>Solidaridad encabez\u00f3 el evento voluntario internacional de limpieza de costas y cuerpos de agua<\/title>\n<meta name=\"description\" content=\".\" \/>\n<meta name=\"robots\" content=\"index, follow, max-snippet:-1, max-image-preview:large, max-video-preview:-1\" \/>\n<link rel=\"canonical\" href=\"https:\/\/angelsolisnoticias.com\/index.php\/2023\/10\/21\/solidaridad-encabezo-el-evento-voluntario-internacional-de-limpieza-de-costas-y-cuerpos-de-agua\/\" \/>\n<meta property=\"og:locale\" content=\"es_MX\" \/>\n<meta property=\"og:type\" content=\"article\" \/>\n<meta property=\"og:title\" content=\"Solidaridad encabez\u00f3 el evento voluntario internacional de limpieza de costas y cuerpos de agua\" \/>\n<meta property=\"og:description\" content=\".\" \/>\n<meta property=\"og:url\" content=\"https:\/\/angelsolisnoticias.com\/index.php\/2023\/10\/21\/solidaridad-encabezo-el-evento-voluntario-internacional-de-limpieza-de-costas-y-cuerpos-de-agua\/\" \/>\n<meta property=\"og:site_name\" content=\"\u00c1ngel Solis\" \/>\n<meta property=\"article:publisher\" content=\"https:\/\/www.facebook.com\/periodistasquintanaroo\" \/>\n<meta property=\"article:published_time\" content=\"2023-10-21T14:20:17+00:00\" \/>\n<meta property=\"article:modified_time\" content=\"2023-10-21T22:11:02+00:00\" \/>\n<meta property=\"og:image\" content=\"https:\/\/angelsolisnoticias.com\/wp-content\/uploads\/2023\/10\/Solidaridad-Limpieza-Costas1.jpg\" \/>\n\t<meta property=\"og:image:width\" content=\"800\" \/>\n\t<meta property=\"og:image:height\" content=\"569\" \/>\n\t<meta property=\"og:image:type\" content=\"image\/jpeg\" \/>\n<meta name=\"author\" content=\"admin\" \/>\n<meta name=\"twitter:card\" content=\"summary_large_image\" \/>\n<meta name=\"twitter:creator\" content=\"@PERIODISTASQROO\" \/>\n<meta name=\"twitter:site\" content=\"@PERIODISTASQROO\" \/>\n<meta name=\"twitter:label1\" content=\"Escrito por\" \/>\n\t<meta name=\"twitter:data1\" content=\"admin\" \/>\n\t<meta name=\"twitter:label2\" content=\"Tiempo de lectura\" \/>\n\t<meta name=\"twitter:data2\" content=\"2 minutos\" \/>\n<script type=\"application\/ld+json\" class=\"yoast-schema-graph\">{\"@context\":\"https:\/\/schema.org\",\"@graph\":[{\"@type\":\"Article\",\"@id\":\"https:\/\/angelsolisnoticias.com\/index.php\/2023\/10\/21\/solidaridad-encabezo-el-evento-voluntario-internacional-de-limpieza-de-costas-y-cuerpos-de-agua\/#article\",\"isPartOf\":{\"@id\":\"https:\/\/angelsolisnoticias.com\/index.php\/2023\/10\/21\/solidaridad-encabezo-el-evento-voluntario-internacional-de-limpieza-de-costas-y-cuerpos-de-agua\/\"},\"author\":{\"name\":\"admin\",\"@id\":\"https:\/\/angelsolisnoticias.com\/#\/schema\/person\/d5ca5e4c5f05db44e86cb564bf81ae6f\"},\"headline\":\"Solidaridad encabez\u00f3 el evento voluntario internacional de limpieza de costas y cuerpos de agua\",\"datePublished\":\"2023-10-21T14:20:17+00:00\",\"dateModified\":\"2023-10-21T22:11:02+00:00\",\"mainEntityOfPage\":{\"@id\":\"https:\/\/angelsolisnoticias.com\/index.php\/2023\/10\/21\/solidaridad-encabezo-el-evento-voluntario-internacional-de-limpieza-de-costas-y-cuerpos-de-agua\/\"},\"wordCount\":300,\"commentCount\":0,\"publisher\":{\"@id\":\"https:\/\/angelsolisnoticias.com\/#organization\"},\"articleSection\":[\"Solidaridad\",\"Uncategorized\"],\"inLanguage\":\"es\",\"potentialAction\":[{\"@type\":\"CommentAction\",\"name\":\"Comment\",\"target\":[\"https:\/\/angelsolisnoticias.com\/index.php\/2023\/10\/21\/solidaridad-encabezo-el-evento-voluntario-internacional-de-limpieza-de-costas-y-cuerpos-de-agua\/#respond\"]}]},{\"@type\":\"WebPage\",\"@id\":\"https:\/\/angelsolisnoticias.com\/index.php\/2023\/10\/21\/solidaridad-encabezo-el-evento-voluntario-internacional-de-limpieza-de-costas-y-cuerpos-de-agua\/\",\"url\":\"https:\/\/angelsolisnoticias.com\/index.php\/2023\/10\/21\/solidaridad-encabezo-el-evento-voluntario-internacional-de-limpieza-de-costas-y-cuerpos-de-agua\/\",\"name\":\"Solidaridad encabez\u00f3 el evento voluntario internacional de limpieza de costas y cuerpos de agua\",\"isPartOf\":{\"@id\":\"https:\/\/angelsolisnoticias.com\/#website\"},\"datePublished\":\"2023-10-21T14:20:17+00:00\",\"dateModified\":\"2023-10-21T22:11:02+00:00\",\"description\":\".\",\"breadcrumb\":{\"@id\":\"https:\/\/angelsolisnoticias.com\/index.php\/2023\/10\/21\/solidaridad-encabezo-el-evento-voluntario-internacional-de-limpieza-de-costas-y-cuerpos-de-agua\/#breadcrumb\"},\"inLanguage\":\"es\",\"potentialAction\":[{\"@type\":\"ReadAction\",\"target\":[\"https:\/\/angelsolisnoticias.com\/index.php\/2023\/10\/21\/solidaridad-encabezo-el-evento-voluntario-internacional-de-limpieza-de-costas-y-cuerpos-de-agua\/\"]}]},{\"@type\":\"BreadcrumbList\",\"@id\":\"https:\/\/angelsolisnoticias.com\/index.php\/2023\/10\/21\/solidaridad-encabezo-el-evento-voluntario-internacional-de-limpieza-de-costas-y-cuerpos-de-agua\/#breadcrumb\",\"itemListElement\":[{\"@type\":\"ListItem\",\"position\":1,\"name\":\"Inicio\",\"item\":\"https:\/\/angelsolisnoticias.com\/\"},{\"@type\":\"ListItem\",\"position\":2,\"name\":\"Solidaridad encabez\u00f3 el evento voluntario internacional de limpieza de costas y cuerpos de agua\"}]},{\"@type\":\"WebSite\",\"@id\":\"https:\/\/angelsolisnoticias.com\/#website\",\"url\":\"https:\/\/angelsolisnoticias.com\/\",\"name\":\"\u00c1ngel Solis\",\"description\":\"Noticias de Quintana Roo\",\"publisher\":{\"@id\":\"https:\/\/angelsolisnoticias.com\/#organization\"},\"potentialAction\":[{\"@type\":\"SearchAction\",\"target\":{\"@type\":\"EntryPoint\",\"urlTemplate\":\"https:\/\/angelsolisnoticias.com\/?s={search_term_string}\"},\"query-input\":\"required name=search_term_string\"}],\"inLanguage\":\"es\"},{\"@type\":\"Organization\",\"@id\":\"https:\/\/angelsolisnoticias.com\/#organization\",\"name\":\"\u00c1ngel Solis\",\"url\":\"https:\/\/angelsolisnoticias.com\/\",\"logo\":{\"@type\":\"ImageObject\",\"inLanguage\":\"es\",\"@id\":\"https:\/\/angelsolisnoticias.com\/#\/schema\/logo\/image\/\",\"url\":\"https:\/\/angelsolisnoticias.com\/wp-content\/uploads\/2023\/01\/LOGO3.png\",\"contentUrl\":\"https:\/\/angelsolisnoticias.com\/wp-content\/uploads\/2023\/01\/LOGO3.png\",\"width\":1853,\"height\":570,\"caption\":\"\u00c1ngel Solis\"},\"image\":{\"@id\":\"https:\/\/angelsolisnoticias.com\/#\/schema\/logo\/image\/\"},\"sameAs\":[\"https:\/\/www.facebook.com\/periodistasquintanaroo\",\"https:\/\/twitter.com\/PERIODISTASQROO\"]},{\"@type\":\"Person\",\"@id\":\"https:\/\/angelsolisnoticias.com\/#\/schema\/person\/d5ca5e4c5f05db44e86cb564bf81ae6f\",\"name\":\"admin\",\"image\":{\"@type\":\"ImageObject\",\"inLanguage\":\"es\",\"@id\":\"https:\/\/angelsolisnoticias.com\/#\/schema\/person\/image\/\",\"url\":\"https:\/\/secure.gravatar.com\/avatar\/dff3eaf7d33320066684ce268bff2bf90ce4f69456139b2d65d7796f64299e47?s=96&d=mm&r=g\",\"contentUrl\":\"https:\/\/secure.gravatar.com\/avatar\/dff3eaf7d33320066684ce268bff2bf90ce4f69456139b2d65d7796f64299e47?s=96&d=mm&r=g\",\"caption\":\"admin\"},\"sameAs\":[\"https:\/\/angelsolisnoticias.com\"],\"url\":\"https:\/\/angelsolisnoticias.com\/index.php\/author\/admin_qnbaat5l\/\"}]}<\/script>\n<!-- \/ Yoast SEO plugin. -->","yoast_head_json":{"title":"Solidaridad encabez\u00f3 el evento voluntario internacional de limpieza de costas y cuerpos de agua","description":".","robots":{"index":"index","follow":"follow","max-snippet":"max-snippet:-1","max-image-preview":"max-image-preview:large","max-video-preview":"max-video-preview:-1"},"canonical":"https:\/\/angelsolisnoticias.com\/index.php\/2023\/10\/21\/solidaridad-encabezo-el-evento-voluntario-internacional-de-limpieza-de-costas-y-cuerpos-de-agua\/","og_locale":"es_MX","og_type":"article","og_title":"Solidaridad encabez\u00f3 el evento voluntario internacional de limpieza de costas y cuerpos de agua","og_description":".","og_url":"https:\/\/angelsolisnoticias.com\/index.php\/2023\/10\/21\/solidaridad-encabezo-el-evento-voluntario-internacional-de-limpieza-de-costas-y-cuerpos-de-agua\/","og_site_name":"\u00c1ngel Solis","article_publisher":"https:\/\/www.facebook.com\/periodistasquintanaroo","article_published_time":"2023-10-21T14:20:17+00:00","article_modified_time":"2023-10-21T22:11:02+00:00","og_image":[{"width":800,"height":569,"url":"https:\/\/angelsolisnoticias.com\/wp-content\/uploads\/2023\/10\/Solidaridad-Limpieza-Costas1.jpg","type":"image\/jpeg"}],"author":"admin","twitter_card":"summary_large_image","twitter_creator":"@PERIODISTASQROO","twitter_site":"@PERIODISTASQROO","twitter_misc":{"Escrito por":"admin","Tiempo de lectura":"2 minutos"},"schema":{"@context":"https:\/\/schema.org","@graph":[{"@type":"Article","@id":"https:\/\/angelsolisnoticias.com\/index.php\/2023\/10\/21\/solidaridad-encabezo-el-evento-voluntario-internacional-de-limpieza-de-costas-y-cuerpos-de-agua\/#article","isPartOf":{"@id":"https:\/\/angelsolisnoticias.com\/index.php\/2023\/10\/21\/solidaridad-encabezo-el-evento-voluntario-internacional-de-limpieza-de-costas-y-cuerpos-de-agua\/"},"author":{"name":"admin","@id":"https:\/\/angelsolisnoticias.com\/#\/schema\/person\/d5ca5e4c5f05db44e86cb564bf81ae6f"},"headline":"Solidaridad encabez\u00f3 el evento voluntario internacional de limpieza de costas y cuerpos de agua","datePublished":"2023-10-21T14:20:17+00:00","dateModified":"2023-10-21T22:11:02+00:00","mainEntityOfPage":{"@id":"https:\/\/angelsolisnoticias.com\/index.php\/2023\/10\/21\/solidaridad-encabezo-el-evento-voluntario-internacional-de-limpieza-de-costas-y-cuerpos-de-agua\/"},"wordCount":300,"commentCount":0,"publisher":{"@id":"https:\/\/angelsolisnoticias.com\/#organization"},"articleSection":["Solidaridad","Uncategorized"],"inLanguage":"es","potentialAction":[{"@type":"CommentAction","name":"Comment","target":["https:\/\/angelsolisnoticias.com\/index.php\/2023\/10\/21\/solidaridad-encabezo-el-evento-voluntario-internacional-de-limpieza-de-costas-y-cuerpos-de-agua\/#respond"]}]},{"@type":"WebPage","@id":"https:\/\/angelsolisnoticias.com\/index.php\/2023\/10\/21\/solidaridad-encabezo-el-evento-voluntario-internacional-de-limpieza-de-costas-y-cuerpos-de-agua\/","url":"https:\/\/angelsolisnoticias.com\/index.php\/2023\/10\/21\/solidaridad-encabezo-el-evento-voluntario-internacional-de-limpieza-de-costas-y-cuerpos-de-agua\/","name":"Solidaridad encabez\u00f3 el evento voluntario internacional de limpieza de costas y cuerpos de agua","isPartOf":{"@id":"https:\/\/angelsolisnoticias.com\/#website"},"datePublished":"2023-10-21T14:20:17+00:00","dateModified":"2023-10-21T22:11:02+00:00","description":".","breadcrumb":{"@id":"https:\/\/angelsolisnoticias.com\/index.php\/2023\/10\/21\/solidaridad-encabezo-el-evento-voluntario-internacional-de-limpieza-de-costas-y-cuerpos-de-agua\/#breadcrumb"},"inLanguage":"es","potentialAction":[{"@type":"ReadAction","target":["https:\/\/angelsolisnoticias.com\/index.php\/2023\/10\/21\/solidaridad-encabezo-el-evento-voluntario-internacional-de-limpieza-de-costas-y-cuerpos-de-agua\/"]}]},{"@type":"BreadcrumbList","@id":"https:\/\/angelsolisnoticias.com\/index.php\/2023\/10\/21\/solidaridad-encabezo-el-evento-voluntario-internacional-de-limpieza-de-costas-y-cuerpos-de-agua\/#breadcrumb","itemListElement":[{"@type":"ListItem","position":1,"name":"Inicio","item":"https:\/\/angelsolisnoticias.com\/"},{"@type":"ListItem","position":2,"name":"Solidaridad encabez\u00f3 el evento voluntario internacional de limpieza de costas y cuerpos de agua"}]},{"@type":"WebSite","@id":"https:\/\/angelsolisnoticias.com\/#website","url":"https:\/\/angelsolisnoticias.com\/","name":"\u00c1ngel Solis","description":"Noticias de Quintana Roo","publisher":{"@id":"https:\/\/angelsolisnoticias.com\/#organization"},"potentialAction":[{"@type":"SearchAction","target":{"@type":"EntryPoint","urlTemplate":"https:\/\/angelsolisnoticias.com\/?s={search_term_string}"},"query-input":"required name=search_term_string"}],"inLanguage":"es"},{"@type":"Organization","@id":"https:\/\/angelsolisnoticias.com\/#organization","name":"\u00c1ngel Solis","url":"https:\/\/angelsolisnoticias.com\/","logo":{"@type":"ImageObject","inLanguage":"es","@id":"https:\/\/angelsolisnoticias.com\/#\/schema\/logo\/image\/","url":"https:\/\/angelsolisnoticias.com\/wp-content\/uploads\/2023\/01\/LOGO3.png","contentUrl":"https:\/\/angelsolisnoticias.com\/wp-content\/uploads\/2023\/01\/LOGO3.png","width":1853,"height":570,"caption":"\u00c1ngel Solis"},"image":{"@id":"https:\/\/angelsolisnoticias.com\/#\/schema\/logo\/image\/"},"sameAs":["https:\/\/www.facebook.com\/periodistasquintanaroo","https:\/\/twitter.com\/PERIODISTASQROO"]},{"@type":"Person","@id":"https:\/\/angelsolisnoticias.com\/#\/schema\/person\/d5ca5e4c5f05db44e86cb564bf81ae6f","name":"admin","image":{"@type":"ImageObject","inLanguage":"es","@id":"https:\/\/angelsolisnoticias.com\/#\/schema\/person\/image\/","url":"https:\/\/secure.gravatar.com\/avatar\/dff3eaf7d33320066684ce268bff2bf90ce4f69456139b2d65d7796f64299e47?s=96&d=mm&r=g","contentUrl":"https:\/\/secure.gravatar.com\/avatar\/dff3eaf7d33320066684ce268bff2bf90ce4f69456139b2d65d7796f64299e47?s=96&d=mm&r=g","caption":"admin"},"sameAs":["https:\/\/angelsolisnoticias.com"],"url":"https:\/\/angelsolisnoticias.com\/index.php\/author\/admin_qnbaat5l\/"}]}},"jetpack_featured_media_url":"https:\/\/angelsolisnoticias.com\/wp-content\/uploads\/2023\/10\/Solidaridad-Limpieza-Costas1.jpg","_links":{"self":[{"href":"https:\/\/angelsolisnoticias.com\/index.php\/wp-json\/wp\/v2\/posts\/3142","targetHints":{"allow":["GET"]}}],"collection":[{"href":"https:\/\/angelsolisnoticias.com\/index.php\/wp-json\/wp\/v2\/posts"}],"about":[{"href":"https:\/\/angelsolisnoticias.com\/index.php\/wp-json\/wp\/v2\/types\/post"}],"author":[{"embeddable":true,"href":"https:\/\/angelsolisnoticias.com\/index.php\/wp-json\/wp\/v2\/users\/1"}],"replies":[{"embeddable":true,"href":"https:\/\/angelsolisnoticias.com\/index.php\/wp-json\/wp\/v2\/comments?post=3142"}],"version-history":[{"count":3,"href":"https:\/\/angelsolisnoticias.com\/index.php\/wp-json\/wp\/v2\/posts\/3142\/revisions"}],"predecessor-version":[{"id":3149,"href":"https:\/\/angelsolisnoticias.com\/index.php\/wp-json\/wp\/v2\/posts\/3142\/revisions\/3149"}],"wp:featuredmedia":[{"embeddable":true,"href":"https:\/\/angelsolisnoticias.com\/index.php\/wp-json\/wp\/v2\/media\/3147"}],"wp:attachment":[{"href":"https:\/\/angelsolisnoticias.com\/index.php\/wp-json\/wp\/v2\/media?parent=3142"}],"wp:term":[{"taxonomy":"category","embeddable":true,"href":"https:\/\/angelsolisnoticias.com\/index.php\/wp-json\/wp\/v2\/categories?post=3142"},{"taxonomy":"post_tag","embeddable":true,"href":"https:\/\/angelsolisnoticias.com\/index.php\/wp-json\/wp\/v2\/tags?post=3142"}],"curies":[{"name":"wp","href":"https:\/\/api.w.org\/{rel}","templated":true}]}}