{"id":3365,"date":"2023-10-28T15:50:59","date_gmt":"2023-10-28T15:50:59","guid":{"rendered":"https:\/\/angelsolisnoticias.com\/?p=3365"},"modified":"2023-10-28T21:30:29","modified_gmt":"2023-10-28T21:30:29","slug":"inician-las-festividades-del-jaanal-pixan-2023-en-felipe-carrillo-puerto","status":"publish","type":"post","link":"https:\/\/angelsolisnoticias.com\/index.php\/2023\/10\/28\/inician-las-festividades-del-jaanal-pixan-2023-en-felipe-carrillo-puerto\/","title":{"rendered":"\u00a1Inician las festividades del &#8220;Jaanal Pixan&#8221; 2023 en Felipe Carrillo Puerto!"},"content":{"rendered":"<p>Felipe Carrillo Puerto, 28 de octubre<br \/>\nRedacci\u00f3n<\/p>\n<p>En un ambiente cargado de la esencia tradicional y cultural de M\u00e9xico, la Presidenta Municipal Mary Hern\u00e1ndez encabez\u00f3 el comienzo de las celebraciones del &#8220;Jaanal Pixan&#8221; 2023.<\/p>\n<p>El viernes por la noche, la presidenta municipal encabez\u00f3 un numeroso grupo de personas en el ya ic\u00f3nico desfile de las \u00e1nimas. Ataviados como &#8220;catrinas&#8221; y entre cantos y m\u00fasica, el desfile se inici\u00f3 en la calle 62 x 51, junto al cementerio, para luego dirigirse hacia la prolongaci\u00f3n de la avenida Santiago Pacheco Cruz.<\/p>\n<p><img loading=\"lazy\" decoding=\"async\" class=\"aligncenter wp-image-3372 \" src=\"https:\/\/angelsolisnoticias.com\/wp-content\/uploads\/2023\/10\/Carrillo-Jaanal-Pixan2.jpg\" alt=\"\" width=\"601\" height=\"404\" \/><\/p>\n<p>Una vez en el lugar designado, Mary Hern\u00e1ndez, junto a funcionarios y numerosos asistentes, revel\u00f3 el tapete conmemorativo al D\u00eda de Muertos, marcando as\u00ed el comienzo oficial del &#8220;Jaanal Pixan&#8221; 2023.<\/p>\n<p>Mary Hern\u00e1ndez destac\u00f3 que Felipe Carrillo Puerto se ha convertido en un destino tur\u00edstico enraizado en una cultura rica en tradiciones, usos y costumbres. Afirm\u00f3 que durante tres d\u00edas, se celebrar\u00e1 de manera especial una de las tradiciones m\u00e1s arraigadas y representativas de M\u00e9xico: el D\u00eda de Muertos.<\/p>\n<p><img loading=\"lazy\" decoding=\"async\" class=\"aligncenter wp-image-3368 \" src=\"https:\/\/angelsolisnoticias.com\/wp-content\/uploads\/2023\/10\/Carrillo-Jaanal-Pixan5.jpg\" alt=\"\" width=\"596\" height=\"397\" srcset=\"https:\/\/angelsolisnoticias.com\/wp-content\/uploads\/2023\/10\/Carrillo-Jaanal-Pixan5.jpg 720w, https:\/\/angelsolisnoticias.com\/wp-content\/uploads\/2023\/10\/Carrillo-Jaanal-Pixan5-300x200.jpg 300w\" sizes=\"auto, (max-width: 596px) 100vw, 596px\" \/><\/p>\n<p>Tras la inauguraci\u00f3n, se llev\u00f3 a cabo un recorrido por los altares dispuestos por diversas entidades del ayuntamiento y algunas dependencias estatales que se sumaron a esta festividad tradicional.<\/p>\n<p>El programa cultural ofreci\u00f3 la participaci\u00f3n de los ballets folcl\u00f3ricos locales \u201cTumben Lool\u201d y Chan Santa Cruz, brindando al p\u00fablico asistente una muestra vibrante de la riqueza cultural de la regi\u00f3n.<\/p>\n<p><img loading=\"lazy\" decoding=\"async\" class=\"aligncenter wp-image-3369 \" src=\"https:\/\/angelsolisnoticias.com\/wp-content\/uploads\/2023\/10\/Carrillo-Jaanal-Pixan4.jpg\" alt=\"\" width=\"598\" height=\"406\" \/><\/p>\n<p>Mary Hern\u00e1ndez enfatiz\u00f3 la importancia de preservar las tradiciones, destacando que el gobierno municipal est\u00e1 comprometido con esta causa. Con la mira puesta en consolidar a Felipe Carrillo Puerto como uno de los principales destinos tur\u00edsticos de M\u00e9xico, las festividades del &#8220;Jaanal Pixan&#8221; 2023 presentan una amplia cartelera de actividades para todas las edades y gustos.<\/p>\n<p>Durante tres d\u00edas, tanto visitantes como familias carrilloportenses tendr\u00e1n la oportunidad de sumergirse en la celebraci\u00f3n de las tradiciones, usos y costumbres transformadas en una festividad en honor a los difuntos, promoviendo la diversi\u00f3n y el sano esparcimiento para todos los presentes.<\/p>\n","protected":false},"excerpt":{"rendered":"<p>Felipe Carrillo Puerto, 28 de octubre Redacci\u00f3n En un ambiente cargado de la esencia tradicional y cultural de M\u00e9xico, la Presidenta Municipal Mary Hern\u00e1ndez encabez\u00f3 el comienzo de las celebraciones del &#8220;Jaanal Pixan&#8221; 2023. El viernes por la noche, la presidenta municipal encabez\u00f3 un numeroso grupo de personas en el <a href=\"https:\/\/angelsolisnoticias.com\/index.php\/2023\/10\/28\/inician-las-festividades-del-jaanal-pixan-2023-en-felipe-carrillo-puerto\/\" class=\"btn btn-link continue-link\">Seguir leyendo<\/a><\/p>\n","protected":false},"author":1,"featured_media":3367,"comment_status":"open","ping_status":"open","sticky":false,"template":"","format":"standard","meta":{"footnotes":""},"categories":[1],"tags":[],"class_list":["post-3365","post","type-post","status-publish","format-standard","has-post-thumbnail","hentry","category-uncategorized"],"yoast_head":"<!-- This site is optimized with the Yoast SEO plugin v21.1 - https:\/\/yoast.com\/wordpress\/plugins\/seo\/ -->\n<title>\u00a1Inician las festividades del &quot;Jaanal Pixan&quot; 2023 en Felipe Carrillo Puerto!<\/title>\n<meta name=\"description\" content=\".\" \/>\n<meta name=\"robots\" content=\"index, follow, max-snippet:-1, max-image-preview:large, max-video-preview:-1\" \/>\n<link rel=\"canonical\" href=\"https:\/\/angelsolisnoticias.com\/index.php\/2023\/10\/28\/inician-las-festividades-del-jaanal-pixan-2023-en-felipe-carrillo-puerto\/\" \/>\n<meta property=\"og:locale\" content=\"es_MX\" \/>\n<meta property=\"og:type\" content=\"article\" \/>\n<meta property=\"og:title\" content=\"\u00a1Inician las festividades del &quot;Jaanal Pixan&quot; 2023 en Felipe Carrillo Puerto!\" \/>\n<meta property=\"og:description\" content=\".\" \/>\n<meta property=\"og:url\" content=\"https:\/\/angelsolisnoticias.com\/index.php\/2023\/10\/28\/inician-las-festividades-del-jaanal-pixan-2023-en-felipe-carrillo-puerto\/\" \/>\n<meta property=\"og:site_name\" content=\"\u00c1ngel Solis\" \/>\n<meta property=\"article:publisher\" content=\"https:\/\/www.facebook.com\/periodistasquintanaroo\" \/>\n<meta property=\"article:published_time\" content=\"2023-10-28T15:50:59+00:00\" \/>\n<meta property=\"article:modified_time\" content=\"2023-10-28T21:30:29+00:00\" \/>\n<meta property=\"og:image\" content=\"https:\/\/angelsolisnoticias.com\/wp-content\/uploads\/2023\/10\/Carrillo-Jaanal-Pixan6.jpg\" \/>\n\t<meta property=\"og:image:width\" content=\"800\" \/>\n\t<meta property=\"og:image:height\" content=\"569\" \/>\n\t<meta property=\"og:image:type\" content=\"image\/jpeg\" \/>\n<meta name=\"author\" content=\"admin\" \/>\n<meta name=\"twitter:card\" content=\"summary_large_image\" \/>\n<meta name=\"twitter:creator\" content=\"@PERIODISTASQROO\" \/>\n<meta name=\"twitter:site\" content=\"@PERIODISTASQROO\" \/>\n<meta name=\"twitter:label1\" content=\"Escrito por\" \/>\n\t<meta name=\"twitter:data1\" content=\"admin\" \/>\n\t<meta name=\"twitter:label2\" content=\"Tiempo de lectura\" \/>\n\t<meta name=\"twitter:data2\" content=\"3 minutos\" \/>\n<script type=\"application\/ld+json\" class=\"yoast-schema-graph\">{\"@context\":\"https:\/\/schema.org\",\"@graph\":[{\"@type\":\"Article\",\"@id\":\"https:\/\/angelsolisnoticias.com\/index.php\/2023\/10\/28\/inician-las-festividades-del-jaanal-pixan-2023-en-felipe-carrillo-puerto\/#article\",\"isPartOf\":{\"@id\":\"https:\/\/angelsolisnoticias.com\/index.php\/2023\/10\/28\/inician-las-festividades-del-jaanal-pixan-2023-en-felipe-carrillo-puerto\/\"},\"author\":{\"name\":\"admin\",\"@id\":\"https:\/\/angelsolisnoticias.com\/#\/schema\/person\/d5ca5e4c5f05db44e86cb564bf81ae6f\"},\"headline\":\"\u00a1Inician las festividades del &#8220;Jaanal Pixan&#8221; 2023 en Felipe Carrillo Puerto!\",\"datePublished\":\"2023-10-28T15:50:59+00:00\",\"dateModified\":\"2023-10-28T21:30:29+00:00\",\"mainEntityOfPage\":{\"@id\":\"https:\/\/angelsolisnoticias.com\/index.php\/2023\/10\/28\/inician-las-festividades-del-jaanal-pixan-2023-en-felipe-carrillo-puerto\/\"},\"wordCount\":356,\"commentCount\":0,\"publisher\":{\"@id\":\"https:\/\/angelsolisnoticias.com\/#organization\"},\"articleSection\":[\"Uncategorized\"],\"inLanguage\":\"es\",\"potentialAction\":[{\"@type\":\"CommentAction\",\"name\":\"Comment\",\"target\":[\"https:\/\/angelsolisnoticias.com\/index.php\/2023\/10\/28\/inician-las-festividades-del-jaanal-pixan-2023-en-felipe-carrillo-puerto\/#respond\"]}]},{\"@type\":\"WebPage\",\"@id\":\"https:\/\/angelsolisnoticias.com\/index.php\/2023\/10\/28\/inician-las-festividades-del-jaanal-pixan-2023-en-felipe-carrillo-puerto\/\",\"url\":\"https:\/\/angelsolisnoticias.com\/index.php\/2023\/10\/28\/inician-las-festividades-del-jaanal-pixan-2023-en-felipe-carrillo-puerto\/\",\"name\":\"\u00a1Inician las festividades del \\\"Jaanal Pixan\\\" 2023 en Felipe Carrillo Puerto!\",\"isPartOf\":{\"@id\":\"https:\/\/angelsolisnoticias.com\/#website\"},\"datePublished\":\"2023-10-28T15:50:59+00:00\",\"dateModified\":\"2023-10-28T21:30:29+00:00\",\"description\":\".\",\"breadcrumb\":{\"@id\":\"https:\/\/angelsolisnoticias.com\/index.php\/2023\/10\/28\/inician-las-festividades-del-jaanal-pixan-2023-en-felipe-carrillo-puerto\/#breadcrumb\"},\"inLanguage\":\"es\",\"potentialAction\":[{\"@type\":\"ReadAction\",\"target\":[\"https:\/\/angelsolisnoticias.com\/index.php\/2023\/10\/28\/inician-las-festividades-del-jaanal-pixan-2023-en-felipe-carrillo-puerto\/\"]}]},{\"@type\":\"BreadcrumbList\",\"@id\":\"https:\/\/angelsolisnoticias.com\/index.php\/2023\/10\/28\/inician-las-festividades-del-jaanal-pixan-2023-en-felipe-carrillo-puerto\/#breadcrumb\",\"itemListElement\":[{\"@type\":\"ListItem\",\"position\":1,\"name\":\"Inicio\",\"item\":\"https:\/\/angelsolisnoticias.com\/\"},{\"@type\":\"ListItem\",\"position\":2,\"name\":\"\u00a1Inician las festividades del &#8220;Jaanal Pixan&#8221; 2023 en Felipe Carrillo Puerto!\"}]},{\"@type\":\"WebSite\",\"@id\":\"https:\/\/angelsolisnoticias.com\/#website\",\"url\":\"https:\/\/angelsolisnoticias.com\/\",\"name\":\"\u00c1ngel Solis\",\"description\":\"Noticias de Quintana Roo\",\"publisher\":{\"@id\":\"https:\/\/angelsolisnoticias.com\/#organization\"},\"potentialAction\":[{\"@type\":\"SearchAction\",\"target\":{\"@type\":\"EntryPoint\",\"urlTemplate\":\"https:\/\/angelsolisnoticias.com\/?s={search_term_string}\"},\"query-input\":\"required name=search_term_string\"}],\"inLanguage\":\"es\"},{\"@type\":\"Organization\",\"@id\":\"https:\/\/angelsolisnoticias.com\/#organization\",\"name\":\"\u00c1ngel Solis\",\"url\":\"https:\/\/angelsolisnoticias.com\/\",\"logo\":{\"@type\":\"ImageObject\",\"inLanguage\":\"es\",\"@id\":\"https:\/\/angelsolisnoticias.com\/#\/schema\/logo\/image\/\",\"url\":\"https:\/\/angelsolisnoticias.com\/wp-content\/uploads\/2023\/01\/LOGO3.png\",\"contentUrl\":\"https:\/\/angelsolisnoticias.com\/wp-content\/uploads\/2023\/01\/LOGO3.png\",\"width\":1853,\"height\":570,\"caption\":\"\u00c1ngel Solis\"},\"image\":{\"@id\":\"https:\/\/angelsolisnoticias.com\/#\/schema\/logo\/image\/\"},\"sameAs\":[\"https:\/\/www.facebook.com\/periodistasquintanaroo\",\"https:\/\/twitter.com\/PERIODISTASQROO\"]},{\"@type\":\"Person\",\"@id\":\"https:\/\/angelsolisnoticias.com\/#\/schema\/person\/d5ca5e4c5f05db44e86cb564bf81ae6f\",\"name\":\"admin\",\"image\":{\"@type\":\"ImageObject\",\"inLanguage\":\"es\",\"@id\":\"https:\/\/angelsolisnoticias.com\/#\/schema\/person\/image\/\",\"url\":\"https:\/\/secure.gravatar.com\/avatar\/dff3eaf7d33320066684ce268bff2bf90ce4f69456139b2d65d7796f64299e47?s=96&d=mm&r=g\",\"contentUrl\":\"https:\/\/secure.gravatar.com\/avatar\/dff3eaf7d33320066684ce268bff2bf90ce4f69456139b2d65d7796f64299e47?s=96&d=mm&r=g\",\"caption\":\"admin\"},\"sameAs\":[\"https:\/\/angelsolisnoticias.com\"],\"url\":\"https:\/\/angelsolisnoticias.com\/index.php\/author\/admin_qnbaat5l\/\"}]}<\/script>\n<!-- \/ Yoast SEO plugin. -->","yoast_head_json":{"title":"\u00a1Inician las festividades del \"Jaanal Pixan\" 2023 en Felipe Carrillo Puerto!","description":".","robots":{"index":"index","follow":"follow","max-snippet":"max-snippet:-1","max-image-preview":"max-image-preview:large","max-video-preview":"max-video-preview:-1"},"canonical":"https:\/\/angelsolisnoticias.com\/index.php\/2023\/10\/28\/inician-las-festividades-del-jaanal-pixan-2023-en-felipe-carrillo-puerto\/","og_locale":"es_MX","og_type":"article","og_title":"\u00a1Inician las festividades del \"Jaanal Pixan\" 2023 en Felipe Carrillo Puerto!","og_description":".","og_url":"https:\/\/angelsolisnoticias.com\/index.php\/2023\/10\/28\/inician-las-festividades-del-jaanal-pixan-2023-en-felipe-carrillo-puerto\/","og_site_name":"\u00c1ngel Solis","article_publisher":"https:\/\/www.facebook.com\/periodistasquintanaroo","article_published_time":"2023-10-28T15:50:59+00:00","article_modified_time":"2023-10-28T21:30:29+00:00","og_image":[{"width":800,"height":569,"url":"https:\/\/angelsolisnoticias.com\/wp-content\/uploads\/2023\/10\/Carrillo-Jaanal-Pixan6.jpg","type":"image\/jpeg"}],"author":"admin","twitter_card":"summary_large_image","twitter_creator":"@PERIODISTASQROO","twitter_site":"@PERIODISTASQROO","twitter_misc":{"Escrito por":"admin","Tiempo de lectura":"3 minutos"},"schema":{"@context":"https:\/\/schema.org","@graph":[{"@type":"Article","@id":"https:\/\/angelsolisnoticias.com\/index.php\/2023\/10\/28\/inician-las-festividades-del-jaanal-pixan-2023-en-felipe-carrillo-puerto\/#article","isPartOf":{"@id":"https:\/\/angelsolisnoticias.com\/index.php\/2023\/10\/28\/inician-las-festividades-del-jaanal-pixan-2023-en-felipe-carrillo-puerto\/"},"author":{"name":"admin","@id":"https:\/\/angelsolisnoticias.com\/#\/schema\/person\/d5ca5e4c5f05db44e86cb564bf81ae6f"},"headline":"\u00a1Inician las festividades del &#8220;Jaanal Pixan&#8221; 2023 en Felipe Carrillo Puerto!","datePublished":"2023-10-28T15:50:59+00:00","dateModified":"2023-10-28T21:30:29+00:00","mainEntityOfPage":{"@id":"https:\/\/angelsolisnoticias.com\/index.php\/2023\/10\/28\/inician-las-festividades-del-jaanal-pixan-2023-en-felipe-carrillo-puerto\/"},"wordCount":356,"commentCount":0,"publisher":{"@id":"https:\/\/angelsolisnoticias.com\/#organization"},"articleSection":["Uncategorized"],"inLanguage":"es","potentialAction":[{"@type":"CommentAction","name":"Comment","target":["https:\/\/angelsolisnoticias.com\/index.php\/2023\/10\/28\/inician-las-festividades-del-jaanal-pixan-2023-en-felipe-carrillo-puerto\/#respond"]}]},{"@type":"WebPage","@id":"https:\/\/angelsolisnoticias.com\/index.php\/2023\/10\/28\/inician-las-festividades-del-jaanal-pixan-2023-en-felipe-carrillo-puerto\/","url":"https:\/\/angelsolisnoticias.com\/index.php\/2023\/10\/28\/inician-las-festividades-del-jaanal-pixan-2023-en-felipe-carrillo-puerto\/","name":"\u00a1Inician las festividades del \"Jaanal Pixan\" 2023 en Felipe Carrillo Puerto!","isPartOf":{"@id":"https:\/\/angelsolisnoticias.com\/#website"},"datePublished":"2023-10-28T15:50:59+00:00","dateModified":"2023-10-28T21:30:29+00:00","description":".","breadcrumb":{"@id":"https:\/\/angelsolisnoticias.com\/index.php\/2023\/10\/28\/inician-las-festividades-del-jaanal-pixan-2023-en-felipe-carrillo-puerto\/#breadcrumb"},"inLanguage":"es","potentialAction":[{"@type":"ReadAction","target":["https:\/\/angelsolisnoticias.com\/index.php\/2023\/10\/28\/inician-las-festividades-del-jaanal-pixan-2023-en-felipe-carrillo-puerto\/"]}]},{"@type":"BreadcrumbList","@id":"https:\/\/angelsolisnoticias.com\/index.php\/2023\/10\/28\/inician-las-festividades-del-jaanal-pixan-2023-en-felipe-carrillo-puerto\/#breadcrumb","itemListElement":[{"@type":"ListItem","position":1,"name":"Inicio","item":"https:\/\/angelsolisnoticias.com\/"},{"@type":"ListItem","position":2,"name":"\u00a1Inician las festividades del &#8220;Jaanal Pixan&#8221; 2023 en Felipe Carrillo Puerto!"}]},{"@type":"WebSite","@id":"https:\/\/angelsolisnoticias.com\/#website","url":"https:\/\/angelsolisnoticias.com\/","name":"\u00c1ngel Solis","description":"Noticias de Quintana Roo","publisher":{"@id":"https:\/\/angelsolisnoticias.com\/#organization"},"potentialAction":[{"@type":"SearchAction","target":{"@type":"EntryPoint","urlTemplate":"https:\/\/angelsolisnoticias.com\/?s={search_term_string}"},"query-input":"required name=search_term_string"}],"inLanguage":"es"},{"@type":"Organization","@id":"https:\/\/angelsolisnoticias.com\/#organization","name":"\u00c1ngel Solis","url":"https:\/\/angelsolisnoticias.com\/","logo":{"@type":"ImageObject","inLanguage":"es","@id":"https:\/\/angelsolisnoticias.com\/#\/schema\/logo\/image\/","url":"https:\/\/angelsolisnoticias.com\/wp-content\/uploads\/2023\/01\/LOGO3.png","contentUrl":"https:\/\/angelsolisnoticias.com\/wp-content\/uploads\/2023\/01\/LOGO3.png","width":1853,"height":570,"caption":"\u00c1ngel Solis"},"image":{"@id":"https:\/\/angelsolisnoticias.com\/#\/schema\/logo\/image\/"},"sameAs":["https:\/\/www.facebook.com\/periodistasquintanaroo","https:\/\/twitter.com\/PERIODISTASQROO"]},{"@type":"Person","@id":"https:\/\/angelsolisnoticias.com\/#\/schema\/person\/d5ca5e4c5f05db44e86cb564bf81ae6f","name":"admin","image":{"@type":"ImageObject","inLanguage":"es","@id":"https:\/\/angelsolisnoticias.com\/#\/schema\/person\/image\/","url":"https:\/\/secure.gravatar.com\/avatar\/dff3eaf7d33320066684ce268bff2bf90ce4f69456139b2d65d7796f64299e47?s=96&d=mm&r=g","contentUrl":"https:\/\/secure.gravatar.com\/avatar\/dff3eaf7d33320066684ce268bff2bf90ce4f69456139b2d65d7796f64299e47?s=96&d=mm&r=g","caption":"admin"},"sameAs":["https:\/\/angelsolisnoticias.com"],"url":"https:\/\/angelsolisnoticias.com\/index.php\/author\/admin_qnbaat5l\/"}]}},"jetpack_featured_media_url":"https:\/\/angelsolisnoticias.com\/wp-content\/uploads\/2023\/10\/Carrillo-Jaanal-Pixan6.jpg","_links":{"self":[{"href":"https:\/\/angelsolisnoticias.com\/index.php\/wp-json\/wp\/v2\/posts\/3365","targetHints":{"allow":["GET"]}}],"collection":[{"href":"https:\/\/angelsolisnoticias.com\/index.php\/wp-json\/wp\/v2\/posts"}],"about":[{"href":"https:\/\/angelsolisnoticias.com\/index.php\/wp-json\/wp\/v2\/types\/post"}],"author":[{"embeddable":true,"href":"https:\/\/angelsolisnoticias.com\/index.php\/wp-json\/wp\/v2\/users\/1"}],"replies":[{"embeddable":true,"href":"https:\/\/angelsolisnoticias.com\/index.php\/wp-json\/wp\/v2\/comments?post=3365"}],"version-history":[{"count":3,"href":"https:\/\/angelsolisnoticias.com\/index.php\/wp-json\/wp\/v2\/posts\/3365\/revisions"}],"predecessor-version":[{"id":3373,"href":"https:\/\/angelsolisnoticias.com\/index.php\/wp-json\/wp\/v2\/posts\/3365\/revisions\/3373"}],"wp:featuredmedia":[{"embeddable":true,"href":"https:\/\/angelsolisnoticias.com\/index.php\/wp-json\/wp\/v2\/media\/3367"}],"wp:attachment":[{"href":"https:\/\/angelsolisnoticias.com\/index.php\/wp-json\/wp\/v2\/media?parent=3365"}],"wp:term":[{"taxonomy":"category","embeddable":true,"href":"https:\/\/angelsolisnoticias.com\/index.php\/wp-json\/wp\/v2\/categories?post=3365"},{"taxonomy":"post_tag","embeddable":true,"href":"https:\/\/angelsolisnoticias.com\/index.php\/wp-json\/wp\/v2\/tags?post=3365"}],"curies":[{"name":"wp","href":"https:\/\/api.w.org\/{rel}","templated":true}]}}