{"id":3408,"date":"2023-10-30T17:11:02","date_gmt":"2023-10-30T17:11:02","guid":{"rendered":"https:\/\/angelsolisnoticias.com\/?p=3408"},"modified":"2023-10-31T00:04:18","modified_gmt":"2023-10-31T00:04:18","slug":"envia-mara-lezama-apoyo-para-las-personas-afectadas-de-guerrero","status":"publish","type":"post","link":"https:\/\/angelsolisnoticias.com\/index.php\/2023\/10\/30\/envia-mara-lezama-apoyo-para-las-personas-afectadas-de-guerrero\/","title":{"rendered":"Env\u00eda Mara Lezama apoyo para las personas afectadas de Guerrero"},"content":{"rendered":"<p>Canc\u00fan, 30 de octubre<br \/>\nRedacci\u00f3n<\/p>\n<p>Al agradecer la colaboraci\u00f3n de los y las quintanarroenses que se han sumado con su aportaci\u00f3n en especie para los damnificados de Guerrero por el hurac\u00e1n OTIS, la gobernadora Mara Lezama Espinosa y la presidenta del Sistema DIF estatal, Ver\u00f3nica Lezama Espinosa, encabezaron los trabajos para organizar la ayuda que va llegando a los centros de acopio del DIF Estatal y que ser\u00e1 enviada para apoyar a quienes m\u00e1s lo necesitan.<\/p>\n<p>A trav\u00e9s de los 15 centros de acopio que se abrieron en el Estado se lograron recolectar 16 toneladas de ayuda.<\/p>\n<p><img loading=\"lazy\" decoding=\"async\" class=\"aligncenter wp-image-3411 \" src=\"https:\/\/angelsolisnoticias.com\/wp-content\/uploads\/2023\/10\/Mara-Apoyo-Guerrero4.jpg\" alt=\"\" width=\"600\" height=\"389\" \/><\/p>\n<p>La gobernadora de Quintana Roo destac\u00f3 que se est\u00e1 ordenando cada uno de los productos, como son later\u00eda, agua, pa\u00f1ales, medicinas, ropa, art\u00edculos de uso personal, pa\u00f1ales infantiles y de adulto mayor, etc., para facilitar su distribuci\u00f3n.<\/p>\n<p>Agradeci\u00f3 la ayuda de gente extraordinaria para hermanos en desgracia. \u201cHay un largo camino por andar, ah\u00ed est\u00e1 la devastaci\u00f3n\u2026 lo hemos vivido en carne propia, cuando sales de casa y ves pr\u00e1cticamente todo derruido y el alimento va a faltar muchas semanas\u201d expres\u00f3 la titular del Ejecutivo.<\/p>\n<p><img loading=\"lazy\" decoding=\"async\" class=\"aligncenter wp-image-3413 \" src=\"https:\/\/angelsolisnoticias.com\/wp-content\/uploads\/2023\/10\/Mara-Apoyo-Guerrero2.jpg\" alt=\"\" width=\"593\" height=\"393\" \/><\/p>\n<p>Desde el DIF Estatal Mara Lezama enfatiz\u00f3 que se seguir\u00e1 trabajando 24\/7, con el esp\u00edritu del Nuevo Acuerdo por el Bienestar y Desarrollo de Quintana Roo que contempla sumar esfuerzos para que las personas vivan mejor. \u201cLe pedimos a la gente que nos siga ayudando y se siga sumando, la necesidad es inmensa, muchas gracias a todas y todos\u201d asegur\u00f3 Mara Lezama.<\/p>\n<p>\u201cEstamos aqu\u00ed trabajando, separando y se est\u00e1n llenando ya los camiones del DIF Quintana Roo, ha trabajado mucha gente, sobre todo la ayuda de muchos ciudadanas y ciudadanos que nos unimos en este M\u00e9xico ante la adversidad. De verdad que como M\u00e9xico solo hay uno, este pa\u00eds extraordinario, gracias a todas y todos los que ayudan\u201d destac\u00f3 la gobernadora Mara Lezama.<\/p>\n","protected":false},"excerpt":{"rendered":"<p>Canc\u00fan, 30 de octubre Redacci\u00f3n Al agradecer la colaboraci\u00f3n de los y las quintanarroenses que se han sumado con su aportaci\u00f3n en especie para los damnificados de Guerrero por el hurac\u00e1n OTIS, la gobernadora Mara Lezama Espinosa y la presidenta del Sistema DIF estatal, Ver\u00f3nica Lezama Espinosa, encabezaron los trabajos <a href=\"https:\/\/angelsolisnoticias.com\/index.php\/2023\/10\/30\/envia-mara-lezama-apoyo-para-las-personas-afectadas-de-guerrero\/\" class=\"btn btn-link continue-link\">Seguir leyendo<\/a><\/p>\n","protected":false},"author":1,"featured_media":3413,"comment_status":"open","ping_status":"open","sticky":false,"template":"","format":"standard","meta":{"footnotes":""},"categories":[1],"tags":[],"class_list":["post-3408","post","type-post","status-publish","format-standard","has-post-thumbnail","hentry","category-uncategorized"],"yoast_head":"<!-- This site is optimized with the Yoast SEO plugin v21.1 - https:\/\/yoast.com\/wordpress\/plugins\/seo\/ -->\n<title>Env\u00eda Mara Lezama apoyo para las personas afectadas de Guerrero<\/title>\n<meta name=\"description\" content=\".\" \/>\n<meta name=\"robots\" content=\"index, follow, max-snippet:-1, max-image-preview:large, max-video-preview:-1\" \/>\n<link rel=\"canonical\" href=\"https:\/\/angelsolisnoticias.com\/index.php\/2023\/10\/30\/envia-mara-lezama-apoyo-para-las-personas-afectadas-de-guerrero\/\" \/>\n<meta property=\"og:locale\" content=\"es_MX\" \/>\n<meta property=\"og:type\" content=\"article\" \/>\n<meta property=\"og:title\" content=\"Env\u00eda Mara Lezama apoyo para las personas afectadas de Guerrero\" \/>\n<meta property=\"og:description\" content=\".\" \/>\n<meta property=\"og:url\" content=\"https:\/\/angelsolisnoticias.com\/index.php\/2023\/10\/30\/envia-mara-lezama-apoyo-para-las-personas-afectadas-de-guerrero\/\" \/>\n<meta property=\"og:site_name\" content=\"\u00c1ngel Solis\" \/>\n<meta property=\"article:publisher\" content=\"https:\/\/www.facebook.com\/periodistasquintanaroo\" \/>\n<meta property=\"article:published_time\" content=\"2023-10-30T17:11:02+00:00\" \/>\n<meta property=\"article:modified_time\" content=\"2023-10-31T00:04:18+00:00\" \/>\n<meta property=\"og:image\" content=\"https:\/\/angelsolisnoticias.com\/wp-content\/uploads\/2023\/10\/Mara-Apoyo-Guerrero2.jpg\" \/>\n\t<meta property=\"og:image:width\" content=\"720\" \/>\n\t<meta property=\"og:image:height\" content=\"480\" \/>\n\t<meta property=\"og:image:type\" content=\"image\/jpeg\" \/>\n<meta name=\"author\" content=\"admin\" \/>\n<meta name=\"twitter:card\" content=\"summary_large_image\" \/>\n<meta name=\"twitter:creator\" content=\"@PERIODISTASQROO\" \/>\n<meta name=\"twitter:site\" content=\"@PERIODISTASQROO\" \/>\n<meta name=\"twitter:label1\" content=\"Escrito por\" \/>\n\t<meta name=\"twitter:data1\" content=\"admin\" \/>\n\t<meta name=\"twitter:label2\" content=\"Tiempo de lectura\" \/>\n\t<meta name=\"twitter:data2\" content=\"2 minutos\" \/>\n<script type=\"application\/ld+json\" class=\"yoast-schema-graph\">{\"@context\":\"https:\/\/schema.org\",\"@graph\":[{\"@type\":\"Article\",\"@id\":\"https:\/\/angelsolisnoticias.com\/index.php\/2023\/10\/30\/envia-mara-lezama-apoyo-para-las-personas-afectadas-de-guerrero\/#article\",\"isPartOf\":{\"@id\":\"https:\/\/angelsolisnoticias.com\/index.php\/2023\/10\/30\/envia-mara-lezama-apoyo-para-las-personas-afectadas-de-guerrero\/\"},\"author\":{\"name\":\"admin\",\"@id\":\"https:\/\/angelsolisnoticias.com\/#\/schema\/person\/d5ca5e4c5f05db44e86cb564bf81ae6f\"},\"headline\":\"Env\u00eda Mara Lezama apoyo para las personas afectadas de Guerrero\",\"datePublished\":\"2023-10-30T17:11:02+00:00\",\"dateModified\":\"2023-10-31T00:04:18+00:00\",\"mainEntityOfPage\":{\"@id\":\"https:\/\/angelsolisnoticias.com\/index.php\/2023\/10\/30\/envia-mara-lezama-apoyo-para-las-personas-afectadas-de-guerrero\/\"},\"wordCount\":332,\"commentCount\":0,\"publisher\":{\"@id\":\"https:\/\/angelsolisnoticias.com\/#organization\"},\"articleSection\":[\"Uncategorized\"],\"inLanguage\":\"es\",\"potentialAction\":[{\"@type\":\"CommentAction\",\"name\":\"Comment\",\"target\":[\"https:\/\/angelsolisnoticias.com\/index.php\/2023\/10\/30\/envia-mara-lezama-apoyo-para-las-personas-afectadas-de-guerrero\/#respond\"]}]},{\"@type\":\"WebPage\",\"@id\":\"https:\/\/angelsolisnoticias.com\/index.php\/2023\/10\/30\/envia-mara-lezama-apoyo-para-las-personas-afectadas-de-guerrero\/\",\"url\":\"https:\/\/angelsolisnoticias.com\/index.php\/2023\/10\/30\/envia-mara-lezama-apoyo-para-las-personas-afectadas-de-guerrero\/\",\"name\":\"Env\u00eda Mara Lezama apoyo para las personas afectadas de Guerrero\",\"isPartOf\":{\"@id\":\"https:\/\/angelsolisnoticias.com\/#website\"},\"datePublished\":\"2023-10-30T17:11:02+00:00\",\"dateModified\":\"2023-10-31T00:04:18+00:00\",\"description\":\".\",\"breadcrumb\":{\"@id\":\"https:\/\/angelsolisnoticias.com\/index.php\/2023\/10\/30\/envia-mara-lezama-apoyo-para-las-personas-afectadas-de-guerrero\/#breadcrumb\"},\"inLanguage\":\"es\",\"potentialAction\":[{\"@type\":\"ReadAction\",\"target\":[\"https:\/\/angelsolisnoticias.com\/index.php\/2023\/10\/30\/envia-mara-lezama-apoyo-para-las-personas-afectadas-de-guerrero\/\"]}]},{\"@type\":\"BreadcrumbList\",\"@id\":\"https:\/\/angelsolisnoticias.com\/index.php\/2023\/10\/30\/envia-mara-lezama-apoyo-para-las-personas-afectadas-de-guerrero\/#breadcrumb\",\"itemListElement\":[{\"@type\":\"ListItem\",\"position\":1,\"name\":\"Inicio\",\"item\":\"https:\/\/angelsolisnoticias.com\/\"},{\"@type\":\"ListItem\",\"position\":2,\"name\":\"Env\u00eda Mara Lezama apoyo para las personas afectadas de Guerrero\"}]},{\"@type\":\"WebSite\",\"@id\":\"https:\/\/angelsolisnoticias.com\/#website\",\"url\":\"https:\/\/angelsolisnoticias.com\/\",\"name\":\"\u00c1ngel Solis\",\"description\":\"Noticias de Quintana Roo\",\"publisher\":{\"@id\":\"https:\/\/angelsolisnoticias.com\/#organization\"},\"potentialAction\":[{\"@type\":\"SearchAction\",\"target\":{\"@type\":\"EntryPoint\",\"urlTemplate\":\"https:\/\/angelsolisnoticias.com\/?s={search_term_string}\"},\"query-input\":\"required name=search_term_string\"}],\"inLanguage\":\"es\"},{\"@type\":\"Organization\",\"@id\":\"https:\/\/angelsolisnoticias.com\/#organization\",\"name\":\"\u00c1ngel Solis\",\"url\":\"https:\/\/angelsolisnoticias.com\/\",\"logo\":{\"@type\":\"ImageObject\",\"inLanguage\":\"es\",\"@id\":\"https:\/\/angelsolisnoticias.com\/#\/schema\/logo\/image\/\",\"url\":\"https:\/\/angelsolisnoticias.com\/wp-content\/uploads\/2023\/01\/LOGO3.png\",\"contentUrl\":\"https:\/\/angelsolisnoticias.com\/wp-content\/uploads\/2023\/01\/LOGO3.png\",\"width\":1853,\"height\":570,\"caption\":\"\u00c1ngel Solis\"},\"image\":{\"@id\":\"https:\/\/angelsolisnoticias.com\/#\/schema\/logo\/image\/\"},\"sameAs\":[\"https:\/\/www.facebook.com\/periodistasquintanaroo\",\"https:\/\/twitter.com\/PERIODISTASQROO\"]},{\"@type\":\"Person\",\"@id\":\"https:\/\/angelsolisnoticias.com\/#\/schema\/person\/d5ca5e4c5f05db44e86cb564bf81ae6f\",\"name\":\"admin\",\"image\":{\"@type\":\"ImageObject\",\"inLanguage\":\"es\",\"@id\":\"https:\/\/angelsolisnoticias.com\/#\/schema\/person\/image\/\",\"url\":\"https:\/\/secure.gravatar.com\/avatar\/dff3eaf7d33320066684ce268bff2bf90ce4f69456139b2d65d7796f64299e47?s=96&d=mm&r=g\",\"contentUrl\":\"https:\/\/secure.gravatar.com\/avatar\/dff3eaf7d33320066684ce268bff2bf90ce4f69456139b2d65d7796f64299e47?s=96&d=mm&r=g\",\"caption\":\"admin\"},\"sameAs\":[\"https:\/\/angelsolisnoticias.com\"],\"url\":\"https:\/\/angelsolisnoticias.com\/index.php\/author\/admin_qnbaat5l\/\"}]}<\/script>\n<!-- \/ Yoast SEO plugin. -->","yoast_head_json":{"title":"Env\u00eda Mara Lezama apoyo para las personas afectadas de Guerrero","description":".","robots":{"index":"index","follow":"follow","max-snippet":"max-snippet:-1","max-image-preview":"max-image-preview:large","max-video-preview":"max-video-preview:-1"},"canonical":"https:\/\/angelsolisnoticias.com\/index.php\/2023\/10\/30\/envia-mara-lezama-apoyo-para-las-personas-afectadas-de-guerrero\/","og_locale":"es_MX","og_type":"article","og_title":"Env\u00eda Mara Lezama apoyo para las personas afectadas de Guerrero","og_description":".","og_url":"https:\/\/angelsolisnoticias.com\/index.php\/2023\/10\/30\/envia-mara-lezama-apoyo-para-las-personas-afectadas-de-guerrero\/","og_site_name":"\u00c1ngel Solis","article_publisher":"https:\/\/www.facebook.com\/periodistasquintanaroo","article_published_time":"2023-10-30T17:11:02+00:00","article_modified_time":"2023-10-31T00:04:18+00:00","og_image":[{"width":720,"height":480,"url":"https:\/\/angelsolisnoticias.com\/wp-content\/uploads\/2023\/10\/Mara-Apoyo-Guerrero2.jpg","type":"image\/jpeg"}],"author":"admin","twitter_card":"summary_large_image","twitter_creator":"@PERIODISTASQROO","twitter_site":"@PERIODISTASQROO","twitter_misc":{"Escrito por":"admin","Tiempo de lectura":"2 minutos"},"schema":{"@context":"https:\/\/schema.org","@graph":[{"@type":"Article","@id":"https:\/\/angelsolisnoticias.com\/index.php\/2023\/10\/30\/envia-mara-lezama-apoyo-para-las-personas-afectadas-de-guerrero\/#article","isPartOf":{"@id":"https:\/\/angelsolisnoticias.com\/index.php\/2023\/10\/30\/envia-mara-lezama-apoyo-para-las-personas-afectadas-de-guerrero\/"},"author":{"name":"admin","@id":"https:\/\/angelsolisnoticias.com\/#\/schema\/person\/d5ca5e4c5f05db44e86cb564bf81ae6f"},"headline":"Env\u00eda Mara Lezama apoyo para las personas afectadas de Guerrero","datePublished":"2023-10-30T17:11:02+00:00","dateModified":"2023-10-31T00:04:18+00:00","mainEntityOfPage":{"@id":"https:\/\/angelsolisnoticias.com\/index.php\/2023\/10\/30\/envia-mara-lezama-apoyo-para-las-personas-afectadas-de-guerrero\/"},"wordCount":332,"commentCount":0,"publisher":{"@id":"https:\/\/angelsolisnoticias.com\/#organization"},"articleSection":["Uncategorized"],"inLanguage":"es","potentialAction":[{"@type":"CommentAction","name":"Comment","target":["https:\/\/angelsolisnoticias.com\/index.php\/2023\/10\/30\/envia-mara-lezama-apoyo-para-las-personas-afectadas-de-guerrero\/#respond"]}]},{"@type":"WebPage","@id":"https:\/\/angelsolisnoticias.com\/index.php\/2023\/10\/30\/envia-mara-lezama-apoyo-para-las-personas-afectadas-de-guerrero\/","url":"https:\/\/angelsolisnoticias.com\/index.php\/2023\/10\/30\/envia-mara-lezama-apoyo-para-las-personas-afectadas-de-guerrero\/","name":"Env\u00eda Mara Lezama apoyo para las personas afectadas de Guerrero","isPartOf":{"@id":"https:\/\/angelsolisnoticias.com\/#website"},"datePublished":"2023-10-30T17:11:02+00:00","dateModified":"2023-10-31T00:04:18+00:00","description":".","breadcrumb":{"@id":"https:\/\/angelsolisnoticias.com\/index.php\/2023\/10\/30\/envia-mara-lezama-apoyo-para-las-personas-afectadas-de-guerrero\/#breadcrumb"},"inLanguage":"es","potentialAction":[{"@type":"ReadAction","target":["https:\/\/angelsolisnoticias.com\/index.php\/2023\/10\/30\/envia-mara-lezama-apoyo-para-las-personas-afectadas-de-guerrero\/"]}]},{"@type":"BreadcrumbList","@id":"https:\/\/angelsolisnoticias.com\/index.php\/2023\/10\/30\/envia-mara-lezama-apoyo-para-las-personas-afectadas-de-guerrero\/#breadcrumb","itemListElement":[{"@type":"ListItem","position":1,"name":"Inicio","item":"https:\/\/angelsolisnoticias.com\/"},{"@type":"ListItem","position":2,"name":"Env\u00eda Mara Lezama apoyo para las personas afectadas de Guerrero"}]},{"@type":"WebSite","@id":"https:\/\/angelsolisnoticias.com\/#website","url":"https:\/\/angelsolisnoticias.com\/","name":"\u00c1ngel Solis","description":"Noticias de Quintana Roo","publisher":{"@id":"https:\/\/angelsolisnoticias.com\/#organization"},"potentialAction":[{"@type":"SearchAction","target":{"@type":"EntryPoint","urlTemplate":"https:\/\/angelsolisnoticias.com\/?s={search_term_string}"},"query-input":"required name=search_term_string"}],"inLanguage":"es"},{"@type":"Organization","@id":"https:\/\/angelsolisnoticias.com\/#organization","name":"\u00c1ngel Solis","url":"https:\/\/angelsolisnoticias.com\/","logo":{"@type":"ImageObject","inLanguage":"es","@id":"https:\/\/angelsolisnoticias.com\/#\/schema\/logo\/image\/","url":"https:\/\/angelsolisnoticias.com\/wp-content\/uploads\/2023\/01\/LOGO3.png","contentUrl":"https:\/\/angelsolisnoticias.com\/wp-content\/uploads\/2023\/01\/LOGO3.png","width":1853,"height":570,"caption":"\u00c1ngel Solis"},"image":{"@id":"https:\/\/angelsolisnoticias.com\/#\/schema\/logo\/image\/"},"sameAs":["https:\/\/www.facebook.com\/periodistasquintanaroo","https:\/\/twitter.com\/PERIODISTASQROO"]},{"@type":"Person","@id":"https:\/\/angelsolisnoticias.com\/#\/schema\/person\/d5ca5e4c5f05db44e86cb564bf81ae6f","name":"admin","image":{"@type":"ImageObject","inLanguage":"es","@id":"https:\/\/angelsolisnoticias.com\/#\/schema\/person\/image\/","url":"https:\/\/secure.gravatar.com\/avatar\/dff3eaf7d33320066684ce268bff2bf90ce4f69456139b2d65d7796f64299e47?s=96&d=mm&r=g","contentUrl":"https:\/\/secure.gravatar.com\/avatar\/dff3eaf7d33320066684ce268bff2bf90ce4f69456139b2d65d7796f64299e47?s=96&d=mm&r=g","caption":"admin"},"sameAs":["https:\/\/angelsolisnoticias.com"],"url":"https:\/\/angelsolisnoticias.com\/index.php\/author\/admin_qnbaat5l\/"}]}},"jetpack_featured_media_url":"https:\/\/angelsolisnoticias.com\/wp-content\/uploads\/2023\/10\/Mara-Apoyo-Guerrero2.jpg","_links":{"self":[{"href":"https:\/\/angelsolisnoticias.com\/index.php\/wp-json\/wp\/v2\/posts\/3408","targetHints":{"allow":["GET"]}}],"collection":[{"href":"https:\/\/angelsolisnoticias.com\/index.php\/wp-json\/wp\/v2\/posts"}],"about":[{"href":"https:\/\/angelsolisnoticias.com\/index.php\/wp-json\/wp\/v2\/types\/post"}],"author":[{"embeddable":true,"href":"https:\/\/angelsolisnoticias.com\/index.php\/wp-json\/wp\/v2\/users\/1"}],"replies":[{"embeddable":true,"href":"https:\/\/angelsolisnoticias.com\/index.php\/wp-json\/wp\/v2\/comments?post=3408"}],"version-history":[{"count":3,"href":"https:\/\/angelsolisnoticias.com\/index.php\/wp-json\/wp\/v2\/posts\/3408\/revisions"}],"predecessor-version":[{"id":3415,"href":"https:\/\/angelsolisnoticias.com\/index.php\/wp-json\/wp\/v2\/posts\/3408\/revisions\/3415"}],"wp:featuredmedia":[{"embeddable":true,"href":"https:\/\/angelsolisnoticias.com\/index.php\/wp-json\/wp\/v2\/media\/3413"}],"wp:attachment":[{"href":"https:\/\/angelsolisnoticias.com\/index.php\/wp-json\/wp\/v2\/media?parent=3408"}],"wp:term":[{"taxonomy":"category","embeddable":true,"href":"https:\/\/angelsolisnoticias.com\/index.php\/wp-json\/wp\/v2\/categories?post=3408"},{"taxonomy":"post_tag","embeddable":true,"href":"https:\/\/angelsolisnoticias.com\/index.php\/wp-json\/wp\/v2\/tags?post=3408"}],"curies":[{"name":"wp","href":"https:\/\/api.w.org\/{rel}","templated":true}]}}