{"id":3424,"date":"2023-10-30T18:45:18","date_gmt":"2023-10-30T18:45:18","guid":{"rendered":"https:\/\/angelsolisnoticias.com\/?p=3424"},"modified":"2023-10-31T02:25:11","modified_gmt":"2023-10-31T02:25:11","slug":"abismo-negro-jr-encabezara-funcion-de-lucha-libre-en-el-marco-de-la-celebracion-del-janal-pixan","status":"publish","type":"post","link":"https:\/\/angelsolisnoticias.com\/index.php\/2023\/10\/30\/abismo-negro-jr-encabezara-funcion-de-lucha-libre-en-el-marco-de-la-celebracion-del-janal-pixan\/","title":{"rendered":"Abismo Negro Jr. encabezar\u00e1 funci\u00f3n de lucha libre en el marco de la celebraci\u00f3n del Janal Pixan"},"content":{"rendered":"<p>Playa del Carmen, Solidaridad, Q. Roo a 30 de octubre de 2023<br \/>\nRedacci\u00f3n<\/p>\n<p>Una de las tradiciones mexicanas que mayor arraigo tiene es la celebraci\u00f3n del Janal Pixan,o \u201ccomida de las \u00e1nimas&#8221;, es una tradici\u00f3n del pueblo maya que se lleva a cabo para recordar de una manera especial a los amigos y parientes que se adelantaron en el viaje eterno, en el Municipio de Solidaridad, que preside la Lic. Lili Campos, esta celebraci\u00f3n tendr\u00e1 un toque especial, al realizarse una funci\u00f3n de lucha libre, con la presencia de Abismo Negro Jr, el pancracio nacional forma parte importante de la cultura mexicana y no pod\u00eda quedarse fuera del programa de actividades, por lo que el Instituto del Deporte Municipal ha preparado una velada espectacular.<\/p>\n<p><img loading=\"lazy\" decoding=\"async\" class=\"aligncenter wp-image-3428 \" src=\"https:\/\/angelsolisnoticias.com\/wp-content\/uploads\/2023\/10\/Solidaridad-Lucha-Libre-Abismo2.jpg\" alt=\"\" width=\"350\" height=\"482\" \/><\/p>\n<p>La noche del mi\u00e9rcoles 1o de noviembre, la plaza 28 de julio se convertir\u00e1 en una arena especial, ya que en medio de los altares que se instalar\u00e1n habr\u00e1 un ring en el que Abismo Negro Jr, actual campe\u00f3n mundial de parejas mixto y de tercias de la Triple AAA, y quien debutar\u00e1 en la empresa el 8 de septiembre de 2019, en su segunda etapa, hoy en d\u00eda es uno de los luchadores m\u00e1s temidos y estar\u00e1 haciendo pareja con Corvus para enfrentar a uno de los rudos m\u00e1s temidos del sureste: Tizoc, quien har\u00e1 pareja con Pr\u00edncipe Cometa, el pr\u00edncipe del aire y las acrobacias, ellos estelarizar\u00e1n la lucha estelar.<\/p>\n<p><img loading=\"lazy\" decoding=\"async\" class=\"aligncenter wp-image-3427 \" src=\"https:\/\/angelsolisnoticias.com\/wp-content\/uploads\/2023\/10\/Solidaridad-Lucha-Libre-Abismo3.jpg\" alt=\"\" width=\"339\" height=\"462\" \/><\/p>\n<p>En la lucha semifinal, Alma de Oro, Ka\u00f3tico y Still Boy tendr\u00e1n una noche dif\u00edcil al enfrentar a los rudos, encabezados por el l\u00edder de los Hijos de la Calle, el Corsario Junior, quien tendr\u00e1 en su equipo a Rey Espartano y \u00c1tomo, por lo que tendr\u00e1n que emplearse a fondo ya que la rudeza extrema ser\u00e1 lo que predominar\u00e1 en el cuadril\u00e1tero, ser\u00e1 una lucha de pron\u00f3stico reservado.<\/p>\n<p><img loading=\"lazy\" decoding=\"async\" class=\"aligncenter wp-image-3426 \" src=\"https:\/\/angelsolisnoticias.com\/wp-content\/uploads\/2023\/10\/Solidaridad-Lucha-Libre-Abismo4.jpg\" alt=\"\" width=\"353\" height=\"484\" srcset=\"https:\/\/angelsolisnoticias.com\/wp-content\/uploads\/2023\/10\/Solidaridad-Lucha-Libre-Abismo4.jpg 452w, https:\/\/angelsolisnoticias.com\/wp-content\/uploads\/2023\/10\/Solidaridad-Lucha-Libre-Abismo4-219x300.jpg 219w\" sizes=\"auto, (max-width: 353px) 100vw, 353px\" \/><\/p>\n<p>Para iniciar la velada subir\u00e1 al ring la consentida de Playa del Carmen, la Princesa Maya, quien har\u00e1 pareja con Xunan para enfrentar a la Mujer Salvaje y Black Boy, la dupla t\u00e9cnica espera imponer condiciones y asombrar con los vuelos sobre las cuerdas, todas las luchas ser\u00e1n sancionadas por los referees Dark Palomo y el Tamalero, ser\u00e1 una velada llena de misticismo y mucha rudeza, rodeados de los altares, ofrendas y mucha nostalgia.<\/p>\n","protected":false},"excerpt":{"rendered":"<p>Playa del Carmen, Solidaridad, Q. Roo a 30 de octubre de 2023 Redacci\u00f3n Una de las tradiciones mexicanas que mayor arraigo tiene es la celebraci\u00f3n del Janal Pixan,o \u201ccomida de las \u00e1nimas&#8221;, es una tradici\u00f3n del pueblo maya que se lleva a cabo para recordar de una manera especial a <a href=\"https:\/\/angelsolisnoticias.com\/index.php\/2023\/10\/30\/abismo-negro-jr-encabezara-funcion-de-lucha-libre-en-el-marco-de-la-celebracion-del-janal-pixan\/\" class=\"btn btn-link continue-link\">Seguir leyendo<\/a><\/p>\n","protected":false},"author":1,"featured_media":3429,"comment_status":"open","ping_status":"open","sticky":false,"template":"","format":"standard","meta":{"footnotes":""},"categories":[6,1],"tags":[],"class_list":["post-3424","post","type-post","status-publish","format-standard","has-post-thumbnail","hentry","category-solidaridad","category-uncategorized"],"yoast_head":"<!-- This site is optimized with the Yoast SEO plugin v21.1 - https:\/\/yoast.com\/wordpress\/plugins\/seo\/ -->\n<title>Abismo Negro Jr. encabezar\u00e1 funci\u00f3n de lucha libre en el marco de la celebraci\u00f3n del Janal Pixan<\/title>\n<meta name=\"description\" content=\".\" \/>\n<meta name=\"robots\" content=\"index, follow, max-snippet:-1, max-image-preview:large, max-video-preview:-1\" \/>\n<link rel=\"canonical\" href=\"https:\/\/angelsolisnoticias.com\/index.php\/2023\/10\/30\/abismo-negro-jr-encabezara-funcion-de-lucha-libre-en-el-marco-de-la-celebracion-del-janal-pixan\/\" \/>\n<meta property=\"og:locale\" content=\"es_MX\" \/>\n<meta property=\"og:type\" content=\"article\" \/>\n<meta property=\"og:title\" content=\"Abismo Negro Jr. encabezar\u00e1 funci\u00f3n de lucha libre en el marco de la celebraci\u00f3n del Janal Pixan\" \/>\n<meta property=\"og:description\" content=\".\" \/>\n<meta property=\"og:url\" content=\"https:\/\/angelsolisnoticias.com\/index.php\/2023\/10\/30\/abismo-negro-jr-encabezara-funcion-de-lucha-libre-en-el-marco-de-la-celebracion-del-janal-pixan\/\" \/>\n<meta property=\"og:site_name\" content=\"\u00c1ngel Solis\" \/>\n<meta property=\"article:publisher\" content=\"https:\/\/www.facebook.com\/periodistasquintanaroo\" \/>\n<meta property=\"article:published_time\" content=\"2023-10-30T18:45:18+00:00\" \/>\n<meta property=\"article:modified_time\" content=\"2023-10-31T02:25:11+00:00\" \/>\n<meta property=\"og:image\" content=\"https:\/\/angelsolisnoticias.com\/wp-content\/uploads\/2023\/10\/Solidaridad-Lucha-Libre-Abismo1.jpg\" \/>\n\t<meta property=\"og:image:width\" content=\"800\" \/>\n\t<meta property=\"og:image:height\" content=\"569\" \/>\n\t<meta property=\"og:image:type\" content=\"image\/jpeg\" \/>\n<meta name=\"author\" content=\"admin\" \/>\n<meta name=\"twitter:card\" content=\"summary_large_image\" \/>\n<meta name=\"twitter:creator\" content=\"@PERIODISTASQROO\" \/>\n<meta name=\"twitter:site\" content=\"@PERIODISTASQROO\" \/>\n<meta name=\"twitter:label1\" content=\"Escrito por\" \/>\n\t<meta name=\"twitter:data1\" content=\"admin\" \/>\n\t<meta name=\"twitter:label2\" content=\"Tiempo de lectura\" \/>\n\t<meta name=\"twitter:data2\" content=\"3 minutos\" \/>\n<script type=\"application\/ld+json\" class=\"yoast-schema-graph\">{\"@context\":\"https:\/\/schema.org\",\"@graph\":[{\"@type\":\"Article\",\"@id\":\"https:\/\/angelsolisnoticias.com\/index.php\/2023\/10\/30\/abismo-negro-jr-encabezara-funcion-de-lucha-libre-en-el-marco-de-la-celebracion-del-janal-pixan\/#article\",\"isPartOf\":{\"@id\":\"https:\/\/angelsolisnoticias.com\/index.php\/2023\/10\/30\/abismo-negro-jr-encabezara-funcion-de-lucha-libre-en-el-marco-de-la-celebracion-del-janal-pixan\/\"},\"author\":{\"name\":\"admin\",\"@id\":\"https:\/\/angelsolisnoticias.com\/#\/schema\/person\/d5ca5e4c5f05db44e86cb564bf81ae6f\"},\"headline\":\"Abismo Negro Jr. encabezar\u00e1 funci\u00f3n de lucha libre en el marco de la celebraci\u00f3n del Janal Pixan\",\"datePublished\":\"2023-10-30T18:45:18+00:00\",\"dateModified\":\"2023-10-31T02:25:11+00:00\",\"mainEntityOfPage\":{\"@id\":\"https:\/\/angelsolisnoticias.com\/index.php\/2023\/10\/30\/abismo-negro-jr-encabezara-funcion-de-lucha-libre-en-el-marco-de-la-celebracion-del-janal-pixan\/\"},\"wordCount\":418,\"commentCount\":0,\"publisher\":{\"@id\":\"https:\/\/angelsolisnoticias.com\/#organization\"},\"articleSection\":[\"Solidaridad\",\"Uncategorized\"],\"inLanguage\":\"es\",\"potentialAction\":[{\"@type\":\"CommentAction\",\"name\":\"Comment\",\"target\":[\"https:\/\/angelsolisnoticias.com\/index.php\/2023\/10\/30\/abismo-negro-jr-encabezara-funcion-de-lucha-libre-en-el-marco-de-la-celebracion-del-janal-pixan\/#respond\"]}]},{\"@type\":\"WebPage\",\"@id\":\"https:\/\/angelsolisnoticias.com\/index.php\/2023\/10\/30\/abismo-negro-jr-encabezara-funcion-de-lucha-libre-en-el-marco-de-la-celebracion-del-janal-pixan\/\",\"url\":\"https:\/\/angelsolisnoticias.com\/index.php\/2023\/10\/30\/abismo-negro-jr-encabezara-funcion-de-lucha-libre-en-el-marco-de-la-celebracion-del-janal-pixan\/\",\"name\":\"Abismo Negro Jr. encabezar\u00e1 funci\u00f3n de lucha libre en el marco de la celebraci\u00f3n del Janal Pixan\",\"isPartOf\":{\"@id\":\"https:\/\/angelsolisnoticias.com\/#website\"},\"datePublished\":\"2023-10-30T18:45:18+00:00\",\"dateModified\":\"2023-10-31T02:25:11+00:00\",\"description\":\".\",\"breadcrumb\":{\"@id\":\"https:\/\/angelsolisnoticias.com\/index.php\/2023\/10\/30\/abismo-negro-jr-encabezara-funcion-de-lucha-libre-en-el-marco-de-la-celebracion-del-janal-pixan\/#breadcrumb\"},\"inLanguage\":\"es\",\"potentialAction\":[{\"@type\":\"ReadAction\",\"target\":[\"https:\/\/angelsolisnoticias.com\/index.php\/2023\/10\/30\/abismo-negro-jr-encabezara-funcion-de-lucha-libre-en-el-marco-de-la-celebracion-del-janal-pixan\/\"]}]},{\"@type\":\"BreadcrumbList\",\"@id\":\"https:\/\/angelsolisnoticias.com\/index.php\/2023\/10\/30\/abismo-negro-jr-encabezara-funcion-de-lucha-libre-en-el-marco-de-la-celebracion-del-janal-pixan\/#breadcrumb\",\"itemListElement\":[{\"@type\":\"ListItem\",\"position\":1,\"name\":\"Inicio\",\"item\":\"https:\/\/angelsolisnoticias.com\/\"},{\"@type\":\"ListItem\",\"position\":2,\"name\":\"Abismo Negro Jr. encabezar\u00e1 funci\u00f3n de lucha libre en el marco de la celebraci\u00f3n del Janal Pixan\"}]},{\"@type\":\"WebSite\",\"@id\":\"https:\/\/angelsolisnoticias.com\/#website\",\"url\":\"https:\/\/angelsolisnoticias.com\/\",\"name\":\"\u00c1ngel Solis\",\"description\":\"Noticias de Quintana Roo\",\"publisher\":{\"@id\":\"https:\/\/angelsolisnoticias.com\/#organization\"},\"potentialAction\":[{\"@type\":\"SearchAction\",\"target\":{\"@type\":\"EntryPoint\",\"urlTemplate\":\"https:\/\/angelsolisnoticias.com\/?s={search_term_string}\"},\"query-input\":\"required name=search_term_string\"}],\"inLanguage\":\"es\"},{\"@type\":\"Organization\",\"@id\":\"https:\/\/angelsolisnoticias.com\/#organization\",\"name\":\"\u00c1ngel Solis\",\"url\":\"https:\/\/angelsolisnoticias.com\/\",\"logo\":{\"@type\":\"ImageObject\",\"inLanguage\":\"es\",\"@id\":\"https:\/\/angelsolisnoticias.com\/#\/schema\/logo\/image\/\",\"url\":\"https:\/\/angelsolisnoticias.com\/wp-content\/uploads\/2023\/01\/LOGO3.png\",\"contentUrl\":\"https:\/\/angelsolisnoticias.com\/wp-content\/uploads\/2023\/01\/LOGO3.png\",\"width\":1853,\"height\":570,\"caption\":\"\u00c1ngel Solis\"},\"image\":{\"@id\":\"https:\/\/angelsolisnoticias.com\/#\/schema\/logo\/image\/\"},\"sameAs\":[\"https:\/\/www.facebook.com\/periodistasquintanaroo\",\"https:\/\/twitter.com\/PERIODISTASQROO\"]},{\"@type\":\"Person\",\"@id\":\"https:\/\/angelsolisnoticias.com\/#\/schema\/person\/d5ca5e4c5f05db44e86cb564bf81ae6f\",\"name\":\"admin\",\"image\":{\"@type\":\"ImageObject\",\"inLanguage\":\"es\",\"@id\":\"https:\/\/angelsolisnoticias.com\/#\/schema\/person\/image\/\",\"url\":\"https:\/\/secure.gravatar.com\/avatar\/dff3eaf7d33320066684ce268bff2bf90ce4f69456139b2d65d7796f64299e47?s=96&d=mm&r=g\",\"contentUrl\":\"https:\/\/secure.gravatar.com\/avatar\/dff3eaf7d33320066684ce268bff2bf90ce4f69456139b2d65d7796f64299e47?s=96&d=mm&r=g\",\"caption\":\"admin\"},\"sameAs\":[\"https:\/\/angelsolisnoticias.com\"],\"url\":\"https:\/\/angelsolisnoticias.com\/index.php\/author\/admin_qnbaat5l\/\"}]}<\/script>\n<!-- \/ Yoast SEO plugin. -->","yoast_head_json":{"title":"Abismo Negro Jr. encabezar\u00e1 funci\u00f3n de lucha libre en el marco de la celebraci\u00f3n del Janal Pixan","description":".","robots":{"index":"index","follow":"follow","max-snippet":"max-snippet:-1","max-image-preview":"max-image-preview:large","max-video-preview":"max-video-preview:-1"},"canonical":"https:\/\/angelsolisnoticias.com\/index.php\/2023\/10\/30\/abismo-negro-jr-encabezara-funcion-de-lucha-libre-en-el-marco-de-la-celebracion-del-janal-pixan\/","og_locale":"es_MX","og_type":"article","og_title":"Abismo Negro Jr. encabezar\u00e1 funci\u00f3n de lucha libre en el marco de la celebraci\u00f3n del Janal Pixan","og_description":".","og_url":"https:\/\/angelsolisnoticias.com\/index.php\/2023\/10\/30\/abismo-negro-jr-encabezara-funcion-de-lucha-libre-en-el-marco-de-la-celebracion-del-janal-pixan\/","og_site_name":"\u00c1ngel Solis","article_publisher":"https:\/\/www.facebook.com\/periodistasquintanaroo","article_published_time":"2023-10-30T18:45:18+00:00","article_modified_time":"2023-10-31T02:25:11+00:00","og_image":[{"width":800,"height":569,"url":"https:\/\/angelsolisnoticias.com\/wp-content\/uploads\/2023\/10\/Solidaridad-Lucha-Libre-Abismo1.jpg","type":"image\/jpeg"}],"author":"admin","twitter_card":"summary_large_image","twitter_creator":"@PERIODISTASQROO","twitter_site":"@PERIODISTASQROO","twitter_misc":{"Escrito por":"admin","Tiempo de lectura":"3 minutos"},"schema":{"@context":"https:\/\/schema.org","@graph":[{"@type":"Article","@id":"https:\/\/angelsolisnoticias.com\/index.php\/2023\/10\/30\/abismo-negro-jr-encabezara-funcion-de-lucha-libre-en-el-marco-de-la-celebracion-del-janal-pixan\/#article","isPartOf":{"@id":"https:\/\/angelsolisnoticias.com\/index.php\/2023\/10\/30\/abismo-negro-jr-encabezara-funcion-de-lucha-libre-en-el-marco-de-la-celebracion-del-janal-pixan\/"},"author":{"name":"admin","@id":"https:\/\/angelsolisnoticias.com\/#\/schema\/person\/d5ca5e4c5f05db44e86cb564bf81ae6f"},"headline":"Abismo Negro Jr. encabezar\u00e1 funci\u00f3n de lucha libre en el marco de la celebraci\u00f3n del Janal Pixan","datePublished":"2023-10-30T18:45:18+00:00","dateModified":"2023-10-31T02:25:11+00:00","mainEntityOfPage":{"@id":"https:\/\/angelsolisnoticias.com\/index.php\/2023\/10\/30\/abismo-negro-jr-encabezara-funcion-de-lucha-libre-en-el-marco-de-la-celebracion-del-janal-pixan\/"},"wordCount":418,"commentCount":0,"publisher":{"@id":"https:\/\/angelsolisnoticias.com\/#organization"},"articleSection":["Solidaridad","Uncategorized"],"inLanguage":"es","potentialAction":[{"@type":"CommentAction","name":"Comment","target":["https:\/\/angelsolisnoticias.com\/index.php\/2023\/10\/30\/abismo-negro-jr-encabezara-funcion-de-lucha-libre-en-el-marco-de-la-celebracion-del-janal-pixan\/#respond"]}]},{"@type":"WebPage","@id":"https:\/\/angelsolisnoticias.com\/index.php\/2023\/10\/30\/abismo-negro-jr-encabezara-funcion-de-lucha-libre-en-el-marco-de-la-celebracion-del-janal-pixan\/","url":"https:\/\/angelsolisnoticias.com\/index.php\/2023\/10\/30\/abismo-negro-jr-encabezara-funcion-de-lucha-libre-en-el-marco-de-la-celebracion-del-janal-pixan\/","name":"Abismo Negro Jr. encabezar\u00e1 funci\u00f3n de lucha libre en el marco de la celebraci\u00f3n del Janal Pixan","isPartOf":{"@id":"https:\/\/angelsolisnoticias.com\/#website"},"datePublished":"2023-10-30T18:45:18+00:00","dateModified":"2023-10-31T02:25:11+00:00","description":".","breadcrumb":{"@id":"https:\/\/angelsolisnoticias.com\/index.php\/2023\/10\/30\/abismo-negro-jr-encabezara-funcion-de-lucha-libre-en-el-marco-de-la-celebracion-del-janal-pixan\/#breadcrumb"},"inLanguage":"es","potentialAction":[{"@type":"ReadAction","target":["https:\/\/angelsolisnoticias.com\/index.php\/2023\/10\/30\/abismo-negro-jr-encabezara-funcion-de-lucha-libre-en-el-marco-de-la-celebracion-del-janal-pixan\/"]}]},{"@type":"BreadcrumbList","@id":"https:\/\/angelsolisnoticias.com\/index.php\/2023\/10\/30\/abismo-negro-jr-encabezara-funcion-de-lucha-libre-en-el-marco-de-la-celebracion-del-janal-pixan\/#breadcrumb","itemListElement":[{"@type":"ListItem","position":1,"name":"Inicio","item":"https:\/\/angelsolisnoticias.com\/"},{"@type":"ListItem","position":2,"name":"Abismo Negro Jr. encabezar\u00e1 funci\u00f3n de lucha libre en el marco de la celebraci\u00f3n del Janal Pixan"}]},{"@type":"WebSite","@id":"https:\/\/angelsolisnoticias.com\/#website","url":"https:\/\/angelsolisnoticias.com\/","name":"\u00c1ngel Solis","description":"Noticias de Quintana Roo","publisher":{"@id":"https:\/\/angelsolisnoticias.com\/#organization"},"potentialAction":[{"@type":"SearchAction","target":{"@type":"EntryPoint","urlTemplate":"https:\/\/angelsolisnoticias.com\/?s={search_term_string}"},"query-input":"required name=search_term_string"}],"inLanguage":"es"},{"@type":"Organization","@id":"https:\/\/angelsolisnoticias.com\/#organization","name":"\u00c1ngel Solis","url":"https:\/\/angelsolisnoticias.com\/","logo":{"@type":"ImageObject","inLanguage":"es","@id":"https:\/\/angelsolisnoticias.com\/#\/schema\/logo\/image\/","url":"https:\/\/angelsolisnoticias.com\/wp-content\/uploads\/2023\/01\/LOGO3.png","contentUrl":"https:\/\/angelsolisnoticias.com\/wp-content\/uploads\/2023\/01\/LOGO3.png","width":1853,"height":570,"caption":"\u00c1ngel Solis"},"image":{"@id":"https:\/\/angelsolisnoticias.com\/#\/schema\/logo\/image\/"},"sameAs":["https:\/\/www.facebook.com\/periodistasquintanaroo","https:\/\/twitter.com\/PERIODISTASQROO"]},{"@type":"Person","@id":"https:\/\/angelsolisnoticias.com\/#\/schema\/person\/d5ca5e4c5f05db44e86cb564bf81ae6f","name":"admin","image":{"@type":"ImageObject","inLanguage":"es","@id":"https:\/\/angelsolisnoticias.com\/#\/schema\/person\/image\/","url":"https:\/\/secure.gravatar.com\/avatar\/dff3eaf7d33320066684ce268bff2bf90ce4f69456139b2d65d7796f64299e47?s=96&d=mm&r=g","contentUrl":"https:\/\/secure.gravatar.com\/avatar\/dff3eaf7d33320066684ce268bff2bf90ce4f69456139b2d65d7796f64299e47?s=96&d=mm&r=g","caption":"admin"},"sameAs":["https:\/\/angelsolisnoticias.com"],"url":"https:\/\/angelsolisnoticias.com\/index.php\/author\/admin_qnbaat5l\/"}]}},"jetpack_featured_media_url":"https:\/\/angelsolisnoticias.com\/wp-content\/uploads\/2023\/10\/Solidaridad-Lucha-Libre-Abismo1.jpg","_links":{"self":[{"href":"https:\/\/angelsolisnoticias.com\/index.php\/wp-json\/wp\/v2\/posts\/3424","targetHints":{"allow":["GET"]}}],"collection":[{"href":"https:\/\/angelsolisnoticias.com\/index.php\/wp-json\/wp\/v2\/posts"}],"about":[{"href":"https:\/\/angelsolisnoticias.com\/index.php\/wp-json\/wp\/v2\/types\/post"}],"author":[{"embeddable":true,"href":"https:\/\/angelsolisnoticias.com\/index.php\/wp-json\/wp\/v2\/users\/1"}],"replies":[{"embeddable":true,"href":"https:\/\/angelsolisnoticias.com\/index.php\/wp-json\/wp\/v2\/comments?post=3424"}],"version-history":[{"count":3,"href":"https:\/\/angelsolisnoticias.com\/index.php\/wp-json\/wp\/v2\/posts\/3424\/revisions"}],"predecessor-version":[{"id":3431,"href":"https:\/\/angelsolisnoticias.com\/index.php\/wp-json\/wp\/v2\/posts\/3424\/revisions\/3431"}],"wp:featuredmedia":[{"embeddable":true,"href":"https:\/\/angelsolisnoticias.com\/index.php\/wp-json\/wp\/v2\/media\/3429"}],"wp:attachment":[{"href":"https:\/\/angelsolisnoticias.com\/index.php\/wp-json\/wp\/v2\/media?parent=3424"}],"wp:term":[{"taxonomy":"category","embeddable":true,"href":"https:\/\/angelsolisnoticias.com\/index.php\/wp-json\/wp\/v2\/categories?post=3424"},{"taxonomy":"post_tag","embeddable":true,"href":"https:\/\/angelsolisnoticias.com\/index.php\/wp-json\/wp\/v2\/tags?post=3424"}],"curies":[{"name":"wp","href":"https:\/\/api.w.org\/{rel}","templated":true}]}}