{"id":3644,"date":"2023-11-08T11:48:29","date_gmt":"2023-11-08T11:48:29","guid":{"rendered":"https:\/\/angelsolisnoticias.com\/?p=3644"},"modified":"2023-11-08T23:03:41","modified_gmt":"2023-11-08T23:03:41","slug":"mary-hernandez-encabeza-homenaje-a-felipe-carrillo-puerto","status":"publish","type":"post","link":"https:\/\/angelsolisnoticias.com\/index.php\/2023\/11\/08\/mary-hernandez-encabeza-homenaje-a-felipe-carrillo-puerto\/","title":{"rendered":"Mary Hern\u00e1ndez encabeza homenaje a Felipe Carrillo Puerto"},"content":{"rendered":"<p>Felipe Carrillo Puerto, 8 de noviembre<br \/>\nRedacci\u00f3n<\/p>\n<p>La Presidenta Municipal Mary Hern\u00e1ndez encabez\u00f3 el homenaje c\u00edvico conmemorativo del 149 aniversario del natalicio de Felipe Carrillo Puerto. El evento tuvo lugar en las instalaciones de la escuela primaria que lleva el nombre del insigne mexicano y que tambi\u00e9n festej\u00f3 el 45\u00ba aniversario de su fundaci\u00f3n.<\/p>\n<p>El homenaje sirvi\u00f3 de marco para la entrega de un reconocimiento al profesor Candelario P\u00e9rez y Manrique por sus 50 a\u00f1os de servicio ejemplar en el sector educativo. Mary Hern\u00e1ndez elogi\u00f3 la dedicaci\u00f3n y compromiso del profesor Candelario, calific\u00e1ndolo como un paradigma de amor por la educaci\u00f3n.<\/p>\n<p><img loading=\"lazy\" decoding=\"async\" class=\"aligncenter wp-image-3648 \" src=\"https:\/\/angelsolisnoticias.com\/wp-content\/uploads\/2023\/11\/Carrillo-Homenaje3.jpg\" alt=\"\" width=\"588\" height=\"385\" \/><\/p>\n<p>Por su parte, el director municipal de Educaci\u00f3n, Hulford Barrera Avila, brind\u00f3 una remembranza hist\u00f3rica sobre la vida y legado del llamado &#8220;ap\u00f3stol de la raza de bronce&#8221;, destacando su papel como precursor del partido socialista del sureste, cuya gubernatura en el vecino pa\u00eds de Yucat\u00e1n hizo posible el reconocimiento de los derechos pol\u00edticos de la mujer y la promoci\u00f3n de la lengua maya.<\/p>\n<p><img loading=\"lazy\" decoding=\"async\" class=\"aligncenter wp-image-3649 \" src=\"https:\/\/angelsolisnoticias.com\/wp-content\/uploads\/2023\/11\/Carrillo-Homenaje2.jpg\" alt=\"\" width=\"538\" height=\"355\" \/><\/p>\n<p>El acto culmin\u00f3 con la presentaci\u00f3n de una ofrenda floral en el monumento erigido en honor a Felipe Carrillo Puerto, en el que acompa\u00f1aron a la Presidenta Municipal la directora del plantel Cindy Cabrera Fern\u00e1ndez; la Presidenta Honoraria del sistema DIF Municipal, Mar\u00eda del Carmen Sol\u00eds S\u00e1nchez; los regidores Hugo Flores Vega y Mar\u00eda Antonieta Aguilar R\u00edos, as\u00ed como el titular de los Servicios Educativos zona centro, Pablo Pech Ku.<\/p>\n","protected":false},"excerpt":{"rendered":"<p>Felipe Carrillo Puerto, 8 de noviembre Redacci\u00f3n La Presidenta Municipal Mary Hern\u00e1ndez encabez\u00f3 el homenaje c\u00edvico conmemorativo del 149 aniversario del natalicio de Felipe Carrillo Puerto. El evento tuvo lugar en las instalaciones de la escuela primaria que lleva el nombre del insigne mexicano y que tambi\u00e9n festej\u00f3 el 45\u00ba <a href=\"https:\/\/angelsolisnoticias.com\/index.php\/2023\/11\/08\/mary-hernandez-encabeza-homenaje-a-felipe-carrillo-puerto\/\" class=\"btn btn-link continue-link\">Seguir leyendo<\/a><\/p>\n","protected":false},"author":1,"featured_media":3647,"comment_status":"open","ping_status":"open","sticky":false,"template":"","format":"standard","meta":{"footnotes":""},"categories":[1],"tags":[],"class_list":["post-3644","post","type-post","status-publish","format-standard","has-post-thumbnail","hentry","category-uncategorized"],"yoast_head":"<!-- This site is optimized with the Yoast SEO plugin v21.1 - https:\/\/yoast.com\/wordpress\/plugins\/seo\/ -->\n<title>Mary Hern\u00e1ndez encabeza homenaje a Felipe Carrillo Puerto<\/title>\n<meta name=\"description\" content=\".\" \/>\n<meta name=\"robots\" content=\"index, follow, max-snippet:-1, max-image-preview:large, max-video-preview:-1\" \/>\n<link rel=\"canonical\" href=\"https:\/\/angelsolisnoticias.com\/index.php\/2023\/11\/08\/mary-hernandez-encabeza-homenaje-a-felipe-carrillo-puerto\/\" \/>\n<meta property=\"og:locale\" content=\"es_MX\" \/>\n<meta property=\"og:type\" content=\"article\" \/>\n<meta property=\"og:title\" content=\"Mary Hern\u00e1ndez encabeza homenaje a Felipe Carrillo Puerto\" \/>\n<meta property=\"og:description\" content=\".\" \/>\n<meta property=\"og:url\" content=\"https:\/\/angelsolisnoticias.com\/index.php\/2023\/11\/08\/mary-hernandez-encabeza-homenaje-a-felipe-carrillo-puerto\/\" \/>\n<meta property=\"og:site_name\" content=\"\u00c1ngel Solis\" \/>\n<meta property=\"article:publisher\" content=\"https:\/\/www.facebook.com\/periodistasquintanaroo\" \/>\n<meta property=\"article:published_time\" content=\"2023-11-08T11:48:29+00:00\" \/>\n<meta property=\"article:modified_time\" content=\"2023-11-08T23:03:41+00:00\" \/>\n<meta property=\"og:image\" content=\"https:\/\/angelsolisnoticias.com\/wp-content\/uploads\/2023\/11\/Carrillo-Homenaje4.jpg\" \/>\n\t<meta property=\"og:image:width\" content=\"800\" \/>\n\t<meta property=\"og:image:height\" content=\"569\" \/>\n\t<meta property=\"og:image:type\" content=\"image\/jpeg\" \/>\n<meta name=\"author\" content=\"admin\" \/>\n<meta name=\"twitter:card\" content=\"summary_large_image\" \/>\n<meta name=\"twitter:creator\" content=\"@PERIODISTASQROO\" \/>\n<meta name=\"twitter:site\" content=\"@PERIODISTASQROO\" \/>\n<meta name=\"twitter:label1\" content=\"Escrito por\" \/>\n\t<meta name=\"twitter:data1\" content=\"admin\" \/>\n\t<meta name=\"twitter:label2\" content=\"Tiempo de lectura\" \/>\n\t<meta name=\"twitter:data2\" content=\"2 minutos\" \/>\n<script type=\"application\/ld+json\" class=\"yoast-schema-graph\">{\"@context\":\"https:\/\/schema.org\",\"@graph\":[{\"@type\":\"Article\",\"@id\":\"https:\/\/angelsolisnoticias.com\/index.php\/2023\/11\/08\/mary-hernandez-encabeza-homenaje-a-felipe-carrillo-puerto\/#article\",\"isPartOf\":{\"@id\":\"https:\/\/angelsolisnoticias.com\/index.php\/2023\/11\/08\/mary-hernandez-encabeza-homenaje-a-felipe-carrillo-puerto\/\"},\"author\":{\"name\":\"admin\",\"@id\":\"https:\/\/angelsolisnoticias.com\/#\/schema\/person\/d5ca5e4c5f05db44e86cb564bf81ae6f\"},\"headline\":\"Mary Hern\u00e1ndez encabeza homenaje a Felipe Carrillo Puerto\",\"datePublished\":\"2023-11-08T11:48:29+00:00\",\"dateModified\":\"2023-11-08T23:03:41+00:00\",\"mainEntityOfPage\":{\"@id\":\"https:\/\/angelsolisnoticias.com\/index.php\/2023\/11\/08\/mary-hernandez-encabeza-homenaje-a-felipe-carrillo-puerto\/\"},\"wordCount\":266,\"commentCount\":0,\"publisher\":{\"@id\":\"https:\/\/angelsolisnoticias.com\/#organization\"},\"articleSection\":[\"Uncategorized\"],\"inLanguage\":\"es\",\"potentialAction\":[{\"@type\":\"CommentAction\",\"name\":\"Comment\",\"target\":[\"https:\/\/angelsolisnoticias.com\/index.php\/2023\/11\/08\/mary-hernandez-encabeza-homenaje-a-felipe-carrillo-puerto\/#respond\"]}]},{\"@type\":\"WebPage\",\"@id\":\"https:\/\/angelsolisnoticias.com\/index.php\/2023\/11\/08\/mary-hernandez-encabeza-homenaje-a-felipe-carrillo-puerto\/\",\"url\":\"https:\/\/angelsolisnoticias.com\/index.php\/2023\/11\/08\/mary-hernandez-encabeza-homenaje-a-felipe-carrillo-puerto\/\",\"name\":\"Mary Hern\u00e1ndez encabeza homenaje a Felipe Carrillo Puerto\",\"isPartOf\":{\"@id\":\"https:\/\/angelsolisnoticias.com\/#website\"},\"datePublished\":\"2023-11-08T11:48:29+00:00\",\"dateModified\":\"2023-11-08T23:03:41+00:00\",\"description\":\".\",\"breadcrumb\":{\"@id\":\"https:\/\/angelsolisnoticias.com\/index.php\/2023\/11\/08\/mary-hernandez-encabeza-homenaje-a-felipe-carrillo-puerto\/#breadcrumb\"},\"inLanguage\":\"es\",\"potentialAction\":[{\"@type\":\"ReadAction\",\"target\":[\"https:\/\/angelsolisnoticias.com\/index.php\/2023\/11\/08\/mary-hernandez-encabeza-homenaje-a-felipe-carrillo-puerto\/\"]}]},{\"@type\":\"BreadcrumbList\",\"@id\":\"https:\/\/angelsolisnoticias.com\/index.php\/2023\/11\/08\/mary-hernandez-encabeza-homenaje-a-felipe-carrillo-puerto\/#breadcrumb\",\"itemListElement\":[{\"@type\":\"ListItem\",\"position\":1,\"name\":\"Inicio\",\"item\":\"https:\/\/angelsolisnoticias.com\/\"},{\"@type\":\"ListItem\",\"position\":2,\"name\":\"Mary Hern\u00e1ndez encabeza homenaje a Felipe Carrillo Puerto\"}]},{\"@type\":\"WebSite\",\"@id\":\"https:\/\/angelsolisnoticias.com\/#website\",\"url\":\"https:\/\/angelsolisnoticias.com\/\",\"name\":\"\u00c1ngel Solis\",\"description\":\"Noticias de Quintana Roo\",\"publisher\":{\"@id\":\"https:\/\/angelsolisnoticias.com\/#organization\"},\"potentialAction\":[{\"@type\":\"SearchAction\",\"target\":{\"@type\":\"EntryPoint\",\"urlTemplate\":\"https:\/\/angelsolisnoticias.com\/?s={search_term_string}\"},\"query-input\":\"required name=search_term_string\"}],\"inLanguage\":\"es\"},{\"@type\":\"Organization\",\"@id\":\"https:\/\/angelsolisnoticias.com\/#organization\",\"name\":\"\u00c1ngel Solis\",\"url\":\"https:\/\/angelsolisnoticias.com\/\",\"logo\":{\"@type\":\"ImageObject\",\"inLanguage\":\"es\",\"@id\":\"https:\/\/angelsolisnoticias.com\/#\/schema\/logo\/image\/\",\"url\":\"https:\/\/angelsolisnoticias.com\/wp-content\/uploads\/2023\/01\/LOGO3.png\",\"contentUrl\":\"https:\/\/angelsolisnoticias.com\/wp-content\/uploads\/2023\/01\/LOGO3.png\",\"width\":1853,\"height\":570,\"caption\":\"\u00c1ngel Solis\"},\"image\":{\"@id\":\"https:\/\/angelsolisnoticias.com\/#\/schema\/logo\/image\/\"},\"sameAs\":[\"https:\/\/www.facebook.com\/periodistasquintanaroo\",\"https:\/\/twitter.com\/PERIODISTASQROO\"]},{\"@type\":\"Person\",\"@id\":\"https:\/\/angelsolisnoticias.com\/#\/schema\/person\/d5ca5e4c5f05db44e86cb564bf81ae6f\",\"name\":\"admin\",\"image\":{\"@type\":\"ImageObject\",\"inLanguage\":\"es\",\"@id\":\"https:\/\/angelsolisnoticias.com\/#\/schema\/person\/image\/\",\"url\":\"https:\/\/secure.gravatar.com\/avatar\/dff3eaf7d33320066684ce268bff2bf90ce4f69456139b2d65d7796f64299e47?s=96&d=mm&r=g\",\"contentUrl\":\"https:\/\/secure.gravatar.com\/avatar\/dff3eaf7d33320066684ce268bff2bf90ce4f69456139b2d65d7796f64299e47?s=96&d=mm&r=g\",\"caption\":\"admin\"},\"sameAs\":[\"https:\/\/angelsolisnoticias.com\"],\"url\":\"https:\/\/angelsolisnoticias.com\/index.php\/author\/admin_qnbaat5l\/\"}]}<\/script>\n<!-- \/ Yoast SEO plugin. -->","yoast_head_json":{"title":"Mary Hern\u00e1ndez encabeza homenaje a Felipe Carrillo Puerto","description":".","robots":{"index":"index","follow":"follow","max-snippet":"max-snippet:-1","max-image-preview":"max-image-preview:large","max-video-preview":"max-video-preview:-1"},"canonical":"https:\/\/angelsolisnoticias.com\/index.php\/2023\/11\/08\/mary-hernandez-encabeza-homenaje-a-felipe-carrillo-puerto\/","og_locale":"es_MX","og_type":"article","og_title":"Mary Hern\u00e1ndez encabeza homenaje a Felipe Carrillo Puerto","og_description":".","og_url":"https:\/\/angelsolisnoticias.com\/index.php\/2023\/11\/08\/mary-hernandez-encabeza-homenaje-a-felipe-carrillo-puerto\/","og_site_name":"\u00c1ngel Solis","article_publisher":"https:\/\/www.facebook.com\/periodistasquintanaroo","article_published_time":"2023-11-08T11:48:29+00:00","article_modified_time":"2023-11-08T23:03:41+00:00","og_image":[{"width":800,"height":569,"url":"https:\/\/angelsolisnoticias.com\/wp-content\/uploads\/2023\/11\/Carrillo-Homenaje4.jpg","type":"image\/jpeg"}],"author":"admin","twitter_card":"summary_large_image","twitter_creator":"@PERIODISTASQROO","twitter_site":"@PERIODISTASQROO","twitter_misc":{"Escrito por":"admin","Tiempo de lectura":"2 minutos"},"schema":{"@context":"https:\/\/schema.org","@graph":[{"@type":"Article","@id":"https:\/\/angelsolisnoticias.com\/index.php\/2023\/11\/08\/mary-hernandez-encabeza-homenaje-a-felipe-carrillo-puerto\/#article","isPartOf":{"@id":"https:\/\/angelsolisnoticias.com\/index.php\/2023\/11\/08\/mary-hernandez-encabeza-homenaje-a-felipe-carrillo-puerto\/"},"author":{"name":"admin","@id":"https:\/\/angelsolisnoticias.com\/#\/schema\/person\/d5ca5e4c5f05db44e86cb564bf81ae6f"},"headline":"Mary Hern\u00e1ndez encabeza homenaje a Felipe Carrillo Puerto","datePublished":"2023-11-08T11:48:29+00:00","dateModified":"2023-11-08T23:03:41+00:00","mainEntityOfPage":{"@id":"https:\/\/angelsolisnoticias.com\/index.php\/2023\/11\/08\/mary-hernandez-encabeza-homenaje-a-felipe-carrillo-puerto\/"},"wordCount":266,"commentCount":0,"publisher":{"@id":"https:\/\/angelsolisnoticias.com\/#organization"},"articleSection":["Uncategorized"],"inLanguage":"es","potentialAction":[{"@type":"CommentAction","name":"Comment","target":["https:\/\/angelsolisnoticias.com\/index.php\/2023\/11\/08\/mary-hernandez-encabeza-homenaje-a-felipe-carrillo-puerto\/#respond"]}]},{"@type":"WebPage","@id":"https:\/\/angelsolisnoticias.com\/index.php\/2023\/11\/08\/mary-hernandez-encabeza-homenaje-a-felipe-carrillo-puerto\/","url":"https:\/\/angelsolisnoticias.com\/index.php\/2023\/11\/08\/mary-hernandez-encabeza-homenaje-a-felipe-carrillo-puerto\/","name":"Mary Hern\u00e1ndez encabeza homenaje a Felipe Carrillo Puerto","isPartOf":{"@id":"https:\/\/angelsolisnoticias.com\/#website"},"datePublished":"2023-11-08T11:48:29+00:00","dateModified":"2023-11-08T23:03:41+00:00","description":".","breadcrumb":{"@id":"https:\/\/angelsolisnoticias.com\/index.php\/2023\/11\/08\/mary-hernandez-encabeza-homenaje-a-felipe-carrillo-puerto\/#breadcrumb"},"inLanguage":"es","potentialAction":[{"@type":"ReadAction","target":["https:\/\/angelsolisnoticias.com\/index.php\/2023\/11\/08\/mary-hernandez-encabeza-homenaje-a-felipe-carrillo-puerto\/"]}]},{"@type":"BreadcrumbList","@id":"https:\/\/angelsolisnoticias.com\/index.php\/2023\/11\/08\/mary-hernandez-encabeza-homenaje-a-felipe-carrillo-puerto\/#breadcrumb","itemListElement":[{"@type":"ListItem","position":1,"name":"Inicio","item":"https:\/\/angelsolisnoticias.com\/"},{"@type":"ListItem","position":2,"name":"Mary Hern\u00e1ndez encabeza homenaje a Felipe Carrillo Puerto"}]},{"@type":"WebSite","@id":"https:\/\/angelsolisnoticias.com\/#website","url":"https:\/\/angelsolisnoticias.com\/","name":"\u00c1ngel Solis","description":"Noticias de Quintana Roo","publisher":{"@id":"https:\/\/angelsolisnoticias.com\/#organization"},"potentialAction":[{"@type":"SearchAction","target":{"@type":"EntryPoint","urlTemplate":"https:\/\/angelsolisnoticias.com\/?s={search_term_string}"},"query-input":"required name=search_term_string"}],"inLanguage":"es"},{"@type":"Organization","@id":"https:\/\/angelsolisnoticias.com\/#organization","name":"\u00c1ngel Solis","url":"https:\/\/angelsolisnoticias.com\/","logo":{"@type":"ImageObject","inLanguage":"es","@id":"https:\/\/angelsolisnoticias.com\/#\/schema\/logo\/image\/","url":"https:\/\/angelsolisnoticias.com\/wp-content\/uploads\/2023\/01\/LOGO3.png","contentUrl":"https:\/\/angelsolisnoticias.com\/wp-content\/uploads\/2023\/01\/LOGO3.png","width":1853,"height":570,"caption":"\u00c1ngel Solis"},"image":{"@id":"https:\/\/angelsolisnoticias.com\/#\/schema\/logo\/image\/"},"sameAs":["https:\/\/www.facebook.com\/periodistasquintanaroo","https:\/\/twitter.com\/PERIODISTASQROO"]},{"@type":"Person","@id":"https:\/\/angelsolisnoticias.com\/#\/schema\/person\/d5ca5e4c5f05db44e86cb564bf81ae6f","name":"admin","image":{"@type":"ImageObject","inLanguage":"es","@id":"https:\/\/angelsolisnoticias.com\/#\/schema\/person\/image\/","url":"https:\/\/secure.gravatar.com\/avatar\/dff3eaf7d33320066684ce268bff2bf90ce4f69456139b2d65d7796f64299e47?s=96&d=mm&r=g","contentUrl":"https:\/\/secure.gravatar.com\/avatar\/dff3eaf7d33320066684ce268bff2bf90ce4f69456139b2d65d7796f64299e47?s=96&d=mm&r=g","caption":"admin"},"sameAs":["https:\/\/angelsolisnoticias.com"],"url":"https:\/\/angelsolisnoticias.com\/index.php\/author\/admin_qnbaat5l\/"}]}},"jetpack_featured_media_url":"https:\/\/angelsolisnoticias.com\/wp-content\/uploads\/2023\/11\/Carrillo-Homenaje4.jpg","_links":{"self":[{"href":"https:\/\/angelsolisnoticias.com\/index.php\/wp-json\/wp\/v2\/posts\/3644","targetHints":{"allow":["GET"]}}],"collection":[{"href":"https:\/\/angelsolisnoticias.com\/index.php\/wp-json\/wp\/v2\/posts"}],"about":[{"href":"https:\/\/angelsolisnoticias.com\/index.php\/wp-json\/wp\/v2\/types\/post"}],"author":[{"embeddable":true,"href":"https:\/\/angelsolisnoticias.com\/index.php\/wp-json\/wp\/v2\/users\/1"}],"replies":[{"embeddable":true,"href":"https:\/\/angelsolisnoticias.com\/index.php\/wp-json\/wp\/v2\/comments?post=3644"}],"version-history":[{"count":3,"href":"https:\/\/angelsolisnoticias.com\/index.php\/wp-json\/wp\/v2\/posts\/3644\/revisions"}],"predecessor-version":[{"id":3650,"href":"https:\/\/angelsolisnoticias.com\/index.php\/wp-json\/wp\/v2\/posts\/3644\/revisions\/3650"}],"wp:featuredmedia":[{"embeddable":true,"href":"https:\/\/angelsolisnoticias.com\/index.php\/wp-json\/wp\/v2\/media\/3647"}],"wp:attachment":[{"href":"https:\/\/angelsolisnoticias.com\/index.php\/wp-json\/wp\/v2\/media?parent=3644"}],"wp:term":[{"taxonomy":"category","embeddable":true,"href":"https:\/\/angelsolisnoticias.com\/index.php\/wp-json\/wp\/v2\/categories?post=3644"},{"taxonomy":"post_tag","embeddable":true,"href":"https:\/\/angelsolisnoticias.com\/index.php\/wp-json\/wp\/v2\/tags?post=3644"}],"curies":[{"name":"wp","href":"https:\/\/api.w.org\/{rel}","templated":true}]}}