{"id":3651,"date":"2023-11-08T14:41:01","date_gmt":"2023-11-08T14:41:01","guid":{"rendered":"https:\/\/angelsolisnoticias.com\/?p=3651"},"modified":"2023-11-08T23:26:25","modified_gmt":"2023-11-08T23:26:25","slug":"posicionan-a-playa-del-carmen-a-nivel-internacional-con-feria-de-turismo","status":"publish","type":"post","link":"https:\/\/angelsolisnoticias.com\/index.php\/2023\/11\/08\/posicionan-a-playa-del-carmen-a-nivel-internacional-con-feria-de-turismo\/","title":{"rendered":"Posicionan a Playa del Carmen a nivel internacional con feria de turismo"},"content":{"rendered":"<p>Playa del Carmen, Solidaridad, 8 de noviembre del 2023<br \/>\nRedacci\u00f3n<\/p>\n<p>A fin de posicionar la marca Playa del Carmen en el mercado de turismo global, la presidenta municipal Lili Campos logr\u00f3, durante la feria internacional World Travel Market 2023 (WTM) que se realiza en Londres, la consolidaci\u00f3n de importantes v\u00ednculos con autoridades tur\u00edsticas extranjeras, para reforzar el desarrollo econ\u00f3mico del destino.<\/p>\n<p>\u201cPosicionar la marca \u2018Playa del Carmen\u2019 significa tener una identidad y un reconocimiento a nivel internacional, pues trae consigo beneficios propios para el destino, para los prestadores de servicios independientes y para los que est\u00e1n directa o indirectamente relacionados con el sector tur\u00edstico, por lo tanto, estos beneficios traen una mayor derrama econ\u00f3mica y una mejor calidad de vida de las y los solidarenses\u201d, manifest\u00f3 la presidenta Lili Campos.<\/p>\n<p><img loading=\"lazy\" decoding=\"async\" class=\"aligncenter wp-image-3654 \" src=\"https:\/\/angelsolisnoticias.com\/wp-content\/uploads\/2023\/11\/Solidaridad-Feria-Turismo8.jpg\" alt=\"\" width=\"334\" height=\"489\" \/><\/p>\n<p>La presidenta estuvo atendiendo personalmente a todos aquellos que se acercaron al stand. Asimismo, tuvo una reuni\u00f3n con Edna Mungu\u00eda, ministra de la embajada de M\u00e9xico en Londres. La finalidad de dicho acercamiento fue la de ofrecerle toda la informaci\u00f3n con respecto a este destino tur\u00edstico de Playa del Carmen y lograr proyectos que permitan el reforzamiento del mercado europeo.<\/p>\n<p><img loading=\"lazy\" decoding=\"async\" class=\"aligncenter wp-image-3655 \" src=\"https:\/\/angelsolisnoticias.com\/wp-content\/uploads\/2023\/11\/Solidaridad-Feria-Turismo6.jpg\" alt=\"\" width=\"612\" height=\"385\" \/><\/p>\n<p>Durante las diferentes entrevistas que mantuvo, anunci\u00f3 que el ritmo del jazz volver\u00e1 a latir ahora en la famosa Playa Fundadores, ubicada en el coraz\u00f3n de Playa del Carmen, pues se llevar\u00e1 a cabo la edici\u00f3n 20 del Riviera Maya Jazz Festival, donde las y los solidarenses, as\u00ed como turistas, disfrutar\u00e1n de conciertos bajo las estrellas y en la arena.<\/p>\n<p><img loading=\"lazy\" decoding=\"async\" class=\"aligncenter wp-image-3656 \" src=\"https:\/\/angelsolisnoticias.com\/wp-content\/uploads\/2023\/11\/Solidaridad-Feria-Turismo7.jpg\" alt=\"\" width=\"614\" height=\"422\" \/><\/p>\n<p>Por \u00faltimo, la presidenta recalc\u00f3 que la participaci\u00f3n en ferias tur\u00edsticas nacionales e internacionales juegan un papel importante, ya que son espacios de encuentro de alcance internacional que permiten la promoci\u00f3n y posicionamiento del destino en mercados internacionales que generar oportunidades de negocio.<\/p>\n","protected":false},"excerpt":{"rendered":"<p>Playa del Carmen, Solidaridad, 8 de noviembre del 2023 Redacci\u00f3n A fin de posicionar la marca Playa del Carmen en el mercado de turismo global, la presidenta municipal Lili Campos logr\u00f3, durante la feria internacional World Travel Market 2023 (WTM) que se realiza en Londres, la consolidaci\u00f3n de importantes v\u00ednculos <a href=\"https:\/\/angelsolisnoticias.com\/index.php\/2023\/11\/08\/posicionan-a-playa-del-carmen-a-nivel-internacional-con-feria-de-turismo\/\" class=\"btn btn-link continue-link\">Seguir leyendo<\/a><\/p>\n","protected":false},"author":1,"featured_media":3657,"comment_status":"open","ping_status":"open","sticky":false,"template":"","format":"standard","meta":{"footnotes":""},"categories":[6,1],"tags":[],"class_list":["post-3651","post","type-post","status-publish","format-standard","has-post-thumbnail","hentry","category-solidaridad","category-uncategorized"],"yoast_head":"<!-- This site is optimized with the Yoast SEO plugin v21.1 - https:\/\/yoast.com\/wordpress\/plugins\/seo\/ -->\n<title>Posicionan a Playa del Carmen a nivel internacional con feria de turismo<\/title>\n<meta name=\"description\" content=\".\" \/>\n<meta name=\"robots\" content=\"index, follow, max-snippet:-1, max-image-preview:large, max-video-preview:-1\" \/>\n<link rel=\"canonical\" href=\"https:\/\/angelsolisnoticias.com\/index.php\/2023\/11\/08\/posicionan-a-playa-del-carmen-a-nivel-internacional-con-feria-de-turismo\/\" \/>\n<meta property=\"og:locale\" content=\"es_MX\" \/>\n<meta property=\"og:type\" content=\"article\" \/>\n<meta property=\"og:title\" content=\"Posicionan a Playa del Carmen a nivel internacional con feria de turismo\" \/>\n<meta property=\"og:description\" content=\".\" \/>\n<meta property=\"og:url\" content=\"https:\/\/angelsolisnoticias.com\/index.php\/2023\/11\/08\/posicionan-a-playa-del-carmen-a-nivel-internacional-con-feria-de-turismo\/\" \/>\n<meta property=\"og:site_name\" content=\"\u00c1ngel Solis\" \/>\n<meta property=\"article:publisher\" content=\"https:\/\/www.facebook.com\/periodistasquintanaroo\" \/>\n<meta property=\"article:published_time\" content=\"2023-11-08T14:41:01+00:00\" \/>\n<meta property=\"article:modified_time\" content=\"2023-11-08T23:26:25+00:00\" \/>\n<meta property=\"og:image\" content=\"https:\/\/angelsolisnoticias.com\/wp-content\/uploads\/2023\/11\/Solidaridad-Feria-Turismo5.jpg\" \/>\n\t<meta property=\"og:image:width\" content=\"800\" \/>\n\t<meta property=\"og:image:height\" content=\"569\" \/>\n\t<meta property=\"og:image:type\" content=\"image\/jpeg\" \/>\n<meta name=\"author\" content=\"admin\" \/>\n<meta name=\"twitter:card\" content=\"summary_large_image\" \/>\n<meta name=\"twitter:creator\" content=\"@PERIODISTASQROO\" \/>\n<meta name=\"twitter:site\" content=\"@PERIODISTASQROO\" \/>\n<meta name=\"twitter:label1\" content=\"Escrito por\" \/>\n\t<meta name=\"twitter:data1\" content=\"admin\" \/>\n\t<meta name=\"twitter:label2\" content=\"Tiempo de lectura\" \/>\n\t<meta name=\"twitter:data2\" content=\"2 minutos\" \/>\n<script type=\"application\/ld+json\" class=\"yoast-schema-graph\">{\"@context\":\"https:\/\/schema.org\",\"@graph\":[{\"@type\":\"Article\",\"@id\":\"https:\/\/angelsolisnoticias.com\/index.php\/2023\/11\/08\/posicionan-a-playa-del-carmen-a-nivel-internacional-con-feria-de-turismo\/#article\",\"isPartOf\":{\"@id\":\"https:\/\/angelsolisnoticias.com\/index.php\/2023\/11\/08\/posicionan-a-playa-del-carmen-a-nivel-internacional-con-feria-de-turismo\/\"},\"author\":{\"name\":\"admin\",\"@id\":\"https:\/\/angelsolisnoticias.com\/#\/schema\/person\/d5ca5e4c5f05db44e86cb564bf81ae6f\"},\"headline\":\"Posicionan a Playa del Carmen a nivel internacional con feria de turismo\",\"datePublished\":\"2023-11-08T14:41:01+00:00\",\"dateModified\":\"2023-11-08T23:26:25+00:00\",\"mainEntityOfPage\":{\"@id\":\"https:\/\/angelsolisnoticias.com\/index.php\/2023\/11\/08\/posicionan-a-playa-del-carmen-a-nivel-internacional-con-feria-de-turismo\/\"},\"wordCount\":320,\"commentCount\":0,\"publisher\":{\"@id\":\"https:\/\/angelsolisnoticias.com\/#organization\"},\"articleSection\":[\"Solidaridad\",\"Uncategorized\"],\"inLanguage\":\"es\",\"potentialAction\":[{\"@type\":\"CommentAction\",\"name\":\"Comment\",\"target\":[\"https:\/\/angelsolisnoticias.com\/index.php\/2023\/11\/08\/posicionan-a-playa-del-carmen-a-nivel-internacional-con-feria-de-turismo\/#respond\"]}]},{\"@type\":\"WebPage\",\"@id\":\"https:\/\/angelsolisnoticias.com\/index.php\/2023\/11\/08\/posicionan-a-playa-del-carmen-a-nivel-internacional-con-feria-de-turismo\/\",\"url\":\"https:\/\/angelsolisnoticias.com\/index.php\/2023\/11\/08\/posicionan-a-playa-del-carmen-a-nivel-internacional-con-feria-de-turismo\/\",\"name\":\"Posicionan a Playa del Carmen a nivel internacional con feria de turismo\",\"isPartOf\":{\"@id\":\"https:\/\/angelsolisnoticias.com\/#website\"},\"datePublished\":\"2023-11-08T14:41:01+00:00\",\"dateModified\":\"2023-11-08T23:26:25+00:00\",\"description\":\".\",\"breadcrumb\":{\"@id\":\"https:\/\/angelsolisnoticias.com\/index.php\/2023\/11\/08\/posicionan-a-playa-del-carmen-a-nivel-internacional-con-feria-de-turismo\/#breadcrumb\"},\"inLanguage\":\"es\",\"potentialAction\":[{\"@type\":\"ReadAction\",\"target\":[\"https:\/\/angelsolisnoticias.com\/index.php\/2023\/11\/08\/posicionan-a-playa-del-carmen-a-nivel-internacional-con-feria-de-turismo\/\"]}]},{\"@type\":\"BreadcrumbList\",\"@id\":\"https:\/\/angelsolisnoticias.com\/index.php\/2023\/11\/08\/posicionan-a-playa-del-carmen-a-nivel-internacional-con-feria-de-turismo\/#breadcrumb\",\"itemListElement\":[{\"@type\":\"ListItem\",\"position\":1,\"name\":\"Inicio\",\"item\":\"https:\/\/angelsolisnoticias.com\/\"},{\"@type\":\"ListItem\",\"position\":2,\"name\":\"Posicionan a Playa del Carmen a nivel internacional con feria de turismo\"}]},{\"@type\":\"WebSite\",\"@id\":\"https:\/\/angelsolisnoticias.com\/#website\",\"url\":\"https:\/\/angelsolisnoticias.com\/\",\"name\":\"\u00c1ngel Solis\",\"description\":\"Noticias de Quintana Roo\",\"publisher\":{\"@id\":\"https:\/\/angelsolisnoticias.com\/#organization\"},\"potentialAction\":[{\"@type\":\"SearchAction\",\"target\":{\"@type\":\"EntryPoint\",\"urlTemplate\":\"https:\/\/angelsolisnoticias.com\/?s={search_term_string}\"},\"query-input\":\"required name=search_term_string\"}],\"inLanguage\":\"es\"},{\"@type\":\"Organization\",\"@id\":\"https:\/\/angelsolisnoticias.com\/#organization\",\"name\":\"\u00c1ngel Solis\",\"url\":\"https:\/\/angelsolisnoticias.com\/\",\"logo\":{\"@type\":\"ImageObject\",\"inLanguage\":\"es\",\"@id\":\"https:\/\/angelsolisnoticias.com\/#\/schema\/logo\/image\/\",\"url\":\"https:\/\/angelsolisnoticias.com\/wp-content\/uploads\/2023\/01\/LOGO3.png\",\"contentUrl\":\"https:\/\/angelsolisnoticias.com\/wp-content\/uploads\/2023\/01\/LOGO3.png\",\"width\":1853,\"height\":570,\"caption\":\"\u00c1ngel Solis\"},\"image\":{\"@id\":\"https:\/\/angelsolisnoticias.com\/#\/schema\/logo\/image\/\"},\"sameAs\":[\"https:\/\/www.facebook.com\/periodistasquintanaroo\",\"https:\/\/twitter.com\/PERIODISTASQROO\"]},{\"@type\":\"Person\",\"@id\":\"https:\/\/angelsolisnoticias.com\/#\/schema\/person\/d5ca5e4c5f05db44e86cb564bf81ae6f\",\"name\":\"admin\",\"image\":{\"@type\":\"ImageObject\",\"inLanguage\":\"es\",\"@id\":\"https:\/\/angelsolisnoticias.com\/#\/schema\/person\/image\/\",\"url\":\"https:\/\/secure.gravatar.com\/avatar\/dff3eaf7d33320066684ce268bff2bf90ce4f69456139b2d65d7796f64299e47?s=96&d=mm&r=g\",\"contentUrl\":\"https:\/\/secure.gravatar.com\/avatar\/dff3eaf7d33320066684ce268bff2bf90ce4f69456139b2d65d7796f64299e47?s=96&d=mm&r=g\",\"caption\":\"admin\"},\"sameAs\":[\"https:\/\/angelsolisnoticias.com\"],\"url\":\"https:\/\/angelsolisnoticias.com\/index.php\/author\/admin_qnbaat5l\/\"}]}<\/script>\n<!-- \/ Yoast SEO plugin. -->","yoast_head_json":{"title":"Posicionan a Playa del Carmen a nivel internacional con feria de turismo","description":".","robots":{"index":"index","follow":"follow","max-snippet":"max-snippet:-1","max-image-preview":"max-image-preview:large","max-video-preview":"max-video-preview:-1"},"canonical":"https:\/\/angelsolisnoticias.com\/index.php\/2023\/11\/08\/posicionan-a-playa-del-carmen-a-nivel-internacional-con-feria-de-turismo\/","og_locale":"es_MX","og_type":"article","og_title":"Posicionan a Playa del Carmen a nivel internacional con feria de turismo","og_description":".","og_url":"https:\/\/angelsolisnoticias.com\/index.php\/2023\/11\/08\/posicionan-a-playa-del-carmen-a-nivel-internacional-con-feria-de-turismo\/","og_site_name":"\u00c1ngel Solis","article_publisher":"https:\/\/www.facebook.com\/periodistasquintanaroo","article_published_time":"2023-11-08T14:41:01+00:00","article_modified_time":"2023-11-08T23:26:25+00:00","og_image":[{"width":800,"height":569,"url":"https:\/\/angelsolisnoticias.com\/wp-content\/uploads\/2023\/11\/Solidaridad-Feria-Turismo5.jpg","type":"image\/jpeg"}],"author":"admin","twitter_card":"summary_large_image","twitter_creator":"@PERIODISTASQROO","twitter_site":"@PERIODISTASQROO","twitter_misc":{"Escrito por":"admin","Tiempo de lectura":"2 minutos"},"schema":{"@context":"https:\/\/schema.org","@graph":[{"@type":"Article","@id":"https:\/\/angelsolisnoticias.com\/index.php\/2023\/11\/08\/posicionan-a-playa-del-carmen-a-nivel-internacional-con-feria-de-turismo\/#article","isPartOf":{"@id":"https:\/\/angelsolisnoticias.com\/index.php\/2023\/11\/08\/posicionan-a-playa-del-carmen-a-nivel-internacional-con-feria-de-turismo\/"},"author":{"name":"admin","@id":"https:\/\/angelsolisnoticias.com\/#\/schema\/person\/d5ca5e4c5f05db44e86cb564bf81ae6f"},"headline":"Posicionan a Playa del Carmen a nivel internacional con feria de turismo","datePublished":"2023-11-08T14:41:01+00:00","dateModified":"2023-11-08T23:26:25+00:00","mainEntityOfPage":{"@id":"https:\/\/angelsolisnoticias.com\/index.php\/2023\/11\/08\/posicionan-a-playa-del-carmen-a-nivel-internacional-con-feria-de-turismo\/"},"wordCount":320,"commentCount":0,"publisher":{"@id":"https:\/\/angelsolisnoticias.com\/#organization"},"articleSection":["Solidaridad","Uncategorized"],"inLanguage":"es","potentialAction":[{"@type":"CommentAction","name":"Comment","target":["https:\/\/angelsolisnoticias.com\/index.php\/2023\/11\/08\/posicionan-a-playa-del-carmen-a-nivel-internacional-con-feria-de-turismo\/#respond"]}]},{"@type":"WebPage","@id":"https:\/\/angelsolisnoticias.com\/index.php\/2023\/11\/08\/posicionan-a-playa-del-carmen-a-nivel-internacional-con-feria-de-turismo\/","url":"https:\/\/angelsolisnoticias.com\/index.php\/2023\/11\/08\/posicionan-a-playa-del-carmen-a-nivel-internacional-con-feria-de-turismo\/","name":"Posicionan a Playa del Carmen a nivel internacional con feria de turismo","isPartOf":{"@id":"https:\/\/angelsolisnoticias.com\/#website"},"datePublished":"2023-11-08T14:41:01+00:00","dateModified":"2023-11-08T23:26:25+00:00","description":".","breadcrumb":{"@id":"https:\/\/angelsolisnoticias.com\/index.php\/2023\/11\/08\/posicionan-a-playa-del-carmen-a-nivel-internacional-con-feria-de-turismo\/#breadcrumb"},"inLanguage":"es","potentialAction":[{"@type":"ReadAction","target":["https:\/\/angelsolisnoticias.com\/index.php\/2023\/11\/08\/posicionan-a-playa-del-carmen-a-nivel-internacional-con-feria-de-turismo\/"]}]},{"@type":"BreadcrumbList","@id":"https:\/\/angelsolisnoticias.com\/index.php\/2023\/11\/08\/posicionan-a-playa-del-carmen-a-nivel-internacional-con-feria-de-turismo\/#breadcrumb","itemListElement":[{"@type":"ListItem","position":1,"name":"Inicio","item":"https:\/\/angelsolisnoticias.com\/"},{"@type":"ListItem","position":2,"name":"Posicionan a Playa del Carmen a nivel internacional con feria de turismo"}]},{"@type":"WebSite","@id":"https:\/\/angelsolisnoticias.com\/#website","url":"https:\/\/angelsolisnoticias.com\/","name":"\u00c1ngel Solis","description":"Noticias de Quintana Roo","publisher":{"@id":"https:\/\/angelsolisnoticias.com\/#organization"},"potentialAction":[{"@type":"SearchAction","target":{"@type":"EntryPoint","urlTemplate":"https:\/\/angelsolisnoticias.com\/?s={search_term_string}"},"query-input":"required name=search_term_string"}],"inLanguage":"es"},{"@type":"Organization","@id":"https:\/\/angelsolisnoticias.com\/#organization","name":"\u00c1ngel Solis","url":"https:\/\/angelsolisnoticias.com\/","logo":{"@type":"ImageObject","inLanguage":"es","@id":"https:\/\/angelsolisnoticias.com\/#\/schema\/logo\/image\/","url":"https:\/\/angelsolisnoticias.com\/wp-content\/uploads\/2023\/01\/LOGO3.png","contentUrl":"https:\/\/angelsolisnoticias.com\/wp-content\/uploads\/2023\/01\/LOGO3.png","width":1853,"height":570,"caption":"\u00c1ngel Solis"},"image":{"@id":"https:\/\/angelsolisnoticias.com\/#\/schema\/logo\/image\/"},"sameAs":["https:\/\/www.facebook.com\/periodistasquintanaroo","https:\/\/twitter.com\/PERIODISTASQROO"]},{"@type":"Person","@id":"https:\/\/angelsolisnoticias.com\/#\/schema\/person\/d5ca5e4c5f05db44e86cb564bf81ae6f","name":"admin","image":{"@type":"ImageObject","inLanguage":"es","@id":"https:\/\/angelsolisnoticias.com\/#\/schema\/person\/image\/","url":"https:\/\/secure.gravatar.com\/avatar\/dff3eaf7d33320066684ce268bff2bf90ce4f69456139b2d65d7796f64299e47?s=96&d=mm&r=g","contentUrl":"https:\/\/secure.gravatar.com\/avatar\/dff3eaf7d33320066684ce268bff2bf90ce4f69456139b2d65d7796f64299e47?s=96&d=mm&r=g","caption":"admin"},"sameAs":["https:\/\/angelsolisnoticias.com"],"url":"https:\/\/angelsolisnoticias.com\/index.php\/author\/admin_qnbaat5l\/"}]}},"jetpack_featured_media_url":"https:\/\/angelsolisnoticias.com\/wp-content\/uploads\/2023\/11\/Solidaridad-Feria-Turismo5.jpg","_links":{"self":[{"href":"https:\/\/angelsolisnoticias.com\/index.php\/wp-json\/wp\/v2\/posts\/3651","targetHints":{"allow":["GET"]}}],"collection":[{"href":"https:\/\/angelsolisnoticias.com\/index.php\/wp-json\/wp\/v2\/posts"}],"about":[{"href":"https:\/\/angelsolisnoticias.com\/index.php\/wp-json\/wp\/v2\/types\/post"}],"author":[{"embeddable":true,"href":"https:\/\/angelsolisnoticias.com\/index.php\/wp-json\/wp\/v2\/users\/1"}],"replies":[{"embeddable":true,"href":"https:\/\/angelsolisnoticias.com\/index.php\/wp-json\/wp\/v2\/comments?post=3651"}],"version-history":[{"count":3,"href":"https:\/\/angelsolisnoticias.com\/index.php\/wp-json\/wp\/v2\/posts\/3651\/revisions"}],"predecessor-version":[{"id":3658,"href":"https:\/\/angelsolisnoticias.com\/index.php\/wp-json\/wp\/v2\/posts\/3651\/revisions\/3658"}],"wp:featuredmedia":[{"embeddable":true,"href":"https:\/\/angelsolisnoticias.com\/index.php\/wp-json\/wp\/v2\/media\/3657"}],"wp:attachment":[{"href":"https:\/\/angelsolisnoticias.com\/index.php\/wp-json\/wp\/v2\/media?parent=3651"}],"wp:term":[{"taxonomy":"category","embeddable":true,"href":"https:\/\/angelsolisnoticias.com\/index.php\/wp-json\/wp\/v2\/categories?post=3651"},{"taxonomy":"post_tag","embeddable":true,"href":"https:\/\/angelsolisnoticias.com\/index.php\/wp-json\/wp\/v2\/tags?post=3651"}],"curies":[{"name":"wp","href":"https:\/\/api.w.org\/{rel}","templated":true}]}}