{"id":3659,"date":"2023-11-08T15:05:24","date_gmt":"2023-11-08T15:05:24","guid":{"rendered":"https:\/\/angelsolisnoticias.com\/?p=3659"},"modified":"2023-11-08T23:45:21","modified_gmt":"2023-11-08T23:45:21","slug":"arranca-2a-jornada-nacional-de-salud-en-la-comunidad-vida-y-esperanza","status":"publish","type":"post","link":"https:\/\/angelsolisnoticias.com\/index.php\/2023\/11\/08\/arranca-2a-jornada-nacional-de-salud-en-la-comunidad-vida-y-esperanza\/","title":{"rendered":"Arranca 2\u00aa Jornada Nacional de Salud en la comunidad Vida y Esperanza"},"content":{"rendered":"<p>Playa del Carmen, Solidaridad, 8 de noviembre de 2023<br \/>\nRedacci\u00f3n<\/p>\n<p>Con el impulso de la presidenta Lili Campos, se realiz\u00f3 la primera actividad de arranque de la 2\u00aa Jornada Nacional de Salud P\u00fablica 2023 en la comunidad Vida y Esperanza, en donde se impartieron pl\u00e1ticas de prevenci\u00f3n del dengue, salud bucal y nutrici\u00f3n para los ni\u00f1os de entre 4 y 12 a\u00f1os de edad, de la escuela comunitaria.<\/p>\n<p>El principal objetivo de esta jornada de trabajo es intensificar las acciones de salud p\u00fablica que se llevan a cabo durante todo el a\u00f1o, como son las pruebas r\u00e1pidas de VIH, revisi\u00f3n de pie diab\u00e9tico, detectar ni\u00f1os y personas con piojos, los esquemas de vacaciones, pl\u00e1ticas de nutrici\u00f3n y salud bucal y pl\u00e1ticas de prevenci\u00f3n de enfermedades por vector, inform\u00f3 la directora de Salud F\u00edsica y Mental, Cecilia Castro Jim\u00e9nez.<\/p>\n<p><img loading=\"lazy\" decoding=\"async\" class=\"aligncenter wp-image-3662 \" src=\"https:\/\/angelsolisnoticias.com\/wp-content\/uploads\/2023\/11\/Solidaridad-jornada-salud4.jpg\" alt=\"\" width=\"587\" height=\"387\" \/><\/p>\n<p>El lema de esta jornada es &#8220;Comunidad sana, comunidad fuerte\u201d. Estas actividades se realizar\u00e1n en diferentes puntos del municipio, principalmente en las comunidades donde es m\u00e1s complicado tener los servicios de salud a la mano. Al mismo tiempo, tomando en cuenta la cercan\u00eda de la temporada invernal, se aplicar\u00e1n vacunas contra la influenza y la covid-19.<\/p>\n<p><img loading=\"lazy\" decoding=\"async\" class=\"aligncenter wp-image-3663 \" src=\"https:\/\/angelsolisnoticias.com\/wp-content\/uploads\/2023\/11\/Solidaridad-jornada-salud5.jpg\" alt=\"\" width=\"593\" height=\"366\" \/><\/p>\n<p>Por \u00faltimo, dijo que dentro de esta jornada se conmemorar\u00e1 \u201cEl D\u00eda Mundial Contra la Diabetes\u201d y se realizar\u00e1 una actividad el 14 de noviembre a las 9 de la ma\u00f1ana, en la escuela CECyTE II, en el fraccionamiento La Guadalupana. \u201cQuiero invitarlos a la clausura de actividades ser\u00e1 el 17 de noviembre en la plaza comercial Public Market, ubicado en el fraccionamiento Real Ibiza, a las 4 de la tarde, donde habr\u00e1 pl\u00e1ticas de promoci\u00f3n a la salud, pruebas r\u00e1pidas de VIH, s\u00edfilis y vacunas contra influenza y covid-19\u201d, dijo.<\/p>\n","protected":false},"excerpt":{"rendered":"<p>Playa del Carmen, Solidaridad, 8 de noviembre de 2023 Redacci\u00f3n Con el impulso de la presidenta Lili Campos, se realiz\u00f3 la primera actividad de arranque de la 2\u00aa Jornada Nacional de Salud P\u00fablica 2023 en la comunidad Vida y Esperanza, en donde se impartieron pl\u00e1ticas de prevenci\u00f3n del dengue, salud <a href=\"https:\/\/angelsolisnoticias.com\/index.php\/2023\/11\/08\/arranca-2a-jornada-nacional-de-salud-en-la-comunidad-vida-y-esperanza\/\" class=\"btn btn-link continue-link\">Seguir leyendo<\/a><\/p>\n","protected":false},"author":1,"featured_media":3664,"comment_status":"open","ping_status":"open","sticky":false,"template":"","format":"standard","meta":{"footnotes":""},"categories":[6,1],"tags":[],"class_list":["post-3659","post","type-post","status-publish","format-standard","has-post-thumbnail","hentry","category-solidaridad","category-uncategorized"],"yoast_head":"<!-- This site is optimized with the Yoast SEO plugin v21.1 - https:\/\/yoast.com\/wordpress\/plugins\/seo\/ -->\n<title>Arranca 2\u00aa Jornada Nacional de Salud en la comunidad Vida y Esperanza<\/title>\n<meta name=\"description\" content=\".\" \/>\n<meta name=\"robots\" content=\"index, follow, max-snippet:-1, max-image-preview:large, max-video-preview:-1\" \/>\n<link rel=\"canonical\" href=\"https:\/\/angelsolisnoticias.com\/index.php\/2023\/11\/08\/arranca-2a-jornada-nacional-de-salud-en-la-comunidad-vida-y-esperanza\/\" \/>\n<meta property=\"og:locale\" content=\"es_MX\" \/>\n<meta property=\"og:type\" content=\"article\" \/>\n<meta property=\"og:title\" content=\"Arranca 2\u00aa Jornada Nacional de Salud en la comunidad Vida y Esperanza\" \/>\n<meta property=\"og:description\" content=\".\" \/>\n<meta property=\"og:url\" content=\"https:\/\/angelsolisnoticias.com\/index.php\/2023\/11\/08\/arranca-2a-jornada-nacional-de-salud-en-la-comunidad-vida-y-esperanza\/\" \/>\n<meta property=\"og:site_name\" content=\"\u00c1ngel Solis\" \/>\n<meta property=\"article:publisher\" content=\"https:\/\/www.facebook.com\/periodistasquintanaroo\" \/>\n<meta property=\"article:published_time\" content=\"2023-11-08T15:05:24+00:00\" \/>\n<meta property=\"article:modified_time\" content=\"2023-11-08T23:45:21+00:00\" \/>\n<meta property=\"og:image\" content=\"https:\/\/angelsolisnoticias.com\/wp-content\/uploads\/2023\/11\/Solidaridad-jornada-salud3.jpg\" \/>\n\t<meta property=\"og:image:width\" content=\"800\" \/>\n\t<meta property=\"og:image:height\" content=\"569\" \/>\n\t<meta property=\"og:image:type\" content=\"image\/jpeg\" \/>\n<meta name=\"author\" content=\"admin\" \/>\n<meta name=\"twitter:card\" content=\"summary_large_image\" \/>\n<meta name=\"twitter:creator\" content=\"@PERIODISTASQROO\" \/>\n<meta name=\"twitter:site\" content=\"@PERIODISTASQROO\" \/>\n<meta name=\"twitter:label1\" content=\"Escrito por\" \/>\n\t<meta name=\"twitter:data1\" content=\"admin\" \/>\n\t<meta name=\"twitter:label2\" content=\"Tiempo de lectura\" \/>\n\t<meta name=\"twitter:data2\" content=\"2 minutos\" \/>\n<script type=\"application\/ld+json\" class=\"yoast-schema-graph\">{\"@context\":\"https:\/\/schema.org\",\"@graph\":[{\"@type\":\"Article\",\"@id\":\"https:\/\/angelsolisnoticias.com\/index.php\/2023\/11\/08\/arranca-2a-jornada-nacional-de-salud-en-la-comunidad-vida-y-esperanza\/#article\",\"isPartOf\":{\"@id\":\"https:\/\/angelsolisnoticias.com\/index.php\/2023\/11\/08\/arranca-2a-jornada-nacional-de-salud-en-la-comunidad-vida-y-esperanza\/\"},\"author\":{\"name\":\"admin\",\"@id\":\"https:\/\/angelsolisnoticias.com\/#\/schema\/person\/d5ca5e4c5f05db44e86cb564bf81ae6f\"},\"headline\":\"Arranca 2\u00aa Jornada Nacional de Salud en la comunidad Vida y Esperanza\",\"datePublished\":\"2023-11-08T15:05:24+00:00\",\"dateModified\":\"2023-11-08T23:45:21+00:00\",\"mainEntityOfPage\":{\"@id\":\"https:\/\/angelsolisnoticias.com\/index.php\/2023\/11\/08\/arranca-2a-jornada-nacional-de-salud-en-la-comunidad-vida-y-esperanza\/\"},\"wordCount\":315,\"commentCount\":0,\"publisher\":{\"@id\":\"https:\/\/angelsolisnoticias.com\/#organization\"},\"articleSection\":[\"Solidaridad\",\"Uncategorized\"],\"inLanguage\":\"es\",\"potentialAction\":[{\"@type\":\"CommentAction\",\"name\":\"Comment\",\"target\":[\"https:\/\/angelsolisnoticias.com\/index.php\/2023\/11\/08\/arranca-2a-jornada-nacional-de-salud-en-la-comunidad-vida-y-esperanza\/#respond\"]}]},{\"@type\":\"WebPage\",\"@id\":\"https:\/\/angelsolisnoticias.com\/index.php\/2023\/11\/08\/arranca-2a-jornada-nacional-de-salud-en-la-comunidad-vida-y-esperanza\/\",\"url\":\"https:\/\/angelsolisnoticias.com\/index.php\/2023\/11\/08\/arranca-2a-jornada-nacional-de-salud-en-la-comunidad-vida-y-esperanza\/\",\"name\":\"Arranca 2\u00aa Jornada Nacional de Salud en la comunidad Vida y Esperanza\",\"isPartOf\":{\"@id\":\"https:\/\/angelsolisnoticias.com\/#website\"},\"datePublished\":\"2023-11-08T15:05:24+00:00\",\"dateModified\":\"2023-11-08T23:45:21+00:00\",\"description\":\".\",\"breadcrumb\":{\"@id\":\"https:\/\/angelsolisnoticias.com\/index.php\/2023\/11\/08\/arranca-2a-jornada-nacional-de-salud-en-la-comunidad-vida-y-esperanza\/#breadcrumb\"},\"inLanguage\":\"es\",\"potentialAction\":[{\"@type\":\"ReadAction\",\"target\":[\"https:\/\/angelsolisnoticias.com\/index.php\/2023\/11\/08\/arranca-2a-jornada-nacional-de-salud-en-la-comunidad-vida-y-esperanza\/\"]}]},{\"@type\":\"BreadcrumbList\",\"@id\":\"https:\/\/angelsolisnoticias.com\/index.php\/2023\/11\/08\/arranca-2a-jornada-nacional-de-salud-en-la-comunidad-vida-y-esperanza\/#breadcrumb\",\"itemListElement\":[{\"@type\":\"ListItem\",\"position\":1,\"name\":\"Inicio\",\"item\":\"https:\/\/angelsolisnoticias.com\/\"},{\"@type\":\"ListItem\",\"position\":2,\"name\":\"Arranca 2\u00aa Jornada Nacional de Salud en la comunidad Vida y Esperanza\"}]},{\"@type\":\"WebSite\",\"@id\":\"https:\/\/angelsolisnoticias.com\/#website\",\"url\":\"https:\/\/angelsolisnoticias.com\/\",\"name\":\"\u00c1ngel Solis\",\"description\":\"Noticias de Quintana Roo\",\"publisher\":{\"@id\":\"https:\/\/angelsolisnoticias.com\/#organization\"},\"potentialAction\":[{\"@type\":\"SearchAction\",\"target\":{\"@type\":\"EntryPoint\",\"urlTemplate\":\"https:\/\/angelsolisnoticias.com\/?s={search_term_string}\"},\"query-input\":\"required name=search_term_string\"}],\"inLanguage\":\"es\"},{\"@type\":\"Organization\",\"@id\":\"https:\/\/angelsolisnoticias.com\/#organization\",\"name\":\"\u00c1ngel Solis\",\"url\":\"https:\/\/angelsolisnoticias.com\/\",\"logo\":{\"@type\":\"ImageObject\",\"inLanguage\":\"es\",\"@id\":\"https:\/\/angelsolisnoticias.com\/#\/schema\/logo\/image\/\",\"url\":\"https:\/\/angelsolisnoticias.com\/wp-content\/uploads\/2023\/01\/LOGO3.png\",\"contentUrl\":\"https:\/\/angelsolisnoticias.com\/wp-content\/uploads\/2023\/01\/LOGO3.png\",\"width\":1853,\"height\":570,\"caption\":\"\u00c1ngel Solis\"},\"image\":{\"@id\":\"https:\/\/angelsolisnoticias.com\/#\/schema\/logo\/image\/\"},\"sameAs\":[\"https:\/\/www.facebook.com\/periodistasquintanaroo\",\"https:\/\/twitter.com\/PERIODISTASQROO\"]},{\"@type\":\"Person\",\"@id\":\"https:\/\/angelsolisnoticias.com\/#\/schema\/person\/d5ca5e4c5f05db44e86cb564bf81ae6f\",\"name\":\"admin\",\"image\":{\"@type\":\"ImageObject\",\"inLanguage\":\"es\",\"@id\":\"https:\/\/angelsolisnoticias.com\/#\/schema\/person\/image\/\",\"url\":\"https:\/\/secure.gravatar.com\/avatar\/dff3eaf7d33320066684ce268bff2bf90ce4f69456139b2d65d7796f64299e47?s=96&d=mm&r=g\",\"contentUrl\":\"https:\/\/secure.gravatar.com\/avatar\/dff3eaf7d33320066684ce268bff2bf90ce4f69456139b2d65d7796f64299e47?s=96&d=mm&r=g\",\"caption\":\"admin\"},\"sameAs\":[\"https:\/\/angelsolisnoticias.com\"],\"url\":\"https:\/\/angelsolisnoticias.com\/index.php\/author\/admin_qnbaat5l\/\"}]}<\/script>\n<!-- \/ Yoast SEO plugin. -->","yoast_head_json":{"title":"Arranca 2\u00aa Jornada Nacional de Salud en la comunidad Vida y Esperanza","description":".","robots":{"index":"index","follow":"follow","max-snippet":"max-snippet:-1","max-image-preview":"max-image-preview:large","max-video-preview":"max-video-preview:-1"},"canonical":"https:\/\/angelsolisnoticias.com\/index.php\/2023\/11\/08\/arranca-2a-jornada-nacional-de-salud-en-la-comunidad-vida-y-esperanza\/","og_locale":"es_MX","og_type":"article","og_title":"Arranca 2\u00aa Jornada Nacional de Salud en la comunidad Vida y Esperanza","og_description":".","og_url":"https:\/\/angelsolisnoticias.com\/index.php\/2023\/11\/08\/arranca-2a-jornada-nacional-de-salud-en-la-comunidad-vida-y-esperanza\/","og_site_name":"\u00c1ngel Solis","article_publisher":"https:\/\/www.facebook.com\/periodistasquintanaroo","article_published_time":"2023-11-08T15:05:24+00:00","article_modified_time":"2023-11-08T23:45:21+00:00","og_image":[{"width":800,"height":569,"url":"https:\/\/angelsolisnoticias.com\/wp-content\/uploads\/2023\/11\/Solidaridad-jornada-salud3.jpg","type":"image\/jpeg"}],"author":"admin","twitter_card":"summary_large_image","twitter_creator":"@PERIODISTASQROO","twitter_site":"@PERIODISTASQROO","twitter_misc":{"Escrito por":"admin","Tiempo de lectura":"2 minutos"},"schema":{"@context":"https:\/\/schema.org","@graph":[{"@type":"Article","@id":"https:\/\/angelsolisnoticias.com\/index.php\/2023\/11\/08\/arranca-2a-jornada-nacional-de-salud-en-la-comunidad-vida-y-esperanza\/#article","isPartOf":{"@id":"https:\/\/angelsolisnoticias.com\/index.php\/2023\/11\/08\/arranca-2a-jornada-nacional-de-salud-en-la-comunidad-vida-y-esperanza\/"},"author":{"name":"admin","@id":"https:\/\/angelsolisnoticias.com\/#\/schema\/person\/d5ca5e4c5f05db44e86cb564bf81ae6f"},"headline":"Arranca 2\u00aa Jornada Nacional de Salud en la comunidad Vida y Esperanza","datePublished":"2023-11-08T15:05:24+00:00","dateModified":"2023-11-08T23:45:21+00:00","mainEntityOfPage":{"@id":"https:\/\/angelsolisnoticias.com\/index.php\/2023\/11\/08\/arranca-2a-jornada-nacional-de-salud-en-la-comunidad-vida-y-esperanza\/"},"wordCount":315,"commentCount":0,"publisher":{"@id":"https:\/\/angelsolisnoticias.com\/#organization"},"articleSection":["Solidaridad","Uncategorized"],"inLanguage":"es","potentialAction":[{"@type":"CommentAction","name":"Comment","target":["https:\/\/angelsolisnoticias.com\/index.php\/2023\/11\/08\/arranca-2a-jornada-nacional-de-salud-en-la-comunidad-vida-y-esperanza\/#respond"]}]},{"@type":"WebPage","@id":"https:\/\/angelsolisnoticias.com\/index.php\/2023\/11\/08\/arranca-2a-jornada-nacional-de-salud-en-la-comunidad-vida-y-esperanza\/","url":"https:\/\/angelsolisnoticias.com\/index.php\/2023\/11\/08\/arranca-2a-jornada-nacional-de-salud-en-la-comunidad-vida-y-esperanza\/","name":"Arranca 2\u00aa Jornada Nacional de Salud en la comunidad Vida y Esperanza","isPartOf":{"@id":"https:\/\/angelsolisnoticias.com\/#website"},"datePublished":"2023-11-08T15:05:24+00:00","dateModified":"2023-11-08T23:45:21+00:00","description":".","breadcrumb":{"@id":"https:\/\/angelsolisnoticias.com\/index.php\/2023\/11\/08\/arranca-2a-jornada-nacional-de-salud-en-la-comunidad-vida-y-esperanza\/#breadcrumb"},"inLanguage":"es","potentialAction":[{"@type":"ReadAction","target":["https:\/\/angelsolisnoticias.com\/index.php\/2023\/11\/08\/arranca-2a-jornada-nacional-de-salud-en-la-comunidad-vida-y-esperanza\/"]}]},{"@type":"BreadcrumbList","@id":"https:\/\/angelsolisnoticias.com\/index.php\/2023\/11\/08\/arranca-2a-jornada-nacional-de-salud-en-la-comunidad-vida-y-esperanza\/#breadcrumb","itemListElement":[{"@type":"ListItem","position":1,"name":"Inicio","item":"https:\/\/angelsolisnoticias.com\/"},{"@type":"ListItem","position":2,"name":"Arranca 2\u00aa Jornada Nacional de Salud en la comunidad Vida y Esperanza"}]},{"@type":"WebSite","@id":"https:\/\/angelsolisnoticias.com\/#website","url":"https:\/\/angelsolisnoticias.com\/","name":"\u00c1ngel Solis","description":"Noticias de Quintana Roo","publisher":{"@id":"https:\/\/angelsolisnoticias.com\/#organization"},"potentialAction":[{"@type":"SearchAction","target":{"@type":"EntryPoint","urlTemplate":"https:\/\/angelsolisnoticias.com\/?s={search_term_string}"},"query-input":"required name=search_term_string"}],"inLanguage":"es"},{"@type":"Organization","@id":"https:\/\/angelsolisnoticias.com\/#organization","name":"\u00c1ngel Solis","url":"https:\/\/angelsolisnoticias.com\/","logo":{"@type":"ImageObject","inLanguage":"es","@id":"https:\/\/angelsolisnoticias.com\/#\/schema\/logo\/image\/","url":"https:\/\/angelsolisnoticias.com\/wp-content\/uploads\/2023\/01\/LOGO3.png","contentUrl":"https:\/\/angelsolisnoticias.com\/wp-content\/uploads\/2023\/01\/LOGO3.png","width":1853,"height":570,"caption":"\u00c1ngel Solis"},"image":{"@id":"https:\/\/angelsolisnoticias.com\/#\/schema\/logo\/image\/"},"sameAs":["https:\/\/www.facebook.com\/periodistasquintanaroo","https:\/\/twitter.com\/PERIODISTASQROO"]},{"@type":"Person","@id":"https:\/\/angelsolisnoticias.com\/#\/schema\/person\/d5ca5e4c5f05db44e86cb564bf81ae6f","name":"admin","image":{"@type":"ImageObject","inLanguage":"es","@id":"https:\/\/angelsolisnoticias.com\/#\/schema\/person\/image\/","url":"https:\/\/secure.gravatar.com\/avatar\/dff3eaf7d33320066684ce268bff2bf90ce4f69456139b2d65d7796f64299e47?s=96&d=mm&r=g","contentUrl":"https:\/\/secure.gravatar.com\/avatar\/dff3eaf7d33320066684ce268bff2bf90ce4f69456139b2d65d7796f64299e47?s=96&d=mm&r=g","caption":"admin"},"sameAs":["https:\/\/angelsolisnoticias.com"],"url":"https:\/\/angelsolisnoticias.com\/index.php\/author\/admin_qnbaat5l\/"}]}},"jetpack_featured_media_url":"https:\/\/angelsolisnoticias.com\/wp-content\/uploads\/2023\/11\/Solidaridad-jornada-salud3.jpg","_links":{"self":[{"href":"https:\/\/angelsolisnoticias.com\/index.php\/wp-json\/wp\/v2\/posts\/3659","targetHints":{"allow":["GET"]}}],"collection":[{"href":"https:\/\/angelsolisnoticias.com\/index.php\/wp-json\/wp\/v2\/posts"}],"about":[{"href":"https:\/\/angelsolisnoticias.com\/index.php\/wp-json\/wp\/v2\/types\/post"}],"author":[{"embeddable":true,"href":"https:\/\/angelsolisnoticias.com\/index.php\/wp-json\/wp\/v2\/users\/1"}],"replies":[{"embeddable":true,"href":"https:\/\/angelsolisnoticias.com\/index.php\/wp-json\/wp\/v2\/comments?post=3659"}],"version-history":[{"count":3,"href":"https:\/\/angelsolisnoticias.com\/index.php\/wp-json\/wp\/v2\/posts\/3659\/revisions"}],"predecessor-version":[{"id":3666,"href":"https:\/\/angelsolisnoticias.com\/index.php\/wp-json\/wp\/v2\/posts\/3659\/revisions\/3666"}],"wp:featuredmedia":[{"embeddable":true,"href":"https:\/\/angelsolisnoticias.com\/index.php\/wp-json\/wp\/v2\/media\/3664"}],"wp:attachment":[{"href":"https:\/\/angelsolisnoticias.com\/index.php\/wp-json\/wp\/v2\/media?parent=3659"}],"wp:term":[{"taxonomy":"category","embeddable":true,"href":"https:\/\/angelsolisnoticias.com\/index.php\/wp-json\/wp\/v2\/categories?post=3659"},{"taxonomy":"post_tag","embeddable":true,"href":"https:\/\/angelsolisnoticias.com\/index.php\/wp-json\/wp\/v2\/tags?post=3659"}],"curies":[{"name":"wp","href":"https:\/\/api.w.org\/{rel}","templated":true}]}}