{"id":3667,"date":"2023-11-09T17:40:14","date_gmt":"2023-11-09T17:40:14","guid":{"rendered":"https:\/\/angelsolisnoticias.com\/?p=3667"},"modified":"2023-11-10T02:14:29","modified_gmt":"2023-11-10T02:14:29","slug":"ayuntamiento-de-felipe-carrillo-puerto-fomenta-el-debate-politico-entre-las-juventudes","status":"publish","type":"post","link":"https:\/\/angelsolisnoticias.com\/index.php\/2023\/11\/09\/ayuntamiento-de-felipe-carrillo-puerto-fomenta-el-debate-politico-entre-las-juventudes\/","title":{"rendered":"Ayuntamiento de Felipe Carrillo Puerto fomenta el debate pol\u00edtico entre las juventudes"},"content":{"rendered":"<p>Felipe Carrillo Puerto, 9 de noviembre<br \/>\nRedacci\u00f3n<\/p>\n<p>El Ayuntamiento de Felipe Carrillo Puerto llev\u00f3 a cabo este jueves el concurso municipal de debate pol\u00edtico con el objetivo de fomentar la participaci\u00f3n de las juventudes en el \u00e1mbito pol\u00edtico.<\/p>\n<p>Previo al inicio de las rondas de debate, la Presidenta Municipal Mary Hern\u00e1ndez\u00a0 destac\u00f3 la importancia de esta iniciativa como un semillero para futuros l\u00edderes que eventualmente estar\u00e1n a cargo de decisiones fundamentales en el municipio.<\/p>\n<p>Seg\u00fan la alcaldesa, con la nueva ley electoral que obliga a los partidos pol\u00edticos a incluir j\u00f3venes en sus planillas para puestos de elecci\u00f3n popular, eventos como este se vuelven fundamentales para la formaci\u00f3n y participaci\u00f3n de la juventud.<\/p>\n<p><img loading=\"lazy\" decoding=\"async\" class=\"aligncenter wp-image-3671 \" src=\"https:\/\/angelsolisnoticias.com\/wp-content\/uploads\/2023\/11\/Carrillo-Debate-Politico2.jpg\" alt=\"\" width=\"601\" height=\"383\" \/><\/p>\n<p>&#8220;Invito a aquellos que se acercan a la mayor\u00eda de edad a involucrarse en los temas pertinentes al municipio y a tener la visi\u00f3n de gobernar Felipe Carrillo Puerto de la mejor manera posible&#8221;, expres\u00f3 Mary Hern\u00e1ndez.<\/p>\n<p>Por su parte, el coordinador de la Juventud Municipal, Santiago Yeh, destac\u00f3 que el concurso de debate pol\u00edtico buscaba crear espacios de intercambio de ideas, opiniones y perspectivas sobre diversos temas.<\/p>\n<p>&#8220;Es crucial que tengan el derecho de ser escuchados, por ello brindamos este espacio para que demuestren sus capacidades a trav\u00e9s del debate y as\u00ed prepararse para ser actores y transformadores de la sociedad&#8221;, enfatiz\u00f3 el funcionario.<\/p>\n<p><img loading=\"lazy\" decoding=\"async\" class=\"aligncenter wp-image-3669 \" src=\"https:\/\/angelsolisnoticias.com\/wp-content\/uploads\/2023\/11\/Carrillo-Debate-Politico4.jpg\" alt=\"\" width=\"637\" height=\"419\" \/><\/p>\n<p>El certamen fue organizado por la Coordinaci\u00f3n Municipal de la Juventud y se desarroll\u00f3 en las instalaciones del Centro de Bachillerato Tecnol\u00f3gico Industrial y de Servicios CBTIS No. 72 de la ciudad. Los participantes en este concurso fueron Osmar Ariel Oy Chuc, Pedro Tadeo Colli Estrella, Marco Julio Valdez y Julio Cesar Sosa Alvarado.<\/p>\n<p>Al t\u00e9rmino del evento, el jurado declar\u00f3 ganadores en las categor\u00edas &#8220;A&#8221; y &#8220;B&#8221; a Pedro Tadeo Colli Estrella de la Universidad del Bienestar Benito Ju\u00e1rez y Julio C\u00e9sar Sosa Alvarado del Instituto Tecnol\u00f3gico de la ciudad, respectivamente. Estos dos estudiantes obtuvieron el derecho de representar al municipio en el concurso de debate pol\u00edtico a nivel estatal, programado para el pr\u00f3ximo 9 de diciembre en la capital del estado.<\/p>\n","protected":false},"excerpt":{"rendered":"<p>Felipe Carrillo Puerto, 9 de noviembre Redacci\u00f3n El Ayuntamiento de Felipe Carrillo Puerto llev\u00f3 a cabo este jueves el concurso municipal de debate pol\u00edtico con el objetivo de fomentar la participaci\u00f3n de las juventudes en el \u00e1mbito pol\u00edtico. Previo al inicio de las rondas de debate, la Presidenta Municipal Mary <a href=\"https:\/\/angelsolisnoticias.com\/index.php\/2023\/11\/09\/ayuntamiento-de-felipe-carrillo-puerto-fomenta-el-debate-politico-entre-las-juventudes\/\" class=\"btn btn-link continue-link\">Seguir leyendo<\/a><\/p>\n","protected":false},"author":1,"featured_media":3672,"comment_status":"open","ping_status":"open","sticky":false,"template":"","format":"standard","meta":{"footnotes":""},"categories":[1],"tags":[],"class_list":["post-3667","post","type-post","status-publish","format-standard","has-post-thumbnail","hentry","category-uncategorized"],"yoast_head":"<!-- This site is optimized with the Yoast SEO plugin v21.1 - https:\/\/yoast.com\/wordpress\/plugins\/seo\/ -->\n<title>Ayuntamiento de Felipe Carrillo Puerto fomenta el debate pol\u00edtico entre las juventudes<\/title>\n<meta name=\"description\" content=\".\" \/>\n<meta name=\"robots\" content=\"index, follow, max-snippet:-1, max-image-preview:large, max-video-preview:-1\" \/>\n<link rel=\"canonical\" href=\"https:\/\/angelsolisnoticias.com\/index.php\/2023\/11\/09\/ayuntamiento-de-felipe-carrillo-puerto-fomenta-el-debate-politico-entre-las-juventudes\/\" \/>\n<meta property=\"og:locale\" content=\"es_MX\" \/>\n<meta property=\"og:type\" content=\"article\" \/>\n<meta property=\"og:title\" content=\"Ayuntamiento de Felipe Carrillo Puerto fomenta el debate pol\u00edtico entre las juventudes\" \/>\n<meta property=\"og:description\" content=\".\" \/>\n<meta property=\"og:url\" content=\"https:\/\/angelsolisnoticias.com\/index.php\/2023\/11\/09\/ayuntamiento-de-felipe-carrillo-puerto-fomenta-el-debate-politico-entre-las-juventudes\/\" \/>\n<meta property=\"og:site_name\" content=\"\u00c1ngel Solis\" \/>\n<meta property=\"article:publisher\" content=\"https:\/\/www.facebook.com\/periodistasquintanaroo\" \/>\n<meta property=\"article:published_time\" content=\"2023-11-09T17:40:14+00:00\" \/>\n<meta property=\"article:modified_time\" content=\"2023-11-10T02:14:29+00:00\" \/>\n<meta property=\"og:image\" content=\"https:\/\/angelsolisnoticias.com\/wp-content\/uploads\/2023\/11\/Carrillo-Debate-Politico1.jpg\" \/>\n\t<meta property=\"og:image:width\" content=\"800\" \/>\n\t<meta property=\"og:image:height\" content=\"569\" \/>\n\t<meta property=\"og:image:type\" content=\"image\/jpeg\" \/>\n<meta name=\"author\" content=\"admin\" \/>\n<meta name=\"twitter:card\" content=\"summary_large_image\" \/>\n<meta name=\"twitter:creator\" content=\"@PERIODISTASQROO\" \/>\n<meta name=\"twitter:site\" content=\"@PERIODISTASQROO\" \/>\n<meta name=\"twitter:label1\" content=\"Escrito por\" \/>\n\t<meta name=\"twitter:data1\" content=\"admin\" \/>\n\t<meta name=\"twitter:label2\" content=\"Tiempo de lectura\" \/>\n\t<meta name=\"twitter:data2\" content=\"2 minutos\" \/>\n<script type=\"application\/ld+json\" class=\"yoast-schema-graph\">{\"@context\":\"https:\/\/schema.org\",\"@graph\":[{\"@type\":\"Article\",\"@id\":\"https:\/\/angelsolisnoticias.com\/index.php\/2023\/11\/09\/ayuntamiento-de-felipe-carrillo-puerto-fomenta-el-debate-politico-entre-las-juventudes\/#article\",\"isPartOf\":{\"@id\":\"https:\/\/angelsolisnoticias.com\/index.php\/2023\/11\/09\/ayuntamiento-de-felipe-carrillo-puerto-fomenta-el-debate-politico-entre-las-juventudes\/\"},\"author\":{\"name\":\"admin\",\"@id\":\"https:\/\/angelsolisnoticias.com\/#\/schema\/person\/d5ca5e4c5f05db44e86cb564bf81ae6f\"},\"headline\":\"Ayuntamiento de Felipe Carrillo Puerto fomenta el debate pol\u00edtico entre las juventudes\",\"datePublished\":\"2023-11-09T17:40:14+00:00\",\"dateModified\":\"2023-11-10T02:14:29+00:00\",\"mainEntityOfPage\":{\"@id\":\"https:\/\/angelsolisnoticias.com\/index.php\/2023\/11\/09\/ayuntamiento-de-felipe-carrillo-puerto-fomenta-el-debate-politico-entre-las-juventudes\/\"},\"wordCount\":378,\"commentCount\":0,\"publisher\":{\"@id\":\"https:\/\/angelsolisnoticias.com\/#organization\"},\"articleSection\":[\"Uncategorized\"],\"inLanguage\":\"es\",\"potentialAction\":[{\"@type\":\"CommentAction\",\"name\":\"Comment\",\"target\":[\"https:\/\/angelsolisnoticias.com\/index.php\/2023\/11\/09\/ayuntamiento-de-felipe-carrillo-puerto-fomenta-el-debate-politico-entre-las-juventudes\/#respond\"]}]},{\"@type\":\"WebPage\",\"@id\":\"https:\/\/angelsolisnoticias.com\/index.php\/2023\/11\/09\/ayuntamiento-de-felipe-carrillo-puerto-fomenta-el-debate-politico-entre-las-juventudes\/\",\"url\":\"https:\/\/angelsolisnoticias.com\/index.php\/2023\/11\/09\/ayuntamiento-de-felipe-carrillo-puerto-fomenta-el-debate-politico-entre-las-juventudes\/\",\"name\":\"Ayuntamiento de Felipe Carrillo Puerto fomenta el debate pol\u00edtico entre las juventudes\",\"isPartOf\":{\"@id\":\"https:\/\/angelsolisnoticias.com\/#website\"},\"datePublished\":\"2023-11-09T17:40:14+00:00\",\"dateModified\":\"2023-11-10T02:14:29+00:00\",\"description\":\".\",\"breadcrumb\":{\"@id\":\"https:\/\/angelsolisnoticias.com\/index.php\/2023\/11\/09\/ayuntamiento-de-felipe-carrillo-puerto-fomenta-el-debate-politico-entre-las-juventudes\/#breadcrumb\"},\"inLanguage\":\"es\",\"potentialAction\":[{\"@type\":\"ReadAction\",\"target\":[\"https:\/\/angelsolisnoticias.com\/index.php\/2023\/11\/09\/ayuntamiento-de-felipe-carrillo-puerto-fomenta-el-debate-politico-entre-las-juventudes\/\"]}]},{\"@type\":\"BreadcrumbList\",\"@id\":\"https:\/\/angelsolisnoticias.com\/index.php\/2023\/11\/09\/ayuntamiento-de-felipe-carrillo-puerto-fomenta-el-debate-politico-entre-las-juventudes\/#breadcrumb\",\"itemListElement\":[{\"@type\":\"ListItem\",\"position\":1,\"name\":\"Inicio\",\"item\":\"https:\/\/angelsolisnoticias.com\/\"},{\"@type\":\"ListItem\",\"position\":2,\"name\":\"Ayuntamiento de Felipe Carrillo Puerto fomenta el debate pol\u00edtico entre las juventudes\"}]},{\"@type\":\"WebSite\",\"@id\":\"https:\/\/angelsolisnoticias.com\/#website\",\"url\":\"https:\/\/angelsolisnoticias.com\/\",\"name\":\"\u00c1ngel Solis\",\"description\":\"Noticias de Quintana Roo\",\"publisher\":{\"@id\":\"https:\/\/angelsolisnoticias.com\/#organization\"},\"potentialAction\":[{\"@type\":\"SearchAction\",\"target\":{\"@type\":\"EntryPoint\",\"urlTemplate\":\"https:\/\/angelsolisnoticias.com\/?s={search_term_string}\"},\"query-input\":\"required name=search_term_string\"}],\"inLanguage\":\"es\"},{\"@type\":\"Organization\",\"@id\":\"https:\/\/angelsolisnoticias.com\/#organization\",\"name\":\"\u00c1ngel Solis\",\"url\":\"https:\/\/angelsolisnoticias.com\/\",\"logo\":{\"@type\":\"ImageObject\",\"inLanguage\":\"es\",\"@id\":\"https:\/\/angelsolisnoticias.com\/#\/schema\/logo\/image\/\",\"url\":\"https:\/\/angelsolisnoticias.com\/wp-content\/uploads\/2023\/01\/LOGO3.png\",\"contentUrl\":\"https:\/\/angelsolisnoticias.com\/wp-content\/uploads\/2023\/01\/LOGO3.png\",\"width\":1853,\"height\":570,\"caption\":\"\u00c1ngel Solis\"},\"image\":{\"@id\":\"https:\/\/angelsolisnoticias.com\/#\/schema\/logo\/image\/\"},\"sameAs\":[\"https:\/\/www.facebook.com\/periodistasquintanaroo\",\"https:\/\/twitter.com\/PERIODISTASQROO\"]},{\"@type\":\"Person\",\"@id\":\"https:\/\/angelsolisnoticias.com\/#\/schema\/person\/d5ca5e4c5f05db44e86cb564bf81ae6f\",\"name\":\"admin\",\"image\":{\"@type\":\"ImageObject\",\"inLanguage\":\"es\",\"@id\":\"https:\/\/angelsolisnoticias.com\/#\/schema\/person\/image\/\",\"url\":\"https:\/\/secure.gravatar.com\/avatar\/dff3eaf7d33320066684ce268bff2bf90ce4f69456139b2d65d7796f64299e47?s=96&d=mm&r=g\",\"contentUrl\":\"https:\/\/secure.gravatar.com\/avatar\/dff3eaf7d33320066684ce268bff2bf90ce4f69456139b2d65d7796f64299e47?s=96&d=mm&r=g\",\"caption\":\"admin\"},\"sameAs\":[\"https:\/\/angelsolisnoticias.com\"],\"url\":\"https:\/\/angelsolisnoticias.com\/index.php\/author\/admin_qnbaat5l\/\"}]}<\/script>\n<!-- \/ Yoast SEO plugin. -->","yoast_head_json":{"title":"Ayuntamiento de Felipe Carrillo Puerto fomenta el debate pol\u00edtico entre las juventudes","description":".","robots":{"index":"index","follow":"follow","max-snippet":"max-snippet:-1","max-image-preview":"max-image-preview:large","max-video-preview":"max-video-preview:-1"},"canonical":"https:\/\/angelsolisnoticias.com\/index.php\/2023\/11\/09\/ayuntamiento-de-felipe-carrillo-puerto-fomenta-el-debate-politico-entre-las-juventudes\/","og_locale":"es_MX","og_type":"article","og_title":"Ayuntamiento de Felipe Carrillo Puerto fomenta el debate pol\u00edtico entre las juventudes","og_description":".","og_url":"https:\/\/angelsolisnoticias.com\/index.php\/2023\/11\/09\/ayuntamiento-de-felipe-carrillo-puerto-fomenta-el-debate-politico-entre-las-juventudes\/","og_site_name":"\u00c1ngel Solis","article_publisher":"https:\/\/www.facebook.com\/periodistasquintanaroo","article_published_time":"2023-11-09T17:40:14+00:00","article_modified_time":"2023-11-10T02:14:29+00:00","og_image":[{"width":800,"height":569,"url":"https:\/\/angelsolisnoticias.com\/wp-content\/uploads\/2023\/11\/Carrillo-Debate-Politico1.jpg","type":"image\/jpeg"}],"author":"admin","twitter_card":"summary_large_image","twitter_creator":"@PERIODISTASQROO","twitter_site":"@PERIODISTASQROO","twitter_misc":{"Escrito por":"admin","Tiempo de lectura":"2 minutos"},"schema":{"@context":"https:\/\/schema.org","@graph":[{"@type":"Article","@id":"https:\/\/angelsolisnoticias.com\/index.php\/2023\/11\/09\/ayuntamiento-de-felipe-carrillo-puerto-fomenta-el-debate-politico-entre-las-juventudes\/#article","isPartOf":{"@id":"https:\/\/angelsolisnoticias.com\/index.php\/2023\/11\/09\/ayuntamiento-de-felipe-carrillo-puerto-fomenta-el-debate-politico-entre-las-juventudes\/"},"author":{"name":"admin","@id":"https:\/\/angelsolisnoticias.com\/#\/schema\/person\/d5ca5e4c5f05db44e86cb564bf81ae6f"},"headline":"Ayuntamiento de Felipe Carrillo Puerto fomenta el debate pol\u00edtico entre las juventudes","datePublished":"2023-11-09T17:40:14+00:00","dateModified":"2023-11-10T02:14:29+00:00","mainEntityOfPage":{"@id":"https:\/\/angelsolisnoticias.com\/index.php\/2023\/11\/09\/ayuntamiento-de-felipe-carrillo-puerto-fomenta-el-debate-politico-entre-las-juventudes\/"},"wordCount":378,"commentCount":0,"publisher":{"@id":"https:\/\/angelsolisnoticias.com\/#organization"},"articleSection":["Uncategorized"],"inLanguage":"es","potentialAction":[{"@type":"CommentAction","name":"Comment","target":["https:\/\/angelsolisnoticias.com\/index.php\/2023\/11\/09\/ayuntamiento-de-felipe-carrillo-puerto-fomenta-el-debate-politico-entre-las-juventudes\/#respond"]}]},{"@type":"WebPage","@id":"https:\/\/angelsolisnoticias.com\/index.php\/2023\/11\/09\/ayuntamiento-de-felipe-carrillo-puerto-fomenta-el-debate-politico-entre-las-juventudes\/","url":"https:\/\/angelsolisnoticias.com\/index.php\/2023\/11\/09\/ayuntamiento-de-felipe-carrillo-puerto-fomenta-el-debate-politico-entre-las-juventudes\/","name":"Ayuntamiento de Felipe Carrillo Puerto fomenta el debate pol\u00edtico entre las juventudes","isPartOf":{"@id":"https:\/\/angelsolisnoticias.com\/#website"},"datePublished":"2023-11-09T17:40:14+00:00","dateModified":"2023-11-10T02:14:29+00:00","description":".","breadcrumb":{"@id":"https:\/\/angelsolisnoticias.com\/index.php\/2023\/11\/09\/ayuntamiento-de-felipe-carrillo-puerto-fomenta-el-debate-politico-entre-las-juventudes\/#breadcrumb"},"inLanguage":"es","potentialAction":[{"@type":"ReadAction","target":["https:\/\/angelsolisnoticias.com\/index.php\/2023\/11\/09\/ayuntamiento-de-felipe-carrillo-puerto-fomenta-el-debate-politico-entre-las-juventudes\/"]}]},{"@type":"BreadcrumbList","@id":"https:\/\/angelsolisnoticias.com\/index.php\/2023\/11\/09\/ayuntamiento-de-felipe-carrillo-puerto-fomenta-el-debate-politico-entre-las-juventudes\/#breadcrumb","itemListElement":[{"@type":"ListItem","position":1,"name":"Inicio","item":"https:\/\/angelsolisnoticias.com\/"},{"@type":"ListItem","position":2,"name":"Ayuntamiento de Felipe Carrillo Puerto fomenta el debate pol\u00edtico entre las juventudes"}]},{"@type":"WebSite","@id":"https:\/\/angelsolisnoticias.com\/#website","url":"https:\/\/angelsolisnoticias.com\/","name":"\u00c1ngel Solis","description":"Noticias de Quintana Roo","publisher":{"@id":"https:\/\/angelsolisnoticias.com\/#organization"},"potentialAction":[{"@type":"SearchAction","target":{"@type":"EntryPoint","urlTemplate":"https:\/\/angelsolisnoticias.com\/?s={search_term_string}"},"query-input":"required name=search_term_string"}],"inLanguage":"es"},{"@type":"Organization","@id":"https:\/\/angelsolisnoticias.com\/#organization","name":"\u00c1ngel Solis","url":"https:\/\/angelsolisnoticias.com\/","logo":{"@type":"ImageObject","inLanguage":"es","@id":"https:\/\/angelsolisnoticias.com\/#\/schema\/logo\/image\/","url":"https:\/\/angelsolisnoticias.com\/wp-content\/uploads\/2023\/01\/LOGO3.png","contentUrl":"https:\/\/angelsolisnoticias.com\/wp-content\/uploads\/2023\/01\/LOGO3.png","width":1853,"height":570,"caption":"\u00c1ngel Solis"},"image":{"@id":"https:\/\/angelsolisnoticias.com\/#\/schema\/logo\/image\/"},"sameAs":["https:\/\/www.facebook.com\/periodistasquintanaroo","https:\/\/twitter.com\/PERIODISTASQROO"]},{"@type":"Person","@id":"https:\/\/angelsolisnoticias.com\/#\/schema\/person\/d5ca5e4c5f05db44e86cb564bf81ae6f","name":"admin","image":{"@type":"ImageObject","inLanguage":"es","@id":"https:\/\/angelsolisnoticias.com\/#\/schema\/person\/image\/","url":"https:\/\/secure.gravatar.com\/avatar\/dff3eaf7d33320066684ce268bff2bf90ce4f69456139b2d65d7796f64299e47?s=96&d=mm&r=g","contentUrl":"https:\/\/secure.gravatar.com\/avatar\/dff3eaf7d33320066684ce268bff2bf90ce4f69456139b2d65d7796f64299e47?s=96&d=mm&r=g","caption":"admin"},"sameAs":["https:\/\/angelsolisnoticias.com"],"url":"https:\/\/angelsolisnoticias.com\/index.php\/author\/admin_qnbaat5l\/"}]}},"jetpack_featured_media_url":"https:\/\/angelsolisnoticias.com\/wp-content\/uploads\/2023\/11\/Carrillo-Debate-Politico1.jpg","_links":{"self":[{"href":"https:\/\/angelsolisnoticias.com\/index.php\/wp-json\/wp\/v2\/posts\/3667","targetHints":{"allow":["GET"]}}],"collection":[{"href":"https:\/\/angelsolisnoticias.com\/index.php\/wp-json\/wp\/v2\/posts"}],"about":[{"href":"https:\/\/angelsolisnoticias.com\/index.php\/wp-json\/wp\/v2\/types\/post"}],"author":[{"embeddable":true,"href":"https:\/\/angelsolisnoticias.com\/index.php\/wp-json\/wp\/v2\/users\/1"}],"replies":[{"embeddable":true,"href":"https:\/\/angelsolisnoticias.com\/index.php\/wp-json\/wp\/v2\/comments?post=3667"}],"version-history":[{"count":3,"href":"https:\/\/angelsolisnoticias.com\/index.php\/wp-json\/wp\/v2\/posts\/3667\/revisions"}],"predecessor-version":[{"id":3674,"href":"https:\/\/angelsolisnoticias.com\/index.php\/wp-json\/wp\/v2\/posts\/3667\/revisions\/3674"}],"wp:featuredmedia":[{"embeddable":true,"href":"https:\/\/angelsolisnoticias.com\/index.php\/wp-json\/wp\/v2\/media\/3672"}],"wp:attachment":[{"href":"https:\/\/angelsolisnoticias.com\/index.php\/wp-json\/wp\/v2\/media?parent=3667"}],"wp:term":[{"taxonomy":"category","embeddable":true,"href":"https:\/\/angelsolisnoticias.com\/index.php\/wp-json\/wp\/v2\/categories?post=3667"},{"taxonomy":"post_tag","embeddable":true,"href":"https:\/\/angelsolisnoticias.com\/index.php\/wp-json\/wp\/v2\/tags?post=3667"}],"curies":[{"name":"wp","href":"https:\/\/api.w.org\/{rel}","templated":true}]}}