{"id":3776,"date":"2023-11-13T10:10:02","date_gmt":"2023-11-13T10:10:02","guid":{"rendered":"https:\/\/angelsolisnoticias.com\/?p=3776"},"modified":"2023-11-13T19:07:21","modified_gmt":"2023-11-13T19:07:21","slug":"playa-del-carmen-sera-sede-del-congreso-y-la-asamblea-nacional-ordinaria-de-la-femecrode","status":"publish","type":"post","link":"https:\/\/angelsolisnoticias.com\/index.php\/2023\/11\/13\/playa-del-carmen-sera-sede-del-congreso-y-la-asamblea-nacional-ordinaria-de-la-femecrode\/","title":{"rendered":"Playa del Carmen ser\u00e1 sede del Congreso y la Asamblea Nacional Ordinaria de la FEMECRODE"},"content":{"rendered":"<p>Playa del Carmen, Solidaridad, Q. Roo a 13 de noviembre de 2023<br \/>\nRedacci\u00f3n<\/p>\n<p>La Federaci\u00f3n Mexicana de Cronistas Deportivos (FEMECRODE) eligi\u00f3 al Municipio de Solidaridad como sede del XXIII Congreso Anual Ordinario y la XXVII Asamblea Anual Ordinaria as\u00ed como la entrega de los reconocimientos \u00c1ngel Fern\u00e1ndez y Fray Nano a cronistas deportivos de diversos Estados del pa\u00eds, que se dar\u00e1n cita del 17 al 19 de noviembre, lo que posicionar\u00e1 a Solidaridad en los primeros planos en cuanto al periodismo deportivo se refiere.<\/p>\n<p>El Lic. Amador Guti\u00e9rrez Guigui, director general del instituto del Deporte Municipal, manifest\u00f3 que se estableci\u00f3 contacto con el comit\u00e9 directivo de la FEMECRODE para compartir la propuesta de la presidenta municipal Lili Campos\u00a0 para que Solidaridad sea sede de la reuni\u00f3n anual, por lo que en la reuni\u00f3n que encabez\u00f3 el dirigente nacional de los cronistas deportivos, Evencio Flores Guti\u00e9rrez, se tom\u00f3 la decisi\u00f3n de venir al coraz\u00f3n de la Riviera Maya para los trabajos y toma de acuerdos rumbo al 2024.<\/p>\n<p><img loading=\"lazy\" decoding=\"async\" class=\"aligncenter wp-image-3778 \" src=\"https:\/\/angelsolisnoticias.com\/wp-content\/uploads\/2023\/11\/Solidaridad-Asamblea-Cronistas2.jpg\" alt=\"\" width=\"623\" height=\"315\" \/><\/p>\n<p>En la Asamblea y el Congreso se formalizar\u00e1n los acuerdos respecto a la instituci\u00f3n del D\u00eda Nacional del Cronista Deportivo, el cual ser\u00e1 propuesto al senado, as\u00ed como la reglamentaci\u00f3n para otorgar el Premio Nacional de Periodismo Deportivo as\u00ed como las bases para el ingreso de la octava generaci\u00f3n al Sal\u00f3n del Periodista Deportivo, por mencionar algunos temas que se tratar\u00e1n en las reuniones de trabajo.<\/p>\n<p>El presidente de la Asociaci\u00f3n Quintanarroense de Cronistas Deportivos, Armando Castillo expres\u00f3 que la Asamblea y el Congreso llevar\u00e1n por nombre \u201cJaime Castilla\u201d, en memoria del periodista quintanarroense que durante m\u00e1s de 40 a\u00f1os ejerciera esta profesi\u00f3n y que falleciera este a\u00f1o, por lo que se le recordar\u00e1 con gran cari\u00f1o y respeto; manifest\u00f3 su agradecimiento al gobierno municipal de Solidaridad por recibir tan importante evento.<\/p>\n","protected":false},"excerpt":{"rendered":"<p>Playa del Carmen, Solidaridad, Q. Roo a 13 de noviembre de 2023 Redacci\u00f3n La Federaci\u00f3n Mexicana de Cronistas Deportivos (FEMECRODE) eligi\u00f3 al Municipio de Solidaridad como sede del XXIII Congreso Anual Ordinario y la XXVII Asamblea Anual Ordinaria as\u00ed como la entrega de los reconocimientos \u00c1ngel Fern\u00e1ndez y Fray Nano <a href=\"https:\/\/angelsolisnoticias.com\/index.php\/2023\/11\/13\/playa-del-carmen-sera-sede-del-congreso-y-la-asamblea-nacional-ordinaria-de-la-femecrode\/\" class=\"btn btn-link continue-link\">Seguir leyendo<\/a><\/p>\n","protected":false},"author":1,"featured_media":3779,"comment_status":"open","ping_status":"open","sticky":false,"template":"","format":"standard","meta":{"footnotes":""},"categories":[6,1],"tags":[],"class_list":["post-3776","post","type-post","status-publish","format-standard","has-post-thumbnail","hentry","category-solidaridad","category-uncategorized"],"yoast_head":"<!-- This site is optimized with the Yoast SEO plugin v21.1 - https:\/\/yoast.com\/wordpress\/plugins\/seo\/ -->\n<title>Playa del Carmen ser\u00e1 sede del Congreso y la Asamblea Nacional Ordinaria de la FEMECRODE<\/title>\n<meta name=\"description\" content=\".\" \/>\n<meta name=\"robots\" content=\"index, follow, max-snippet:-1, max-image-preview:large, max-video-preview:-1\" \/>\n<link rel=\"canonical\" href=\"https:\/\/angelsolisnoticias.com\/index.php\/2023\/11\/13\/playa-del-carmen-sera-sede-del-congreso-y-la-asamblea-nacional-ordinaria-de-la-femecrode\/\" \/>\n<meta property=\"og:locale\" content=\"es_MX\" \/>\n<meta property=\"og:type\" content=\"article\" \/>\n<meta property=\"og:title\" content=\"Playa del Carmen ser\u00e1 sede del Congreso y la Asamblea Nacional Ordinaria de la FEMECRODE\" \/>\n<meta property=\"og:description\" content=\".\" \/>\n<meta property=\"og:url\" content=\"https:\/\/angelsolisnoticias.com\/index.php\/2023\/11\/13\/playa-del-carmen-sera-sede-del-congreso-y-la-asamblea-nacional-ordinaria-de-la-femecrode\/\" \/>\n<meta property=\"og:site_name\" content=\"\u00c1ngel Solis\" \/>\n<meta property=\"article:publisher\" content=\"https:\/\/www.facebook.com\/periodistasquintanaroo\" \/>\n<meta property=\"article:published_time\" content=\"2023-11-13T10:10:02+00:00\" \/>\n<meta property=\"article:modified_time\" content=\"2023-11-13T19:07:21+00:00\" \/>\n<meta property=\"og:image\" content=\"https:\/\/angelsolisnoticias.com\/wp-content\/uploads\/2023\/11\/Solidaridad-Asamblea-Cronistas1.jpg\" \/>\n\t<meta property=\"og:image:width\" content=\"800\" \/>\n\t<meta property=\"og:image:height\" content=\"569\" \/>\n\t<meta property=\"og:image:type\" content=\"image\/jpeg\" \/>\n<meta name=\"author\" content=\"admin\" \/>\n<meta name=\"twitter:card\" content=\"summary_large_image\" \/>\n<meta name=\"twitter:creator\" content=\"@PERIODISTASQROO\" \/>\n<meta name=\"twitter:site\" content=\"@PERIODISTASQROO\" \/>\n<meta name=\"twitter:label1\" content=\"Escrito por\" \/>\n\t<meta name=\"twitter:data1\" content=\"admin\" \/>\n\t<meta name=\"twitter:label2\" content=\"Tiempo de lectura\" \/>\n\t<meta name=\"twitter:data2\" content=\"2 minutos\" \/>\n<script type=\"application\/ld+json\" class=\"yoast-schema-graph\">{\"@context\":\"https:\/\/schema.org\",\"@graph\":[{\"@type\":\"Article\",\"@id\":\"https:\/\/angelsolisnoticias.com\/index.php\/2023\/11\/13\/playa-del-carmen-sera-sede-del-congreso-y-la-asamblea-nacional-ordinaria-de-la-femecrode\/#article\",\"isPartOf\":{\"@id\":\"https:\/\/angelsolisnoticias.com\/index.php\/2023\/11\/13\/playa-del-carmen-sera-sede-del-congreso-y-la-asamblea-nacional-ordinaria-de-la-femecrode\/\"},\"author\":{\"name\":\"admin\",\"@id\":\"https:\/\/angelsolisnoticias.com\/#\/schema\/person\/d5ca5e4c5f05db44e86cb564bf81ae6f\"},\"headline\":\"Playa del Carmen ser\u00e1 sede del Congreso y la Asamblea Nacional Ordinaria de la FEMECRODE\",\"datePublished\":\"2023-11-13T10:10:02+00:00\",\"dateModified\":\"2023-11-13T19:07:21+00:00\",\"mainEntityOfPage\":{\"@id\":\"https:\/\/angelsolisnoticias.com\/index.php\/2023\/11\/13\/playa-del-carmen-sera-sede-del-congreso-y-la-asamblea-nacional-ordinaria-de-la-femecrode\/\"},\"wordCount\":333,\"commentCount\":0,\"publisher\":{\"@id\":\"https:\/\/angelsolisnoticias.com\/#organization\"},\"articleSection\":[\"Solidaridad\",\"Uncategorized\"],\"inLanguage\":\"es\",\"potentialAction\":[{\"@type\":\"CommentAction\",\"name\":\"Comment\",\"target\":[\"https:\/\/angelsolisnoticias.com\/index.php\/2023\/11\/13\/playa-del-carmen-sera-sede-del-congreso-y-la-asamblea-nacional-ordinaria-de-la-femecrode\/#respond\"]}]},{\"@type\":\"WebPage\",\"@id\":\"https:\/\/angelsolisnoticias.com\/index.php\/2023\/11\/13\/playa-del-carmen-sera-sede-del-congreso-y-la-asamblea-nacional-ordinaria-de-la-femecrode\/\",\"url\":\"https:\/\/angelsolisnoticias.com\/index.php\/2023\/11\/13\/playa-del-carmen-sera-sede-del-congreso-y-la-asamblea-nacional-ordinaria-de-la-femecrode\/\",\"name\":\"Playa del Carmen ser\u00e1 sede del Congreso y la Asamblea Nacional Ordinaria de la FEMECRODE\",\"isPartOf\":{\"@id\":\"https:\/\/angelsolisnoticias.com\/#website\"},\"datePublished\":\"2023-11-13T10:10:02+00:00\",\"dateModified\":\"2023-11-13T19:07:21+00:00\",\"description\":\".\",\"breadcrumb\":{\"@id\":\"https:\/\/angelsolisnoticias.com\/index.php\/2023\/11\/13\/playa-del-carmen-sera-sede-del-congreso-y-la-asamblea-nacional-ordinaria-de-la-femecrode\/#breadcrumb\"},\"inLanguage\":\"es\",\"potentialAction\":[{\"@type\":\"ReadAction\",\"target\":[\"https:\/\/angelsolisnoticias.com\/index.php\/2023\/11\/13\/playa-del-carmen-sera-sede-del-congreso-y-la-asamblea-nacional-ordinaria-de-la-femecrode\/\"]}]},{\"@type\":\"BreadcrumbList\",\"@id\":\"https:\/\/angelsolisnoticias.com\/index.php\/2023\/11\/13\/playa-del-carmen-sera-sede-del-congreso-y-la-asamblea-nacional-ordinaria-de-la-femecrode\/#breadcrumb\",\"itemListElement\":[{\"@type\":\"ListItem\",\"position\":1,\"name\":\"Inicio\",\"item\":\"https:\/\/angelsolisnoticias.com\/\"},{\"@type\":\"ListItem\",\"position\":2,\"name\":\"Playa del Carmen ser\u00e1 sede del Congreso y la Asamblea Nacional Ordinaria de la FEMECRODE\"}]},{\"@type\":\"WebSite\",\"@id\":\"https:\/\/angelsolisnoticias.com\/#website\",\"url\":\"https:\/\/angelsolisnoticias.com\/\",\"name\":\"\u00c1ngel Solis\",\"description\":\"Noticias de Quintana Roo\",\"publisher\":{\"@id\":\"https:\/\/angelsolisnoticias.com\/#organization\"},\"potentialAction\":[{\"@type\":\"SearchAction\",\"target\":{\"@type\":\"EntryPoint\",\"urlTemplate\":\"https:\/\/angelsolisnoticias.com\/?s={search_term_string}\"},\"query-input\":\"required name=search_term_string\"}],\"inLanguage\":\"es\"},{\"@type\":\"Organization\",\"@id\":\"https:\/\/angelsolisnoticias.com\/#organization\",\"name\":\"\u00c1ngel Solis\",\"url\":\"https:\/\/angelsolisnoticias.com\/\",\"logo\":{\"@type\":\"ImageObject\",\"inLanguage\":\"es\",\"@id\":\"https:\/\/angelsolisnoticias.com\/#\/schema\/logo\/image\/\",\"url\":\"https:\/\/angelsolisnoticias.com\/wp-content\/uploads\/2023\/01\/LOGO3.png\",\"contentUrl\":\"https:\/\/angelsolisnoticias.com\/wp-content\/uploads\/2023\/01\/LOGO3.png\",\"width\":1853,\"height\":570,\"caption\":\"\u00c1ngel Solis\"},\"image\":{\"@id\":\"https:\/\/angelsolisnoticias.com\/#\/schema\/logo\/image\/\"},\"sameAs\":[\"https:\/\/www.facebook.com\/periodistasquintanaroo\",\"https:\/\/twitter.com\/PERIODISTASQROO\"]},{\"@type\":\"Person\",\"@id\":\"https:\/\/angelsolisnoticias.com\/#\/schema\/person\/d5ca5e4c5f05db44e86cb564bf81ae6f\",\"name\":\"admin\",\"image\":{\"@type\":\"ImageObject\",\"inLanguage\":\"es\",\"@id\":\"https:\/\/angelsolisnoticias.com\/#\/schema\/person\/image\/\",\"url\":\"https:\/\/secure.gravatar.com\/avatar\/dff3eaf7d33320066684ce268bff2bf90ce4f69456139b2d65d7796f64299e47?s=96&d=mm&r=g\",\"contentUrl\":\"https:\/\/secure.gravatar.com\/avatar\/dff3eaf7d33320066684ce268bff2bf90ce4f69456139b2d65d7796f64299e47?s=96&d=mm&r=g\",\"caption\":\"admin\"},\"sameAs\":[\"https:\/\/angelsolisnoticias.com\"],\"url\":\"https:\/\/angelsolisnoticias.com\/index.php\/author\/admin_qnbaat5l\/\"}]}<\/script>\n<!-- \/ Yoast SEO plugin. -->","yoast_head_json":{"title":"Playa del Carmen ser\u00e1 sede del Congreso y la Asamblea Nacional Ordinaria de la FEMECRODE","description":".","robots":{"index":"index","follow":"follow","max-snippet":"max-snippet:-1","max-image-preview":"max-image-preview:large","max-video-preview":"max-video-preview:-1"},"canonical":"https:\/\/angelsolisnoticias.com\/index.php\/2023\/11\/13\/playa-del-carmen-sera-sede-del-congreso-y-la-asamblea-nacional-ordinaria-de-la-femecrode\/","og_locale":"es_MX","og_type":"article","og_title":"Playa del Carmen ser\u00e1 sede del Congreso y la Asamblea Nacional Ordinaria de la FEMECRODE","og_description":".","og_url":"https:\/\/angelsolisnoticias.com\/index.php\/2023\/11\/13\/playa-del-carmen-sera-sede-del-congreso-y-la-asamblea-nacional-ordinaria-de-la-femecrode\/","og_site_name":"\u00c1ngel Solis","article_publisher":"https:\/\/www.facebook.com\/periodistasquintanaroo","article_published_time":"2023-11-13T10:10:02+00:00","article_modified_time":"2023-11-13T19:07:21+00:00","og_image":[{"width":800,"height":569,"url":"https:\/\/angelsolisnoticias.com\/wp-content\/uploads\/2023\/11\/Solidaridad-Asamblea-Cronistas1.jpg","type":"image\/jpeg"}],"author":"admin","twitter_card":"summary_large_image","twitter_creator":"@PERIODISTASQROO","twitter_site":"@PERIODISTASQROO","twitter_misc":{"Escrito por":"admin","Tiempo de lectura":"2 minutos"},"schema":{"@context":"https:\/\/schema.org","@graph":[{"@type":"Article","@id":"https:\/\/angelsolisnoticias.com\/index.php\/2023\/11\/13\/playa-del-carmen-sera-sede-del-congreso-y-la-asamblea-nacional-ordinaria-de-la-femecrode\/#article","isPartOf":{"@id":"https:\/\/angelsolisnoticias.com\/index.php\/2023\/11\/13\/playa-del-carmen-sera-sede-del-congreso-y-la-asamblea-nacional-ordinaria-de-la-femecrode\/"},"author":{"name":"admin","@id":"https:\/\/angelsolisnoticias.com\/#\/schema\/person\/d5ca5e4c5f05db44e86cb564bf81ae6f"},"headline":"Playa del Carmen ser\u00e1 sede del Congreso y la Asamblea Nacional Ordinaria de la FEMECRODE","datePublished":"2023-11-13T10:10:02+00:00","dateModified":"2023-11-13T19:07:21+00:00","mainEntityOfPage":{"@id":"https:\/\/angelsolisnoticias.com\/index.php\/2023\/11\/13\/playa-del-carmen-sera-sede-del-congreso-y-la-asamblea-nacional-ordinaria-de-la-femecrode\/"},"wordCount":333,"commentCount":0,"publisher":{"@id":"https:\/\/angelsolisnoticias.com\/#organization"},"articleSection":["Solidaridad","Uncategorized"],"inLanguage":"es","potentialAction":[{"@type":"CommentAction","name":"Comment","target":["https:\/\/angelsolisnoticias.com\/index.php\/2023\/11\/13\/playa-del-carmen-sera-sede-del-congreso-y-la-asamblea-nacional-ordinaria-de-la-femecrode\/#respond"]}]},{"@type":"WebPage","@id":"https:\/\/angelsolisnoticias.com\/index.php\/2023\/11\/13\/playa-del-carmen-sera-sede-del-congreso-y-la-asamblea-nacional-ordinaria-de-la-femecrode\/","url":"https:\/\/angelsolisnoticias.com\/index.php\/2023\/11\/13\/playa-del-carmen-sera-sede-del-congreso-y-la-asamblea-nacional-ordinaria-de-la-femecrode\/","name":"Playa del Carmen ser\u00e1 sede del Congreso y la Asamblea Nacional Ordinaria de la FEMECRODE","isPartOf":{"@id":"https:\/\/angelsolisnoticias.com\/#website"},"datePublished":"2023-11-13T10:10:02+00:00","dateModified":"2023-11-13T19:07:21+00:00","description":".","breadcrumb":{"@id":"https:\/\/angelsolisnoticias.com\/index.php\/2023\/11\/13\/playa-del-carmen-sera-sede-del-congreso-y-la-asamblea-nacional-ordinaria-de-la-femecrode\/#breadcrumb"},"inLanguage":"es","potentialAction":[{"@type":"ReadAction","target":["https:\/\/angelsolisnoticias.com\/index.php\/2023\/11\/13\/playa-del-carmen-sera-sede-del-congreso-y-la-asamblea-nacional-ordinaria-de-la-femecrode\/"]}]},{"@type":"BreadcrumbList","@id":"https:\/\/angelsolisnoticias.com\/index.php\/2023\/11\/13\/playa-del-carmen-sera-sede-del-congreso-y-la-asamblea-nacional-ordinaria-de-la-femecrode\/#breadcrumb","itemListElement":[{"@type":"ListItem","position":1,"name":"Inicio","item":"https:\/\/angelsolisnoticias.com\/"},{"@type":"ListItem","position":2,"name":"Playa del Carmen ser\u00e1 sede del Congreso y la Asamblea Nacional Ordinaria de la FEMECRODE"}]},{"@type":"WebSite","@id":"https:\/\/angelsolisnoticias.com\/#website","url":"https:\/\/angelsolisnoticias.com\/","name":"\u00c1ngel Solis","description":"Noticias de Quintana Roo","publisher":{"@id":"https:\/\/angelsolisnoticias.com\/#organization"},"potentialAction":[{"@type":"SearchAction","target":{"@type":"EntryPoint","urlTemplate":"https:\/\/angelsolisnoticias.com\/?s={search_term_string}"},"query-input":"required name=search_term_string"}],"inLanguage":"es"},{"@type":"Organization","@id":"https:\/\/angelsolisnoticias.com\/#organization","name":"\u00c1ngel Solis","url":"https:\/\/angelsolisnoticias.com\/","logo":{"@type":"ImageObject","inLanguage":"es","@id":"https:\/\/angelsolisnoticias.com\/#\/schema\/logo\/image\/","url":"https:\/\/angelsolisnoticias.com\/wp-content\/uploads\/2023\/01\/LOGO3.png","contentUrl":"https:\/\/angelsolisnoticias.com\/wp-content\/uploads\/2023\/01\/LOGO3.png","width":1853,"height":570,"caption":"\u00c1ngel Solis"},"image":{"@id":"https:\/\/angelsolisnoticias.com\/#\/schema\/logo\/image\/"},"sameAs":["https:\/\/www.facebook.com\/periodistasquintanaroo","https:\/\/twitter.com\/PERIODISTASQROO"]},{"@type":"Person","@id":"https:\/\/angelsolisnoticias.com\/#\/schema\/person\/d5ca5e4c5f05db44e86cb564bf81ae6f","name":"admin","image":{"@type":"ImageObject","inLanguage":"es","@id":"https:\/\/angelsolisnoticias.com\/#\/schema\/person\/image\/","url":"https:\/\/secure.gravatar.com\/avatar\/dff3eaf7d33320066684ce268bff2bf90ce4f69456139b2d65d7796f64299e47?s=96&d=mm&r=g","contentUrl":"https:\/\/secure.gravatar.com\/avatar\/dff3eaf7d33320066684ce268bff2bf90ce4f69456139b2d65d7796f64299e47?s=96&d=mm&r=g","caption":"admin"},"sameAs":["https:\/\/angelsolisnoticias.com"],"url":"https:\/\/angelsolisnoticias.com\/index.php\/author\/admin_qnbaat5l\/"}]}},"jetpack_featured_media_url":"https:\/\/angelsolisnoticias.com\/wp-content\/uploads\/2023\/11\/Solidaridad-Asamblea-Cronistas1.jpg","_links":{"self":[{"href":"https:\/\/angelsolisnoticias.com\/index.php\/wp-json\/wp\/v2\/posts\/3776","targetHints":{"allow":["GET"]}}],"collection":[{"href":"https:\/\/angelsolisnoticias.com\/index.php\/wp-json\/wp\/v2\/posts"}],"about":[{"href":"https:\/\/angelsolisnoticias.com\/index.php\/wp-json\/wp\/v2\/types\/post"}],"author":[{"embeddable":true,"href":"https:\/\/angelsolisnoticias.com\/index.php\/wp-json\/wp\/v2\/users\/1"}],"replies":[{"embeddable":true,"href":"https:\/\/angelsolisnoticias.com\/index.php\/wp-json\/wp\/v2\/comments?post=3776"}],"version-history":[{"count":2,"href":"https:\/\/angelsolisnoticias.com\/index.php\/wp-json\/wp\/v2\/posts\/3776\/revisions"}],"predecessor-version":[{"id":3780,"href":"https:\/\/angelsolisnoticias.com\/index.php\/wp-json\/wp\/v2\/posts\/3776\/revisions\/3780"}],"wp:featuredmedia":[{"embeddable":true,"href":"https:\/\/angelsolisnoticias.com\/index.php\/wp-json\/wp\/v2\/media\/3779"}],"wp:attachment":[{"href":"https:\/\/angelsolisnoticias.com\/index.php\/wp-json\/wp\/v2\/media?parent=3776"}],"wp:term":[{"taxonomy":"category","embeddable":true,"href":"https:\/\/angelsolisnoticias.com\/index.php\/wp-json\/wp\/v2\/categories?post=3776"},{"taxonomy":"post_tag","embeddable":true,"href":"https:\/\/angelsolisnoticias.com\/index.php\/wp-json\/wp\/v2\/tags?post=3776"}],"curies":[{"name":"wp","href":"https:\/\/api.w.org\/{rel}","templated":true}]}}