{"id":3829,"date":"2023-11-14T21:18:24","date_gmt":"2023-11-14T21:18:24","guid":{"rendered":"https:\/\/angelsolisnoticias.com\/?p=3829"},"modified":"2023-11-15T22:08:16","modified_gmt":"2023-11-15T22:08:16","slug":"celebra-playa-del-carmen-121-anos-de-su-fundacion","status":"publish","type":"post","link":"https:\/\/angelsolisnoticias.com\/index.php\/2023\/11\/14\/celebra-playa-del-carmen-121-anos-de-su-fundacion\/","title":{"rendered":"Celebra Playa del Carmen 121 a\u00f1os de su fundaci\u00f3n"},"content":{"rendered":"<p>Playa del Carmen, Quintana Roo, 14 noviembre<br \/>\nRedacci\u00f3n<\/p>\n<p>La presidenta Lili Campos en compa\u00f1\u00eda de Jos\u00e9 Luis Acosta Quian presidente de la asociaci\u00f3n \u2018Unidos por Playa\u2019, encabezaron los festejos del 121 aniversario de Playa del Carmen, lo cual inici\u00f3 con la develaci\u00f3n de una placa en memoria de las familias fundadoras y pioneras. Por la tarde, particip\u00f3 en un conversatorio con descendientes de fundadores e inaugur\u00f3 el proyecto \u201cCinema Quiam\u201d y exposici\u00f3n fotogr\u00e1fica en la Galer\u00eda de Arte.<\/p>\n<p>En breve mensaje, durante el desayuno, Lili Campos recalc\u00f3 que con esta celebraci\u00f3n honran el legado que dejaron las familias fundadoras de Playa del Carmen, hoy convertido en un destino tur\u00edstico de talla mundial. Posteriormente entreg\u00f3 reconocimientos a Mar\u00eda del Rosario Rosado Camal y a Juanita Quiam Cerda, hijas de fundadores, de igual manera en compa\u00f1\u00eda de Acosta Quian entregaron reconocimientos a los periodistas: Pedro Ju\u00e1rez, C\u00e9sar Acopa, Silvia Reyes y Mario Emilio Guereca, por su trayectoria en esta ciudad.<\/p>\n<p><img loading=\"lazy\" decoding=\"async\" class=\"aligncenter wp-image-3831 \" src=\"https:\/\/angelsolisnoticias.com\/wp-content\/uploads\/2023\/11\/Solidaridad-121Aniversario4.jpg\" alt=\"\" width=\"632\" height=\"421\" srcset=\"https:\/\/angelsolisnoticias.com\/wp-content\/uploads\/2023\/11\/Solidaridad-121Aniversario4.jpg 720w, https:\/\/angelsolisnoticias.com\/wp-content\/uploads\/2023\/11\/Solidaridad-121Aniversario4-300x200.jpg 300w\" sizes=\"auto, (max-width: 632px) 100vw, 632px\" \/><\/p>\n<p>Acosta Quian agradeci\u00f3 a la edil municipal impulsar este movimiento que iniciaron hace 10 a\u00f1os, \u201cla celebraci\u00f3n del 121 aniversario de Playa del Carmen, fecha oficial que consta en un documento del archivo general de la naci\u00f3n\u201d se\u00f1al\u00f3 ante los presentes que acudieron al desayuno organizado para tal celebraci\u00f3n.<\/p>\n<p><img loading=\"lazy\" decoding=\"async\" class=\"aligncenter wp-image-3832 \" src=\"https:\/\/angelsolisnoticias.com\/wp-content\/uploads\/2023\/11\/Solidaridad-121Aniversario3.jpg\" alt=\"\" width=\"608\" height=\"405\" \/><\/p>\n<p>Por la tarde, Lili Campos particip\u00f3 en el conversatorio donde se relataron historias de la forma de vida de las primeras familias pobladoras, la pesca como primera actividad, la copra, el tipo de comida, principalmente pescado, golosinas artesanales, transporte. Tambi\u00e9n inaugur\u00f3 en compa\u00f1\u00eda de Claudiano Quiam, la exposici\u00f3n del proyecto \u201cCinema Quiam\u201d y exposici\u00f3n fotogr\u00e1fica en la Galer\u00eda del Arte, en memoria de Claudiano Quiam Cerda, propietario del \u201cCinema Quiam\u201d, abierto en la d\u00e9cada de los\u00a0 \u201960 al \u201880, lo cual era parte del entretenimiento y convivencia entre los pobladores, unas 200 personas.<\/p>\n<p><img loading=\"lazy\" decoding=\"async\" class=\"aligncenter wp-image-3833 \" src=\"https:\/\/angelsolisnoticias.com\/wp-content\/uploads\/2023\/11\/Solidaridad-121Aniversario2.jpg\" alt=\"\" width=\"627\" height=\"470\" srcset=\"https:\/\/angelsolisnoticias.com\/wp-content\/uploads\/2023\/11\/Solidaridad-121Aniversario2.jpg 720w, https:\/\/angelsolisnoticias.com\/wp-content\/uploads\/2023\/11\/Solidaridad-121Aniversario2-300x225.jpg 300w\" sizes=\"auto, (max-width: 627px) 100vw, 627px\" \/><\/p>\n<p>Se record\u00f3 que ese cinema funcionaba gracias a la \u00fanica planta de luz que exist\u00eda, ubicada frente a la emblem\u00e1tica capilla cat\u00f3lica de la Quinta Avenida con Ju\u00e1rez (construida alrededor de 1960).\u00a0 A trav\u00e9s de una bocina de trompeta instalada en lo m\u00e1s alto del cinema, se anunciaba el horario, pel\u00edcula e inicio de cada funci\u00f3n. Entre las pel\u00edculas destacaban las protagonizadas por Mar\u00eda F\u00e9lix, Pedro Infante, Jorge Negrete o el santo enmascarado de plata.<\/p>\n","protected":false},"excerpt":{"rendered":"<p>Playa del Carmen, Quintana Roo, 14 noviembre Redacci\u00f3n La presidenta Lili Campos en compa\u00f1\u00eda de Jos\u00e9 Luis Acosta Quian presidente de la asociaci\u00f3n \u2018Unidos por Playa\u2019, encabezaron los festejos del 121 aniversario de Playa del Carmen, lo cual inici\u00f3 con la develaci\u00f3n de una placa en memoria de las familias <a href=\"https:\/\/angelsolisnoticias.com\/index.php\/2023\/11\/14\/celebra-playa-del-carmen-121-anos-de-su-fundacion\/\" class=\"btn btn-link continue-link\">Seguir leyendo<\/a><\/p>\n","protected":false},"author":1,"featured_media":3834,"comment_status":"open","ping_status":"open","sticky":false,"template":"","format":"standard","meta":{"footnotes":""},"categories":[6,1],"tags":[],"class_list":["post-3829","post","type-post","status-publish","format-standard","has-post-thumbnail","hentry","category-solidaridad","category-uncategorized"],"yoast_head":"<!-- This site is optimized with the Yoast SEO plugin v21.1 - https:\/\/yoast.com\/wordpress\/plugins\/seo\/ -->\n<title>Celebra Playa del Carmen 121 a\u00f1os de su fundaci\u00f3n<\/title>\n<meta name=\"description\" content=\".\" \/>\n<meta name=\"robots\" content=\"index, follow, max-snippet:-1, max-image-preview:large, max-video-preview:-1\" \/>\n<link rel=\"canonical\" href=\"https:\/\/angelsolisnoticias.com\/index.php\/2023\/11\/14\/celebra-playa-del-carmen-121-anos-de-su-fundacion\/\" \/>\n<meta property=\"og:locale\" content=\"es_MX\" \/>\n<meta property=\"og:type\" content=\"article\" \/>\n<meta property=\"og:title\" content=\"Celebra Playa del Carmen 121 a\u00f1os de su fundaci\u00f3n\" \/>\n<meta property=\"og:description\" content=\".\" \/>\n<meta property=\"og:url\" content=\"https:\/\/angelsolisnoticias.com\/index.php\/2023\/11\/14\/celebra-playa-del-carmen-121-anos-de-su-fundacion\/\" \/>\n<meta property=\"og:site_name\" content=\"\u00c1ngel Solis\" \/>\n<meta property=\"article:publisher\" content=\"https:\/\/www.facebook.com\/periodistasquintanaroo\" \/>\n<meta property=\"article:published_time\" content=\"2023-11-14T21:18:24+00:00\" \/>\n<meta property=\"article:modified_time\" content=\"2023-11-15T22:08:16+00:00\" \/>\n<meta property=\"og:image\" content=\"https:\/\/angelsolisnoticias.com\/wp-content\/uploads\/2023\/11\/Solidaridad-121Aniversario1.jpg\" \/>\n\t<meta property=\"og:image:width\" content=\"800\" \/>\n\t<meta property=\"og:image:height\" content=\"569\" \/>\n\t<meta property=\"og:image:type\" content=\"image\/jpeg\" \/>\n<meta name=\"author\" content=\"admin\" \/>\n<meta name=\"twitter:card\" content=\"summary_large_image\" \/>\n<meta name=\"twitter:creator\" content=\"@PERIODISTASQROO\" \/>\n<meta name=\"twitter:site\" content=\"@PERIODISTASQROO\" \/>\n<meta name=\"twitter:label1\" content=\"Escrito por\" \/>\n\t<meta name=\"twitter:data1\" content=\"admin\" \/>\n\t<meta name=\"twitter:label2\" content=\"Tiempo de lectura\" \/>\n\t<meta name=\"twitter:data2\" content=\"3 minutos\" \/>\n<script type=\"application\/ld+json\" class=\"yoast-schema-graph\">{\"@context\":\"https:\/\/schema.org\",\"@graph\":[{\"@type\":\"Article\",\"@id\":\"https:\/\/angelsolisnoticias.com\/index.php\/2023\/11\/14\/celebra-playa-del-carmen-121-anos-de-su-fundacion\/#article\",\"isPartOf\":{\"@id\":\"https:\/\/angelsolisnoticias.com\/index.php\/2023\/11\/14\/celebra-playa-del-carmen-121-anos-de-su-fundacion\/\"},\"author\":{\"name\":\"admin\",\"@id\":\"https:\/\/angelsolisnoticias.com\/#\/schema\/person\/d5ca5e4c5f05db44e86cb564bf81ae6f\"},\"headline\":\"Celebra Playa del Carmen 121 a\u00f1os de su fundaci\u00f3n\",\"datePublished\":\"2023-11-14T21:18:24+00:00\",\"dateModified\":\"2023-11-15T22:08:16+00:00\",\"mainEntityOfPage\":{\"@id\":\"https:\/\/angelsolisnoticias.com\/index.php\/2023\/11\/14\/celebra-playa-del-carmen-121-anos-de-su-fundacion\/\"},\"wordCount\":413,\"commentCount\":0,\"publisher\":{\"@id\":\"https:\/\/angelsolisnoticias.com\/#organization\"},\"articleSection\":[\"Solidaridad\",\"Uncategorized\"],\"inLanguage\":\"es\",\"potentialAction\":[{\"@type\":\"CommentAction\",\"name\":\"Comment\",\"target\":[\"https:\/\/angelsolisnoticias.com\/index.php\/2023\/11\/14\/celebra-playa-del-carmen-121-anos-de-su-fundacion\/#respond\"]}]},{\"@type\":\"WebPage\",\"@id\":\"https:\/\/angelsolisnoticias.com\/index.php\/2023\/11\/14\/celebra-playa-del-carmen-121-anos-de-su-fundacion\/\",\"url\":\"https:\/\/angelsolisnoticias.com\/index.php\/2023\/11\/14\/celebra-playa-del-carmen-121-anos-de-su-fundacion\/\",\"name\":\"Celebra Playa del Carmen 121 a\u00f1os de su fundaci\u00f3n\",\"isPartOf\":{\"@id\":\"https:\/\/angelsolisnoticias.com\/#website\"},\"datePublished\":\"2023-11-14T21:18:24+00:00\",\"dateModified\":\"2023-11-15T22:08:16+00:00\",\"description\":\".\",\"breadcrumb\":{\"@id\":\"https:\/\/angelsolisnoticias.com\/index.php\/2023\/11\/14\/celebra-playa-del-carmen-121-anos-de-su-fundacion\/#breadcrumb\"},\"inLanguage\":\"es\",\"potentialAction\":[{\"@type\":\"ReadAction\",\"target\":[\"https:\/\/angelsolisnoticias.com\/index.php\/2023\/11\/14\/celebra-playa-del-carmen-121-anos-de-su-fundacion\/\"]}]},{\"@type\":\"BreadcrumbList\",\"@id\":\"https:\/\/angelsolisnoticias.com\/index.php\/2023\/11\/14\/celebra-playa-del-carmen-121-anos-de-su-fundacion\/#breadcrumb\",\"itemListElement\":[{\"@type\":\"ListItem\",\"position\":1,\"name\":\"Inicio\",\"item\":\"https:\/\/angelsolisnoticias.com\/\"},{\"@type\":\"ListItem\",\"position\":2,\"name\":\"Celebra Playa del Carmen 121 a\u00f1os de su fundaci\u00f3n\"}]},{\"@type\":\"WebSite\",\"@id\":\"https:\/\/angelsolisnoticias.com\/#website\",\"url\":\"https:\/\/angelsolisnoticias.com\/\",\"name\":\"\u00c1ngel Solis\",\"description\":\"Noticias de Quintana Roo\",\"publisher\":{\"@id\":\"https:\/\/angelsolisnoticias.com\/#organization\"},\"potentialAction\":[{\"@type\":\"SearchAction\",\"target\":{\"@type\":\"EntryPoint\",\"urlTemplate\":\"https:\/\/angelsolisnoticias.com\/?s={search_term_string}\"},\"query-input\":\"required name=search_term_string\"}],\"inLanguage\":\"es\"},{\"@type\":\"Organization\",\"@id\":\"https:\/\/angelsolisnoticias.com\/#organization\",\"name\":\"\u00c1ngel Solis\",\"url\":\"https:\/\/angelsolisnoticias.com\/\",\"logo\":{\"@type\":\"ImageObject\",\"inLanguage\":\"es\",\"@id\":\"https:\/\/angelsolisnoticias.com\/#\/schema\/logo\/image\/\",\"url\":\"https:\/\/angelsolisnoticias.com\/wp-content\/uploads\/2023\/01\/LOGO3.png\",\"contentUrl\":\"https:\/\/angelsolisnoticias.com\/wp-content\/uploads\/2023\/01\/LOGO3.png\",\"width\":1853,\"height\":570,\"caption\":\"\u00c1ngel Solis\"},\"image\":{\"@id\":\"https:\/\/angelsolisnoticias.com\/#\/schema\/logo\/image\/\"},\"sameAs\":[\"https:\/\/www.facebook.com\/periodistasquintanaroo\",\"https:\/\/twitter.com\/PERIODISTASQROO\"]},{\"@type\":\"Person\",\"@id\":\"https:\/\/angelsolisnoticias.com\/#\/schema\/person\/d5ca5e4c5f05db44e86cb564bf81ae6f\",\"name\":\"admin\",\"image\":{\"@type\":\"ImageObject\",\"inLanguage\":\"es\",\"@id\":\"https:\/\/angelsolisnoticias.com\/#\/schema\/person\/image\/\",\"url\":\"https:\/\/secure.gravatar.com\/avatar\/dff3eaf7d33320066684ce268bff2bf90ce4f69456139b2d65d7796f64299e47?s=96&d=mm&r=g\",\"contentUrl\":\"https:\/\/secure.gravatar.com\/avatar\/dff3eaf7d33320066684ce268bff2bf90ce4f69456139b2d65d7796f64299e47?s=96&d=mm&r=g\",\"caption\":\"admin\"},\"sameAs\":[\"https:\/\/angelsolisnoticias.com\"],\"url\":\"https:\/\/angelsolisnoticias.com\/index.php\/author\/admin_qnbaat5l\/\"}]}<\/script>\n<!-- \/ Yoast SEO plugin. -->","yoast_head_json":{"title":"Celebra Playa del Carmen 121 a\u00f1os de su fundaci\u00f3n","description":".","robots":{"index":"index","follow":"follow","max-snippet":"max-snippet:-1","max-image-preview":"max-image-preview:large","max-video-preview":"max-video-preview:-1"},"canonical":"https:\/\/angelsolisnoticias.com\/index.php\/2023\/11\/14\/celebra-playa-del-carmen-121-anos-de-su-fundacion\/","og_locale":"es_MX","og_type":"article","og_title":"Celebra Playa del Carmen 121 a\u00f1os de su fundaci\u00f3n","og_description":".","og_url":"https:\/\/angelsolisnoticias.com\/index.php\/2023\/11\/14\/celebra-playa-del-carmen-121-anos-de-su-fundacion\/","og_site_name":"\u00c1ngel Solis","article_publisher":"https:\/\/www.facebook.com\/periodistasquintanaroo","article_published_time":"2023-11-14T21:18:24+00:00","article_modified_time":"2023-11-15T22:08:16+00:00","og_image":[{"width":800,"height":569,"url":"https:\/\/angelsolisnoticias.com\/wp-content\/uploads\/2023\/11\/Solidaridad-121Aniversario1.jpg","type":"image\/jpeg"}],"author":"admin","twitter_card":"summary_large_image","twitter_creator":"@PERIODISTASQROO","twitter_site":"@PERIODISTASQROO","twitter_misc":{"Escrito por":"admin","Tiempo de lectura":"3 minutos"},"schema":{"@context":"https:\/\/schema.org","@graph":[{"@type":"Article","@id":"https:\/\/angelsolisnoticias.com\/index.php\/2023\/11\/14\/celebra-playa-del-carmen-121-anos-de-su-fundacion\/#article","isPartOf":{"@id":"https:\/\/angelsolisnoticias.com\/index.php\/2023\/11\/14\/celebra-playa-del-carmen-121-anos-de-su-fundacion\/"},"author":{"name":"admin","@id":"https:\/\/angelsolisnoticias.com\/#\/schema\/person\/d5ca5e4c5f05db44e86cb564bf81ae6f"},"headline":"Celebra Playa del Carmen 121 a\u00f1os de su fundaci\u00f3n","datePublished":"2023-11-14T21:18:24+00:00","dateModified":"2023-11-15T22:08:16+00:00","mainEntityOfPage":{"@id":"https:\/\/angelsolisnoticias.com\/index.php\/2023\/11\/14\/celebra-playa-del-carmen-121-anos-de-su-fundacion\/"},"wordCount":413,"commentCount":0,"publisher":{"@id":"https:\/\/angelsolisnoticias.com\/#organization"},"articleSection":["Solidaridad","Uncategorized"],"inLanguage":"es","potentialAction":[{"@type":"CommentAction","name":"Comment","target":["https:\/\/angelsolisnoticias.com\/index.php\/2023\/11\/14\/celebra-playa-del-carmen-121-anos-de-su-fundacion\/#respond"]}]},{"@type":"WebPage","@id":"https:\/\/angelsolisnoticias.com\/index.php\/2023\/11\/14\/celebra-playa-del-carmen-121-anos-de-su-fundacion\/","url":"https:\/\/angelsolisnoticias.com\/index.php\/2023\/11\/14\/celebra-playa-del-carmen-121-anos-de-su-fundacion\/","name":"Celebra Playa del Carmen 121 a\u00f1os de su fundaci\u00f3n","isPartOf":{"@id":"https:\/\/angelsolisnoticias.com\/#website"},"datePublished":"2023-11-14T21:18:24+00:00","dateModified":"2023-11-15T22:08:16+00:00","description":".","breadcrumb":{"@id":"https:\/\/angelsolisnoticias.com\/index.php\/2023\/11\/14\/celebra-playa-del-carmen-121-anos-de-su-fundacion\/#breadcrumb"},"inLanguage":"es","potentialAction":[{"@type":"ReadAction","target":["https:\/\/angelsolisnoticias.com\/index.php\/2023\/11\/14\/celebra-playa-del-carmen-121-anos-de-su-fundacion\/"]}]},{"@type":"BreadcrumbList","@id":"https:\/\/angelsolisnoticias.com\/index.php\/2023\/11\/14\/celebra-playa-del-carmen-121-anos-de-su-fundacion\/#breadcrumb","itemListElement":[{"@type":"ListItem","position":1,"name":"Inicio","item":"https:\/\/angelsolisnoticias.com\/"},{"@type":"ListItem","position":2,"name":"Celebra Playa del Carmen 121 a\u00f1os de su fundaci\u00f3n"}]},{"@type":"WebSite","@id":"https:\/\/angelsolisnoticias.com\/#website","url":"https:\/\/angelsolisnoticias.com\/","name":"\u00c1ngel Solis","description":"Noticias de Quintana Roo","publisher":{"@id":"https:\/\/angelsolisnoticias.com\/#organization"},"potentialAction":[{"@type":"SearchAction","target":{"@type":"EntryPoint","urlTemplate":"https:\/\/angelsolisnoticias.com\/?s={search_term_string}"},"query-input":"required name=search_term_string"}],"inLanguage":"es"},{"@type":"Organization","@id":"https:\/\/angelsolisnoticias.com\/#organization","name":"\u00c1ngel Solis","url":"https:\/\/angelsolisnoticias.com\/","logo":{"@type":"ImageObject","inLanguage":"es","@id":"https:\/\/angelsolisnoticias.com\/#\/schema\/logo\/image\/","url":"https:\/\/angelsolisnoticias.com\/wp-content\/uploads\/2023\/01\/LOGO3.png","contentUrl":"https:\/\/angelsolisnoticias.com\/wp-content\/uploads\/2023\/01\/LOGO3.png","width":1853,"height":570,"caption":"\u00c1ngel Solis"},"image":{"@id":"https:\/\/angelsolisnoticias.com\/#\/schema\/logo\/image\/"},"sameAs":["https:\/\/www.facebook.com\/periodistasquintanaroo","https:\/\/twitter.com\/PERIODISTASQROO"]},{"@type":"Person","@id":"https:\/\/angelsolisnoticias.com\/#\/schema\/person\/d5ca5e4c5f05db44e86cb564bf81ae6f","name":"admin","image":{"@type":"ImageObject","inLanguage":"es","@id":"https:\/\/angelsolisnoticias.com\/#\/schema\/person\/image\/","url":"https:\/\/secure.gravatar.com\/avatar\/dff3eaf7d33320066684ce268bff2bf90ce4f69456139b2d65d7796f64299e47?s=96&d=mm&r=g","contentUrl":"https:\/\/secure.gravatar.com\/avatar\/dff3eaf7d33320066684ce268bff2bf90ce4f69456139b2d65d7796f64299e47?s=96&d=mm&r=g","caption":"admin"},"sameAs":["https:\/\/angelsolisnoticias.com"],"url":"https:\/\/angelsolisnoticias.com\/index.php\/author\/admin_qnbaat5l\/"}]}},"jetpack_featured_media_url":"https:\/\/angelsolisnoticias.com\/wp-content\/uploads\/2023\/11\/Solidaridad-121Aniversario1.jpg","_links":{"self":[{"href":"https:\/\/angelsolisnoticias.com\/index.php\/wp-json\/wp\/v2\/posts\/3829","targetHints":{"allow":["GET"]}}],"collection":[{"href":"https:\/\/angelsolisnoticias.com\/index.php\/wp-json\/wp\/v2\/posts"}],"about":[{"href":"https:\/\/angelsolisnoticias.com\/index.php\/wp-json\/wp\/v2\/types\/post"}],"author":[{"embeddable":true,"href":"https:\/\/angelsolisnoticias.com\/index.php\/wp-json\/wp\/v2\/users\/1"}],"replies":[{"embeddable":true,"href":"https:\/\/angelsolisnoticias.com\/index.php\/wp-json\/wp\/v2\/comments?post=3829"}],"version-history":[{"count":4,"href":"https:\/\/angelsolisnoticias.com\/index.php\/wp-json\/wp\/v2\/posts\/3829\/revisions"}],"predecessor-version":[{"id":3837,"href":"https:\/\/angelsolisnoticias.com\/index.php\/wp-json\/wp\/v2\/posts\/3829\/revisions\/3837"}],"wp:featuredmedia":[{"embeddable":true,"href":"https:\/\/angelsolisnoticias.com\/index.php\/wp-json\/wp\/v2\/media\/3834"}],"wp:attachment":[{"href":"https:\/\/angelsolisnoticias.com\/index.php\/wp-json\/wp\/v2\/media?parent=3829"}],"wp:term":[{"taxonomy":"category","embeddable":true,"href":"https:\/\/angelsolisnoticias.com\/index.php\/wp-json\/wp\/v2\/categories?post=3829"},{"taxonomy":"post_tag","embeddable":true,"href":"https:\/\/angelsolisnoticias.com\/index.php\/wp-json\/wp\/v2\/tags?post=3829"}],"curies":[{"name":"wp","href":"https:\/\/api.w.org\/{rel}","templated":true}]}}