{"id":3877,"date":"2023-11-16T14:35:00","date_gmt":"2023-11-16T14:35:00","guid":{"rendered":"https:\/\/angelsolisnoticias.com\/?p=3877"},"modified":"2023-11-17T02:06:50","modified_gmt":"2023-11-17T02:06:50","slug":"inicia-remodelacion-del-parque-fovissste-de-felipe-carrillo-puerto","status":"publish","type":"post","link":"https:\/\/angelsolisnoticias.com\/index.php\/2023\/11\/16\/inicia-remodelacion-del-parque-fovissste-de-felipe-carrillo-puerto\/","title":{"rendered":"Inicia remodelaci\u00f3n del Parque Fovissste de Felipe Carrillo Puerto"},"content":{"rendered":"<p>Felipe Carrillo Puerto, 16 de noviembre<br \/>\nEspecial<\/p>\n<p>La Presidenta Municipal Mary Hern\u00e1ndez encabez\u00f3 el acto que marc\u00f3 el inicio de la remodelaci\u00f3n del Parque Fovissste en Felipe Carrillo Puerto, ante la presencia de autoridades locales y vecinos.<\/p>\n<p>Durante acto de arranque, Mary Hern\u00e1ndez resalt\u00f3 la relevancia de este proyecto para el municipio. &#8220;El Parque Fovissste es un lugar de encuentro para nuestras familias, un espacio para el esparcimiento y la convivencia. La remodelaci\u00f3n que hoy se inicia reafirma nuestro compromiso de proporcionar un entorno m\u00e1s agradable y de calidad para nuestros ciudadanos&#8221;, expres\u00f3.<\/p>\n<p><img loading=\"lazy\" decoding=\"async\" class=\"aligncenter wp-image-3880 \" src=\"https:\/\/angelsolisnoticias.com\/wp-content\/uploads\/2023\/11\/Carrillo-Remodelacion-Parque2.jpg\" alt=\"\" width=\"549\" height=\"367\" srcset=\"https:\/\/angelsolisnoticias.com\/wp-content\/uploads\/2023\/11\/Carrillo-Remodelacion-Parque2.jpg 720w, https:\/\/angelsolisnoticias.com\/wp-content\/uploads\/2023\/11\/Carrillo-Remodelacion-Parque2-300x200.jpg 300w\" sizes=\"auto, (max-width: 549px) 100vw, 549px\" \/><\/p>\n<p>El plan de remodelaci\u00f3n del Parque Fovissste contempla mejoras en las \u00e1reas verdes, instalaci\u00f3n de mobiliario urbano, actualizaci\u00f3n de \u00e1reas de juegos infantiles, la creaci\u00f3n de un circuito para caminar, as\u00ed como la implementaci\u00f3n de medidas de seguridad y accesibilidad. Se espera que estas mejoras atraigan a m\u00e1s residentes y visitantes al parque, fomentando la actividad f\u00edsica y el bienestar en la comunidad.<\/p>\n<p>La mun\u00edcipe agradeci\u00f3 el apoyo de la Gobernadora Mara Lezama y el Presidente L\u00f3pez Obrador en este esfuerzo, as\u00ed como de los habitantes del municipio, por lo que esta obra se llevar\u00e1 a cabo en fases para minimizar las molestias a los usuarios habituales del parque y garantizar la seguridad de todos los involucrados.<\/p>\n<p><img loading=\"lazy\" decoding=\"async\" class=\"aligncenter wp-image-3879 \" src=\"https:\/\/angelsolisnoticias.com\/wp-content\/uploads\/2023\/11\/Carrillo-Remodelacion-Parque3.jpg\" alt=\"\" width=\"576\" height=\"324\" srcset=\"https:\/\/angelsolisnoticias.com\/wp-content\/uploads\/2023\/11\/Carrillo-Remodelacion-Parque3.jpg 720w, https:\/\/angelsolisnoticias.com\/wp-content\/uploads\/2023\/11\/Carrillo-Remodelacion-Parque3-300x169.jpg 300w\" sizes=\"auto, (max-width: 576px) 100vw, 576px\" \/><\/p>\n<p>La renovaci\u00f3n del Parque Fovissste representa un paso significativo en la transformaci\u00f3n de los espacios p\u00fablicos en Felipe Carrillo Puerto, priorizando el bienestar y la calidad de vida de sus habitantes, detall\u00f3 el director de Obra P\u00fablica, Apolinar Acosta.<\/p>\n","protected":false},"excerpt":{"rendered":"<p>Felipe Carrillo Puerto, 16 de noviembre Especial La Presidenta Municipal Mary Hern\u00e1ndez encabez\u00f3 el acto que marc\u00f3 el inicio de la remodelaci\u00f3n del Parque Fovissste en Felipe Carrillo Puerto, ante la presencia de autoridades locales y vecinos. Durante acto de arranque, Mary Hern\u00e1ndez resalt\u00f3 la relevancia de este proyecto para <a href=\"https:\/\/angelsolisnoticias.com\/index.php\/2023\/11\/16\/inicia-remodelacion-del-parque-fovissste-de-felipe-carrillo-puerto\/\" class=\"btn btn-link continue-link\">Seguir leyendo<\/a><\/p>\n","protected":false},"author":1,"featured_media":3881,"comment_status":"open","ping_status":"open","sticky":false,"template":"","format":"standard","meta":{"footnotes":""},"categories":[1],"tags":[],"class_list":["post-3877","post","type-post","status-publish","format-standard","has-post-thumbnail","hentry","category-uncategorized"],"yoast_head":"<!-- This site is optimized with the Yoast SEO plugin v21.1 - https:\/\/yoast.com\/wordpress\/plugins\/seo\/ -->\n<title>Inicia remodelaci\u00f3n del Parque Fovissste de Felipe Carrillo Puerto<\/title>\n<meta name=\"description\" content=\".\" \/>\n<meta name=\"robots\" content=\"index, follow, max-snippet:-1, max-image-preview:large, max-video-preview:-1\" \/>\n<link rel=\"canonical\" href=\"https:\/\/angelsolisnoticias.com\/index.php\/2023\/11\/16\/inicia-remodelacion-del-parque-fovissste-de-felipe-carrillo-puerto\/\" \/>\n<meta property=\"og:locale\" content=\"es_MX\" \/>\n<meta property=\"og:type\" content=\"article\" \/>\n<meta property=\"og:title\" content=\"Inicia remodelaci\u00f3n del Parque Fovissste de Felipe Carrillo Puerto\" \/>\n<meta property=\"og:description\" content=\".\" \/>\n<meta property=\"og:url\" content=\"https:\/\/angelsolisnoticias.com\/index.php\/2023\/11\/16\/inicia-remodelacion-del-parque-fovissste-de-felipe-carrillo-puerto\/\" \/>\n<meta property=\"og:site_name\" content=\"\u00c1ngel Solis\" \/>\n<meta property=\"article:publisher\" content=\"https:\/\/www.facebook.com\/periodistasquintanaroo\" \/>\n<meta property=\"article:published_time\" content=\"2023-11-16T14:35:00+00:00\" \/>\n<meta property=\"article:modified_time\" content=\"2023-11-17T02:06:50+00:00\" \/>\n<meta property=\"og:image\" content=\"https:\/\/angelsolisnoticias.com\/wp-content\/uploads\/2023\/11\/Carrillo-Remodelacion-Parque1.jpg\" \/>\n\t<meta property=\"og:image:width\" content=\"800\" \/>\n\t<meta property=\"og:image:height\" content=\"569\" \/>\n\t<meta property=\"og:image:type\" content=\"image\/jpeg\" \/>\n<meta name=\"author\" content=\"admin\" \/>\n<meta name=\"twitter:card\" content=\"summary_large_image\" \/>\n<meta name=\"twitter:creator\" content=\"@PERIODISTASQROO\" \/>\n<meta name=\"twitter:site\" content=\"@PERIODISTASQROO\" \/>\n<meta name=\"twitter:label1\" content=\"Escrito por\" \/>\n\t<meta name=\"twitter:data1\" content=\"admin\" \/>\n\t<meta name=\"twitter:label2\" content=\"Tiempo de lectura\" \/>\n\t<meta name=\"twitter:data2\" content=\"2 minutos\" \/>\n<script type=\"application\/ld+json\" class=\"yoast-schema-graph\">{\"@context\":\"https:\/\/schema.org\",\"@graph\":[{\"@type\":\"Article\",\"@id\":\"https:\/\/angelsolisnoticias.com\/index.php\/2023\/11\/16\/inicia-remodelacion-del-parque-fovissste-de-felipe-carrillo-puerto\/#article\",\"isPartOf\":{\"@id\":\"https:\/\/angelsolisnoticias.com\/index.php\/2023\/11\/16\/inicia-remodelacion-del-parque-fovissste-de-felipe-carrillo-puerto\/\"},\"author\":{\"name\":\"admin\",\"@id\":\"https:\/\/angelsolisnoticias.com\/#\/schema\/person\/d5ca5e4c5f05db44e86cb564bf81ae6f\"},\"headline\":\"Inicia remodelaci\u00f3n del Parque Fovissste de Felipe Carrillo Puerto\",\"datePublished\":\"2023-11-16T14:35:00+00:00\",\"dateModified\":\"2023-11-17T02:06:50+00:00\",\"mainEntityOfPage\":{\"@id\":\"https:\/\/angelsolisnoticias.com\/index.php\/2023\/11\/16\/inicia-remodelacion-del-parque-fovissste-de-felipe-carrillo-puerto\/\"},\"wordCount\":276,\"commentCount\":0,\"publisher\":{\"@id\":\"https:\/\/angelsolisnoticias.com\/#organization\"},\"articleSection\":[\"Uncategorized\"],\"inLanguage\":\"es\",\"potentialAction\":[{\"@type\":\"CommentAction\",\"name\":\"Comment\",\"target\":[\"https:\/\/angelsolisnoticias.com\/index.php\/2023\/11\/16\/inicia-remodelacion-del-parque-fovissste-de-felipe-carrillo-puerto\/#respond\"]}]},{\"@type\":\"WebPage\",\"@id\":\"https:\/\/angelsolisnoticias.com\/index.php\/2023\/11\/16\/inicia-remodelacion-del-parque-fovissste-de-felipe-carrillo-puerto\/\",\"url\":\"https:\/\/angelsolisnoticias.com\/index.php\/2023\/11\/16\/inicia-remodelacion-del-parque-fovissste-de-felipe-carrillo-puerto\/\",\"name\":\"Inicia remodelaci\u00f3n del Parque Fovissste de Felipe Carrillo Puerto\",\"isPartOf\":{\"@id\":\"https:\/\/angelsolisnoticias.com\/#website\"},\"datePublished\":\"2023-11-16T14:35:00+00:00\",\"dateModified\":\"2023-11-17T02:06:50+00:00\",\"description\":\".\",\"breadcrumb\":{\"@id\":\"https:\/\/angelsolisnoticias.com\/index.php\/2023\/11\/16\/inicia-remodelacion-del-parque-fovissste-de-felipe-carrillo-puerto\/#breadcrumb\"},\"inLanguage\":\"es\",\"potentialAction\":[{\"@type\":\"ReadAction\",\"target\":[\"https:\/\/angelsolisnoticias.com\/index.php\/2023\/11\/16\/inicia-remodelacion-del-parque-fovissste-de-felipe-carrillo-puerto\/\"]}]},{\"@type\":\"BreadcrumbList\",\"@id\":\"https:\/\/angelsolisnoticias.com\/index.php\/2023\/11\/16\/inicia-remodelacion-del-parque-fovissste-de-felipe-carrillo-puerto\/#breadcrumb\",\"itemListElement\":[{\"@type\":\"ListItem\",\"position\":1,\"name\":\"Inicio\",\"item\":\"https:\/\/angelsolisnoticias.com\/\"},{\"@type\":\"ListItem\",\"position\":2,\"name\":\"Inicia remodelaci\u00f3n del Parque Fovissste de Felipe Carrillo Puerto\"}]},{\"@type\":\"WebSite\",\"@id\":\"https:\/\/angelsolisnoticias.com\/#website\",\"url\":\"https:\/\/angelsolisnoticias.com\/\",\"name\":\"\u00c1ngel Solis\",\"description\":\"Noticias de Quintana Roo\",\"publisher\":{\"@id\":\"https:\/\/angelsolisnoticias.com\/#organization\"},\"potentialAction\":[{\"@type\":\"SearchAction\",\"target\":{\"@type\":\"EntryPoint\",\"urlTemplate\":\"https:\/\/angelsolisnoticias.com\/?s={search_term_string}\"},\"query-input\":\"required name=search_term_string\"}],\"inLanguage\":\"es\"},{\"@type\":\"Organization\",\"@id\":\"https:\/\/angelsolisnoticias.com\/#organization\",\"name\":\"\u00c1ngel Solis\",\"url\":\"https:\/\/angelsolisnoticias.com\/\",\"logo\":{\"@type\":\"ImageObject\",\"inLanguage\":\"es\",\"@id\":\"https:\/\/angelsolisnoticias.com\/#\/schema\/logo\/image\/\",\"url\":\"https:\/\/angelsolisnoticias.com\/wp-content\/uploads\/2023\/01\/LOGO3.png\",\"contentUrl\":\"https:\/\/angelsolisnoticias.com\/wp-content\/uploads\/2023\/01\/LOGO3.png\",\"width\":1853,\"height\":570,\"caption\":\"\u00c1ngel Solis\"},\"image\":{\"@id\":\"https:\/\/angelsolisnoticias.com\/#\/schema\/logo\/image\/\"},\"sameAs\":[\"https:\/\/www.facebook.com\/periodistasquintanaroo\",\"https:\/\/twitter.com\/PERIODISTASQROO\"]},{\"@type\":\"Person\",\"@id\":\"https:\/\/angelsolisnoticias.com\/#\/schema\/person\/d5ca5e4c5f05db44e86cb564bf81ae6f\",\"name\":\"admin\",\"image\":{\"@type\":\"ImageObject\",\"inLanguage\":\"es\",\"@id\":\"https:\/\/angelsolisnoticias.com\/#\/schema\/person\/image\/\",\"url\":\"https:\/\/secure.gravatar.com\/avatar\/dff3eaf7d33320066684ce268bff2bf90ce4f69456139b2d65d7796f64299e47?s=96&d=mm&r=g\",\"contentUrl\":\"https:\/\/secure.gravatar.com\/avatar\/dff3eaf7d33320066684ce268bff2bf90ce4f69456139b2d65d7796f64299e47?s=96&d=mm&r=g\",\"caption\":\"admin\"},\"sameAs\":[\"https:\/\/angelsolisnoticias.com\"],\"url\":\"https:\/\/angelsolisnoticias.com\/index.php\/author\/admin_qnbaat5l\/\"}]}<\/script>\n<!-- \/ Yoast SEO plugin. -->","yoast_head_json":{"title":"Inicia remodelaci\u00f3n del Parque Fovissste de Felipe Carrillo Puerto","description":".","robots":{"index":"index","follow":"follow","max-snippet":"max-snippet:-1","max-image-preview":"max-image-preview:large","max-video-preview":"max-video-preview:-1"},"canonical":"https:\/\/angelsolisnoticias.com\/index.php\/2023\/11\/16\/inicia-remodelacion-del-parque-fovissste-de-felipe-carrillo-puerto\/","og_locale":"es_MX","og_type":"article","og_title":"Inicia remodelaci\u00f3n del Parque Fovissste de Felipe Carrillo Puerto","og_description":".","og_url":"https:\/\/angelsolisnoticias.com\/index.php\/2023\/11\/16\/inicia-remodelacion-del-parque-fovissste-de-felipe-carrillo-puerto\/","og_site_name":"\u00c1ngel Solis","article_publisher":"https:\/\/www.facebook.com\/periodistasquintanaroo","article_published_time":"2023-11-16T14:35:00+00:00","article_modified_time":"2023-11-17T02:06:50+00:00","og_image":[{"width":800,"height":569,"url":"https:\/\/angelsolisnoticias.com\/wp-content\/uploads\/2023\/11\/Carrillo-Remodelacion-Parque1.jpg","type":"image\/jpeg"}],"author":"admin","twitter_card":"summary_large_image","twitter_creator":"@PERIODISTASQROO","twitter_site":"@PERIODISTASQROO","twitter_misc":{"Escrito por":"admin","Tiempo de lectura":"2 minutos"},"schema":{"@context":"https:\/\/schema.org","@graph":[{"@type":"Article","@id":"https:\/\/angelsolisnoticias.com\/index.php\/2023\/11\/16\/inicia-remodelacion-del-parque-fovissste-de-felipe-carrillo-puerto\/#article","isPartOf":{"@id":"https:\/\/angelsolisnoticias.com\/index.php\/2023\/11\/16\/inicia-remodelacion-del-parque-fovissste-de-felipe-carrillo-puerto\/"},"author":{"name":"admin","@id":"https:\/\/angelsolisnoticias.com\/#\/schema\/person\/d5ca5e4c5f05db44e86cb564bf81ae6f"},"headline":"Inicia remodelaci\u00f3n del Parque Fovissste de Felipe Carrillo Puerto","datePublished":"2023-11-16T14:35:00+00:00","dateModified":"2023-11-17T02:06:50+00:00","mainEntityOfPage":{"@id":"https:\/\/angelsolisnoticias.com\/index.php\/2023\/11\/16\/inicia-remodelacion-del-parque-fovissste-de-felipe-carrillo-puerto\/"},"wordCount":276,"commentCount":0,"publisher":{"@id":"https:\/\/angelsolisnoticias.com\/#organization"},"articleSection":["Uncategorized"],"inLanguage":"es","potentialAction":[{"@type":"CommentAction","name":"Comment","target":["https:\/\/angelsolisnoticias.com\/index.php\/2023\/11\/16\/inicia-remodelacion-del-parque-fovissste-de-felipe-carrillo-puerto\/#respond"]}]},{"@type":"WebPage","@id":"https:\/\/angelsolisnoticias.com\/index.php\/2023\/11\/16\/inicia-remodelacion-del-parque-fovissste-de-felipe-carrillo-puerto\/","url":"https:\/\/angelsolisnoticias.com\/index.php\/2023\/11\/16\/inicia-remodelacion-del-parque-fovissste-de-felipe-carrillo-puerto\/","name":"Inicia remodelaci\u00f3n del Parque Fovissste de Felipe Carrillo Puerto","isPartOf":{"@id":"https:\/\/angelsolisnoticias.com\/#website"},"datePublished":"2023-11-16T14:35:00+00:00","dateModified":"2023-11-17T02:06:50+00:00","description":".","breadcrumb":{"@id":"https:\/\/angelsolisnoticias.com\/index.php\/2023\/11\/16\/inicia-remodelacion-del-parque-fovissste-de-felipe-carrillo-puerto\/#breadcrumb"},"inLanguage":"es","potentialAction":[{"@type":"ReadAction","target":["https:\/\/angelsolisnoticias.com\/index.php\/2023\/11\/16\/inicia-remodelacion-del-parque-fovissste-de-felipe-carrillo-puerto\/"]}]},{"@type":"BreadcrumbList","@id":"https:\/\/angelsolisnoticias.com\/index.php\/2023\/11\/16\/inicia-remodelacion-del-parque-fovissste-de-felipe-carrillo-puerto\/#breadcrumb","itemListElement":[{"@type":"ListItem","position":1,"name":"Inicio","item":"https:\/\/angelsolisnoticias.com\/"},{"@type":"ListItem","position":2,"name":"Inicia remodelaci\u00f3n del Parque Fovissste de Felipe Carrillo Puerto"}]},{"@type":"WebSite","@id":"https:\/\/angelsolisnoticias.com\/#website","url":"https:\/\/angelsolisnoticias.com\/","name":"\u00c1ngel Solis","description":"Noticias de Quintana Roo","publisher":{"@id":"https:\/\/angelsolisnoticias.com\/#organization"},"potentialAction":[{"@type":"SearchAction","target":{"@type":"EntryPoint","urlTemplate":"https:\/\/angelsolisnoticias.com\/?s={search_term_string}"},"query-input":"required name=search_term_string"}],"inLanguage":"es"},{"@type":"Organization","@id":"https:\/\/angelsolisnoticias.com\/#organization","name":"\u00c1ngel Solis","url":"https:\/\/angelsolisnoticias.com\/","logo":{"@type":"ImageObject","inLanguage":"es","@id":"https:\/\/angelsolisnoticias.com\/#\/schema\/logo\/image\/","url":"https:\/\/angelsolisnoticias.com\/wp-content\/uploads\/2023\/01\/LOGO3.png","contentUrl":"https:\/\/angelsolisnoticias.com\/wp-content\/uploads\/2023\/01\/LOGO3.png","width":1853,"height":570,"caption":"\u00c1ngel Solis"},"image":{"@id":"https:\/\/angelsolisnoticias.com\/#\/schema\/logo\/image\/"},"sameAs":["https:\/\/www.facebook.com\/periodistasquintanaroo","https:\/\/twitter.com\/PERIODISTASQROO"]},{"@type":"Person","@id":"https:\/\/angelsolisnoticias.com\/#\/schema\/person\/d5ca5e4c5f05db44e86cb564bf81ae6f","name":"admin","image":{"@type":"ImageObject","inLanguage":"es","@id":"https:\/\/angelsolisnoticias.com\/#\/schema\/person\/image\/","url":"https:\/\/secure.gravatar.com\/avatar\/dff3eaf7d33320066684ce268bff2bf90ce4f69456139b2d65d7796f64299e47?s=96&d=mm&r=g","contentUrl":"https:\/\/secure.gravatar.com\/avatar\/dff3eaf7d33320066684ce268bff2bf90ce4f69456139b2d65d7796f64299e47?s=96&d=mm&r=g","caption":"admin"},"sameAs":["https:\/\/angelsolisnoticias.com"],"url":"https:\/\/angelsolisnoticias.com\/index.php\/author\/admin_qnbaat5l\/"}]}},"jetpack_featured_media_url":"https:\/\/angelsolisnoticias.com\/wp-content\/uploads\/2023\/11\/Carrillo-Remodelacion-Parque1.jpg","_links":{"self":[{"href":"https:\/\/angelsolisnoticias.com\/index.php\/wp-json\/wp\/v2\/posts\/3877","targetHints":{"allow":["GET"]}}],"collection":[{"href":"https:\/\/angelsolisnoticias.com\/index.php\/wp-json\/wp\/v2\/posts"}],"about":[{"href":"https:\/\/angelsolisnoticias.com\/index.php\/wp-json\/wp\/v2\/types\/post"}],"author":[{"embeddable":true,"href":"https:\/\/angelsolisnoticias.com\/index.php\/wp-json\/wp\/v2\/users\/1"}],"replies":[{"embeddable":true,"href":"https:\/\/angelsolisnoticias.com\/index.php\/wp-json\/wp\/v2\/comments?post=3877"}],"version-history":[{"count":3,"href":"https:\/\/angelsolisnoticias.com\/index.php\/wp-json\/wp\/v2\/posts\/3877\/revisions"}],"predecessor-version":[{"id":3883,"href":"https:\/\/angelsolisnoticias.com\/index.php\/wp-json\/wp\/v2\/posts\/3877\/revisions\/3883"}],"wp:featuredmedia":[{"embeddable":true,"href":"https:\/\/angelsolisnoticias.com\/index.php\/wp-json\/wp\/v2\/media\/3881"}],"wp:attachment":[{"href":"https:\/\/angelsolisnoticias.com\/index.php\/wp-json\/wp\/v2\/media?parent=3877"}],"wp:term":[{"taxonomy":"category","embeddable":true,"href":"https:\/\/angelsolisnoticias.com\/index.php\/wp-json\/wp\/v2\/categories?post=3877"},{"taxonomy":"post_tag","embeddable":true,"href":"https:\/\/angelsolisnoticias.com\/index.php\/wp-json\/wp\/v2\/tags?post=3877"}],"curies":[{"name":"wp","href":"https:\/\/api.w.org\/{rel}","templated":true}]}}