{"id":3924,"date":"2023-11-18T09:14:18","date_gmt":"2023-11-18T09:14:18","guid":{"rendered":"https:\/\/angelsolisnoticias.com\/?p=3924"},"modified":"2023-11-18T20:27:07","modified_gmt":"2023-11-18T20:27:07","slug":"reconocen-a-luchador-social-con-placa-conmemorativa-en-estadio-de-beisbol","status":"publish","type":"post","link":"https:\/\/angelsolisnoticias.com\/index.php\/2023\/11\/18\/reconocen-a-luchador-social-con-placa-conmemorativa-en-estadio-de-beisbol\/","title":{"rendered":"Reconocen a luchador social con placa conmemorativa en estadio de b\u00e9isbol"},"content":{"rendered":"<p>Puerto Aventuras, Solidaridad, 18 de noviembre del 2023<br \/>\nRedacci\u00f3n<\/p>\n<p>La presidenta Lili Campos, en compa\u00f1\u00eda del alcalde Gilberto G\u00f3mez, devel\u00f3 la placa conmemorativa del estadio de b\u00e9isbol \u201c\u00c1ngel G\u00f3mez Rodr\u00edguez\u201d pioneros y fundador de Puerto Aventuras, promotor del deporte y luchador social quien gestion\u00f3 los primeros servicios p\u00fablicos en la comunidad.<\/p>\n<p>Lili Campos record\u00f3 que ciudadanos hicieron llegar la iniciativa al Cabildo proponiendo que el campo de b\u00e9isbol lleve el nombre de \u00c1ngel G\u00f3mez Rodr\u00edguez. \u201cHoy estamos aqu\u00ed develando esta placa en su nombre; \u00e9l fue un luchador social, promotor del deporte, de los primeros servicios p\u00fablicos, como la apertura de calles y la creaci\u00f3n de lo que hoy es este estadio de b\u00e9isbol\u201d.<\/p>\n<p><img loading=\"lazy\" decoding=\"async\" class=\"aligncenter wp-image-3928 \" src=\"https:\/\/angelsolisnoticias.com\/wp-content\/uploads\/2023\/11\/Solidaridad-Campo-Deportivo2.jpg\" alt=\"\" width=\"595\" height=\"384\" \/><\/p>\n<p>El alcalde Gilberto G\u00f3mez agradeci\u00f3 a la autoridad municipal, a los ciudadanos y a sus familiares presentes, el honrar la memoria de su padre con tal distinci\u00f3n, pues mucho esfuerzo y lucha para conseguir que en ese entonces la comunidad siguiera creciendo hasta convertirse, por acuerdo pol\u00edtico de Lili Campos, en la alcald\u00eda de Puerto Aventuras.<\/p>\n<p><img loading=\"lazy\" decoding=\"async\" class=\"aligncenter wp-image-3927 \" src=\"https:\/\/angelsolisnoticias.com\/wp-content\/uploads\/2023\/11\/Solidaridad-Campo-Deportivo3.jpg\" alt=\"\" width=\"604\" height=\"395\" \/><\/p>\n<p>Este acto protocolario el regidor Marciano Toledo S\u00e1nchez record\u00f3 que don \u00c1ngel fue un hombre aguerrido, de trabajo, de esfuerzo, qui\u00e9n no se doblegaba ante nada. Visionario del crecimiento urbano. \u201cMed\u00eda los predios urbanos bastante grandes, tambi\u00e9n este campo que desde ahora lleva su nombre,\u00a0 \u00e9l lo midi\u00f3\u201d.<\/p>\n","protected":false},"excerpt":{"rendered":"<p>Puerto Aventuras, Solidaridad, 18 de noviembre del 2023 Redacci\u00f3n La presidenta Lili Campos, en compa\u00f1\u00eda del alcalde Gilberto G\u00f3mez, devel\u00f3 la placa conmemorativa del estadio de b\u00e9isbol \u201c\u00c1ngel G\u00f3mez Rodr\u00edguez\u201d pioneros y fundador de Puerto Aventuras, promotor del deporte y luchador social quien gestion\u00f3 los primeros servicios p\u00fablicos en la <a href=\"https:\/\/angelsolisnoticias.com\/index.php\/2023\/11\/18\/reconocen-a-luchador-social-con-placa-conmemorativa-en-estadio-de-beisbol\/\" class=\"btn btn-link continue-link\">Seguir leyendo<\/a><\/p>\n","protected":false},"author":1,"featured_media":3929,"comment_status":"open","ping_status":"open","sticky":false,"template":"","format":"standard","meta":{"footnotes":""},"categories":[6,1],"tags":[],"class_list":["post-3924","post","type-post","status-publish","format-standard","has-post-thumbnail","hentry","category-solidaridad","category-uncategorized"],"yoast_head":"<!-- This site is optimized with the Yoast SEO plugin v21.1 - https:\/\/yoast.com\/wordpress\/plugins\/seo\/ -->\n<title>Reconocen a luchador social con placa conmemorativa en estadio de b\u00e9isbol<\/title>\n<meta name=\"description\" content=\".\" \/>\n<meta name=\"robots\" content=\"index, follow, max-snippet:-1, max-image-preview:large, max-video-preview:-1\" \/>\n<link rel=\"canonical\" href=\"https:\/\/angelsolisnoticias.com\/index.php\/2023\/11\/18\/reconocen-a-luchador-social-con-placa-conmemorativa-en-estadio-de-beisbol\/\" \/>\n<meta property=\"og:locale\" content=\"es_MX\" \/>\n<meta property=\"og:type\" content=\"article\" \/>\n<meta property=\"og:title\" content=\"Reconocen a luchador social con placa conmemorativa en estadio de b\u00e9isbol\" \/>\n<meta property=\"og:description\" content=\".\" \/>\n<meta property=\"og:url\" content=\"https:\/\/angelsolisnoticias.com\/index.php\/2023\/11\/18\/reconocen-a-luchador-social-con-placa-conmemorativa-en-estadio-de-beisbol\/\" \/>\n<meta property=\"og:site_name\" content=\"\u00c1ngel Solis\" \/>\n<meta property=\"article:publisher\" content=\"https:\/\/www.facebook.com\/periodistasquintanaroo\" \/>\n<meta property=\"article:published_time\" content=\"2023-11-18T09:14:18+00:00\" \/>\n<meta property=\"article:modified_time\" content=\"2023-11-18T20:27:07+00:00\" \/>\n<meta property=\"og:image\" content=\"https:\/\/angelsolisnoticias.com\/wp-content\/uploads\/2023\/11\/Solidaridad-Campo-Deportivo1.jpg\" \/>\n\t<meta property=\"og:image:width\" content=\"800\" \/>\n\t<meta property=\"og:image:height\" content=\"569\" \/>\n\t<meta property=\"og:image:type\" content=\"image\/jpeg\" \/>\n<meta name=\"author\" content=\"admin\" \/>\n<meta name=\"twitter:card\" content=\"summary_large_image\" \/>\n<meta name=\"twitter:creator\" content=\"@PERIODISTASQROO\" \/>\n<meta name=\"twitter:site\" content=\"@PERIODISTASQROO\" \/>\n<meta name=\"twitter:label1\" content=\"Escrito por\" \/>\n\t<meta name=\"twitter:data1\" content=\"admin\" \/>\n\t<meta name=\"twitter:label2\" content=\"Tiempo de lectura\" \/>\n\t<meta name=\"twitter:data2\" content=\"2 minutos\" \/>\n<script type=\"application\/ld+json\" class=\"yoast-schema-graph\">{\"@context\":\"https:\/\/schema.org\",\"@graph\":[{\"@type\":\"Article\",\"@id\":\"https:\/\/angelsolisnoticias.com\/index.php\/2023\/11\/18\/reconocen-a-luchador-social-con-placa-conmemorativa-en-estadio-de-beisbol\/#article\",\"isPartOf\":{\"@id\":\"https:\/\/angelsolisnoticias.com\/index.php\/2023\/11\/18\/reconocen-a-luchador-social-con-placa-conmemorativa-en-estadio-de-beisbol\/\"},\"author\":{\"name\":\"admin\",\"@id\":\"https:\/\/angelsolisnoticias.com\/#\/schema\/person\/d5ca5e4c5f05db44e86cb564bf81ae6f\"},\"headline\":\"Reconocen a luchador social con placa conmemorativa en estadio de b\u00e9isbol\",\"datePublished\":\"2023-11-18T09:14:18+00:00\",\"dateModified\":\"2023-11-18T20:27:07+00:00\",\"mainEntityOfPage\":{\"@id\":\"https:\/\/angelsolisnoticias.com\/index.php\/2023\/11\/18\/reconocen-a-luchador-social-con-placa-conmemorativa-en-estadio-de-beisbol\/\"},\"wordCount\":249,\"commentCount\":0,\"publisher\":{\"@id\":\"https:\/\/angelsolisnoticias.com\/#organization\"},\"articleSection\":[\"Solidaridad\",\"Uncategorized\"],\"inLanguage\":\"es\",\"potentialAction\":[{\"@type\":\"CommentAction\",\"name\":\"Comment\",\"target\":[\"https:\/\/angelsolisnoticias.com\/index.php\/2023\/11\/18\/reconocen-a-luchador-social-con-placa-conmemorativa-en-estadio-de-beisbol\/#respond\"]}]},{\"@type\":\"WebPage\",\"@id\":\"https:\/\/angelsolisnoticias.com\/index.php\/2023\/11\/18\/reconocen-a-luchador-social-con-placa-conmemorativa-en-estadio-de-beisbol\/\",\"url\":\"https:\/\/angelsolisnoticias.com\/index.php\/2023\/11\/18\/reconocen-a-luchador-social-con-placa-conmemorativa-en-estadio-de-beisbol\/\",\"name\":\"Reconocen a luchador social con placa conmemorativa en estadio de b\u00e9isbol\",\"isPartOf\":{\"@id\":\"https:\/\/angelsolisnoticias.com\/#website\"},\"datePublished\":\"2023-11-18T09:14:18+00:00\",\"dateModified\":\"2023-11-18T20:27:07+00:00\",\"description\":\".\",\"breadcrumb\":{\"@id\":\"https:\/\/angelsolisnoticias.com\/index.php\/2023\/11\/18\/reconocen-a-luchador-social-con-placa-conmemorativa-en-estadio-de-beisbol\/#breadcrumb\"},\"inLanguage\":\"es\",\"potentialAction\":[{\"@type\":\"ReadAction\",\"target\":[\"https:\/\/angelsolisnoticias.com\/index.php\/2023\/11\/18\/reconocen-a-luchador-social-con-placa-conmemorativa-en-estadio-de-beisbol\/\"]}]},{\"@type\":\"BreadcrumbList\",\"@id\":\"https:\/\/angelsolisnoticias.com\/index.php\/2023\/11\/18\/reconocen-a-luchador-social-con-placa-conmemorativa-en-estadio-de-beisbol\/#breadcrumb\",\"itemListElement\":[{\"@type\":\"ListItem\",\"position\":1,\"name\":\"Inicio\",\"item\":\"https:\/\/angelsolisnoticias.com\/\"},{\"@type\":\"ListItem\",\"position\":2,\"name\":\"Reconocen a luchador social con placa conmemorativa en estadio de b\u00e9isbol\"}]},{\"@type\":\"WebSite\",\"@id\":\"https:\/\/angelsolisnoticias.com\/#website\",\"url\":\"https:\/\/angelsolisnoticias.com\/\",\"name\":\"\u00c1ngel Solis\",\"description\":\"Noticias de Quintana Roo\",\"publisher\":{\"@id\":\"https:\/\/angelsolisnoticias.com\/#organization\"},\"potentialAction\":[{\"@type\":\"SearchAction\",\"target\":{\"@type\":\"EntryPoint\",\"urlTemplate\":\"https:\/\/angelsolisnoticias.com\/?s={search_term_string}\"},\"query-input\":\"required name=search_term_string\"}],\"inLanguage\":\"es\"},{\"@type\":\"Organization\",\"@id\":\"https:\/\/angelsolisnoticias.com\/#organization\",\"name\":\"\u00c1ngel Solis\",\"url\":\"https:\/\/angelsolisnoticias.com\/\",\"logo\":{\"@type\":\"ImageObject\",\"inLanguage\":\"es\",\"@id\":\"https:\/\/angelsolisnoticias.com\/#\/schema\/logo\/image\/\",\"url\":\"https:\/\/angelsolisnoticias.com\/wp-content\/uploads\/2023\/01\/LOGO3.png\",\"contentUrl\":\"https:\/\/angelsolisnoticias.com\/wp-content\/uploads\/2023\/01\/LOGO3.png\",\"width\":1853,\"height\":570,\"caption\":\"\u00c1ngel Solis\"},\"image\":{\"@id\":\"https:\/\/angelsolisnoticias.com\/#\/schema\/logo\/image\/\"},\"sameAs\":[\"https:\/\/www.facebook.com\/periodistasquintanaroo\",\"https:\/\/twitter.com\/PERIODISTASQROO\"]},{\"@type\":\"Person\",\"@id\":\"https:\/\/angelsolisnoticias.com\/#\/schema\/person\/d5ca5e4c5f05db44e86cb564bf81ae6f\",\"name\":\"admin\",\"image\":{\"@type\":\"ImageObject\",\"inLanguage\":\"es\",\"@id\":\"https:\/\/angelsolisnoticias.com\/#\/schema\/person\/image\/\",\"url\":\"https:\/\/secure.gravatar.com\/avatar\/dff3eaf7d33320066684ce268bff2bf90ce4f69456139b2d65d7796f64299e47?s=96&d=mm&r=g\",\"contentUrl\":\"https:\/\/secure.gravatar.com\/avatar\/dff3eaf7d33320066684ce268bff2bf90ce4f69456139b2d65d7796f64299e47?s=96&d=mm&r=g\",\"caption\":\"admin\"},\"sameAs\":[\"https:\/\/angelsolisnoticias.com\"],\"url\":\"https:\/\/angelsolisnoticias.com\/index.php\/author\/admin_qnbaat5l\/\"}]}<\/script>\n<!-- \/ Yoast SEO plugin. -->","yoast_head_json":{"title":"Reconocen a luchador social con placa conmemorativa en estadio de b\u00e9isbol","description":".","robots":{"index":"index","follow":"follow","max-snippet":"max-snippet:-1","max-image-preview":"max-image-preview:large","max-video-preview":"max-video-preview:-1"},"canonical":"https:\/\/angelsolisnoticias.com\/index.php\/2023\/11\/18\/reconocen-a-luchador-social-con-placa-conmemorativa-en-estadio-de-beisbol\/","og_locale":"es_MX","og_type":"article","og_title":"Reconocen a luchador social con placa conmemorativa en estadio de b\u00e9isbol","og_description":".","og_url":"https:\/\/angelsolisnoticias.com\/index.php\/2023\/11\/18\/reconocen-a-luchador-social-con-placa-conmemorativa-en-estadio-de-beisbol\/","og_site_name":"\u00c1ngel Solis","article_publisher":"https:\/\/www.facebook.com\/periodistasquintanaroo","article_published_time":"2023-11-18T09:14:18+00:00","article_modified_time":"2023-11-18T20:27:07+00:00","og_image":[{"width":800,"height":569,"url":"https:\/\/angelsolisnoticias.com\/wp-content\/uploads\/2023\/11\/Solidaridad-Campo-Deportivo1.jpg","type":"image\/jpeg"}],"author":"admin","twitter_card":"summary_large_image","twitter_creator":"@PERIODISTASQROO","twitter_site":"@PERIODISTASQROO","twitter_misc":{"Escrito por":"admin","Tiempo de lectura":"2 minutos"},"schema":{"@context":"https:\/\/schema.org","@graph":[{"@type":"Article","@id":"https:\/\/angelsolisnoticias.com\/index.php\/2023\/11\/18\/reconocen-a-luchador-social-con-placa-conmemorativa-en-estadio-de-beisbol\/#article","isPartOf":{"@id":"https:\/\/angelsolisnoticias.com\/index.php\/2023\/11\/18\/reconocen-a-luchador-social-con-placa-conmemorativa-en-estadio-de-beisbol\/"},"author":{"name":"admin","@id":"https:\/\/angelsolisnoticias.com\/#\/schema\/person\/d5ca5e4c5f05db44e86cb564bf81ae6f"},"headline":"Reconocen a luchador social con placa conmemorativa en estadio de b\u00e9isbol","datePublished":"2023-11-18T09:14:18+00:00","dateModified":"2023-11-18T20:27:07+00:00","mainEntityOfPage":{"@id":"https:\/\/angelsolisnoticias.com\/index.php\/2023\/11\/18\/reconocen-a-luchador-social-con-placa-conmemorativa-en-estadio-de-beisbol\/"},"wordCount":249,"commentCount":0,"publisher":{"@id":"https:\/\/angelsolisnoticias.com\/#organization"},"articleSection":["Solidaridad","Uncategorized"],"inLanguage":"es","potentialAction":[{"@type":"CommentAction","name":"Comment","target":["https:\/\/angelsolisnoticias.com\/index.php\/2023\/11\/18\/reconocen-a-luchador-social-con-placa-conmemorativa-en-estadio-de-beisbol\/#respond"]}]},{"@type":"WebPage","@id":"https:\/\/angelsolisnoticias.com\/index.php\/2023\/11\/18\/reconocen-a-luchador-social-con-placa-conmemorativa-en-estadio-de-beisbol\/","url":"https:\/\/angelsolisnoticias.com\/index.php\/2023\/11\/18\/reconocen-a-luchador-social-con-placa-conmemorativa-en-estadio-de-beisbol\/","name":"Reconocen a luchador social con placa conmemorativa en estadio de b\u00e9isbol","isPartOf":{"@id":"https:\/\/angelsolisnoticias.com\/#website"},"datePublished":"2023-11-18T09:14:18+00:00","dateModified":"2023-11-18T20:27:07+00:00","description":".","breadcrumb":{"@id":"https:\/\/angelsolisnoticias.com\/index.php\/2023\/11\/18\/reconocen-a-luchador-social-con-placa-conmemorativa-en-estadio-de-beisbol\/#breadcrumb"},"inLanguage":"es","potentialAction":[{"@type":"ReadAction","target":["https:\/\/angelsolisnoticias.com\/index.php\/2023\/11\/18\/reconocen-a-luchador-social-con-placa-conmemorativa-en-estadio-de-beisbol\/"]}]},{"@type":"BreadcrumbList","@id":"https:\/\/angelsolisnoticias.com\/index.php\/2023\/11\/18\/reconocen-a-luchador-social-con-placa-conmemorativa-en-estadio-de-beisbol\/#breadcrumb","itemListElement":[{"@type":"ListItem","position":1,"name":"Inicio","item":"https:\/\/angelsolisnoticias.com\/"},{"@type":"ListItem","position":2,"name":"Reconocen a luchador social con placa conmemorativa en estadio de b\u00e9isbol"}]},{"@type":"WebSite","@id":"https:\/\/angelsolisnoticias.com\/#website","url":"https:\/\/angelsolisnoticias.com\/","name":"\u00c1ngel Solis","description":"Noticias de Quintana Roo","publisher":{"@id":"https:\/\/angelsolisnoticias.com\/#organization"},"potentialAction":[{"@type":"SearchAction","target":{"@type":"EntryPoint","urlTemplate":"https:\/\/angelsolisnoticias.com\/?s={search_term_string}"},"query-input":"required name=search_term_string"}],"inLanguage":"es"},{"@type":"Organization","@id":"https:\/\/angelsolisnoticias.com\/#organization","name":"\u00c1ngel Solis","url":"https:\/\/angelsolisnoticias.com\/","logo":{"@type":"ImageObject","inLanguage":"es","@id":"https:\/\/angelsolisnoticias.com\/#\/schema\/logo\/image\/","url":"https:\/\/angelsolisnoticias.com\/wp-content\/uploads\/2023\/01\/LOGO3.png","contentUrl":"https:\/\/angelsolisnoticias.com\/wp-content\/uploads\/2023\/01\/LOGO3.png","width":1853,"height":570,"caption":"\u00c1ngel Solis"},"image":{"@id":"https:\/\/angelsolisnoticias.com\/#\/schema\/logo\/image\/"},"sameAs":["https:\/\/www.facebook.com\/periodistasquintanaroo","https:\/\/twitter.com\/PERIODISTASQROO"]},{"@type":"Person","@id":"https:\/\/angelsolisnoticias.com\/#\/schema\/person\/d5ca5e4c5f05db44e86cb564bf81ae6f","name":"admin","image":{"@type":"ImageObject","inLanguage":"es","@id":"https:\/\/angelsolisnoticias.com\/#\/schema\/person\/image\/","url":"https:\/\/secure.gravatar.com\/avatar\/dff3eaf7d33320066684ce268bff2bf90ce4f69456139b2d65d7796f64299e47?s=96&d=mm&r=g","contentUrl":"https:\/\/secure.gravatar.com\/avatar\/dff3eaf7d33320066684ce268bff2bf90ce4f69456139b2d65d7796f64299e47?s=96&d=mm&r=g","caption":"admin"},"sameAs":["https:\/\/angelsolisnoticias.com"],"url":"https:\/\/angelsolisnoticias.com\/index.php\/author\/admin_qnbaat5l\/"}]}},"jetpack_featured_media_url":"https:\/\/angelsolisnoticias.com\/wp-content\/uploads\/2023\/11\/Solidaridad-Campo-Deportivo1.jpg","_links":{"self":[{"href":"https:\/\/angelsolisnoticias.com\/index.php\/wp-json\/wp\/v2\/posts\/3924","targetHints":{"allow":["GET"]}}],"collection":[{"href":"https:\/\/angelsolisnoticias.com\/index.php\/wp-json\/wp\/v2\/posts"}],"about":[{"href":"https:\/\/angelsolisnoticias.com\/index.php\/wp-json\/wp\/v2\/types\/post"}],"author":[{"embeddable":true,"href":"https:\/\/angelsolisnoticias.com\/index.php\/wp-json\/wp\/v2\/users\/1"}],"replies":[{"embeddable":true,"href":"https:\/\/angelsolisnoticias.com\/index.php\/wp-json\/wp\/v2\/comments?post=3924"}],"version-history":[{"count":3,"href":"https:\/\/angelsolisnoticias.com\/index.php\/wp-json\/wp\/v2\/posts\/3924\/revisions"}],"predecessor-version":[{"id":3931,"href":"https:\/\/angelsolisnoticias.com\/index.php\/wp-json\/wp\/v2\/posts\/3924\/revisions\/3931"}],"wp:featuredmedia":[{"embeddable":true,"href":"https:\/\/angelsolisnoticias.com\/index.php\/wp-json\/wp\/v2\/media\/3929"}],"wp:attachment":[{"href":"https:\/\/angelsolisnoticias.com\/index.php\/wp-json\/wp\/v2\/media?parent=3924"}],"wp:term":[{"taxonomy":"category","embeddable":true,"href":"https:\/\/angelsolisnoticias.com\/index.php\/wp-json\/wp\/v2\/categories?post=3924"},{"taxonomy":"post_tag","embeddable":true,"href":"https:\/\/angelsolisnoticias.com\/index.php\/wp-json\/wp\/v2\/tags?post=3924"}],"curies":[{"name":"wp","href":"https:\/\/api.w.org\/{rel}","templated":true}]}}