{"id":3940,"date":"2023-11-18T17:10:53","date_gmt":"2023-11-18T17:10:53","guid":{"rendered":"https:\/\/angelsolisnoticias.com\/?p=3940"},"modified":"2023-11-19T01:48:06","modified_gmt":"2023-11-19T01:48:06","slug":"supervisan-amlo-y-mara-lezama-avances-en-el-aeropuerto-felipe-carrillo-puerto-y-el-tren-maya","status":"publish","type":"post","link":"https:\/\/angelsolisnoticias.com\/index.php\/2023\/11\/18\/supervisan-amlo-y-mara-lezama-avances-en-el-aeropuerto-felipe-carrillo-puerto-y-el-tren-maya\/","title":{"rendered":"Supervisan AMLO y Mara Lezama avances en el aeropuerto \u201cFelipe Carrillo Puerto\u201d y el Tren Maya"},"content":{"rendered":"<p>Tulum, 18 de noviembre<br \/>\nEspecial<\/p>\n<p>El presidente Andr\u00e9s Manuel L\u00f3pez Obrador\u00a0 y la gobernadora Mara Lezama\u00a0 Espinosa encabezaron reuniones de evaluaci\u00f3n conjunta del Tren Maya, que inicia operaciones el 15 de diciembre, as\u00ed como del aeropuerto internacional de Tulum \u201cFelipe Carrillo Puerto\u201d y los proyectos de infraestructura de Canc\u00fan.<\/p>\n<p>En su frecuente gira de supervisi\u00f3n de avance de obras en Quintana Roo, el presidente L\u00f3pez Obrador y la gobernadora Mara Lezama recorrieron las instalaciones del aeropuerto internacional de Tulum, obra pr\u00f3xima a inaugurarse este 1 de diciembre.<\/p>\n<p><img loading=\"lazy\" decoding=\"async\" class=\"aligncenter wp-image-3944 \" src=\"https:\/\/angelsolisnoticias.com\/wp-content\/uploads\/2023\/11\/Mara-Amlo-Aeropuerto2.jpg\" alt=\"\" width=\"629\" height=\"336\" \/><\/p>\n<p>Asimismo, realizaron sobrevuelos sobre las obras del tramo 4 y 5 del Tren Maya y realizaron reuniones de trabajo para la evaluaci\u00f3n de los proyectos de infraestructura del municipio de Benito Ju\u00e1rez y del Parque del Jaguar.<\/p>\n<p>En esta primera etapa, en el tramo Campeche-Canc\u00fan, Quintana Roo tiene dos estaciones Nuevo Xc\u00e1n y Canc\u00fan, as\u00ed como un paradero en Leona Vicario. Mara Lezama destac\u00f3 que el tren de la justicia social est\u00e1 m\u00e1s cerca de recorrer y llevar prosperidad compartida a la entidad y a todo el sureste mexicano.<\/p>\n<p><iframe loading=\"lazy\" style=\"border: none; overflow: hidden;\" src=\"https:\/\/www.facebook.com\/plugins\/post.php?href=https%3A%2F%2Fwww.facebook.com%2FMaraLezamaOficial%2Fposts%2Fpfbid02Xss93tuQ7J8Bsr7t5a9BNFqPSQUDu1bUDFvyWRRjM8N6ZP8aBcrbP1DcyGLVB6gvl&amp;show_text=true&amp;width=500\" width=\"500\" height=\"690\" frameborder=\"0\" scrolling=\"no\" allowfullscreen=\"allowfullscreen\"><\/iframe><br \/>\nLos proyectos emblem\u00e1ticos del Gobierno de M\u00e9xico fortalecen los objetivos del Nuevo Acuerdo para el Bienestar y Desarrollo de Quintana Roo que la gobernadora Mara Lezama impulsa desde el primer d\u00eda de su administraci\u00f3n para que la prosperidad compartida se refleje principalmente en los bolsillos y las mesas de los y las trabajadores, de los que menos tienen, primero los pobres.<\/p>\n","protected":false},"excerpt":{"rendered":"<p>Tulum, 18 de noviembre Especial El presidente Andr\u00e9s Manuel L\u00f3pez Obrador\u00a0 y la gobernadora Mara Lezama\u00a0 Espinosa encabezaron reuniones de evaluaci\u00f3n conjunta del Tren Maya, que inicia operaciones el 15 de diciembre, as\u00ed como del aeropuerto internacional de Tulum \u201cFelipe Carrillo Puerto\u201d y los proyectos de infraestructura de Canc\u00fan. En <a href=\"https:\/\/angelsolisnoticias.com\/index.php\/2023\/11\/18\/supervisan-amlo-y-mara-lezama-avances-en-el-aeropuerto-felipe-carrillo-puerto-y-el-tren-maya\/\" class=\"btn btn-link continue-link\">Seguir leyendo<\/a><\/p>\n","protected":false},"author":1,"featured_media":3943,"comment_status":"open","ping_status":"open","sticky":false,"template":"","format":"standard","meta":{"footnotes":""},"categories":[1],"tags":[],"class_list":["post-3940","post","type-post","status-publish","format-standard","has-post-thumbnail","hentry","category-uncategorized"],"yoast_head":"<!-- This site is optimized with the Yoast SEO plugin v21.1 - https:\/\/yoast.com\/wordpress\/plugins\/seo\/ -->\n<title>Supervisan AMLO y Mara Lezama avances en el aeropuerto \u201cFelipe Carrillo Puerto\u201d y el Tren Maya<\/title>\n<meta name=\"description\" content=\".\" \/>\n<meta name=\"robots\" content=\"index, follow, max-snippet:-1, max-image-preview:large, max-video-preview:-1\" \/>\n<link rel=\"canonical\" href=\"https:\/\/angelsolisnoticias.com\/index.php\/2023\/11\/18\/supervisan-amlo-y-mara-lezama-avances-en-el-aeropuerto-felipe-carrillo-puerto-y-el-tren-maya\/\" \/>\n<meta property=\"og:locale\" content=\"es_MX\" \/>\n<meta property=\"og:type\" content=\"article\" \/>\n<meta property=\"og:title\" content=\"Supervisan AMLO y Mara Lezama avances en el aeropuerto \u201cFelipe Carrillo Puerto\u201d y el Tren Maya\" \/>\n<meta property=\"og:description\" content=\".\" \/>\n<meta property=\"og:url\" content=\"https:\/\/angelsolisnoticias.com\/index.php\/2023\/11\/18\/supervisan-amlo-y-mara-lezama-avances-en-el-aeropuerto-felipe-carrillo-puerto-y-el-tren-maya\/\" \/>\n<meta property=\"og:site_name\" content=\"\u00c1ngel Solis\" \/>\n<meta property=\"article:publisher\" content=\"https:\/\/www.facebook.com\/periodistasquintanaroo\" \/>\n<meta property=\"article:published_time\" content=\"2023-11-18T17:10:53+00:00\" \/>\n<meta property=\"article:modified_time\" content=\"2023-11-19T01:48:06+00:00\" \/>\n<meta property=\"og:image\" content=\"https:\/\/angelsolisnoticias.com\/wp-content\/uploads\/2023\/11\/Mara-Amlo-Aeropuerto3.jpg\" \/>\n\t<meta property=\"og:image:width\" content=\"800\" \/>\n\t<meta property=\"og:image:height\" content=\"569\" \/>\n\t<meta property=\"og:image:type\" content=\"image\/jpeg\" \/>\n<meta name=\"author\" content=\"admin\" \/>\n<meta name=\"twitter:card\" content=\"summary_large_image\" \/>\n<meta name=\"twitter:creator\" content=\"@PERIODISTASQROO\" \/>\n<meta name=\"twitter:site\" content=\"@PERIODISTASQROO\" \/>\n<meta name=\"twitter:label1\" content=\"Escrito por\" \/>\n\t<meta name=\"twitter:data1\" content=\"admin\" \/>\n\t<meta name=\"twitter:label2\" content=\"Tiempo de lectura\" \/>\n\t<meta name=\"twitter:data2\" content=\"2 minutos\" \/>\n<script type=\"application\/ld+json\" class=\"yoast-schema-graph\">{\"@context\":\"https:\/\/schema.org\",\"@graph\":[{\"@type\":\"Article\",\"@id\":\"https:\/\/angelsolisnoticias.com\/index.php\/2023\/11\/18\/supervisan-amlo-y-mara-lezama-avances-en-el-aeropuerto-felipe-carrillo-puerto-y-el-tren-maya\/#article\",\"isPartOf\":{\"@id\":\"https:\/\/angelsolisnoticias.com\/index.php\/2023\/11\/18\/supervisan-amlo-y-mara-lezama-avances-en-el-aeropuerto-felipe-carrillo-puerto-y-el-tren-maya\/\"},\"author\":{\"name\":\"admin\",\"@id\":\"https:\/\/angelsolisnoticias.com\/#\/schema\/person\/d5ca5e4c5f05db44e86cb564bf81ae6f\"},\"headline\":\"Supervisan AMLO y Mara Lezama avances en el aeropuerto \u201cFelipe Carrillo Puerto\u201d y el Tren Maya\",\"datePublished\":\"2023-11-18T17:10:53+00:00\",\"dateModified\":\"2023-11-19T01:48:06+00:00\",\"mainEntityOfPage\":{\"@id\":\"https:\/\/angelsolisnoticias.com\/index.php\/2023\/11\/18\/supervisan-amlo-y-mara-lezama-avances-en-el-aeropuerto-felipe-carrillo-puerto-y-el-tren-maya\/\"},\"wordCount\":265,\"commentCount\":0,\"publisher\":{\"@id\":\"https:\/\/angelsolisnoticias.com\/#organization\"},\"articleSection\":[\"Uncategorized\"],\"inLanguage\":\"es\",\"potentialAction\":[{\"@type\":\"CommentAction\",\"name\":\"Comment\",\"target\":[\"https:\/\/angelsolisnoticias.com\/index.php\/2023\/11\/18\/supervisan-amlo-y-mara-lezama-avances-en-el-aeropuerto-felipe-carrillo-puerto-y-el-tren-maya\/#respond\"]}]},{\"@type\":\"WebPage\",\"@id\":\"https:\/\/angelsolisnoticias.com\/index.php\/2023\/11\/18\/supervisan-amlo-y-mara-lezama-avances-en-el-aeropuerto-felipe-carrillo-puerto-y-el-tren-maya\/\",\"url\":\"https:\/\/angelsolisnoticias.com\/index.php\/2023\/11\/18\/supervisan-amlo-y-mara-lezama-avances-en-el-aeropuerto-felipe-carrillo-puerto-y-el-tren-maya\/\",\"name\":\"Supervisan AMLO y Mara Lezama avances en el aeropuerto \u201cFelipe Carrillo Puerto\u201d y el Tren Maya\",\"isPartOf\":{\"@id\":\"https:\/\/angelsolisnoticias.com\/#website\"},\"datePublished\":\"2023-11-18T17:10:53+00:00\",\"dateModified\":\"2023-11-19T01:48:06+00:00\",\"description\":\".\",\"breadcrumb\":{\"@id\":\"https:\/\/angelsolisnoticias.com\/index.php\/2023\/11\/18\/supervisan-amlo-y-mara-lezama-avances-en-el-aeropuerto-felipe-carrillo-puerto-y-el-tren-maya\/#breadcrumb\"},\"inLanguage\":\"es\",\"potentialAction\":[{\"@type\":\"ReadAction\",\"target\":[\"https:\/\/angelsolisnoticias.com\/index.php\/2023\/11\/18\/supervisan-amlo-y-mara-lezama-avances-en-el-aeropuerto-felipe-carrillo-puerto-y-el-tren-maya\/\"]}]},{\"@type\":\"BreadcrumbList\",\"@id\":\"https:\/\/angelsolisnoticias.com\/index.php\/2023\/11\/18\/supervisan-amlo-y-mara-lezama-avances-en-el-aeropuerto-felipe-carrillo-puerto-y-el-tren-maya\/#breadcrumb\",\"itemListElement\":[{\"@type\":\"ListItem\",\"position\":1,\"name\":\"Inicio\",\"item\":\"https:\/\/angelsolisnoticias.com\/\"},{\"@type\":\"ListItem\",\"position\":2,\"name\":\"Supervisan AMLO y Mara Lezama avances en el aeropuerto \u201cFelipe Carrillo Puerto\u201d y el Tren Maya\"}]},{\"@type\":\"WebSite\",\"@id\":\"https:\/\/angelsolisnoticias.com\/#website\",\"url\":\"https:\/\/angelsolisnoticias.com\/\",\"name\":\"\u00c1ngel Solis\",\"description\":\"Noticias de Quintana Roo\",\"publisher\":{\"@id\":\"https:\/\/angelsolisnoticias.com\/#organization\"},\"potentialAction\":[{\"@type\":\"SearchAction\",\"target\":{\"@type\":\"EntryPoint\",\"urlTemplate\":\"https:\/\/angelsolisnoticias.com\/?s={search_term_string}\"},\"query-input\":\"required name=search_term_string\"}],\"inLanguage\":\"es\"},{\"@type\":\"Organization\",\"@id\":\"https:\/\/angelsolisnoticias.com\/#organization\",\"name\":\"\u00c1ngel Solis\",\"url\":\"https:\/\/angelsolisnoticias.com\/\",\"logo\":{\"@type\":\"ImageObject\",\"inLanguage\":\"es\",\"@id\":\"https:\/\/angelsolisnoticias.com\/#\/schema\/logo\/image\/\",\"url\":\"https:\/\/angelsolisnoticias.com\/wp-content\/uploads\/2023\/01\/LOGO3.png\",\"contentUrl\":\"https:\/\/angelsolisnoticias.com\/wp-content\/uploads\/2023\/01\/LOGO3.png\",\"width\":1853,\"height\":570,\"caption\":\"\u00c1ngel Solis\"},\"image\":{\"@id\":\"https:\/\/angelsolisnoticias.com\/#\/schema\/logo\/image\/\"},\"sameAs\":[\"https:\/\/www.facebook.com\/periodistasquintanaroo\",\"https:\/\/twitter.com\/PERIODISTASQROO\"]},{\"@type\":\"Person\",\"@id\":\"https:\/\/angelsolisnoticias.com\/#\/schema\/person\/d5ca5e4c5f05db44e86cb564bf81ae6f\",\"name\":\"admin\",\"image\":{\"@type\":\"ImageObject\",\"inLanguage\":\"es\",\"@id\":\"https:\/\/angelsolisnoticias.com\/#\/schema\/person\/image\/\",\"url\":\"https:\/\/secure.gravatar.com\/avatar\/dff3eaf7d33320066684ce268bff2bf90ce4f69456139b2d65d7796f64299e47?s=96&d=mm&r=g\",\"contentUrl\":\"https:\/\/secure.gravatar.com\/avatar\/dff3eaf7d33320066684ce268bff2bf90ce4f69456139b2d65d7796f64299e47?s=96&d=mm&r=g\",\"caption\":\"admin\"},\"sameAs\":[\"https:\/\/angelsolisnoticias.com\"],\"url\":\"https:\/\/angelsolisnoticias.com\/index.php\/author\/admin_qnbaat5l\/\"}]}<\/script>\n<!-- \/ Yoast SEO plugin. -->","yoast_head_json":{"title":"Supervisan AMLO y Mara Lezama avances en el aeropuerto \u201cFelipe Carrillo Puerto\u201d y el Tren Maya","description":".","robots":{"index":"index","follow":"follow","max-snippet":"max-snippet:-1","max-image-preview":"max-image-preview:large","max-video-preview":"max-video-preview:-1"},"canonical":"https:\/\/angelsolisnoticias.com\/index.php\/2023\/11\/18\/supervisan-amlo-y-mara-lezama-avances-en-el-aeropuerto-felipe-carrillo-puerto-y-el-tren-maya\/","og_locale":"es_MX","og_type":"article","og_title":"Supervisan AMLO y Mara Lezama avances en el aeropuerto \u201cFelipe Carrillo Puerto\u201d y el Tren Maya","og_description":".","og_url":"https:\/\/angelsolisnoticias.com\/index.php\/2023\/11\/18\/supervisan-amlo-y-mara-lezama-avances-en-el-aeropuerto-felipe-carrillo-puerto-y-el-tren-maya\/","og_site_name":"\u00c1ngel Solis","article_publisher":"https:\/\/www.facebook.com\/periodistasquintanaroo","article_published_time":"2023-11-18T17:10:53+00:00","article_modified_time":"2023-11-19T01:48:06+00:00","og_image":[{"width":800,"height":569,"url":"https:\/\/angelsolisnoticias.com\/wp-content\/uploads\/2023\/11\/Mara-Amlo-Aeropuerto3.jpg","type":"image\/jpeg"}],"author":"admin","twitter_card":"summary_large_image","twitter_creator":"@PERIODISTASQROO","twitter_site":"@PERIODISTASQROO","twitter_misc":{"Escrito por":"admin","Tiempo de lectura":"2 minutos"},"schema":{"@context":"https:\/\/schema.org","@graph":[{"@type":"Article","@id":"https:\/\/angelsolisnoticias.com\/index.php\/2023\/11\/18\/supervisan-amlo-y-mara-lezama-avances-en-el-aeropuerto-felipe-carrillo-puerto-y-el-tren-maya\/#article","isPartOf":{"@id":"https:\/\/angelsolisnoticias.com\/index.php\/2023\/11\/18\/supervisan-amlo-y-mara-lezama-avances-en-el-aeropuerto-felipe-carrillo-puerto-y-el-tren-maya\/"},"author":{"name":"admin","@id":"https:\/\/angelsolisnoticias.com\/#\/schema\/person\/d5ca5e4c5f05db44e86cb564bf81ae6f"},"headline":"Supervisan AMLO y Mara Lezama avances en el aeropuerto \u201cFelipe Carrillo Puerto\u201d y el Tren Maya","datePublished":"2023-11-18T17:10:53+00:00","dateModified":"2023-11-19T01:48:06+00:00","mainEntityOfPage":{"@id":"https:\/\/angelsolisnoticias.com\/index.php\/2023\/11\/18\/supervisan-amlo-y-mara-lezama-avances-en-el-aeropuerto-felipe-carrillo-puerto-y-el-tren-maya\/"},"wordCount":265,"commentCount":0,"publisher":{"@id":"https:\/\/angelsolisnoticias.com\/#organization"},"articleSection":["Uncategorized"],"inLanguage":"es","potentialAction":[{"@type":"CommentAction","name":"Comment","target":["https:\/\/angelsolisnoticias.com\/index.php\/2023\/11\/18\/supervisan-amlo-y-mara-lezama-avances-en-el-aeropuerto-felipe-carrillo-puerto-y-el-tren-maya\/#respond"]}]},{"@type":"WebPage","@id":"https:\/\/angelsolisnoticias.com\/index.php\/2023\/11\/18\/supervisan-amlo-y-mara-lezama-avances-en-el-aeropuerto-felipe-carrillo-puerto-y-el-tren-maya\/","url":"https:\/\/angelsolisnoticias.com\/index.php\/2023\/11\/18\/supervisan-amlo-y-mara-lezama-avances-en-el-aeropuerto-felipe-carrillo-puerto-y-el-tren-maya\/","name":"Supervisan AMLO y Mara Lezama avances en el aeropuerto \u201cFelipe Carrillo Puerto\u201d y el Tren Maya","isPartOf":{"@id":"https:\/\/angelsolisnoticias.com\/#website"},"datePublished":"2023-11-18T17:10:53+00:00","dateModified":"2023-11-19T01:48:06+00:00","description":".","breadcrumb":{"@id":"https:\/\/angelsolisnoticias.com\/index.php\/2023\/11\/18\/supervisan-amlo-y-mara-lezama-avances-en-el-aeropuerto-felipe-carrillo-puerto-y-el-tren-maya\/#breadcrumb"},"inLanguage":"es","potentialAction":[{"@type":"ReadAction","target":["https:\/\/angelsolisnoticias.com\/index.php\/2023\/11\/18\/supervisan-amlo-y-mara-lezama-avances-en-el-aeropuerto-felipe-carrillo-puerto-y-el-tren-maya\/"]}]},{"@type":"BreadcrumbList","@id":"https:\/\/angelsolisnoticias.com\/index.php\/2023\/11\/18\/supervisan-amlo-y-mara-lezama-avances-en-el-aeropuerto-felipe-carrillo-puerto-y-el-tren-maya\/#breadcrumb","itemListElement":[{"@type":"ListItem","position":1,"name":"Inicio","item":"https:\/\/angelsolisnoticias.com\/"},{"@type":"ListItem","position":2,"name":"Supervisan AMLO y Mara Lezama avances en el aeropuerto \u201cFelipe Carrillo Puerto\u201d y el Tren Maya"}]},{"@type":"WebSite","@id":"https:\/\/angelsolisnoticias.com\/#website","url":"https:\/\/angelsolisnoticias.com\/","name":"\u00c1ngel Solis","description":"Noticias de Quintana Roo","publisher":{"@id":"https:\/\/angelsolisnoticias.com\/#organization"},"potentialAction":[{"@type":"SearchAction","target":{"@type":"EntryPoint","urlTemplate":"https:\/\/angelsolisnoticias.com\/?s={search_term_string}"},"query-input":"required name=search_term_string"}],"inLanguage":"es"},{"@type":"Organization","@id":"https:\/\/angelsolisnoticias.com\/#organization","name":"\u00c1ngel Solis","url":"https:\/\/angelsolisnoticias.com\/","logo":{"@type":"ImageObject","inLanguage":"es","@id":"https:\/\/angelsolisnoticias.com\/#\/schema\/logo\/image\/","url":"https:\/\/angelsolisnoticias.com\/wp-content\/uploads\/2023\/01\/LOGO3.png","contentUrl":"https:\/\/angelsolisnoticias.com\/wp-content\/uploads\/2023\/01\/LOGO3.png","width":1853,"height":570,"caption":"\u00c1ngel Solis"},"image":{"@id":"https:\/\/angelsolisnoticias.com\/#\/schema\/logo\/image\/"},"sameAs":["https:\/\/www.facebook.com\/periodistasquintanaroo","https:\/\/twitter.com\/PERIODISTASQROO"]},{"@type":"Person","@id":"https:\/\/angelsolisnoticias.com\/#\/schema\/person\/d5ca5e4c5f05db44e86cb564bf81ae6f","name":"admin","image":{"@type":"ImageObject","inLanguage":"es","@id":"https:\/\/angelsolisnoticias.com\/#\/schema\/person\/image\/","url":"https:\/\/secure.gravatar.com\/avatar\/dff3eaf7d33320066684ce268bff2bf90ce4f69456139b2d65d7796f64299e47?s=96&d=mm&r=g","contentUrl":"https:\/\/secure.gravatar.com\/avatar\/dff3eaf7d33320066684ce268bff2bf90ce4f69456139b2d65d7796f64299e47?s=96&d=mm&r=g","caption":"admin"},"sameAs":["https:\/\/angelsolisnoticias.com"],"url":"https:\/\/angelsolisnoticias.com\/index.php\/author\/admin_qnbaat5l\/"}]}},"jetpack_featured_media_url":"https:\/\/angelsolisnoticias.com\/wp-content\/uploads\/2023\/11\/Mara-Amlo-Aeropuerto3.jpg","_links":{"self":[{"href":"https:\/\/angelsolisnoticias.com\/index.php\/wp-json\/wp\/v2\/posts\/3940","targetHints":{"allow":["GET"]}}],"collection":[{"href":"https:\/\/angelsolisnoticias.com\/index.php\/wp-json\/wp\/v2\/posts"}],"about":[{"href":"https:\/\/angelsolisnoticias.com\/index.php\/wp-json\/wp\/v2\/types\/post"}],"author":[{"embeddable":true,"href":"https:\/\/angelsolisnoticias.com\/index.php\/wp-json\/wp\/v2\/users\/1"}],"replies":[{"embeddable":true,"href":"https:\/\/angelsolisnoticias.com\/index.php\/wp-json\/wp\/v2\/comments?post=3940"}],"version-history":[{"count":4,"href":"https:\/\/angelsolisnoticias.com\/index.php\/wp-json\/wp\/v2\/posts\/3940\/revisions"}],"predecessor-version":[{"id":3946,"href":"https:\/\/angelsolisnoticias.com\/index.php\/wp-json\/wp\/v2\/posts\/3940\/revisions\/3946"}],"wp:featuredmedia":[{"embeddable":true,"href":"https:\/\/angelsolisnoticias.com\/index.php\/wp-json\/wp\/v2\/media\/3943"}],"wp:attachment":[{"href":"https:\/\/angelsolisnoticias.com\/index.php\/wp-json\/wp\/v2\/media?parent=3940"}],"wp:term":[{"taxonomy":"category","embeddable":true,"href":"https:\/\/angelsolisnoticias.com\/index.php\/wp-json\/wp\/v2\/categories?post=3940"},{"taxonomy":"post_tag","embeddable":true,"href":"https:\/\/angelsolisnoticias.com\/index.php\/wp-json\/wp\/v2\/tags?post=3940"}],"curies":[{"name":"wp","href":"https:\/\/api.w.org\/{rel}","templated":true}]}}