{"id":3973,"date":"2023-11-20T14:15:57","date_gmt":"2023-11-20T14:15:57","guid":{"rendered":"https:\/\/angelsolisnoticias.com\/?p=3973"},"modified":"2023-11-21T03:21:24","modified_gmt":"2023-11-21T03:21:24","slug":"mas-de-5-mil-personas-conmemoran-el-113-aniversario-de-la-revolucion-mexicana-en-felipe-carrillo-puerto","status":"publish","type":"post","link":"https:\/\/angelsolisnoticias.com\/index.php\/2023\/11\/20\/mas-de-5-mil-personas-conmemoran-el-113-aniversario-de-la-revolucion-mexicana-en-felipe-carrillo-puerto\/","title":{"rendered":"M\u00e1s de 5 mil personas conmemoran el 113 aniversario de la Revoluci\u00f3n Mexicana en Felipe Carrillo Puerto"},"content":{"rendered":"<p>Felipe Carrillo Puerto, 20 de noviembre<br \/>\nRedacci\u00f3n<\/p>\n<p>M\u00e1s de 5 mil personas se congregaron en las calles de Felipe Carrillo Puerto para conmemorar este lunes el 113 Aniversario de la Revoluci\u00f3n Mexicana a lo largo de un derrotero que siguieron 37 contingentes integrados por estudiantes y trabajadores del sector p\u00fablico.<\/p>\n<p>Desde las 8 horas, la vanguardia inici\u00f3 su recorrido desde la avenida Santiago Pacheco Cruz hasta la glorieta de la avenida L\u00e1zaro C\u00e1rdenas. El contingente sigui\u00f3 su paso por la calle 66 hasta el palacio municipal donde la Presidenta Municipal Mary Hern\u00e1ndez, acompa\u00f1ada por funcionarios municipales, pasaba revista a los participantes.<\/p>\n<p><img loading=\"lazy\" decoding=\"async\" class=\"aligncenter wp-image-3976 \" src=\"https:\/\/angelsolisnoticias.com\/wp-content\/uploads\/2023\/11\/Carrillo-Desfile7.jpg\" alt=\"\" width=\"602\" height=\"402\" srcset=\"https:\/\/angelsolisnoticias.com\/wp-content\/uploads\/2023\/11\/Carrillo-Desfile7.jpg 720w, https:\/\/angelsolisnoticias.com\/wp-content\/uploads\/2023\/11\/Carrillo-Desfile7-300x200.jpg 300w\" sizes=\"auto, (max-width: 602px) 100vw, 602px\" \/><\/p>\n<p>El entusiasmo de las familias y turistas congregados a lo largo del recorrido fue evidente, aplaudiendo y animando a los participantes que, ataviados con trajes vistosos y caracterizados como emblem\u00e1ticos personajes de la Revoluci\u00f3n, desarrollaron tablas gimn\u00e1sticas y expresiones danc\u00edsticas que emocionaron a chicos y grandes.<\/p>\n<p><img loading=\"lazy\" decoding=\"async\" class=\"aligncenter wp-image-3977 \" src=\"https:\/\/angelsolisnoticias.com\/wp-content\/uploads\/2023\/11\/Carrillo-Desfile6.jpg\" alt=\"\" width=\"623\" height=\"416\" srcset=\"https:\/\/angelsolisnoticias.com\/wp-content\/uploads\/2023\/11\/Carrillo-Desfile6.jpg 720w, https:\/\/angelsolisnoticias.com\/wp-content\/uploads\/2023\/11\/Carrillo-Desfile6-300x200.jpg 300w\" sizes=\"auto, (max-width: 623px) 100vw, 623px\" \/><\/p>\n<p>El cl\u00edmax del desfile estuvo marcado por la participaci\u00f3n de las nuevas unidades de la direcci\u00f3n de Seguridad P\u00fablica, Tr\u00e1nsito y Bomberos, as\u00ed como de instituciones como la Cruz Roja, la Comisi\u00f3n Nacional de Emergencia, la Guardia Nacional y el Club de la Asociaci\u00f3n de Charros de Felipe Carrillo Puerto, quienes cerraron el evento con un broche de oro, destacando el esp\u00edritu de unidad y servicio en la comunidad.<\/p>\n","protected":false},"excerpt":{"rendered":"<p>Felipe Carrillo Puerto, 20 de noviembre Redacci\u00f3n M\u00e1s de 5 mil personas se congregaron en las calles de Felipe Carrillo Puerto para conmemorar este lunes el 113 Aniversario de la Revoluci\u00f3n Mexicana a lo largo de un derrotero que siguieron 37 contingentes integrados por estudiantes y trabajadores del sector p\u00fablico. <a href=\"https:\/\/angelsolisnoticias.com\/index.php\/2023\/11\/20\/mas-de-5-mil-personas-conmemoran-el-113-aniversario-de-la-revolucion-mexicana-en-felipe-carrillo-puerto\/\" class=\"btn btn-link continue-link\">Seguir leyendo<\/a><\/p>\n","protected":false},"author":1,"featured_media":3978,"comment_status":"open","ping_status":"open","sticky":false,"template":"","format":"standard","meta":{"footnotes":""},"categories":[1],"tags":[],"class_list":["post-3973","post","type-post","status-publish","format-standard","has-post-thumbnail","hentry","category-uncategorized"],"yoast_head":"<!-- This site is optimized with the Yoast SEO plugin v21.1 - https:\/\/yoast.com\/wordpress\/plugins\/seo\/ -->\n<title>M\u00e1s de 5 mil personas conmemoran el 113 aniversario de la Revoluci\u00f3n Mexicana en Felipe Carrillo Puerto<\/title>\n<meta name=\"description\" content=\".\" \/>\n<meta name=\"robots\" content=\"index, follow, max-snippet:-1, max-image-preview:large, max-video-preview:-1\" \/>\n<link rel=\"canonical\" href=\"https:\/\/angelsolisnoticias.com\/index.php\/2023\/11\/20\/mas-de-5-mil-personas-conmemoran-el-113-aniversario-de-la-revolucion-mexicana-en-felipe-carrillo-puerto\/\" \/>\n<meta property=\"og:locale\" content=\"es_MX\" \/>\n<meta property=\"og:type\" content=\"article\" \/>\n<meta property=\"og:title\" content=\"M\u00e1s de 5 mil personas conmemoran el 113 aniversario de la Revoluci\u00f3n Mexicana en Felipe Carrillo Puerto\" \/>\n<meta property=\"og:description\" content=\".\" \/>\n<meta property=\"og:url\" content=\"https:\/\/angelsolisnoticias.com\/index.php\/2023\/11\/20\/mas-de-5-mil-personas-conmemoran-el-113-aniversario-de-la-revolucion-mexicana-en-felipe-carrillo-puerto\/\" \/>\n<meta property=\"og:site_name\" content=\"\u00c1ngel Solis\" \/>\n<meta property=\"article:publisher\" content=\"https:\/\/www.facebook.com\/periodistasquintanaroo\" \/>\n<meta property=\"article:published_time\" content=\"2023-11-20T14:15:57+00:00\" \/>\n<meta property=\"article:modified_time\" content=\"2023-11-21T03:21:24+00:00\" \/>\n<meta property=\"og:image\" content=\"https:\/\/angelsolisnoticias.com\/wp-content\/uploads\/2023\/11\/Carrillo-Desfile5.jpg\" \/>\n\t<meta property=\"og:image:width\" content=\"800\" \/>\n\t<meta property=\"og:image:height\" content=\"569\" \/>\n\t<meta property=\"og:image:type\" content=\"image\/jpeg\" \/>\n<meta name=\"author\" content=\"admin\" \/>\n<meta name=\"twitter:card\" content=\"summary_large_image\" \/>\n<meta name=\"twitter:creator\" content=\"@PERIODISTASQROO\" \/>\n<meta name=\"twitter:site\" content=\"@PERIODISTASQROO\" \/>\n<meta name=\"twitter:label1\" content=\"Escrito por\" \/>\n\t<meta name=\"twitter:data1\" content=\"admin\" \/>\n\t<meta name=\"twitter:label2\" content=\"Tiempo de lectura\" \/>\n\t<meta name=\"twitter:data2\" content=\"2 minutos\" \/>\n<script type=\"application\/ld+json\" class=\"yoast-schema-graph\">{\"@context\":\"https:\/\/schema.org\",\"@graph\":[{\"@type\":\"Article\",\"@id\":\"https:\/\/angelsolisnoticias.com\/index.php\/2023\/11\/20\/mas-de-5-mil-personas-conmemoran-el-113-aniversario-de-la-revolucion-mexicana-en-felipe-carrillo-puerto\/#article\",\"isPartOf\":{\"@id\":\"https:\/\/angelsolisnoticias.com\/index.php\/2023\/11\/20\/mas-de-5-mil-personas-conmemoran-el-113-aniversario-de-la-revolucion-mexicana-en-felipe-carrillo-puerto\/\"},\"author\":{\"name\":\"admin\",\"@id\":\"https:\/\/angelsolisnoticias.com\/#\/schema\/person\/d5ca5e4c5f05db44e86cb564bf81ae6f\"},\"headline\":\"M\u00e1s de 5 mil personas conmemoran el 113 aniversario de la Revoluci\u00f3n Mexicana en Felipe Carrillo Puerto\",\"datePublished\":\"2023-11-20T14:15:57+00:00\",\"dateModified\":\"2023-11-21T03:21:24+00:00\",\"mainEntityOfPage\":{\"@id\":\"https:\/\/angelsolisnoticias.com\/index.php\/2023\/11\/20\/mas-de-5-mil-personas-conmemoran-el-113-aniversario-de-la-revolucion-mexicana-en-felipe-carrillo-puerto\/\"},\"wordCount\":247,\"commentCount\":0,\"publisher\":{\"@id\":\"https:\/\/angelsolisnoticias.com\/#organization\"},\"articleSection\":[\"Uncategorized\"],\"inLanguage\":\"es\",\"potentialAction\":[{\"@type\":\"CommentAction\",\"name\":\"Comment\",\"target\":[\"https:\/\/angelsolisnoticias.com\/index.php\/2023\/11\/20\/mas-de-5-mil-personas-conmemoran-el-113-aniversario-de-la-revolucion-mexicana-en-felipe-carrillo-puerto\/#respond\"]}]},{\"@type\":\"WebPage\",\"@id\":\"https:\/\/angelsolisnoticias.com\/index.php\/2023\/11\/20\/mas-de-5-mil-personas-conmemoran-el-113-aniversario-de-la-revolucion-mexicana-en-felipe-carrillo-puerto\/\",\"url\":\"https:\/\/angelsolisnoticias.com\/index.php\/2023\/11\/20\/mas-de-5-mil-personas-conmemoran-el-113-aniversario-de-la-revolucion-mexicana-en-felipe-carrillo-puerto\/\",\"name\":\"M\u00e1s de 5 mil personas conmemoran el 113 aniversario de la Revoluci\u00f3n Mexicana en Felipe Carrillo Puerto\",\"isPartOf\":{\"@id\":\"https:\/\/angelsolisnoticias.com\/#website\"},\"datePublished\":\"2023-11-20T14:15:57+00:00\",\"dateModified\":\"2023-11-21T03:21:24+00:00\",\"description\":\".\",\"breadcrumb\":{\"@id\":\"https:\/\/angelsolisnoticias.com\/index.php\/2023\/11\/20\/mas-de-5-mil-personas-conmemoran-el-113-aniversario-de-la-revolucion-mexicana-en-felipe-carrillo-puerto\/#breadcrumb\"},\"inLanguage\":\"es\",\"potentialAction\":[{\"@type\":\"ReadAction\",\"target\":[\"https:\/\/angelsolisnoticias.com\/index.php\/2023\/11\/20\/mas-de-5-mil-personas-conmemoran-el-113-aniversario-de-la-revolucion-mexicana-en-felipe-carrillo-puerto\/\"]}]},{\"@type\":\"BreadcrumbList\",\"@id\":\"https:\/\/angelsolisnoticias.com\/index.php\/2023\/11\/20\/mas-de-5-mil-personas-conmemoran-el-113-aniversario-de-la-revolucion-mexicana-en-felipe-carrillo-puerto\/#breadcrumb\",\"itemListElement\":[{\"@type\":\"ListItem\",\"position\":1,\"name\":\"Inicio\",\"item\":\"https:\/\/angelsolisnoticias.com\/\"},{\"@type\":\"ListItem\",\"position\":2,\"name\":\"M\u00e1s de 5 mil personas conmemoran el 113 aniversario de la Revoluci\u00f3n Mexicana en Felipe Carrillo Puerto\"}]},{\"@type\":\"WebSite\",\"@id\":\"https:\/\/angelsolisnoticias.com\/#website\",\"url\":\"https:\/\/angelsolisnoticias.com\/\",\"name\":\"\u00c1ngel Solis\",\"description\":\"Noticias de Quintana Roo\",\"publisher\":{\"@id\":\"https:\/\/angelsolisnoticias.com\/#organization\"},\"potentialAction\":[{\"@type\":\"SearchAction\",\"target\":{\"@type\":\"EntryPoint\",\"urlTemplate\":\"https:\/\/angelsolisnoticias.com\/?s={search_term_string}\"},\"query-input\":\"required name=search_term_string\"}],\"inLanguage\":\"es\"},{\"@type\":\"Organization\",\"@id\":\"https:\/\/angelsolisnoticias.com\/#organization\",\"name\":\"\u00c1ngel Solis\",\"url\":\"https:\/\/angelsolisnoticias.com\/\",\"logo\":{\"@type\":\"ImageObject\",\"inLanguage\":\"es\",\"@id\":\"https:\/\/angelsolisnoticias.com\/#\/schema\/logo\/image\/\",\"url\":\"https:\/\/angelsolisnoticias.com\/wp-content\/uploads\/2023\/01\/LOGO3.png\",\"contentUrl\":\"https:\/\/angelsolisnoticias.com\/wp-content\/uploads\/2023\/01\/LOGO3.png\",\"width\":1853,\"height\":570,\"caption\":\"\u00c1ngel Solis\"},\"image\":{\"@id\":\"https:\/\/angelsolisnoticias.com\/#\/schema\/logo\/image\/\"},\"sameAs\":[\"https:\/\/www.facebook.com\/periodistasquintanaroo\",\"https:\/\/twitter.com\/PERIODISTASQROO\"]},{\"@type\":\"Person\",\"@id\":\"https:\/\/angelsolisnoticias.com\/#\/schema\/person\/d5ca5e4c5f05db44e86cb564bf81ae6f\",\"name\":\"admin\",\"image\":{\"@type\":\"ImageObject\",\"inLanguage\":\"es\",\"@id\":\"https:\/\/angelsolisnoticias.com\/#\/schema\/person\/image\/\",\"url\":\"https:\/\/secure.gravatar.com\/avatar\/dff3eaf7d33320066684ce268bff2bf90ce4f69456139b2d65d7796f64299e47?s=96&d=mm&r=g\",\"contentUrl\":\"https:\/\/secure.gravatar.com\/avatar\/dff3eaf7d33320066684ce268bff2bf90ce4f69456139b2d65d7796f64299e47?s=96&d=mm&r=g\",\"caption\":\"admin\"},\"sameAs\":[\"https:\/\/angelsolisnoticias.com\"],\"url\":\"https:\/\/angelsolisnoticias.com\/index.php\/author\/admin_qnbaat5l\/\"}]}<\/script>\n<!-- \/ Yoast SEO plugin. -->","yoast_head_json":{"title":"M\u00e1s de 5 mil personas conmemoran el 113 aniversario de la Revoluci\u00f3n Mexicana en Felipe Carrillo Puerto","description":".","robots":{"index":"index","follow":"follow","max-snippet":"max-snippet:-1","max-image-preview":"max-image-preview:large","max-video-preview":"max-video-preview:-1"},"canonical":"https:\/\/angelsolisnoticias.com\/index.php\/2023\/11\/20\/mas-de-5-mil-personas-conmemoran-el-113-aniversario-de-la-revolucion-mexicana-en-felipe-carrillo-puerto\/","og_locale":"es_MX","og_type":"article","og_title":"M\u00e1s de 5 mil personas conmemoran el 113 aniversario de la Revoluci\u00f3n Mexicana en Felipe Carrillo Puerto","og_description":".","og_url":"https:\/\/angelsolisnoticias.com\/index.php\/2023\/11\/20\/mas-de-5-mil-personas-conmemoran-el-113-aniversario-de-la-revolucion-mexicana-en-felipe-carrillo-puerto\/","og_site_name":"\u00c1ngel Solis","article_publisher":"https:\/\/www.facebook.com\/periodistasquintanaroo","article_published_time":"2023-11-20T14:15:57+00:00","article_modified_time":"2023-11-21T03:21:24+00:00","og_image":[{"width":800,"height":569,"url":"https:\/\/angelsolisnoticias.com\/wp-content\/uploads\/2023\/11\/Carrillo-Desfile5.jpg","type":"image\/jpeg"}],"author":"admin","twitter_card":"summary_large_image","twitter_creator":"@PERIODISTASQROO","twitter_site":"@PERIODISTASQROO","twitter_misc":{"Escrito por":"admin","Tiempo de lectura":"2 minutos"},"schema":{"@context":"https:\/\/schema.org","@graph":[{"@type":"Article","@id":"https:\/\/angelsolisnoticias.com\/index.php\/2023\/11\/20\/mas-de-5-mil-personas-conmemoran-el-113-aniversario-de-la-revolucion-mexicana-en-felipe-carrillo-puerto\/#article","isPartOf":{"@id":"https:\/\/angelsolisnoticias.com\/index.php\/2023\/11\/20\/mas-de-5-mil-personas-conmemoran-el-113-aniversario-de-la-revolucion-mexicana-en-felipe-carrillo-puerto\/"},"author":{"name":"admin","@id":"https:\/\/angelsolisnoticias.com\/#\/schema\/person\/d5ca5e4c5f05db44e86cb564bf81ae6f"},"headline":"M\u00e1s de 5 mil personas conmemoran el 113 aniversario de la Revoluci\u00f3n Mexicana en Felipe Carrillo Puerto","datePublished":"2023-11-20T14:15:57+00:00","dateModified":"2023-11-21T03:21:24+00:00","mainEntityOfPage":{"@id":"https:\/\/angelsolisnoticias.com\/index.php\/2023\/11\/20\/mas-de-5-mil-personas-conmemoran-el-113-aniversario-de-la-revolucion-mexicana-en-felipe-carrillo-puerto\/"},"wordCount":247,"commentCount":0,"publisher":{"@id":"https:\/\/angelsolisnoticias.com\/#organization"},"articleSection":["Uncategorized"],"inLanguage":"es","potentialAction":[{"@type":"CommentAction","name":"Comment","target":["https:\/\/angelsolisnoticias.com\/index.php\/2023\/11\/20\/mas-de-5-mil-personas-conmemoran-el-113-aniversario-de-la-revolucion-mexicana-en-felipe-carrillo-puerto\/#respond"]}]},{"@type":"WebPage","@id":"https:\/\/angelsolisnoticias.com\/index.php\/2023\/11\/20\/mas-de-5-mil-personas-conmemoran-el-113-aniversario-de-la-revolucion-mexicana-en-felipe-carrillo-puerto\/","url":"https:\/\/angelsolisnoticias.com\/index.php\/2023\/11\/20\/mas-de-5-mil-personas-conmemoran-el-113-aniversario-de-la-revolucion-mexicana-en-felipe-carrillo-puerto\/","name":"M\u00e1s de 5 mil personas conmemoran el 113 aniversario de la Revoluci\u00f3n Mexicana en Felipe Carrillo Puerto","isPartOf":{"@id":"https:\/\/angelsolisnoticias.com\/#website"},"datePublished":"2023-11-20T14:15:57+00:00","dateModified":"2023-11-21T03:21:24+00:00","description":".","breadcrumb":{"@id":"https:\/\/angelsolisnoticias.com\/index.php\/2023\/11\/20\/mas-de-5-mil-personas-conmemoran-el-113-aniversario-de-la-revolucion-mexicana-en-felipe-carrillo-puerto\/#breadcrumb"},"inLanguage":"es","potentialAction":[{"@type":"ReadAction","target":["https:\/\/angelsolisnoticias.com\/index.php\/2023\/11\/20\/mas-de-5-mil-personas-conmemoran-el-113-aniversario-de-la-revolucion-mexicana-en-felipe-carrillo-puerto\/"]}]},{"@type":"BreadcrumbList","@id":"https:\/\/angelsolisnoticias.com\/index.php\/2023\/11\/20\/mas-de-5-mil-personas-conmemoran-el-113-aniversario-de-la-revolucion-mexicana-en-felipe-carrillo-puerto\/#breadcrumb","itemListElement":[{"@type":"ListItem","position":1,"name":"Inicio","item":"https:\/\/angelsolisnoticias.com\/"},{"@type":"ListItem","position":2,"name":"M\u00e1s de 5 mil personas conmemoran el 113 aniversario de la Revoluci\u00f3n Mexicana en Felipe Carrillo Puerto"}]},{"@type":"WebSite","@id":"https:\/\/angelsolisnoticias.com\/#website","url":"https:\/\/angelsolisnoticias.com\/","name":"\u00c1ngel Solis","description":"Noticias de Quintana Roo","publisher":{"@id":"https:\/\/angelsolisnoticias.com\/#organization"},"potentialAction":[{"@type":"SearchAction","target":{"@type":"EntryPoint","urlTemplate":"https:\/\/angelsolisnoticias.com\/?s={search_term_string}"},"query-input":"required name=search_term_string"}],"inLanguage":"es"},{"@type":"Organization","@id":"https:\/\/angelsolisnoticias.com\/#organization","name":"\u00c1ngel Solis","url":"https:\/\/angelsolisnoticias.com\/","logo":{"@type":"ImageObject","inLanguage":"es","@id":"https:\/\/angelsolisnoticias.com\/#\/schema\/logo\/image\/","url":"https:\/\/angelsolisnoticias.com\/wp-content\/uploads\/2023\/01\/LOGO3.png","contentUrl":"https:\/\/angelsolisnoticias.com\/wp-content\/uploads\/2023\/01\/LOGO3.png","width":1853,"height":570,"caption":"\u00c1ngel Solis"},"image":{"@id":"https:\/\/angelsolisnoticias.com\/#\/schema\/logo\/image\/"},"sameAs":["https:\/\/www.facebook.com\/periodistasquintanaroo","https:\/\/twitter.com\/PERIODISTASQROO"]},{"@type":"Person","@id":"https:\/\/angelsolisnoticias.com\/#\/schema\/person\/d5ca5e4c5f05db44e86cb564bf81ae6f","name":"admin","image":{"@type":"ImageObject","inLanguage":"es","@id":"https:\/\/angelsolisnoticias.com\/#\/schema\/person\/image\/","url":"https:\/\/secure.gravatar.com\/avatar\/dff3eaf7d33320066684ce268bff2bf90ce4f69456139b2d65d7796f64299e47?s=96&d=mm&r=g","contentUrl":"https:\/\/secure.gravatar.com\/avatar\/dff3eaf7d33320066684ce268bff2bf90ce4f69456139b2d65d7796f64299e47?s=96&d=mm&r=g","caption":"admin"},"sameAs":["https:\/\/angelsolisnoticias.com"],"url":"https:\/\/angelsolisnoticias.com\/index.php\/author\/admin_qnbaat5l\/"}]}},"jetpack_featured_media_url":"https:\/\/angelsolisnoticias.com\/wp-content\/uploads\/2023\/11\/Carrillo-Desfile5.jpg","_links":{"self":[{"href":"https:\/\/angelsolisnoticias.com\/index.php\/wp-json\/wp\/v2\/posts\/3973","targetHints":{"allow":["GET"]}}],"collection":[{"href":"https:\/\/angelsolisnoticias.com\/index.php\/wp-json\/wp\/v2\/posts"}],"about":[{"href":"https:\/\/angelsolisnoticias.com\/index.php\/wp-json\/wp\/v2\/types\/post"}],"author":[{"embeddable":true,"href":"https:\/\/angelsolisnoticias.com\/index.php\/wp-json\/wp\/v2\/users\/1"}],"replies":[{"embeddable":true,"href":"https:\/\/angelsolisnoticias.com\/index.php\/wp-json\/wp\/v2\/comments?post=3973"}],"version-history":[{"count":3,"href":"https:\/\/angelsolisnoticias.com\/index.php\/wp-json\/wp\/v2\/posts\/3973\/revisions"}],"predecessor-version":[{"id":3980,"href":"https:\/\/angelsolisnoticias.com\/index.php\/wp-json\/wp\/v2\/posts\/3973\/revisions\/3980"}],"wp:featuredmedia":[{"embeddable":true,"href":"https:\/\/angelsolisnoticias.com\/index.php\/wp-json\/wp\/v2\/media\/3978"}],"wp:attachment":[{"href":"https:\/\/angelsolisnoticias.com\/index.php\/wp-json\/wp\/v2\/media?parent=3973"}],"wp:term":[{"taxonomy":"category","embeddable":true,"href":"https:\/\/angelsolisnoticias.com\/index.php\/wp-json\/wp\/v2\/categories?post=3973"},{"taxonomy":"post_tag","embeddable":true,"href":"https:\/\/angelsolisnoticias.com\/index.php\/wp-json\/wp\/v2\/tags?post=3973"}],"curies":[{"name":"wp","href":"https:\/\/api.w.org\/{rel}","templated":true}]}}