{"id":4106,"date":"2023-11-24T12:47:30","date_gmt":"2023-11-24T12:47:30","guid":{"rendered":"https:\/\/angelsolisnoticias.com\/?p=4106"},"modified":"2023-11-24T22:53:04","modified_gmt":"2023-11-24T22:53:04","slug":"mary-hernandez-encabeza-ceremonia-civica-por-aniversario-de-la-creacion-del-territorio-de-quintana-roo","status":"publish","type":"post","link":"https:\/\/angelsolisnoticias.com\/index.php\/2023\/11\/24\/mary-hernandez-encabeza-ceremonia-civica-por-aniversario-de-la-creacion-del-territorio-de-quintana-roo\/","title":{"rendered":"Mary Hern\u00e1ndez encabeza ceremonia c\u00edvica por aniversario de la creaci\u00f3n del territorio de Quintana Roo"},"content":{"rendered":"<p>FCP, 24 de noviembre de 2023<br \/>\nRedacci\u00f3n<\/p>\n<p>Con homenaje c\u00edvico, el Ayuntamiento de Felipe Carrillo Puerto, conmemor\u00f3 el 121 aniversario de la creaci\u00f3n del territorio de Quintana Roo, evento encabezado por la presidenta municipal Mary Hern\u00e1ndez , mismo que se llev\u00f3 a cabo en las instalaciones del teatro de la ciudad.<\/p>\n<p>Los honores a la bandera nacional, entonaci\u00f3n de los himnos a Quintana Roo, estuvo a cargo de la banda de guerra de la direcci\u00f3n de Seguridad P\u00fablica, Tr\u00e1nsito y Bomberos; acto seguido se dio lectura a una remembranza hist\u00f3rica de los hechos.<\/p>\n<p><img loading=\"lazy\" decoding=\"async\" class=\"aligncenter wp-image-4110 \" src=\"https:\/\/angelsolisnoticias.com\/wp-content\/uploads\/2023\/11\/Carrillo-Aniversario02.jpg\" alt=\"\" width=\"589\" height=\"395\" \/><\/p>\n<p>El discurso oficial fue pronunciado por el subdirector de educaci\u00f3n, Tom\u00e1s Poot Uc\u00e1n, quien hizo un recuento de los principales acontecimientos hist\u00f3ricos que dieron origen a la creaci\u00f3n de Quintana Roo, destacando que, en 1902, Quintana Roo, se constituy\u00f3 en territorio, hecho que a Yucat\u00e1n le rest\u00f3 extensi\u00f3n territorial.<\/p>\n<p>Mencion\u00f3 que despu\u00e9s de sufrir dos desmembramientos, el 8 de octubre de 1974, Quintana Roo se constituy\u00f3 como Estado Libre y Soberano, por decreto del presidente Luis Echeverr\u00eda \u00c1lvarez, estatus que le permite ser gobernado exclusivamente por pol\u00edticos locales, a diferencia de antes, cuyos gobernadores eran enviados desde la capital del pa\u00eds.<\/p>\n<p><img loading=\"lazy\" decoding=\"async\" class=\"aligncenter wp-image-4109 \" src=\"https:\/\/angelsolisnoticias.com\/wp-content\/uploads\/2023\/11\/Carrillo-Aniversario03g.jpg\" alt=\"\" width=\"601\" height=\"377\" \/><\/p>\n<p>Actualmente Quintana Roo es un centro tur\u00edstico que ofrece m\u00faltiples atractivos entre los que cuentan sus blancas playas, la belleza del mar caribe y su regi\u00f3n arqueol\u00f3gica.<\/p>\n","protected":false},"excerpt":{"rendered":"<p>FCP, 24 de noviembre de 2023 Redacci\u00f3n Con homenaje c\u00edvico, el Ayuntamiento de Felipe Carrillo Puerto, conmemor\u00f3 el 121 aniversario de la creaci\u00f3n del territorio de Quintana Roo, evento encabezado por la presidenta municipal Mary Hern\u00e1ndez , mismo que se llev\u00f3 a cabo en las instalaciones del teatro de la <a href=\"https:\/\/angelsolisnoticias.com\/index.php\/2023\/11\/24\/mary-hernandez-encabeza-ceremonia-civica-por-aniversario-de-la-creacion-del-territorio-de-quintana-roo\/\" class=\"btn btn-link continue-link\">Seguir leyendo<\/a><\/p>\n","protected":false},"author":1,"featured_media":4108,"comment_status":"open","ping_status":"open","sticky":false,"template":"","format":"standard","meta":{"footnotes":""},"categories":[6,1],"tags":[],"class_list":["post-4106","post","type-post","status-publish","format-standard","has-post-thumbnail","hentry","category-solidaridad","category-uncategorized"],"yoast_head":"<!-- This site is optimized with the Yoast SEO plugin v21.1 - https:\/\/yoast.com\/wordpress\/plugins\/seo\/ -->\n<title>Mary Hern\u00e1ndez encabeza ceremonia c\u00edvica por aniversario de la creaci\u00f3n del territorio de Quintana Roo<\/title>\n<meta name=\"description\" content=\".\" \/>\n<meta name=\"robots\" content=\"index, follow, max-snippet:-1, max-image-preview:large, max-video-preview:-1\" \/>\n<link rel=\"canonical\" href=\"https:\/\/angelsolisnoticias.com\/index.php\/2023\/11\/24\/mary-hernandez-encabeza-ceremonia-civica-por-aniversario-de-la-creacion-del-territorio-de-quintana-roo\/\" \/>\n<meta property=\"og:locale\" content=\"es_MX\" \/>\n<meta property=\"og:type\" content=\"article\" \/>\n<meta property=\"og:title\" content=\"Mary Hern\u00e1ndez encabeza ceremonia c\u00edvica por aniversario de la creaci\u00f3n del territorio de Quintana Roo\" \/>\n<meta property=\"og:description\" content=\".\" \/>\n<meta property=\"og:url\" content=\"https:\/\/angelsolisnoticias.com\/index.php\/2023\/11\/24\/mary-hernandez-encabeza-ceremonia-civica-por-aniversario-de-la-creacion-del-territorio-de-quintana-roo\/\" \/>\n<meta property=\"og:site_name\" content=\"\u00c1ngel Solis\" \/>\n<meta property=\"article:publisher\" content=\"https:\/\/www.facebook.com\/periodistasquintanaroo\" \/>\n<meta property=\"article:published_time\" content=\"2023-11-24T12:47:30+00:00\" \/>\n<meta property=\"article:modified_time\" content=\"2023-11-24T22:53:04+00:00\" \/>\n<meta property=\"og:image\" content=\"https:\/\/angelsolisnoticias.com\/wp-content\/uploads\/2023\/11\/Carrillo-Aniversario01.jpg\" \/>\n\t<meta property=\"og:image:width\" content=\"800\" \/>\n\t<meta property=\"og:image:height\" content=\"569\" \/>\n\t<meta property=\"og:image:type\" content=\"image\/jpeg\" \/>\n<meta name=\"author\" content=\"admin\" \/>\n<meta name=\"twitter:card\" content=\"summary_large_image\" \/>\n<meta name=\"twitter:creator\" content=\"@PERIODISTASQROO\" \/>\n<meta name=\"twitter:site\" content=\"@PERIODISTASQROO\" \/>\n<meta name=\"twitter:label1\" content=\"Escrito por\" \/>\n\t<meta name=\"twitter:data1\" content=\"admin\" \/>\n\t<meta name=\"twitter:label2\" content=\"Tiempo de lectura\" \/>\n\t<meta name=\"twitter:data2\" content=\"2 minutos\" \/>\n<script type=\"application\/ld+json\" class=\"yoast-schema-graph\">{\"@context\":\"https:\/\/schema.org\",\"@graph\":[{\"@type\":\"Article\",\"@id\":\"https:\/\/angelsolisnoticias.com\/index.php\/2023\/11\/24\/mary-hernandez-encabeza-ceremonia-civica-por-aniversario-de-la-creacion-del-territorio-de-quintana-roo\/#article\",\"isPartOf\":{\"@id\":\"https:\/\/angelsolisnoticias.com\/index.php\/2023\/11\/24\/mary-hernandez-encabeza-ceremonia-civica-por-aniversario-de-la-creacion-del-territorio-de-quintana-roo\/\"},\"author\":{\"name\":\"admin\",\"@id\":\"https:\/\/angelsolisnoticias.com\/#\/schema\/person\/d5ca5e4c5f05db44e86cb564bf81ae6f\"},\"headline\":\"Mary Hern\u00e1ndez encabeza ceremonia c\u00edvica por aniversario de la creaci\u00f3n del territorio de Quintana Roo\",\"datePublished\":\"2023-11-24T12:47:30+00:00\",\"dateModified\":\"2023-11-24T22:53:04+00:00\",\"mainEntityOfPage\":{\"@id\":\"https:\/\/angelsolisnoticias.com\/index.php\/2023\/11\/24\/mary-hernandez-encabeza-ceremonia-civica-por-aniversario-de-la-creacion-del-territorio-de-quintana-roo\/\"},\"wordCount\":256,\"commentCount\":0,\"publisher\":{\"@id\":\"https:\/\/angelsolisnoticias.com\/#organization\"},\"articleSection\":[\"Solidaridad\",\"Uncategorized\"],\"inLanguage\":\"es\",\"potentialAction\":[{\"@type\":\"CommentAction\",\"name\":\"Comment\",\"target\":[\"https:\/\/angelsolisnoticias.com\/index.php\/2023\/11\/24\/mary-hernandez-encabeza-ceremonia-civica-por-aniversario-de-la-creacion-del-territorio-de-quintana-roo\/#respond\"]}]},{\"@type\":\"WebPage\",\"@id\":\"https:\/\/angelsolisnoticias.com\/index.php\/2023\/11\/24\/mary-hernandez-encabeza-ceremonia-civica-por-aniversario-de-la-creacion-del-territorio-de-quintana-roo\/\",\"url\":\"https:\/\/angelsolisnoticias.com\/index.php\/2023\/11\/24\/mary-hernandez-encabeza-ceremonia-civica-por-aniversario-de-la-creacion-del-territorio-de-quintana-roo\/\",\"name\":\"Mary Hern\u00e1ndez encabeza ceremonia c\u00edvica por aniversario de la creaci\u00f3n del territorio de Quintana Roo\",\"isPartOf\":{\"@id\":\"https:\/\/angelsolisnoticias.com\/#website\"},\"datePublished\":\"2023-11-24T12:47:30+00:00\",\"dateModified\":\"2023-11-24T22:53:04+00:00\",\"description\":\".\",\"breadcrumb\":{\"@id\":\"https:\/\/angelsolisnoticias.com\/index.php\/2023\/11\/24\/mary-hernandez-encabeza-ceremonia-civica-por-aniversario-de-la-creacion-del-territorio-de-quintana-roo\/#breadcrumb\"},\"inLanguage\":\"es\",\"potentialAction\":[{\"@type\":\"ReadAction\",\"target\":[\"https:\/\/angelsolisnoticias.com\/index.php\/2023\/11\/24\/mary-hernandez-encabeza-ceremonia-civica-por-aniversario-de-la-creacion-del-territorio-de-quintana-roo\/\"]}]},{\"@type\":\"BreadcrumbList\",\"@id\":\"https:\/\/angelsolisnoticias.com\/index.php\/2023\/11\/24\/mary-hernandez-encabeza-ceremonia-civica-por-aniversario-de-la-creacion-del-territorio-de-quintana-roo\/#breadcrumb\",\"itemListElement\":[{\"@type\":\"ListItem\",\"position\":1,\"name\":\"Inicio\",\"item\":\"https:\/\/angelsolisnoticias.com\/\"},{\"@type\":\"ListItem\",\"position\":2,\"name\":\"Mary Hern\u00e1ndez encabeza ceremonia c\u00edvica por aniversario de la creaci\u00f3n del territorio de Quintana Roo\"}]},{\"@type\":\"WebSite\",\"@id\":\"https:\/\/angelsolisnoticias.com\/#website\",\"url\":\"https:\/\/angelsolisnoticias.com\/\",\"name\":\"\u00c1ngel Solis\",\"description\":\"Noticias de Quintana Roo\",\"publisher\":{\"@id\":\"https:\/\/angelsolisnoticias.com\/#organization\"},\"potentialAction\":[{\"@type\":\"SearchAction\",\"target\":{\"@type\":\"EntryPoint\",\"urlTemplate\":\"https:\/\/angelsolisnoticias.com\/?s={search_term_string}\"},\"query-input\":\"required name=search_term_string\"}],\"inLanguage\":\"es\"},{\"@type\":\"Organization\",\"@id\":\"https:\/\/angelsolisnoticias.com\/#organization\",\"name\":\"\u00c1ngel Solis\",\"url\":\"https:\/\/angelsolisnoticias.com\/\",\"logo\":{\"@type\":\"ImageObject\",\"inLanguage\":\"es\",\"@id\":\"https:\/\/angelsolisnoticias.com\/#\/schema\/logo\/image\/\",\"url\":\"https:\/\/angelsolisnoticias.com\/wp-content\/uploads\/2023\/01\/LOGO3.png\",\"contentUrl\":\"https:\/\/angelsolisnoticias.com\/wp-content\/uploads\/2023\/01\/LOGO3.png\",\"width\":1853,\"height\":570,\"caption\":\"\u00c1ngel Solis\"},\"image\":{\"@id\":\"https:\/\/angelsolisnoticias.com\/#\/schema\/logo\/image\/\"},\"sameAs\":[\"https:\/\/www.facebook.com\/periodistasquintanaroo\",\"https:\/\/twitter.com\/PERIODISTASQROO\"]},{\"@type\":\"Person\",\"@id\":\"https:\/\/angelsolisnoticias.com\/#\/schema\/person\/d5ca5e4c5f05db44e86cb564bf81ae6f\",\"name\":\"admin\",\"image\":{\"@type\":\"ImageObject\",\"inLanguage\":\"es\",\"@id\":\"https:\/\/angelsolisnoticias.com\/#\/schema\/person\/image\/\",\"url\":\"https:\/\/secure.gravatar.com\/avatar\/dff3eaf7d33320066684ce268bff2bf90ce4f69456139b2d65d7796f64299e47?s=96&d=mm&r=g\",\"contentUrl\":\"https:\/\/secure.gravatar.com\/avatar\/dff3eaf7d33320066684ce268bff2bf90ce4f69456139b2d65d7796f64299e47?s=96&d=mm&r=g\",\"caption\":\"admin\"},\"sameAs\":[\"https:\/\/angelsolisnoticias.com\"],\"url\":\"https:\/\/angelsolisnoticias.com\/index.php\/author\/admin_qnbaat5l\/\"}]}<\/script>\n<!-- \/ Yoast SEO plugin. -->","yoast_head_json":{"title":"Mary Hern\u00e1ndez encabeza ceremonia c\u00edvica por aniversario de la creaci\u00f3n del territorio de Quintana Roo","description":".","robots":{"index":"index","follow":"follow","max-snippet":"max-snippet:-1","max-image-preview":"max-image-preview:large","max-video-preview":"max-video-preview:-1"},"canonical":"https:\/\/angelsolisnoticias.com\/index.php\/2023\/11\/24\/mary-hernandez-encabeza-ceremonia-civica-por-aniversario-de-la-creacion-del-territorio-de-quintana-roo\/","og_locale":"es_MX","og_type":"article","og_title":"Mary Hern\u00e1ndez encabeza ceremonia c\u00edvica por aniversario de la creaci\u00f3n del territorio de Quintana Roo","og_description":".","og_url":"https:\/\/angelsolisnoticias.com\/index.php\/2023\/11\/24\/mary-hernandez-encabeza-ceremonia-civica-por-aniversario-de-la-creacion-del-territorio-de-quintana-roo\/","og_site_name":"\u00c1ngel Solis","article_publisher":"https:\/\/www.facebook.com\/periodistasquintanaroo","article_published_time":"2023-11-24T12:47:30+00:00","article_modified_time":"2023-11-24T22:53:04+00:00","og_image":[{"width":800,"height":569,"url":"https:\/\/angelsolisnoticias.com\/wp-content\/uploads\/2023\/11\/Carrillo-Aniversario01.jpg","type":"image\/jpeg"}],"author":"admin","twitter_card":"summary_large_image","twitter_creator":"@PERIODISTASQROO","twitter_site":"@PERIODISTASQROO","twitter_misc":{"Escrito por":"admin","Tiempo de lectura":"2 minutos"},"schema":{"@context":"https:\/\/schema.org","@graph":[{"@type":"Article","@id":"https:\/\/angelsolisnoticias.com\/index.php\/2023\/11\/24\/mary-hernandez-encabeza-ceremonia-civica-por-aniversario-de-la-creacion-del-territorio-de-quintana-roo\/#article","isPartOf":{"@id":"https:\/\/angelsolisnoticias.com\/index.php\/2023\/11\/24\/mary-hernandez-encabeza-ceremonia-civica-por-aniversario-de-la-creacion-del-territorio-de-quintana-roo\/"},"author":{"name":"admin","@id":"https:\/\/angelsolisnoticias.com\/#\/schema\/person\/d5ca5e4c5f05db44e86cb564bf81ae6f"},"headline":"Mary Hern\u00e1ndez encabeza ceremonia c\u00edvica por aniversario de la creaci\u00f3n del territorio de Quintana Roo","datePublished":"2023-11-24T12:47:30+00:00","dateModified":"2023-11-24T22:53:04+00:00","mainEntityOfPage":{"@id":"https:\/\/angelsolisnoticias.com\/index.php\/2023\/11\/24\/mary-hernandez-encabeza-ceremonia-civica-por-aniversario-de-la-creacion-del-territorio-de-quintana-roo\/"},"wordCount":256,"commentCount":0,"publisher":{"@id":"https:\/\/angelsolisnoticias.com\/#organization"},"articleSection":["Solidaridad","Uncategorized"],"inLanguage":"es","potentialAction":[{"@type":"CommentAction","name":"Comment","target":["https:\/\/angelsolisnoticias.com\/index.php\/2023\/11\/24\/mary-hernandez-encabeza-ceremonia-civica-por-aniversario-de-la-creacion-del-territorio-de-quintana-roo\/#respond"]}]},{"@type":"WebPage","@id":"https:\/\/angelsolisnoticias.com\/index.php\/2023\/11\/24\/mary-hernandez-encabeza-ceremonia-civica-por-aniversario-de-la-creacion-del-territorio-de-quintana-roo\/","url":"https:\/\/angelsolisnoticias.com\/index.php\/2023\/11\/24\/mary-hernandez-encabeza-ceremonia-civica-por-aniversario-de-la-creacion-del-territorio-de-quintana-roo\/","name":"Mary Hern\u00e1ndez encabeza ceremonia c\u00edvica por aniversario de la creaci\u00f3n del territorio de Quintana Roo","isPartOf":{"@id":"https:\/\/angelsolisnoticias.com\/#website"},"datePublished":"2023-11-24T12:47:30+00:00","dateModified":"2023-11-24T22:53:04+00:00","description":".","breadcrumb":{"@id":"https:\/\/angelsolisnoticias.com\/index.php\/2023\/11\/24\/mary-hernandez-encabeza-ceremonia-civica-por-aniversario-de-la-creacion-del-territorio-de-quintana-roo\/#breadcrumb"},"inLanguage":"es","potentialAction":[{"@type":"ReadAction","target":["https:\/\/angelsolisnoticias.com\/index.php\/2023\/11\/24\/mary-hernandez-encabeza-ceremonia-civica-por-aniversario-de-la-creacion-del-territorio-de-quintana-roo\/"]}]},{"@type":"BreadcrumbList","@id":"https:\/\/angelsolisnoticias.com\/index.php\/2023\/11\/24\/mary-hernandez-encabeza-ceremonia-civica-por-aniversario-de-la-creacion-del-territorio-de-quintana-roo\/#breadcrumb","itemListElement":[{"@type":"ListItem","position":1,"name":"Inicio","item":"https:\/\/angelsolisnoticias.com\/"},{"@type":"ListItem","position":2,"name":"Mary Hern\u00e1ndez encabeza ceremonia c\u00edvica por aniversario de la creaci\u00f3n del territorio de Quintana Roo"}]},{"@type":"WebSite","@id":"https:\/\/angelsolisnoticias.com\/#website","url":"https:\/\/angelsolisnoticias.com\/","name":"\u00c1ngel Solis","description":"Noticias de Quintana Roo","publisher":{"@id":"https:\/\/angelsolisnoticias.com\/#organization"},"potentialAction":[{"@type":"SearchAction","target":{"@type":"EntryPoint","urlTemplate":"https:\/\/angelsolisnoticias.com\/?s={search_term_string}"},"query-input":"required name=search_term_string"}],"inLanguage":"es"},{"@type":"Organization","@id":"https:\/\/angelsolisnoticias.com\/#organization","name":"\u00c1ngel Solis","url":"https:\/\/angelsolisnoticias.com\/","logo":{"@type":"ImageObject","inLanguage":"es","@id":"https:\/\/angelsolisnoticias.com\/#\/schema\/logo\/image\/","url":"https:\/\/angelsolisnoticias.com\/wp-content\/uploads\/2023\/01\/LOGO3.png","contentUrl":"https:\/\/angelsolisnoticias.com\/wp-content\/uploads\/2023\/01\/LOGO3.png","width":1853,"height":570,"caption":"\u00c1ngel Solis"},"image":{"@id":"https:\/\/angelsolisnoticias.com\/#\/schema\/logo\/image\/"},"sameAs":["https:\/\/www.facebook.com\/periodistasquintanaroo","https:\/\/twitter.com\/PERIODISTASQROO"]},{"@type":"Person","@id":"https:\/\/angelsolisnoticias.com\/#\/schema\/person\/d5ca5e4c5f05db44e86cb564bf81ae6f","name":"admin","image":{"@type":"ImageObject","inLanguage":"es","@id":"https:\/\/angelsolisnoticias.com\/#\/schema\/person\/image\/","url":"https:\/\/secure.gravatar.com\/avatar\/dff3eaf7d33320066684ce268bff2bf90ce4f69456139b2d65d7796f64299e47?s=96&d=mm&r=g","contentUrl":"https:\/\/secure.gravatar.com\/avatar\/dff3eaf7d33320066684ce268bff2bf90ce4f69456139b2d65d7796f64299e47?s=96&d=mm&r=g","caption":"admin"},"sameAs":["https:\/\/angelsolisnoticias.com"],"url":"https:\/\/angelsolisnoticias.com\/index.php\/author\/admin_qnbaat5l\/"}]}},"jetpack_featured_media_url":"https:\/\/angelsolisnoticias.com\/wp-content\/uploads\/2023\/11\/Carrillo-Aniversario01.jpg","_links":{"self":[{"href":"https:\/\/angelsolisnoticias.com\/index.php\/wp-json\/wp\/v2\/posts\/4106","targetHints":{"allow":["GET"]}}],"collection":[{"href":"https:\/\/angelsolisnoticias.com\/index.php\/wp-json\/wp\/v2\/posts"}],"about":[{"href":"https:\/\/angelsolisnoticias.com\/index.php\/wp-json\/wp\/v2\/types\/post"}],"author":[{"embeddable":true,"href":"https:\/\/angelsolisnoticias.com\/index.php\/wp-json\/wp\/v2\/users\/1"}],"replies":[{"embeddable":true,"href":"https:\/\/angelsolisnoticias.com\/index.php\/wp-json\/wp\/v2\/comments?post=4106"}],"version-history":[{"count":3,"href":"https:\/\/angelsolisnoticias.com\/index.php\/wp-json\/wp\/v2\/posts\/4106\/revisions"}],"predecessor-version":[{"id":4112,"href":"https:\/\/angelsolisnoticias.com\/index.php\/wp-json\/wp\/v2\/posts\/4106\/revisions\/4112"}],"wp:featuredmedia":[{"embeddable":true,"href":"https:\/\/angelsolisnoticias.com\/index.php\/wp-json\/wp\/v2\/media\/4108"}],"wp:attachment":[{"href":"https:\/\/angelsolisnoticias.com\/index.php\/wp-json\/wp\/v2\/media?parent=4106"}],"wp:term":[{"taxonomy":"category","embeddable":true,"href":"https:\/\/angelsolisnoticias.com\/index.php\/wp-json\/wp\/v2\/categories?post=4106"},{"taxonomy":"post_tag","embeddable":true,"href":"https:\/\/angelsolisnoticias.com\/index.php\/wp-json\/wp\/v2\/tags?post=4106"}],"curies":[{"name":"wp","href":"https:\/\/api.w.org\/{rel}","templated":true}]}}