{"id":5504,"date":"2024-01-22T15:22:31","date_gmt":"2024-01-22T15:22:31","guid":{"rendered":"https:\/\/angelsolisnoticias.com\/?p=5504"},"modified":"2024-01-22T23:20:06","modified_gmt":"2024-01-22T23:20:06","slug":"gobierno-invita-a-la-feria-del-tamal-y-del-atole-2024","status":"publish","type":"post","link":"https:\/\/angelsolisnoticias.com\/index.php\/2024\/01\/22\/gobierno-invita-a-la-feria-del-tamal-y-del-atole-2024\/","title":{"rendered":"Gobierno invita a la \u201cFeria del Tamal y del Atole 2024\u201d"},"content":{"rendered":"<p>Playa del Carmen, Solidaridad, 22 de enero del 2024<br \/>\nRedacci\u00f3n<\/p>\n<p>Con el respaldo de la presidenta Lili Campos\u00a0 el pr\u00f3ximo 2 de febrero se realizar\u00e1 la 9\u00aa \u201cFeria del Tamal y del Atole 2024\u201d en la explanada de la plaza \u201c28 de Julio\u201d, de 4 de la tarde a 10 de la noche.<\/p>\n<p>Para participar en el rescate de tradiciones y costumbres, el gobierno municipal, a trav\u00e9s de la secretar\u00eda de Desarrollo Econ\u00f3mico y de Atracci\u00f3n de Inversiones, invita a toda la poblaci\u00f3n en general a apoyar este evento, que se va convirtiendo en una incubadora de negocios.<\/p>\n<p><img loading=\"lazy\" decoding=\"async\" class=\"aligncenter wp-image-5508 \" src=\"https:\/\/angelsolisnoticias.com\/wp-content\/uploads\/2024\/01\/Solidaridad-Feria-Tamal2.jpg\" alt=\"\" width=\"608\" height=\"405\" srcset=\"https:\/\/angelsolisnoticias.com\/wp-content\/uploads\/2024\/01\/Solidaridad-Feria-Tamal2.jpg 720w, https:\/\/angelsolisnoticias.com\/wp-content\/uploads\/2024\/01\/Solidaridad-Feria-Tamal2-300x200.jpg 300w\" sizes=\"auto, (max-width: 608px) 100vw, 608px\" \/><\/p>\n<p>En rueda de prensa, los organizadores \u00c1ngela Canul y H\u00e9ctor Escobedo anunciaron que se inscribieron m\u00e1s de 60 participantes de diferentes estados y pa\u00edses, quienes expondr\u00e1n y compartir\u00e1n sus tradicionales recetas, algunas de ellas ancestrales. Asimismo, informaron que la convocatoria fue todo un \u00e9xito y ya est\u00e1 cerrada.<\/p>\n<p>Todos los participantes expondr\u00e1n y vender\u00e1n sus productos, que sumar\u00e1n m\u00e1s de 35 mil tamales. Se espera una gran afluencia de entre 2 mil a 3 mil personas, con la proyecci\u00f3n de alcanzar una derrama econ\u00f3mica de un mill\u00f3n de pesos.<\/p>\n<p><img loading=\"lazy\" decoding=\"async\" class=\"aligncenter wp-image-5506 \" src=\"https:\/\/angelsolisnoticias.com\/wp-content\/uploads\/2024\/01\/Solidaridad-Feria-Tamal4.jpg\" alt=\"\" width=\"647\" height=\"431\" srcset=\"https:\/\/angelsolisnoticias.com\/wp-content\/uploads\/2024\/01\/Solidaridad-Feria-Tamal4.jpg 720w, https:\/\/angelsolisnoticias.com\/wp-content\/uploads\/2024\/01\/Solidaridad-Feria-Tamal4-300x200.jpg 300w\" sizes=\"auto, (max-width: 647px) 100vw, 647px\" \/><\/p>\n<p>Durante el evento, se llevar\u00e1n a cabo concursos para premiar el mejor tamal y el mejor atole, con 10 mil pesos para el primer lugar, 7 mil para el segundo y 5 mil para el tercer lugar. Cabe destacar que, en esta novena edici\u00f3n, habr\u00e1 un premio sorpresa de 5 mil pesos. Adem\u00e1s, habr\u00e1 un divertido concurso \u201cPremio Comel\u00f3n\u201d, en el que el participante que consuma la mayor cantidad de tamales en cuatro minutos ganar\u00e1 5 mil pesos.<\/p>\n<p><img loading=\"lazy\" decoding=\"async\" class=\"aligncenter wp-image-5507 \" src=\"https:\/\/angelsolisnoticias.com\/wp-content\/uploads\/2024\/01\/Solidaridad-Feria-Tamal3.jpg\" alt=\"\" width=\"311\" height=\"467\" srcset=\"https:\/\/angelsolisnoticias.com\/wp-content\/uploads\/2024\/01\/Solidaridad-Feria-Tamal3.jpg 520w, https:\/\/angelsolisnoticias.com\/wp-content\/uploads\/2024\/01\/Solidaridad-Feria-Tamal3-200x300.jpg 200w\" sizes=\"auto, (max-width: 311px) 100vw, 311px\" \/><\/p>\n<p>Es importante mencionar que en el concurso se calificar\u00e1: textura, presentaci\u00f3n y sabor. Dentro de los jueces se contar\u00e1 con el apoyo de los chefs de: Valent\u00edn Imperial, del Circo Soley, el corporativo de Blue Bay, Dorados Maroma y del restaurante Boston.<\/p>\n","protected":false},"excerpt":{"rendered":"<p>Playa del Carmen, Solidaridad, 22 de enero del 2024 Redacci\u00f3n Con el respaldo de la presidenta Lili Campos\u00a0 el pr\u00f3ximo 2 de febrero se realizar\u00e1 la 9\u00aa \u201cFeria del Tamal y del Atole 2024\u201d en la explanada de la plaza \u201c28 de Julio\u201d, de 4 de la tarde a 10 <a href=\"https:\/\/angelsolisnoticias.com\/index.php\/2024\/01\/22\/gobierno-invita-a-la-feria-del-tamal-y-del-atole-2024\/\" class=\"btn btn-link continue-link\">Seguir leyendo<\/a><\/p>\n","protected":false},"author":1,"featured_media":5509,"comment_status":"open","ping_status":"open","sticky":false,"template":"","format":"standard","meta":{"footnotes":""},"categories":[6,1],"tags":[],"class_list":["post-5504","post","type-post","status-publish","format-standard","has-post-thumbnail","hentry","category-solidaridad","category-uncategorized"],"yoast_head":"<!-- This site is optimized with the Yoast SEO plugin v21.1 - https:\/\/yoast.com\/wordpress\/plugins\/seo\/ -->\n<title>Gobierno invita a la \u201cFeria del Tamal y del Atole 2024\u201d<\/title>\n<meta name=\"description\" content=\".\" \/>\n<meta name=\"robots\" content=\"index, follow, max-snippet:-1, max-image-preview:large, max-video-preview:-1\" \/>\n<link rel=\"canonical\" href=\"https:\/\/angelsolisnoticias.com\/index.php\/2024\/01\/22\/gobierno-invita-a-la-feria-del-tamal-y-del-atole-2024\/\" \/>\n<meta property=\"og:locale\" content=\"es_MX\" \/>\n<meta property=\"og:type\" content=\"article\" \/>\n<meta property=\"og:title\" content=\"Gobierno invita a la \u201cFeria del Tamal y del Atole 2024\u201d\" \/>\n<meta property=\"og:description\" content=\".\" \/>\n<meta property=\"og:url\" content=\"https:\/\/angelsolisnoticias.com\/index.php\/2024\/01\/22\/gobierno-invita-a-la-feria-del-tamal-y-del-atole-2024\/\" \/>\n<meta property=\"og:site_name\" content=\"\u00c1ngel Solis\" \/>\n<meta property=\"article:publisher\" content=\"https:\/\/www.facebook.com\/periodistasquintanaroo\" \/>\n<meta property=\"article:published_time\" content=\"2024-01-22T15:22:31+00:00\" \/>\n<meta property=\"article:modified_time\" content=\"2024-01-22T23:20:06+00:00\" \/>\n<meta property=\"og:image\" content=\"https:\/\/angelsolisnoticias.com\/wp-content\/uploads\/2024\/01\/Solidaridad-Feria-Tamal1.jpg\" \/>\n\t<meta property=\"og:image:width\" content=\"800\" \/>\n\t<meta property=\"og:image:height\" content=\"569\" \/>\n\t<meta property=\"og:image:type\" content=\"image\/jpeg\" \/>\n<meta name=\"author\" content=\"admin\" \/>\n<meta name=\"twitter:card\" content=\"summary_large_image\" \/>\n<meta name=\"twitter:creator\" content=\"@PERIODISTASQROO\" \/>\n<meta name=\"twitter:site\" content=\"@PERIODISTASQROO\" \/>\n<meta name=\"twitter:label1\" content=\"Escrito por\" \/>\n\t<meta name=\"twitter:data1\" content=\"admin\" \/>\n\t<meta name=\"twitter:label2\" content=\"Tiempo de lectura\" \/>\n\t<meta name=\"twitter:data2\" content=\"3 minutos\" \/>\n<script type=\"application\/ld+json\" class=\"yoast-schema-graph\">{\"@context\":\"https:\/\/schema.org\",\"@graph\":[{\"@type\":\"Article\",\"@id\":\"https:\/\/angelsolisnoticias.com\/index.php\/2024\/01\/22\/gobierno-invita-a-la-feria-del-tamal-y-del-atole-2024\/#article\",\"isPartOf\":{\"@id\":\"https:\/\/angelsolisnoticias.com\/index.php\/2024\/01\/22\/gobierno-invita-a-la-feria-del-tamal-y-del-atole-2024\/\"},\"author\":{\"name\":\"admin\",\"@id\":\"https:\/\/angelsolisnoticias.com\/#\/schema\/person\/d5ca5e4c5f05db44e86cb564bf81ae6f\"},\"headline\":\"Gobierno invita a la \u201cFeria del Tamal y del Atole 2024\u201d\",\"datePublished\":\"2024-01-22T15:22:31+00:00\",\"dateModified\":\"2024-01-22T23:20:06+00:00\",\"mainEntityOfPage\":{\"@id\":\"https:\/\/angelsolisnoticias.com\/index.php\/2024\/01\/22\/gobierno-invita-a-la-feria-del-tamal-y-del-atole-2024\/\"},\"wordCount\":325,\"commentCount\":0,\"publisher\":{\"@id\":\"https:\/\/angelsolisnoticias.com\/#organization\"},\"articleSection\":[\"Solidaridad\",\"Uncategorized\"],\"inLanguage\":\"es\",\"potentialAction\":[{\"@type\":\"CommentAction\",\"name\":\"Comment\",\"target\":[\"https:\/\/angelsolisnoticias.com\/index.php\/2024\/01\/22\/gobierno-invita-a-la-feria-del-tamal-y-del-atole-2024\/#respond\"]}]},{\"@type\":\"WebPage\",\"@id\":\"https:\/\/angelsolisnoticias.com\/index.php\/2024\/01\/22\/gobierno-invita-a-la-feria-del-tamal-y-del-atole-2024\/\",\"url\":\"https:\/\/angelsolisnoticias.com\/index.php\/2024\/01\/22\/gobierno-invita-a-la-feria-del-tamal-y-del-atole-2024\/\",\"name\":\"Gobierno invita a la \u201cFeria del Tamal y del Atole 2024\u201d\",\"isPartOf\":{\"@id\":\"https:\/\/angelsolisnoticias.com\/#website\"},\"datePublished\":\"2024-01-22T15:22:31+00:00\",\"dateModified\":\"2024-01-22T23:20:06+00:00\",\"description\":\".\",\"breadcrumb\":{\"@id\":\"https:\/\/angelsolisnoticias.com\/index.php\/2024\/01\/22\/gobierno-invita-a-la-feria-del-tamal-y-del-atole-2024\/#breadcrumb\"},\"inLanguage\":\"es\",\"potentialAction\":[{\"@type\":\"ReadAction\",\"target\":[\"https:\/\/angelsolisnoticias.com\/index.php\/2024\/01\/22\/gobierno-invita-a-la-feria-del-tamal-y-del-atole-2024\/\"]}]},{\"@type\":\"BreadcrumbList\",\"@id\":\"https:\/\/angelsolisnoticias.com\/index.php\/2024\/01\/22\/gobierno-invita-a-la-feria-del-tamal-y-del-atole-2024\/#breadcrumb\",\"itemListElement\":[{\"@type\":\"ListItem\",\"position\":1,\"name\":\"Inicio\",\"item\":\"https:\/\/angelsolisnoticias.com\/\"},{\"@type\":\"ListItem\",\"position\":2,\"name\":\"Gobierno invita a la \u201cFeria del Tamal y del Atole 2024\u201d\"}]},{\"@type\":\"WebSite\",\"@id\":\"https:\/\/angelsolisnoticias.com\/#website\",\"url\":\"https:\/\/angelsolisnoticias.com\/\",\"name\":\"\u00c1ngel Solis\",\"description\":\"Noticias de Quintana Roo\",\"publisher\":{\"@id\":\"https:\/\/angelsolisnoticias.com\/#organization\"},\"potentialAction\":[{\"@type\":\"SearchAction\",\"target\":{\"@type\":\"EntryPoint\",\"urlTemplate\":\"https:\/\/angelsolisnoticias.com\/?s={search_term_string}\"},\"query-input\":\"required name=search_term_string\"}],\"inLanguage\":\"es\"},{\"@type\":\"Organization\",\"@id\":\"https:\/\/angelsolisnoticias.com\/#organization\",\"name\":\"\u00c1ngel Solis\",\"url\":\"https:\/\/angelsolisnoticias.com\/\",\"logo\":{\"@type\":\"ImageObject\",\"inLanguage\":\"es\",\"@id\":\"https:\/\/angelsolisnoticias.com\/#\/schema\/logo\/image\/\",\"url\":\"https:\/\/angelsolisnoticias.com\/wp-content\/uploads\/2023\/01\/LOGO3.png\",\"contentUrl\":\"https:\/\/angelsolisnoticias.com\/wp-content\/uploads\/2023\/01\/LOGO3.png\",\"width\":1853,\"height\":570,\"caption\":\"\u00c1ngel Solis\"},\"image\":{\"@id\":\"https:\/\/angelsolisnoticias.com\/#\/schema\/logo\/image\/\"},\"sameAs\":[\"https:\/\/www.facebook.com\/periodistasquintanaroo\",\"https:\/\/twitter.com\/PERIODISTASQROO\"]},{\"@type\":\"Person\",\"@id\":\"https:\/\/angelsolisnoticias.com\/#\/schema\/person\/d5ca5e4c5f05db44e86cb564bf81ae6f\",\"name\":\"admin\",\"image\":{\"@type\":\"ImageObject\",\"inLanguage\":\"es\",\"@id\":\"https:\/\/angelsolisnoticias.com\/#\/schema\/person\/image\/\",\"url\":\"https:\/\/secure.gravatar.com\/avatar\/dff3eaf7d33320066684ce268bff2bf90ce4f69456139b2d65d7796f64299e47?s=96&d=mm&r=g\",\"contentUrl\":\"https:\/\/secure.gravatar.com\/avatar\/dff3eaf7d33320066684ce268bff2bf90ce4f69456139b2d65d7796f64299e47?s=96&d=mm&r=g\",\"caption\":\"admin\"},\"sameAs\":[\"https:\/\/angelsolisnoticias.com\"],\"url\":\"https:\/\/angelsolisnoticias.com\/index.php\/author\/admin_qnbaat5l\/\"}]}<\/script>\n<!-- \/ Yoast SEO plugin. -->","yoast_head_json":{"title":"Gobierno invita a la \u201cFeria del Tamal y del Atole 2024\u201d","description":".","robots":{"index":"index","follow":"follow","max-snippet":"max-snippet:-1","max-image-preview":"max-image-preview:large","max-video-preview":"max-video-preview:-1"},"canonical":"https:\/\/angelsolisnoticias.com\/index.php\/2024\/01\/22\/gobierno-invita-a-la-feria-del-tamal-y-del-atole-2024\/","og_locale":"es_MX","og_type":"article","og_title":"Gobierno invita a la \u201cFeria del Tamal y del Atole 2024\u201d","og_description":".","og_url":"https:\/\/angelsolisnoticias.com\/index.php\/2024\/01\/22\/gobierno-invita-a-la-feria-del-tamal-y-del-atole-2024\/","og_site_name":"\u00c1ngel Solis","article_publisher":"https:\/\/www.facebook.com\/periodistasquintanaroo","article_published_time":"2024-01-22T15:22:31+00:00","article_modified_time":"2024-01-22T23:20:06+00:00","og_image":[{"width":800,"height":569,"url":"https:\/\/angelsolisnoticias.com\/wp-content\/uploads\/2024\/01\/Solidaridad-Feria-Tamal1.jpg","type":"image\/jpeg"}],"author":"admin","twitter_card":"summary_large_image","twitter_creator":"@PERIODISTASQROO","twitter_site":"@PERIODISTASQROO","twitter_misc":{"Escrito por":"admin","Tiempo de lectura":"3 minutos"},"schema":{"@context":"https:\/\/schema.org","@graph":[{"@type":"Article","@id":"https:\/\/angelsolisnoticias.com\/index.php\/2024\/01\/22\/gobierno-invita-a-la-feria-del-tamal-y-del-atole-2024\/#article","isPartOf":{"@id":"https:\/\/angelsolisnoticias.com\/index.php\/2024\/01\/22\/gobierno-invita-a-la-feria-del-tamal-y-del-atole-2024\/"},"author":{"name":"admin","@id":"https:\/\/angelsolisnoticias.com\/#\/schema\/person\/d5ca5e4c5f05db44e86cb564bf81ae6f"},"headline":"Gobierno invita a la \u201cFeria del Tamal y del Atole 2024\u201d","datePublished":"2024-01-22T15:22:31+00:00","dateModified":"2024-01-22T23:20:06+00:00","mainEntityOfPage":{"@id":"https:\/\/angelsolisnoticias.com\/index.php\/2024\/01\/22\/gobierno-invita-a-la-feria-del-tamal-y-del-atole-2024\/"},"wordCount":325,"commentCount":0,"publisher":{"@id":"https:\/\/angelsolisnoticias.com\/#organization"},"articleSection":["Solidaridad","Uncategorized"],"inLanguage":"es","potentialAction":[{"@type":"CommentAction","name":"Comment","target":["https:\/\/angelsolisnoticias.com\/index.php\/2024\/01\/22\/gobierno-invita-a-la-feria-del-tamal-y-del-atole-2024\/#respond"]}]},{"@type":"WebPage","@id":"https:\/\/angelsolisnoticias.com\/index.php\/2024\/01\/22\/gobierno-invita-a-la-feria-del-tamal-y-del-atole-2024\/","url":"https:\/\/angelsolisnoticias.com\/index.php\/2024\/01\/22\/gobierno-invita-a-la-feria-del-tamal-y-del-atole-2024\/","name":"Gobierno invita a la \u201cFeria del Tamal y del Atole 2024\u201d","isPartOf":{"@id":"https:\/\/angelsolisnoticias.com\/#website"},"datePublished":"2024-01-22T15:22:31+00:00","dateModified":"2024-01-22T23:20:06+00:00","description":".","breadcrumb":{"@id":"https:\/\/angelsolisnoticias.com\/index.php\/2024\/01\/22\/gobierno-invita-a-la-feria-del-tamal-y-del-atole-2024\/#breadcrumb"},"inLanguage":"es","potentialAction":[{"@type":"ReadAction","target":["https:\/\/angelsolisnoticias.com\/index.php\/2024\/01\/22\/gobierno-invita-a-la-feria-del-tamal-y-del-atole-2024\/"]}]},{"@type":"BreadcrumbList","@id":"https:\/\/angelsolisnoticias.com\/index.php\/2024\/01\/22\/gobierno-invita-a-la-feria-del-tamal-y-del-atole-2024\/#breadcrumb","itemListElement":[{"@type":"ListItem","position":1,"name":"Inicio","item":"https:\/\/angelsolisnoticias.com\/"},{"@type":"ListItem","position":2,"name":"Gobierno invita a la \u201cFeria del Tamal y del Atole 2024\u201d"}]},{"@type":"WebSite","@id":"https:\/\/angelsolisnoticias.com\/#website","url":"https:\/\/angelsolisnoticias.com\/","name":"\u00c1ngel Solis","description":"Noticias de Quintana Roo","publisher":{"@id":"https:\/\/angelsolisnoticias.com\/#organization"},"potentialAction":[{"@type":"SearchAction","target":{"@type":"EntryPoint","urlTemplate":"https:\/\/angelsolisnoticias.com\/?s={search_term_string}"},"query-input":"required name=search_term_string"}],"inLanguage":"es"},{"@type":"Organization","@id":"https:\/\/angelsolisnoticias.com\/#organization","name":"\u00c1ngel Solis","url":"https:\/\/angelsolisnoticias.com\/","logo":{"@type":"ImageObject","inLanguage":"es","@id":"https:\/\/angelsolisnoticias.com\/#\/schema\/logo\/image\/","url":"https:\/\/angelsolisnoticias.com\/wp-content\/uploads\/2023\/01\/LOGO3.png","contentUrl":"https:\/\/angelsolisnoticias.com\/wp-content\/uploads\/2023\/01\/LOGO3.png","width":1853,"height":570,"caption":"\u00c1ngel Solis"},"image":{"@id":"https:\/\/angelsolisnoticias.com\/#\/schema\/logo\/image\/"},"sameAs":["https:\/\/www.facebook.com\/periodistasquintanaroo","https:\/\/twitter.com\/PERIODISTASQROO"]},{"@type":"Person","@id":"https:\/\/angelsolisnoticias.com\/#\/schema\/person\/d5ca5e4c5f05db44e86cb564bf81ae6f","name":"admin","image":{"@type":"ImageObject","inLanguage":"es","@id":"https:\/\/angelsolisnoticias.com\/#\/schema\/person\/image\/","url":"https:\/\/secure.gravatar.com\/avatar\/dff3eaf7d33320066684ce268bff2bf90ce4f69456139b2d65d7796f64299e47?s=96&d=mm&r=g","contentUrl":"https:\/\/secure.gravatar.com\/avatar\/dff3eaf7d33320066684ce268bff2bf90ce4f69456139b2d65d7796f64299e47?s=96&d=mm&r=g","caption":"admin"},"sameAs":["https:\/\/angelsolisnoticias.com"],"url":"https:\/\/angelsolisnoticias.com\/index.php\/author\/admin_qnbaat5l\/"}]}},"jetpack_featured_media_url":"https:\/\/angelsolisnoticias.com\/wp-content\/uploads\/2024\/01\/Solidaridad-Feria-Tamal1.jpg","_links":{"self":[{"href":"https:\/\/angelsolisnoticias.com\/index.php\/wp-json\/wp\/v2\/posts\/5504","targetHints":{"allow":["GET"]}}],"collection":[{"href":"https:\/\/angelsolisnoticias.com\/index.php\/wp-json\/wp\/v2\/posts"}],"about":[{"href":"https:\/\/angelsolisnoticias.com\/index.php\/wp-json\/wp\/v2\/types\/post"}],"author":[{"embeddable":true,"href":"https:\/\/angelsolisnoticias.com\/index.php\/wp-json\/wp\/v2\/users\/1"}],"replies":[{"embeddable":true,"href":"https:\/\/angelsolisnoticias.com\/index.php\/wp-json\/wp\/v2\/comments?post=5504"}],"version-history":[{"count":4,"href":"https:\/\/angelsolisnoticias.com\/index.php\/wp-json\/wp\/v2\/posts\/5504\/revisions"}],"predecessor-version":[{"id":5512,"href":"https:\/\/angelsolisnoticias.com\/index.php\/wp-json\/wp\/v2\/posts\/5504\/revisions\/5512"}],"wp:featuredmedia":[{"embeddable":true,"href":"https:\/\/angelsolisnoticias.com\/index.php\/wp-json\/wp\/v2\/media\/5509"}],"wp:attachment":[{"href":"https:\/\/angelsolisnoticias.com\/index.php\/wp-json\/wp\/v2\/media?parent=5504"}],"wp:term":[{"taxonomy":"category","embeddable":true,"href":"https:\/\/angelsolisnoticias.com\/index.php\/wp-json\/wp\/v2\/categories?post=5504"},{"taxonomy":"post_tag","embeddable":true,"href":"https:\/\/angelsolisnoticias.com\/index.php\/wp-json\/wp\/v2\/tags?post=5504"}],"curies":[{"name":"wp","href":"https:\/\/api.w.org\/{rel}","templated":true}]}}