{"id":5530,"date":"2024-01-23T15:56:29","date_gmt":"2024-01-23T15:56:29","guid":{"rendered":"https:\/\/angelsolisnoticias.com\/?p=5530"},"modified":"2024-01-23T22:21:04","modified_gmt":"2024-01-23T22:21:04","slug":"exito-en-participacion-de-ferias-turisticas-del-gobierno-municipal","status":"publish","type":"post","link":"https:\/\/angelsolisnoticias.com\/index.php\/2024\/01\/23\/exito-en-participacion-de-ferias-turisticas-del-gobierno-municipal\/","title":{"rendered":"\u00c9xito en participaci\u00f3n de ferias tur\u00edsticas del gobierno municipal"},"content":{"rendered":"<p>Playa del Carmen, Solidaridad, 23 de enero del 2024<br \/>\nRedacci\u00f3n<\/p>\n<p>La participaci\u00f3n de Solidaridad, encabezado por la presidenta Lili Campos, en diferentes ferias y eventos de promoci\u00f3n, ha dado como resultado cerrar el a\u00f1o pasado con aproximadamente 6.5 millones de visitantes y una ocupaci\u00f3n promedio anual del 80 por ciento, reconociendo la importancia de estas plataformas para seguir fortaleciendo el atractivo y la competitividad del destino.<\/p>\n<p>Lili Campos recalc\u00f3: \u201cla participaci\u00f3n en ferias tur\u00edsticas nacionales e internacionales juegan un papel importante, ya que son espacios de encuentro que permiten la promoci\u00f3n y posicionamiento del destino generando oportunidades de negocio\u201d.<\/p>\n<p><img loading=\"lazy\" decoding=\"async\" class=\"aligncenter wp-image-5534 \" src=\"https:\/\/angelsolisnoticias.com\/wp-content\/uploads\/2024\/01\/Solidaridad-Feria-Turistica2.jpg\" alt=\"\" width=\"613\" height=\"403\" \/><\/p>\n<p>La Secretar\u00eda de Turismo municipal destac\u00f3 los logros en diversas participaciones como la FITUR 2023, donde se logr\u00f3 atraer el prestigioso evento deportivo Gran Fondo World Tour (GFWT), que se llev\u00f3 a cabo por primera vez en Latinoam\u00e9rica el 23 de abril, con la participaci\u00f3n de ciclistas profesionales.<\/p>\n<p>En el marco del Tianguis Tur\u00edstico de la Ciudad de M\u00e9xico se firm\u00f3 un convenio de coordinaci\u00f3n con la Secretar\u00eda de Turismo Federal para la colaboraci\u00f3n de \u00c1ngeles Verdes para brindar auxilio y apoyo a turistas connacionales, nacionales y extranjeros con asistencia los 365 d\u00edas del a\u00f1o, mismos que iniciaron sus operaciones la temporada alta pasada.<\/p>\n<p><img loading=\"lazy\" decoding=\"async\" class=\"aligncenter wp-image-5533 \" src=\"https:\/\/angelsolisnoticias.com\/wp-content\/uploads\/2024\/01\/Solidaridad-Feria-Turistica3.jpg\" alt=\"\" width=\"624\" height=\"407\" \/><\/p>\n<p>Adem\u00e1s, durante diversas ferias se consigui\u00f3 la sede para el XIV Congreso Iberoamericano de Gu\u00edas de Turistas, y se logr\u00f3 promocionar al destino ante m\u00e1s de cinco mil profesionales del turismo como: mayoristas, agencias de viajes, tour operadores y l\u00edneas a\u00e9reas, consolidando a\u00fan m\u00e1s la posici\u00f3n del municipio en el escenario internacional.<\/p>\n<p>La participaci\u00f3n activa en estas ferias no solo ha impulsado el turismo sino tambi\u00e9n ha contribuido al impulso del posicionamiento internacional de productos locales con la marca \u201cHecho en Playa\u201d y empresas como: El Museo Frida Kahlo, R\u00edo Secreto, Kantun Chi, Adventures Tours, Medical Tourism Mexico, entre otros.<\/p>\n<p><img loading=\"lazy\" decoding=\"async\" class=\"aligncenter wp-image-5532 \" src=\"https:\/\/angelsolisnoticias.com\/wp-content\/uploads\/2024\/01\/Solidaridad-Feria-Turistica4.jpg\" alt=\"\" width=\"646\" height=\"482\" \/><\/p>\n<p>Este a\u00f1o, en la edici\u00f3n Fitur 2024, que inicia ma\u00f1ana mi\u00e9rcoles 24 de enero, se busca seguir consolidando el destino tur\u00edstico siguiendo una agenda de proyectos previamente concretados, como pl\u00e1ticas para el hermanamiento con Algeciras, Espa\u00f1a; Catral, Espa\u00f1a. Adem\u00e1s de cadenas internacionales de hoteles, destinos tur\u00edsticos europeos, agencias tur\u00edsticas y aquellas que logren concretarse durante la feria.<\/p>\n","protected":false},"excerpt":{"rendered":"<p>Playa del Carmen, Solidaridad, 23 de enero del 2024 Redacci\u00f3n La participaci\u00f3n de Solidaridad, encabezado por la presidenta Lili Campos, en diferentes ferias y eventos de promoci\u00f3n, ha dado como resultado cerrar el a\u00f1o pasado con aproximadamente 6.5 millones de visitantes y una ocupaci\u00f3n promedio anual del 80 por ciento, <a href=\"https:\/\/angelsolisnoticias.com\/index.php\/2024\/01\/23\/exito-en-participacion-de-ferias-turisticas-del-gobierno-municipal\/\" class=\"btn btn-link continue-link\">Seguir leyendo<\/a><\/p>\n","protected":false},"author":1,"featured_media":5535,"comment_status":"open","ping_status":"open","sticky":false,"template":"","format":"standard","meta":{"footnotes":""},"categories":[6,1],"tags":[],"class_list":["post-5530","post","type-post","status-publish","format-standard","has-post-thumbnail","hentry","category-solidaridad","category-uncategorized"],"yoast_head":"<!-- This site is optimized with the Yoast SEO plugin v21.1 - https:\/\/yoast.com\/wordpress\/plugins\/seo\/ -->\n<title>\u00c9xito en participaci\u00f3n de ferias tur\u00edsticas del gobierno municipal<\/title>\n<meta name=\"description\" content=\".\" \/>\n<meta name=\"robots\" content=\"index, follow, max-snippet:-1, max-image-preview:large, max-video-preview:-1\" \/>\n<link rel=\"canonical\" href=\"https:\/\/angelsolisnoticias.com\/index.php\/2024\/01\/23\/exito-en-participacion-de-ferias-turisticas-del-gobierno-municipal\/\" \/>\n<meta property=\"og:locale\" content=\"es_MX\" \/>\n<meta property=\"og:type\" content=\"article\" \/>\n<meta property=\"og:title\" content=\"\u00c9xito en participaci\u00f3n de ferias tur\u00edsticas del gobierno municipal\" \/>\n<meta property=\"og:description\" content=\".\" \/>\n<meta property=\"og:url\" content=\"https:\/\/angelsolisnoticias.com\/index.php\/2024\/01\/23\/exito-en-participacion-de-ferias-turisticas-del-gobierno-municipal\/\" \/>\n<meta property=\"og:site_name\" content=\"\u00c1ngel Solis\" \/>\n<meta property=\"article:publisher\" content=\"https:\/\/www.facebook.com\/periodistasquintanaroo\" \/>\n<meta property=\"article:published_time\" content=\"2024-01-23T15:56:29+00:00\" \/>\n<meta property=\"article:modified_time\" content=\"2024-01-23T22:21:04+00:00\" \/>\n<meta property=\"og:image\" content=\"https:\/\/angelsolisnoticias.com\/wp-content\/uploads\/2024\/01\/Solidaridad-Feria-Turistica1.jpg\" \/>\n\t<meta property=\"og:image:width\" content=\"800\" \/>\n\t<meta property=\"og:image:height\" content=\"569\" \/>\n\t<meta property=\"og:image:type\" content=\"image\/jpeg\" \/>\n<meta name=\"author\" content=\"admin\" \/>\n<meta name=\"twitter:card\" content=\"summary_large_image\" \/>\n<meta name=\"twitter:creator\" content=\"@PERIODISTASQROO\" \/>\n<meta name=\"twitter:site\" content=\"@PERIODISTASQROO\" \/>\n<meta name=\"twitter:label1\" content=\"Escrito por\" \/>\n\t<meta name=\"twitter:data1\" content=\"admin\" \/>\n\t<meta name=\"twitter:label2\" content=\"Tiempo de lectura\" \/>\n\t<meta name=\"twitter:data2\" content=\"3 minutos\" \/>\n<script type=\"application\/ld+json\" class=\"yoast-schema-graph\">{\"@context\":\"https:\/\/schema.org\",\"@graph\":[{\"@type\":\"Article\",\"@id\":\"https:\/\/angelsolisnoticias.com\/index.php\/2024\/01\/23\/exito-en-participacion-de-ferias-turisticas-del-gobierno-municipal\/#article\",\"isPartOf\":{\"@id\":\"https:\/\/angelsolisnoticias.com\/index.php\/2024\/01\/23\/exito-en-participacion-de-ferias-turisticas-del-gobierno-municipal\/\"},\"author\":{\"name\":\"admin\",\"@id\":\"https:\/\/angelsolisnoticias.com\/#\/schema\/person\/d5ca5e4c5f05db44e86cb564bf81ae6f\"},\"headline\":\"\u00c9xito en participaci\u00f3n de ferias tur\u00edsticas del gobierno municipal\",\"datePublished\":\"2024-01-23T15:56:29+00:00\",\"dateModified\":\"2024-01-23T22:21:04+00:00\",\"mainEntityOfPage\":{\"@id\":\"https:\/\/angelsolisnoticias.com\/index.php\/2024\/01\/23\/exito-en-participacion-de-ferias-turisticas-del-gobierno-municipal\/\"},\"wordCount\":402,\"commentCount\":0,\"publisher\":{\"@id\":\"https:\/\/angelsolisnoticias.com\/#organization\"},\"articleSection\":[\"Solidaridad\",\"Uncategorized\"],\"inLanguage\":\"es\",\"potentialAction\":[{\"@type\":\"CommentAction\",\"name\":\"Comment\",\"target\":[\"https:\/\/angelsolisnoticias.com\/index.php\/2024\/01\/23\/exito-en-participacion-de-ferias-turisticas-del-gobierno-municipal\/#respond\"]}]},{\"@type\":\"WebPage\",\"@id\":\"https:\/\/angelsolisnoticias.com\/index.php\/2024\/01\/23\/exito-en-participacion-de-ferias-turisticas-del-gobierno-municipal\/\",\"url\":\"https:\/\/angelsolisnoticias.com\/index.php\/2024\/01\/23\/exito-en-participacion-de-ferias-turisticas-del-gobierno-municipal\/\",\"name\":\"\u00c9xito en participaci\u00f3n de ferias tur\u00edsticas del gobierno municipal\",\"isPartOf\":{\"@id\":\"https:\/\/angelsolisnoticias.com\/#website\"},\"datePublished\":\"2024-01-23T15:56:29+00:00\",\"dateModified\":\"2024-01-23T22:21:04+00:00\",\"description\":\".\",\"breadcrumb\":{\"@id\":\"https:\/\/angelsolisnoticias.com\/index.php\/2024\/01\/23\/exito-en-participacion-de-ferias-turisticas-del-gobierno-municipal\/#breadcrumb\"},\"inLanguage\":\"es\",\"potentialAction\":[{\"@type\":\"ReadAction\",\"target\":[\"https:\/\/angelsolisnoticias.com\/index.php\/2024\/01\/23\/exito-en-participacion-de-ferias-turisticas-del-gobierno-municipal\/\"]}]},{\"@type\":\"BreadcrumbList\",\"@id\":\"https:\/\/angelsolisnoticias.com\/index.php\/2024\/01\/23\/exito-en-participacion-de-ferias-turisticas-del-gobierno-municipal\/#breadcrumb\",\"itemListElement\":[{\"@type\":\"ListItem\",\"position\":1,\"name\":\"Inicio\",\"item\":\"https:\/\/angelsolisnoticias.com\/\"},{\"@type\":\"ListItem\",\"position\":2,\"name\":\"\u00c9xito en participaci\u00f3n de ferias tur\u00edsticas del gobierno municipal\"}]},{\"@type\":\"WebSite\",\"@id\":\"https:\/\/angelsolisnoticias.com\/#website\",\"url\":\"https:\/\/angelsolisnoticias.com\/\",\"name\":\"\u00c1ngel Solis\",\"description\":\"Noticias de Quintana Roo\",\"publisher\":{\"@id\":\"https:\/\/angelsolisnoticias.com\/#organization\"},\"potentialAction\":[{\"@type\":\"SearchAction\",\"target\":{\"@type\":\"EntryPoint\",\"urlTemplate\":\"https:\/\/angelsolisnoticias.com\/?s={search_term_string}\"},\"query-input\":\"required name=search_term_string\"}],\"inLanguage\":\"es\"},{\"@type\":\"Organization\",\"@id\":\"https:\/\/angelsolisnoticias.com\/#organization\",\"name\":\"\u00c1ngel Solis\",\"url\":\"https:\/\/angelsolisnoticias.com\/\",\"logo\":{\"@type\":\"ImageObject\",\"inLanguage\":\"es\",\"@id\":\"https:\/\/angelsolisnoticias.com\/#\/schema\/logo\/image\/\",\"url\":\"https:\/\/angelsolisnoticias.com\/wp-content\/uploads\/2023\/01\/LOGO3.png\",\"contentUrl\":\"https:\/\/angelsolisnoticias.com\/wp-content\/uploads\/2023\/01\/LOGO3.png\",\"width\":1853,\"height\":570,\"caption\":\"\u00c1ngel Solis\"},\"image\":{\"@id\":\"https:\/\/angelsolisnoticias.com\/#\/schema\/logo\/image\/\"},\"sameAs\":[\"https:\/\/www.facebook.com\/periodistasquintanaroo\",\"https:\/\/twitter.com\/PERIODISTASQROO\"]},{\"@type\":\"Person\",\"@id\":\"https:\/\/angelsolisnoticias.com\/#\/schema\/person\/d5ca5e4c5f05db44e86cb564bf81ae6f\",\"name\":\"admin\",\"image\":{\"@type\":\"ImageObject\",\"inLanguage\":\"es\",\"@id\":\"https:\/\/angelsolisnoticias.com\/#\/schema\/person\/image\/\",\"url\":\"https:\/\/secure.gravatar.com\/avatar\/dff3eaf7d33320066684ce268bff2bf90ce4f69456139b2d65d7796f64299e47?s=96&d=mm&r=g\",\"contentUrl\":\"https:\/\/secure.gravatar.com\/avatar\/dff3eaf7d33320066684ce268bff2bf90ce4f69456139b2d65d7796f64299e47?s=96&d=mm&r=g\",\"caption\":\"admin\"},\"sameAs\":[\"https:\/\/angelsolisnoticias.com\"],\"url\":\"https:\/\/angelsolisnoticias.com\/index.php\/author\/admin_qnbaat5l\/\"}]}<\/script>\n<!-- \/ Yoast SEO plugin. -->","yoast_head_json":{"title":"\u00c9xito en participaci\u00f3n de ferias tur\u00edsticas del gobierno municipal","description":".","robots":{"index":"index","follow":"follow","max-snippet":"max-snippet:-1","max-image-preview":"max-image-preview:large","max-video-preview":"max-video-preview:-1"},"canonical":"https:\/\/angelsolisnoticias.com\/index.php\/2024\/01\/23\/exito-en-participacion-de-ferias-turisticas-del-gobierno-municipal\/","og_locale":"es_MX","og_type":"article","og_title":"\u00c9xito en participaci\u00f3n de ferias tur\u00edsticas del gobierno municipal","og_description":".","og_url":"https:\/\/angelsolisnoticias.com\/index.php\/2024\/01\/23\/exito-en-participacion-de-ferias-turisticas-del-gobierno-municipal\/","og_site_name":"\u00c1ngel Solis","article_publisher":"https:\/\/www.facebook.com\/periodistasquintanaroo","article_published_time":"2024-01-23T15:56:29+00:00","article_modified_time":"2024-01-23T22:21:04+00:00","og_image":[{"width":800,"height":569,"url":"https:\/\/angelsolisnoticias.com\/wp-content\/uploads\/2024\/01\/Solidaridad-Feria-Turistica1.jpg","type":"image\/jpeg"}],"author":"admin","twitter_card":"summary_large_image","twitter_creator":"@PERIODISTASQROO","twitter_site":"@PERIODISTASQROO","twitter_misc":{"Escrito por":"admin","Tiempo de lectura":"3 minutos"},"schema":{"@context":"https:\/\/schema.org","@graph":[{"@type":"Article","@id":"https:\/\/angelsolisnoticias.com\/index.php\/2024\/01\/23\/exito-en-participacion-de-ferias-turisticas-del-gobierno-municipal\/#article","isPartOf":{"@id":"https:\/\/angelsolisnoticias.com\/index.php\/2024\/01\/23\/exito-en-participacion-de-ferias-turisticas-del-gobierno-municipal\/"},"author":{"name":"admin","@id":"https:\/\/angelsolisnoticias.com\/#\/schema\/person\/d5ca5e4c5f05db44e86cb564bf81ae6f"},"headline":"\u00c9xito en participaci\u00f3n de ferias tur\u00edsticas del gobierno municipal","datePublished":"2024-01-23T15:56:29+00:00","dateModified":"2024-01-23T22:21:04+00:00","mainEntityOfPage":{"@id":"https:\/\/angelsolisnoticias.com\/index.php\/2024\/01\/23\/exito-en-participacion-de-ferias-turisticas-del-gobierno-municipal\/"},"wordCount":402,"commentCount":0,"publisher":{"@id":"https:\/\/angelsolisnoticias.com\/#organization"},"articleSection":["Solidaridad","Uncategorized"],"inLanguage":"es","potentialAction":[{"@type":"CommentAction","name":"Comment","target":["https:\/\/angelsolisnoticias.com\/index.php\/2024\/01\/23\/exito-en-participacion-de-ferias-turisticas-del-gobierno-municipal\/#respond"]}]},{"@type":"WebPage","@id":"https:\/\/angelsolisnoticias.com\/index.php\/2024\/01\/23\/exito-en-participacion-de-ferias-turisticas-del-gobierno-municipal\/","url":"https:\/\/angelsolisnoticias.com\/index.php\/2024\/01\/23\/exito-en-participacion-de-ferias-turisticas-del-gobierno-municipal\/","name":"\u00c9xito en participaci\u00f3n de ferias tur\u00edsticas del gobierno municipal","isPartOf":{"@id":"https:\/\/angelsolisnoticias.com\/#website"},"datePublished":"2024-01-23T15:56:29+00:00","dateModified":"2024-01-23T22:21:04+00:00","description":".","breadcrumb":{"@id":"https:\/\/angelsolisnoticias.com\/index.php\/2024\/01\/23\/exito-en-participacion-de-ferias-turisticas-del-gobierno-municipal\/#breadcrumb"},"inLanguage":"es","potentialAction":[{"@type":"ReadAction","target":["https:\/\/angelsolisnoticias.com\/index.php\/2024\/01\/23\/exito-en-participacion-de-ferias-turisticas-del-gobierno-municipal\/"]}]},{"@type":"BreadcrumbList","@id":"https:\/\/angelsolisnoticias.com\/index.php\/2024\/01\/23\/exito-en-participacion-de-ferias-turisticas-del-gobierno-municipal\/#breadcrumb","itemListElement":[{"@type":"ListItem","position":1,"name":"Inicio","item":"https:\/\/angelsolisnoticias.com\/"},{"@type":"ListItem","position":2,"name":"\u00c9xito en participaci\u00f3n de ferias tur\u00edsticas del gobierno municipal"}]},{"@type":"WebSite","@id":"https:\/\/angelsolisnoticias.com\/#website","url":"https:\/\/angelsolisnoticias.com\/","name":"\u00c1ngel Solis","description":"Noticias de Quintana Roo","publisher":{"@id":"https:\/\/angelsolisnoticias.com\/#organization"},"potentialAction":[{"@type":"SearchAction","target":{"@type":"EntryPoint","urlTemplate":"https:\/\/angelsolisnoticias.com\/?s={search_term_string}"},"query-input":"required name=search_term_string"}],"inLanguage":"es"},{"@type":"Organization","@id":"https:\/\/angelsolisnoticias.com\/#organization","name":"\u00c1ngel Solis","url":"https:\/\/angelsolisnoticias.com\/","logo":{"@type":"ImageObject","inLanguage":"es","@id":"https:\/\/angelsolisnoticias.com\/#\/schema\/logo\/image\/","url":"https:\/\/angelsolisnoticias.com\/wp-content\/uploads\/2023\/01\/LOGO3.png","contentUrl":"https:\/\/angelsolisnoticias.com\/wp-content\/uploads\/2023\/01\/LOGO3.png","width":1853,"height":570,"caption":"\u00c1ngel Solis"},"image":{"@id":"https:\/\/angelsolisnoticias.com\/#\/schema\/logo\/image\/"},"sameAs":["https:\/\/www.facebook.com\/periodistasquintanaroo","https:\/\/twitter.com\/PERIODISTASQROO"]},{"@type":"Person","@id":"https:\/\/angelsolisnoticias.com\/#\/schema\/person\/d5ca5e4c5f05db44e86cb564bf81ae6f","name":"admin","image":{"@type":"ImageObject","inLanguage":"es","@id":"https:\/\/angelsolisnoticias.com\/#\/schema\/person\/image\/","url":"https:\/\/secure.gravatar.com\/avatar\/dff3eaf7d33320066684ce268bff2bf90ce4f69456139b2d65d7796f64299e47?s=96&d=mm&r=g","contentUrl":"https:\/\/secure.gravatar.com\/avatar\/dff3eaf7d33320066684ce268bff2bf90ce4f69456139b2d65d7796f64299e47?s=96&d=mm&r=g","caption":"admin"},"sameAs":["https:\/\/angelsolisnoticias.com"],"url":"https:\/\/angelsolisnoticias.com\/index.php\/author\/admin_qnbaat5l\/"}]}},"jetpack_featured_media_url":"https:\/\/angelsolisnoticias.com\/wp-content\/uploads\/2024\/01\/Solidaridad-Feria-Turistica1.jpg","_links":{"self":[{"href":"https:\/\/angelsolisnoticias.com\/index.php\/wp-json\/wp\/v2\/posts\/5530","targetHints":{"allow":["GET"]}}],"collection":[{"href":"https:\/\/angelsolisnoticias.com\/index.php\/wp-json\/wp\/v2\/posts"}],"about":[{"href":"https:\/\/angelsolisnoticias.com\/index.php\/wp-json\/wp\/v2\/types\/post"}],"author":[{"embeddable":true,"href":"https:\/\/angelsolisnoticias.com\/index.php\/wp-json\/wp\/v2\/users\/1"}],"replies":[{"embeddable":true,"href":"https:\/\/angelsolisnoticias.com\/index.php\/wp-json\/wp\/v2\/comments?post=5530"}],"version-history":[{"count":3,"href":"https:\/\/angelsolisnoticias.com\/index.php\/wp-json\/wp\/v2\/posts\/5530\/revisions"}],"predecessor-version":[{"id":5537,"href":"https:\/\/angelsolisnoticias.com\/index.php\/wp-json\/wp\/v2\/posts\/5530\/revisions\/5537"}],"wp:featuredmedia":[{"embeddable":true,"href":"https:\/\/angelsolisnoticias.com\/index.php\/wp-json\/wp\/v2\/media\/5535"}],"wp:attachment":[{"href":"https:\/\/angelsolisnoticias.com\/index.php\/wp-json\/wp\/v2\/media?parent=5530"}],"wp:term":[{"taxonomy":"category","embeddable":true,"href":"https:\/\/angelsolisnoticias.com\/index.php\/wp-json\/wp\/v2\/categories?post=5530"},{"taxonomy":"post_tag","embeddable":true,"href":"https:\/\/angelsolisnoticias.com\/index.php\/wp-json\/wp\/v2\/tags?post=5530"}],"curies":[{"name":"wp","href":"https:\/\/api.w.org\/{rel}","templated":true}]}}