{"id":5545,"date":"2024-01-23T18:20:17","date_gmt":"2024-01-23T18:20:17","guid":{"rendered":"https:\/\/angelsolisnoticias.com\/?p=5545"},"modified":"2024-01-24T03:23:20","modified_gmt":"2024-01-24T03:23:20","slug":"bacalar-aun-sin-candidato-aclara-juan-manuel-herrera","status":"publish","type":"post","link":"https:\/\/angelsolisnoticias.com\/index.php\/2024\/01\/23\/bacalar-aun-sin-candidato-aclara-juan-manuel-herrera\/","title":{"rendered":"Bacalar a\u00fan sin candidato, aclara Juan Manuel Herrera"},"content":{"rendered":"<p>Chetumal, 23 de enero<br \/>\n\u00c1ngel Sol\u00eds<\/p>\n<p>Pese a que algunos dan por hecho que Jos\u00e9 Alfredo Contreras M\u00e9ndez ser\u00eda el candidato de la coalici\u00f3n Morena-Verde-PT y MAS a la presidencia municipal de Bacalar, el comisionado local del Partido del Trabajo en ese municipio, Juan Manuel Herrera, aclar\u00f3 que esto no es as\u00ed, ya que hasta mediados de febrero se estar\u00eda definiendo qui\u00e9n encabezar\u00e1 la candidatura por el ayuntamiento sure\u00f1o.<\/p>\n<p>\u201cEn los partidos que conformamos la coalici\u00f3n hay unidad, pero cada quien por su lado estar\u00e1 presentando sus propuestas; ahora estamos en las mesas de negociaci\u00f3n y hasta mediados de febrero estar\u00edan definidos los candidatos. Falta tiempo, no es ahorita ni ma\u00f1ana\u201d.<\/p>\n<p>Rechaz\u00f3 que la posible postulaci\u00f3n de Jos\u00e9 Alfredo Contreras M\u00e9ndez sea ben\u00e9fica para los partidos que conforman la coalici\u00f3n, porque nunca las segundas y muchos menos las terceras partes resultan buenas.<\/p>\n<p><img loading=\"lazy\" decoding=\"async\" class=\"aligncenter wp-image-5548 \" src=\"https:\/\/angelsolisnoticias.com\/wp-content\/uploads\/2024\/01\/Chepe-denuncias.jpg\" alt=\"\" width=\"466\" height=\"488\" srcset=\"https:\/\/angelsolisnoticias.com\/wp-content\/uploads\/2024\/01\/Chepe-denuncias.jpg 760w, https:\/\/angelsolisnoticias.com\/wp-content\/uploads\/2024\/01\/Chepe-denuncias-286x300.jpg 286w\" sizes=\"auto, (max-width: 466px) 100vw, 466px\" \/><\/p>\n<p>\u201cSi en su segunda vez de presidente municipal est\u00e1 saliendo mal, y todav\u00eda va por un tercer periodo, \u00bfc\u00f3mo va a salir de este tercer mandato? En el estado tenemos casos de expresidentes que al t\u00e9rmino de su segundo per\u00edodo terminaron huyendo del estado\u201d.<\/p>\n<p>Acompa\u00f1ado de la S\u00edndica Municipal, Vanessa Pi\u00f1a Guti\u00e9rrez, y la regidora Trinidad Guill\u00e9n N\u00fa\u00f1ez y ante la presencia de Gerardo Rodr\u00edguez L\u00f3pez, comisionado pol\u00edtico nacional del partido en Quintana Roo, Juan Manuel Herrera afirm\u00f3 que Bacalar es el basti\u00f3n del PT y se\u00f1al\u00f3 que en el proceso electoral municipal pasado su partido obtuvo m\u00e1s votos que Morena y el Partido Verde.<\/p>\n<p>\u201cAl tener mayor n\u00famero de votos tenemos mano en la designaci\u00f3n de candidato, tenemos estructura, tenemos equipo y nuestros votos repercutir\u00e1n en el total que tenga la coalici\u00f3n\u201d.<\/p>\n<p>Entrevistado al t\u00e9rmino de la toma de protesta de la comisi\u00f3n ejecutiva en el municipio de la laguna de los siete colores, indic\u00f3 que la votaci\u00f3n por la presidencia municipal de Bacalar se podr\u00eda definir con alrededor de 10 mil votos, de los cuales el PT cuenta con un padr\u00f3n de poco m\u00e1s de seis mil afiliados, quienes podr\u00edan aportar el doble y hasta el triple de votos el d\u00eda de la elecci\u00f3n.<\/p>\n<p>Cuestionado sobre las posibilidades de que alg\u00fan petista encabece la candidatura, pese a que en el acuerdo de coalici\u00f3n presentado la semana pasada el municipio de Bacalar ser\u00eda siglado por Morena, el exdiputado local de la XIV Legislatura no descart\u00f3 esta posibilidad, ya que en anteriores procesos as\u00ed ocurri\u00f3.<\/p>\n<p>\u201cPudiera ser; ahora se da que Morena pone el nombre y el candidato es de otro partido\u201d.<\/p>\n<p>Finalmente indic\u00f3 que el partido que representa ha hecho el trabajo en todas las 58 comunidades y en la cabecera municipal de Bacalar, por lo que se encuentran fuertes, al grado que estaban pidiendo ir por su propio camino en esta elecci\u00f3n municipal, porque hay la plena confianza de que hasta solos pod\u00edan ganar.<\/p>\n","protected":false},"excerpt":{"rendered":"<p>Chetumal, 23 de enero \u00c1ngel Sol\u00eds Pese a que algunos dan por hecho que Jos\u00e9 Alfredo Contreras M\u00e9ndez ser\u00eda el candidato de la coalici\u00f3n Morena-Verde-PT y MAS a la presidencia municipal de Bacalar, el comisionado local del Partido del Trabajo en ese municipio, Juan Manuel Herrera, aclar\u00f3 que esto no <a href=\"https:\/\/angelsolisnoticias.com\/index.php\/2024\/01\/23\/bacalar-aun-sin-candidato-aclara-juan-manuel-herrera\/\" class=\"btn btn-link continue-link\">Seguir leyendo<\/a><\/p>\n","protected":false},"author":1,"featured_media":5547,"comment_status":"open","ping_status":"open","sticky":false,"template":"","format":"standard","meta":{"footnotes":""},"categories":[3,1],"tags":[],"class_list":["post-5545","post","type-post","status-publish","format-standard","has-post-thumbnail","hentry","category-principales","category-uncategorized"],"yoast_head":"<!-- This site is optimized with the Yoast SEO plugin v21.1 - https:\/\/yoast.com\/wordpress\/plugins\/seo\/ -->\n<title>Bacalar a\u00fan sin candidato, aclara Juan Manuel Herrera<\/title>\n<meta name=\"description\" content=\"\u00c1ngel Sol\u00eds\" \/>\n<meta name=\"robots\" content=\"index, follow, max-snippet:-1, max-image-preview:large, max-video-preview:-1\" \/>\n<link rel=\"canonical\" href=\"https:\/\/angelsolisnoticias.com\/index.php\/2024\/01\/23\/bacalar-aun-sin-candidato-aclara-juan-manuel-herrera\/\" \/>\n<meta property=\"og:locale\" content=\"es_MX\" \/>\n<meta property=\"og:type\" content=\"article\" \/>\n<meta property=\"og:title\" content=\"Bacalar a\u00fan sin candidato, aclara Juan Manuel Herrera\" \/>\n<meta property=\"og:description\" content=\"\u00c1ngel Sol\u00eds\" \/>\n<meta property=\"og:url\" content=\"https:\/\/angelsolisnoticias.com\/index.php\/2024\/01\/23\/bacalar-aun-sin-candidato-aclara-juan-manuel-herrera\/\" \/>\n<meta property=\"og:site_name\" content=\"\u00c1ngel Solis\" \/>\n<meta property=\"article:publisher\" content=\"https:\/\/www.facebook.com\/periodistasquintanaroo\" \/>\n<meta property=\"article:published_time\" content=\"2024-01-23T18:20:17+00:00\" \/>\n<meta property=\"article:modified_time\" content=\"2024-01-24T03:23:20+00:00\" \/>\n<meta property=\"og:image\" content=\"https:\/\/angelsolisnoticias.com\/wp-content\/uploads\/2024\/01\/Juan-manuel-Palacio11.jpg\" \/>\n\t<meta property=\"og:image:width\" content=\"800\" \/>\n\t<meta property=\"og:image:height\" content=\"569\" \/>\n\t<meta property=\"og:image:type\" content=\"image\/jpeg\" \/>\n<meta name=\"author\" content=\"admin\" \/>\n<meta name=\"twitter:card\" content=\"summary_large_image\" \/>\n<meta name=\"twitter:creator\" content=\"@PERIODISTASQROO\" \/>\n<meta name=\"twitter:site\" content=\"@PERIODISTASQROO\" \/>\n<meta name=\"twitter:label1\" content=\"Escrito por\" \/>\n\t<meta name=\"twitter:data1\" content=\"admin\" \/>\n\t<meta name=\"twitter:label2\" content=\"Tiempo de lectura\" \/>\n\t<meta name=\"twitter:data2\" content=\"3 minutos\" \/>\n<script type=\"application\/ld+json\" class=\"yoast-schema-graph\">{\"@context\":\"https:\/\/schema.org\",\"@graph\":[{\"@type\":\"Article\",\"@id\":\"https:\/\/angelsolisnoticias.com\/index.php\/2024\/01\/23\/bacalar-aun-sin-candidato-aclara-juan-manuel-herrera\/#article\",\"isPartOf\":{\"@id\":\"https:\/\/angelsolisnoticias.com\/index.php\/2024\/01\/23\/bacalar-aun-sin-candidato-aclara-juan-manuel-herrera\/\"},\"author\":{\"name\":\"admin\",\"@id\":\"https:\/\/angelsolisnoticias.com\/#\/schema\/person\/d5ca5e4c5f05db44e86cb564bf81ae6f\"},\"headline\":\"Bacalar a\u00fan sin candidato, aclara Juan Manuel Herrera\",\"datePublished\":\"2024-01-23T18:20:17+00:00\",\"dateModified\":\"2024-01-24T03:23:20+00:00\",\"mainEntityOfPage\":{\"@id\":\"https:\/\/angelsolisnoticias.com\/index.php\/2024\/01\/23\/bacalar-aun-sin-candidato-aclara-juan-manuel-herrera\/\"},\"wordCount\":523,\"commentCount\":0,\"publisher\":{\"@id\":\"https:\/\/angelsolisnoticias.com\/#organization\"},\"articleSection\":[\"Principales\",\"Uncategorized\"],\"inLanguage\":\"es\",\"potentialAction\":[{\"@type\":\"CommentAction\",\"name\":\"Comment\",\"target\":[\"https:\/\/angelsolisnoticias.com\/index.php\/2024\/01\/23\/bacalar-aun-sin-candidato-aclara-juan-manuel-herrera\/#respond\"]}]},{\"@type\":\"WebPage\",\"@id\":\"https:\/\/angelsolisnoticias.com\/index.php\/2024\/01\/23\/bacalar-aun-sin-candidato-aclara-juan-manuel-herrera\/\",\"url\":\"https:\/\/angelsolisnoticias.com\/index.php\/2024\/01\/23\/bacalar-aun-sin-candidato-aclara-juan-manuel-herrera\/\",\"name\":\"Bacalar a\u00fan sin candidato, aclara Juan Manuel Herrera\",\"isPartOf\":{\"@id\":\"https:\/\/angelsolisnoticias.com\/#website\"},\"datePublished\":\"2024-01-23T18:20:17+00:00\",\"dateModified\":\"2024-01-24T03:23:20+00:00\",\"description\":\"\u00c1ngel Sol\u00eds\",\"breadcrumb\":{\"@id\":\"https:\/\/angelsolisnoticias.com\/index.php\/2024\/01\/23\/bacalar-aun-sin-candidato-aclara-juan-manuel-herrera\/#breadcrumb\"},\"inLanguage\":\"es\",\"potentialAction\":[{\"@type\":\"ReadAction\",\"target\":[\"https:\/\/angelsolisnoticias.com\/index.php\/2024\/01\/23\/bacalar-aun-sin-candidato-aclara-juan-manuel-herrera\/\"]}]},{\"@type\":\"BreadcrumbList\",\"@id\":\"https:\/\/angelsolisnoticias.com\/index.php\/2024\/01\/23\/bacalar-aun-sin-candidato-aclara-juan-manuel-herrera\/#breadcrumb\",\"itemListElement\":[{\"@type\":\"ListItem\",\"position\":1,\"name\":\"Inicio\",\"item\":\"https:\/\/angelsolisnoticias.com\/\"},{\"@type\":\"ListItem\",\"position\":2,\"name\":\"Bacalar a\u00fan sin candidato, aclara Juan Manuel Herrera\"}]},{\"@type\":\"WebSite\",\"@id\":\"https:\/\/angelsolisnoticias.com\/#website\",\"url\":\"https:\/\/angelsolisnoticias.com\/\",\"name\":\"\u00c1ngel Solis\",\"description\":\"Noticias de Quintana Roo\",\"publisher\":{\"@id\":\"https:\/\/angelsolisnoticias.com\/#organization\"},\"potentialAction\":[{\"@type\":\"SearchAction\",\"target\":{\"@type\":\"EntryPoint\",\"urlTemplate\":\"https:\/\/angelsolisnoticias.com\/?s={search_term_string}\"},\"query-input\":\"required name=search_term_string\"}],\"inLanguage\":\"es\"},{\"@type\":\"Organization\",\"@id\":\"https:\/\/angelsolisnoticias.com\/#organization\",\"name\":\"\u00c1ngel Solis\",\"url\":\"https:\/\/angelsolisnoticias.com\/\",\"logo\":{\"@type\":\"ImageObject\",\"inLanguage\":\"es\",\"@id\":\"https:\/\/angelsolisnoticias.com\/#\/schema\/logo\/image\/\",\"url\":\"https:\/\/angelsolisnoticias.com\/wp-content\/uploads\/2023\/01\/LOGO3.png\",\"contentUrl\":\"https:\/\/angelsolisnoticias.com\/wp-content\/uploads\/2023\/01\/LOGO3.png\",\"width\":1853,\"height\":570,\"caption\":\"\u00c1ngel Solis\"},\"image\":{\"@id\":\"https:\/\/angelsolisnoticias.com\/#\/schema\/logo\/image\/\"},\"sameAs\":[\"https:\/\/www.facebook.com\/periodistasquintanaroo\",\"https:\/\/twitter.com\/PERIODISTASQROO\"]},{\"@type\":\"Person\",\"@id\":\"https:\/\/angelsolisnoticias.com\/#\/schema\/person\/d5ca5e4c5f05db44e86cb564bf81ae6f\",\"name\":\"admin\",\"image\":{\"@type\":\"ImageObject\",\"inLanguage\":\"es\",\"@id\":\"https:\/\/angelsolisnoticias.com\/#\/schema\/person\/image\/\",\"url\":\"https:\/\/secure.gravatar.com\/avatar\/dff3eaf7d33320066684ce268bff2bf90ce4f69456139b2d65d7796f64299e47?s=96&d=mm&r=g\",\"contentUrl\":\"https:\/\/secure.gravatar.com\/avatar\/dff3eaf7d33320066684ce268bff2bf90ce4f69456139b2d65d7796f64299e47?s=96&d=mm&r=g\",\"caption\":\"admin\"},\"sameAs\":[\"https:\/\/angelsolisnoticias.com\"],\"url\":\"https:\/\/angelsolisnoticias.com\/index.php\/author\/admin_qnbaat5l\/\"}]}<\/script>\n<!-- \/ Yoast SEO plugin. -->","yoast_head_json":{"title":"Bacalar a\u00fan sin candidato, aclara Juan Manuel Herrera","description":"\u00c1ngel Sol\u00eds","robots":{"index":"index","follow":"follow","max-snippet":"max-snippet:-1","max-image-preview":"max-image-preview:large","max-video-preview":"max-video-preview:-1"},"canonical":"https:\/\/angelsolisnoticias.com\/index.php\/2024\/01\/23\/bacalar-aun-sin-candidato-aclara-juan-manuel-herrera\/","og_locale":"es_MX","og_type":"article","og_title":"Bacalar a\u00fan sin candidato, aclara Juan Manuel Herrera","og_description":"\u00c1ngel Sol\u00eds","og_url":"https:\/\/angelsolisnoticias.com\/index.php\/2024\/01\/23\/bacalar-aun-sin-candidato-aclara-juan-manuel-herrera\/","og_site_name":"\u00c1ngel Solis","article_publisher":"https:\/\/www.facebook.com\/periodistasquintanaroo","article_published_time":"2024-01-23T18:20:17+00:00","article_modified_time":"2024-01-24T03:23:20+00:00","og_image":[{"width":800,"height":569,"url":"https:\/\/angelsolisnoticias.com\/wp-content\/uploads\/2024\/01\/Juan-manuel-Palacio11.jpg","type":"image\/jpeg"}],"author":"admin","twitter_card":"summary_large_image","twitter_creator":"@PERIODISTASQROO","twitter_site":"@PERIODISTASQROO","twitter_misc":{"Escrito por":"admin","Tiempo de lectura":"3 minutos"},"schema":{"@context":"https:\/\/schema.org","@graph":[{"@type":"Article","@id":"https:\/\/angelsolisnoticias.com\/index.php\/2024\/01\/23\/bacalar-aun-sin-candidato-aclara-juan-manuel-herrera\/#article","isPartOf":{"@id":"https:\/\/angelsolisnoticias.com\/index.php\/2024\/01\/23\/bacalar-aun-sin-candidato-aclara-juan-manuel-herrera\/"},"author":{"name":"admin","@id":"https:\/\/angelsolisnoticias.com\/#\/schema\/person\/d5ca5e4c5f05db44e86cb564bf81ae6f"},"headline":"Bacalar a\u00fan sin candidato, aclara Juan Manuel Herrera","datePublished":"2024-01-23T18:20:17+00:00","dateModified":"2024-01-24T03:23:20+00:00","mainEntityOfPage":{"@id":"https:\/\/angelsolisnoticias.com\/index.php\/2024\/01\/23\/bacalar-aun-sin-candidato-aclara-juan-manuel-herrera\/"},"wordCount":523,"commentCount":0,"publisher":{"@id":"https:\/\/angelsolisnoticias.com\/#organization"},"articleSection":["Principales","Uncategorized"],"inLanguage":"es","potentialAction":[{"@type":"CommentAction","name":"Comment","target":["https:\/\/angelsolisnoticias.com\/index.php\/2024\/01\/23\/bacalar-aun-sin-candidato-aclara-juan-manuel-herrera\/#respond"]}]},{"@type":"WebPage","@id":"https:\/\/angelsolisnoticias.com\/index.php\/2024\/01\/23\/bacalar-aun-sin-candidato-aclara-juan-manuel-herrera\/","url":"https:\/\/angelsolisnoticias.com\/index.php\/2024\/01\/23\/bacalar-aun-sin-candidato-aclara-juan-manuel-herrera\/","name":"Bacalar a\u00fan sin candidato, aclara Juan Manuel Herrera","isPartOf":{"@id":"https:\/\/angelsolisnoticias.com\/#website"},"datePublished":"2024-01-23T18:20:17+00:00","dateModified":"2024-01-24T03:23:20+00:00","description":"\u00c1ngel Sol\u00eds","breadcrumb":{"@id":"https:\/\/angelsolisnoticias.com\/index.php\/2024\/01\/23\/bacalar-aun-sin-candidato-aclara-juan-manuel-herrera\/#breadcrumb"},"inLanguage":"es","potentialAction":[{"@type":"ReadAction","target":["https:\/\/angelsolisnoticias.com\/index.php\/2024\/01\/23\/bacalar-aun-sin-candidato-aclara-juan-manuel-herrera\/"]}]},{"@type":"BreadcrumbList","@id":"https:\/\/angelsolisnoticias.com\/index.php\/2024\/01\/23\/bacalar-aun-sin-candidato-aclara-juan-manuel-herrera\/#breadcrumb","itemListElement":[{"@type":"ListItem","position":1,"name":"Inicio","item":"https:\/\/angelsolisnoticias.com\/"},{"@type":"ListItem","position":2,"name":"Bacalar a\u00fan sin candidato, aclara Juan Manuel Herrera"}]},{"@type":"WebSite","@id":"https:\/\/angelsolisnoticias.com\/#website","url":"https:\/\/angelsolisnoticias.com\/","name":"\u00c1ngel Solis","description":"Noticias de Quintana Roo","publisher":{"@id":"https:\/\/angelsolisnoticias.com\/#organization"},"potentialAction":[{"@type":"SearchAction","target":{"@type":"EntryPoint","urlTemplate":"https:\/\/angelsolisnoticias.com\/?s={search_term_string}"},"query-input":"required name=search_term_string"}],"inLanguage":"es"},{"@type":"Organization","@id":"https:\/\/angelsolisnoticias.com\/#organization","name":"\u00c1ngel Solis","url":"https:\/\/angelsolisnoticias.com\/","logo":{"@type":"ImageObject","inLanguage":"es","@id":"https:\/\/angelsolisnoticias.com\/#\/schema\/logo\/image\/","url":"https:\/\/angelsolisnoticias.com\/wp-content\/uploads\/2023\/01\/LOGO3.png","contentUrl":"https:\/\/angelsolisnoticias.com\/wp-content\/uploads\/2023\/01\/LOGO3.png","width":1853,"height":570,"caption":"\u00c1ngel Solis"},"image":{"@id":"https:\/\/angelsolisnoticias.com\/#\/schema\/logo\/image\/"},"sameAs":["https:\/\/www.facebook.com\/periodistasquintanaroo","https:\/\/twitter.com\/PERIODISTASQROO"]},{"@type":"Person","@id":"https:\/\/angelsolisnoticias.com\/#\/schema\/person\/d5ca5e4c5f05db44e86cb564bf81ae6f","name":"admin","image":{"@type":"ImageObject","inLanguage":"es","@id":"https:\/\/angelsolisnoticias.com\/#\/schema\/person\/image\/","url":"https:\/\/secure.gravatar.com\/avatar\/dff3eaf7d33320066684ce268bff2bf90ce4f69456139b2d65d7796f64299e47?s=96&d=mm&r=g","contentUrl":"https:\/\/secure.gravatar.com\/avatar\/dff3eaf7d33320066684ce268bff2bf90ce4f69456139b2d65d7796f64299e47?s=96&d=mm&r=g","caption":"admin"},"sameAs":["https:\/\/angelsolisnoticias.com"],"url":"https:\/\/angelsolisnoticias.com\/index.php\/author\/admin_qnbaat5l\/"}]}},"jetpack_featured_media_url":"https:\/\/angelsolisnoticias.com\/wp-content\/uploads\/2024\/01\/Juan-manuel-Palacio11.jpg","_links":{"self":[{"href":"https:\/\/angelsolisnoticias.com\/index.php\/wp-json\/wp\/v2\/posts\/5545","targetHints":{"allow":["GET"]}}],"collection":[{"href":"https:\/\/angelsolisnoticias.com\/index.php\/wp-json\/wp\/v2\/posts"}],"about":[{"href":"https:\/\/angelsolisnoticias.com\/index.php\/wp-json\/wp\/v2\/types\/post"}],"author":[{"embeddable":true,"href":"https:\/\/angelsolisnoticias.com\/index.php\/wp-json\/wp\/v2\/users\/1"}],"replies":[{"embeddable":true,"href":"https:\/\/angelsolisnoticias.com\/index.php\/wp-json\/wp\/v2\/comments?post=5545"}],"version-history":[{"count":2,"href":"https:\/\/angelsolisnoticias.com\/index.php\/wp-json\/wp\/v2\/posts\/5545\/revisions"}],"predecessor-version":[{"id":5549,"href":"https:\/\/angelsolisnoticias.com\/index.php\/wp-json\/wp\/v2\/posts\/5545\/revisions\/5549"}],"wp:featuredmedia":[{"embeddable":true,"href":"https:\/\/angelsolisnoticias.com\/index.php\/wp-json\/wp\/v2\/media\/5547"}],"wp:attachment":[{"href":"https:\/\/angelsolisnoticias.com\/index.php\/wp-json\/wp\/v2\/media?parent=5545"}],"wp:term":[{"taxonomy":"category","embeddable":true,"href":"https:\/\/angelsolisnoticias.com\/index.php\/wp-json\/wp\/v2\/categories?post=5545"},{"taxonomy":"post_tag","embeddable":true,"href":"https:\/\/angelsolisnoticias.com\/index.php\/wp-json\/wp\/v2\/tags?post=5545"}],"curies":[{"name":"wp","href":"https:\/\/api.w.org\/{rel}","templated":true}]}}