{"id":5550,"date":"2024-01-24T14:16:57","date_gmt":"2024-01-24T14:16:57","guid":{"rendered":"https:\/\/angelsolisnoticias.com\/?p=5550"},"modified":"2024-01-24T20:42:44","modified_gmt":"2024-01-24T20:42:44","slug":"felipe-carrillo-puerto-brilla-en-fitur-con-su-encanto-natural-gastronomico-y-cultural","status":"publish","type":"post","link":"https:\/\/angelsolisnoticias.com\/index.php\/2024\/01\/24\/felipe-carrillo-puerto-brilla-en-fitur-con-su-encanto-natural-gastronomico-y-cultural\/","title":{"rendered":"Felipe Carrillo Puerto brilla en FITUR con su encanto natural, gastron\u00f3mico y cultural"},"content":{"rendered":"<p>Madrid, 24 de enero<br \/>\nRedacci\u00f3n<\/p>\n<p>Felipe Carrillo Puerto, una joya del turismo emergente en Quintana Roo, est\u00e1 marcando su presencia en la Feria Internacional de Turismo (FITUR) en Madrid. La Presidenta Municipal, Mary Hern\u00e1ndez, destac\u00f3 en la feria la riqueza natural, gastron\u00f3mica y cultural de Maya Ka\u00e1n, un destino en auge gracias al impulso del Tren Maya y el Aeropuerto Internacional Felipe Carrillo Puerto.<\/p>\n<p>En su participaci\u00f3n en este importante evento global, Mary Hern\u00e1ndez resalt\u00f3 el compromiso del municipio con un desarrollo tur\u00edstico sostenible que prioriza a los habitantes de Felipe Carrillo Puerto como principales beneficiarios. \u201cPara Felipe Carrillo Puerto, y para Maya Ka\u00e1n, es la segunda vez que tenemos la gran oportunidad de estar aqu\u00ed&#8221;, expres\u00f3 Mary Hern\u00e1ndez. \u201cEn Felipe Carrillo Puerto se est\u00e1 enfocando en que el desarrollo tur\u00edstico beneficie primero a los carrilloportenses\u201d.<\/p>\n<p><img loading=\"lazy\" decoding=\"async\" class=\"aligncenter wp-image-5555 \" src=\"https:\/\/angelsolisnoticias.com\/wp-content\/uploads\/2024\/01\/Carrillo-Fitur5.jpg\" alt=\"\" width=\"594\" height=\"396\" srcset=\"https:\/\/angelsolisnoticias.com\/wp-content\/uploads\/2024\/01\/Carrillo-Fitur5.jpg 720w, https:\/\/angelsolisnoticias.com\/wp-content\/uploads\/2024\/01\/Carrillo-Fitur5-300x200.jpg 300w\" sizes=\"auto, (max-width: 594px) 100vw, 594px\" \/><\/p>\n<p>Esta estrategia busca armonizar el crecimiento econ\u00f3mico con el respeto por la naturaleza y la cultura local. Maya Ka\u00e1n, situado en el coraz\u00f3n de Quintana Roo, ofrece una experiencia tur\u00edstica enriquecedora, combinando paisajes naturales impresionantes, una gastronom\u00eda aut\u00f3ctona exquisita y una cultura vibrante que refleja las tradiciones del pueblo maya.<\/p>\n<p><img loading=\"lazy\" decoding=\"async\" class=\"aligncenter wp-image-5554 \" src=\"https:\/\/angelsolisnoticias.com\/wp-content\/uploads\/2024\/01\/Carrillo-Fitur6.jpg\" alt=\"\" width=\"284\" height=\"505\" srcset=\"https:\/\/angelsolisnoticias.com\/wp-content\/uploads\/2024\/01\/Carrillo-Fitur6.jpg 520w, https:\/\/angelsolisnoticias.com\/wp-content\/uploads\/2024\/01\/Carrillo-Fitur6-169x300.jpg 169w\" sizes=\"auto, (max-width: 284px) 100vw, 284px\" \/><\/p>\n<p>La FITUR, que re\u00fane a profesionales del sector tur\u00edstico de todo el mundo, es el escenario perfecto para que Felipe Carrillo Puerto muestre su potencial. Con el apoyo de proyectos como el Tren Maya y el nuevo aeropuerto y pr\u00f3ximamente La Puerta Al Mar, el municipio se posiciona como un destino tur\u00edstico de primer nivel, listo para cautivar a viajeros que buscan una experiencia aut\u00e9ntica y respetuosa con el entorno y las comunidades locales.<\/p>\n","protected":false},"excerpt":{"rendered":"<p>Madrid, 24 de enero Redacci\u00f3n Felipe Carrillo Puerto, una joya del turismo emergente en Quintana Roo, est\u00e1 marcando su presencia en la Feria Internacional de Turismo (FITUR) en Madrid. La Presidenta Municipal, Mary Hern\u00e1ndez, destac\u00f3 en la feria la riqueza natural, gastron\u00f3mica y cultural de Maya Ka\u00e1n, un destino en <a href=\"https:\/\/angelsolisnoticias.com\/index.php\/2024\/01\/24\/felipe-carrillo-puerto-brilla-en-fitur-con-su-encanto-natural-gastronomico-y-cultural\/\" class=\"btn btn-link continue-link\">Seguir leyendo<\/a><\/p>\n","protected":false},"author":1,"featured_media":5552,"comment_status":"open","ping_status":"open","sticky":false,"template":"","format":"standard","meta":{"footnotes":""},"categories":[1],"tags":[],"class_list":["post-5550","post","type-post","status-publish","format-standard","has-post-thumbnail","hentry","category-uncategorized"],"yoast_head":"<!-- This site is optimized with the Yoast SEO plugin v21.1 - https:\/\/yoast.com\/wordpress\/plugins\/seo\/ -->\n<title>Felipe Carrillo Puerto brilla en FITUR con su encanto natural, gastron\u00f3mico y cultural<\/title>\n<meta name=\"description\" content=\".\" \/>\n<meta name=\"robots\" content=\"index, follow, max-snippet:-1, max-image-preview:large, max-video-preview:-1\" \/>\n<link rel=\"canonical\" href=\"https:\/\/angelsolisnoticias.com\/index.php\/2024\/01\/24\/felipe-carrillo-puerto-brilla-en-fitur-con-su-encanto-natural-gastronomico-y-cultural\/\" \/>\n<meta property=\"og:locale\" content=\"es_MX\" \/>\n<meta property=\"og:type\" content=\"article\" \/>\n<meta property=\"og:title\" content=\"Felipe Carrillo Puerto brilla en FITUR con su encanto natural, gastron\u00f3mico y cultural\" \/>\n<meta property=\"og:description\" content=\".\" \/>\n<meta property=\"og:url\" content=\"https:\/\/angelsolisnoticias.com\/index.php\/2024\/01\/24\/felipe-carrillo-puerto-brilla-en-fitur-con-su-encanto-natural-gastronomico-y-cultural\/\" \/>\n<meta property=\"og:site_name\" content=\"\u00c1ngel Solis\" \/>\n<meta property=\"article:publisher\" content=\"https:\/\/www.facebook.com\/periodistasquintanaroo\" \/>\n<meta property=\"article:published_time\" content=\"2024-01-24T14:16:57+00:00\" \/>\n<meta property=\"article:modified_time\" content=\"2024-01-24T20:42:44+00:00\" \/>\n<meta property=\"og:image\" content=\"https:\/\/angelsolisnoticias.com\/wp-content\/uploads\/2024\/01\/Carrillo-Fitu8.jpg\" \/>\n\t<meta property=\"og:image:width\" content=\"800\" \/>\n\t<meta property=\"og:image:height\" content=\"569\" \/>\n\t<meta property=\"og:image:type\" content=\"image\/jpeg\" \/>\n<meta name=\"author\" content=\"admin\" \/>\n<meta name=\"twitter:card\" content=\"summary_large_image\" \/>\n<meta name=\"twitter:creator\" content=\"@PERIODISTASQROO\" \/>\n<meta name=\"twitter:site\" content=\"@PERIODISTASQROO\" \/>\n<meta name=\"twitter:label1\" content=\"Escrito por\" \/>\n\t<meta name=\"twitter:data1\" content=\"admin\" \/>\n\t<meta name=\"twitter:label2\" content=\"Tiempo de lectura\" \/>\n\t<meta name=\"twitter:data2\" content=\"2 minutos\" \/>\n<script type=\"application\/ld+json\" class=\"yoast-schema-graph\">{\"@context\":\"https:\/\/schema.org\",\"@graph\":[{\"@type\":\"Article\",\"@id\":\"https:\/\/angelsolisnoticias.com\/index.php\/2024\/01\/24\/felipe-carrillo-puerto-brilla-en-fitur-con-su-encanto-natural-gastronomico-y-cultural\/#article\",\"isPartOf\":{\"@id\":\"https:\/\/angelsolisnoticias.com\/index.php\/2024\/01\/24\/felipe-carrillo-puerto-brilla-en-fitur-con-su-encanto-natural-gastronomico-y-cultural\/\"},\"author\":{\"name\":\"admin\",\"@id\":\"https:\/\/angelsolisnoticias.com\/#\/schema\/person\/d5ca5e4c5f05db44e86cb564bf81ae6f\"},\"headline\":\"Felipe Carrillo Puerto brilla en FITUR con su encanto natural, gastron\u00f3mico y cultural\",\"datePublished\":\"2024-01-24T14:16:57+00:00\",\"dateModified\":\"2024-01-24T20:42:44+00:00\",\"mainEntityOfPage\":{\"@id\":\"https:\/\/angelsolisnoticias.com\/index.php\/2024\/01\/24\/felipe-carrillo-puerto-brilla-en-fitur-con-su-encanto-natural-gastronomico-y-cultural\/\"},\"wordCount\":294,\"commentCount\":0,\"publisher\":{\"@id\":\"https:\/\/angelsolisnoticias.com\/#organization\"},\"articleSection\":[\"Uncategorized\"],\"inLanguage\":\"es\",\"potentialAction\":[{\"@type\":\"CommentAction\",\"name\":\"Comment\",\"target\":[\"https:\/\/angelsolisnoticias.com\/index.php\/2024\/01\/24\/felipe-carrillo-puerto-brilla-en-fitur-con-su-encanto-natural-gastronomico-y-cultural\/#respond\"]}]},{\"@type\":\"WebPage\",\"@id\":\"https:\/\/angelsolisnoticias.com\/index.php\/2024\/01\/24\/felipe-carrillo-puerto-brilla-en-fitur-con-su-encanto-natural-gastronomico-y-cultural\/\",\"url\":\"https:\/\/angelsolisnoticias.com\/index.php\/2024\/01\/24\/felipe-carrillo-puerto-brilla-en-fitur-con-su-encanto-natural-gastronomico-y-cultural\/\",\"name\":\"Felipe Carrillo Puerto brilla en FITUR con su encanto natural, gastron\u00f3mico y cultural\",\"isPartOf\":{\"@id\":\"https:\/\/angelsolisnoticias.com\/#website\"},\"datePublished\":\"2024-01-24T14:16:57+00:00\",\"dateModified\":\"2024-01-24T20:42:44+00:00\",\"description\":\".\",\"breadcrumb\":{\"@id\":\"https:\/\/angelsolisnoticias.com\/index.php\/2024\/01\/24\/felipe-carrillo-puerto-brilla-en-fitur-con-su-encanto-natural-gastronomico-y-cultural\/#breadcrumb\"},\"inLanguage\":\"es\",\"potentialAction\":[{\"@type\":\"ReadAction\",\"target\":[\"https:\/\/angelsolisnoticias.com\/index.php\/2024\/01\/24\/felipe-carrillo-puerto-brilla-en-fitur-con-su-encanto-natural-gastronomico-y-cultural\/\"]}]},{\"@type\":\"BreadcrumbList\",\"@id\":\"https:\/\/angelsolisnoticias.com\/index.php\/2024\/01\/24\/felipe-carrillo-puerto-brilla-en-fitur-con-su-encanto-natural-gastronomico-y-cultural\/#breadcrumb\",\"itemListElement\":[{\"@type\":\"ListItem\",\"position\":1,\"name\":\"Inicio\",\"item\":\"https:\/\/angelsolisnoticias.com\/\"},{\"@type\":\"ListItem\",\"position\":2,\"name\":\"Felipe Carrillo Puerto brilla en FITUR con su encanto natural, gastron\u00f3mico y cultural\"}]},{\"@type\":\"WebSite\",\"@id\":\"https:\/\/angelsolisnoticias.com\/#website\",\"url\":\"https:\/\/angelsolisnoticias.com\/\",\"name\":\"\u00c1ngel Solis\",\"description\":\"Noticias de Quintana Roo\",\"publisher\":{\"@id\":\"https:\/\/angelsolisnoticias.com\/#organization\"},\"potentialAction\":[{\"@type\":\"SearchAction\",\"target\":{\"@type\":\"EntryPoint\",\"urlTemplate\":\"https:\/\/angelsolisnoticias.com\/?s={search_term_string}\"},\"query-input\":\"required name=search_term_string\"}],\"inLanguage\":\"es\"},{\"@type\":\"Organization\",\"@id\":\"https:\/\/angelsolisnoticias.com\/#organization\",\"name\":\"\u00c1ngel Solis\",\"url\":\"https:\/\/angelsolisnoticias.com\/\",\"logo\":{\"@type\":\"ImageObject\",\"inLanguage\":\"es\",\"@id\":\"https:\/\/angelsolisnoticias.com\/#\/schema\/logo\/image\/\",\"url\":\"https:\/\/angelsolisnoticias.com\/wp-content\/uploads\/2023\/01\/LOGO3.png\",\"contentUrl\":\"https:\/\/angelsolisnoticias.com\/wp-content\/uploads\/2023\/01\/LOGO3.png\",\"width\":1853,\"height\":570,\"caption\":\"\u00c1ngel Solis\"},\"image\":{\"@id\":\"https:\/\/angelsolisnoticias.com\/#\/schema\/logo\/image\/\"},\"sameAs\":[\"https:\/\/www.facebook.com\/periodistasquintanaroo\",\"https:\/\/twitter.com\/PERIODISTASQROO\"]},{\"@type\":\"Person\",\"@id\":\"https:\/\/angelsolisnoticias.com\/#\/schema\/person\/d5ca5e4c5f05db44e86cb564bf81ae6f\",\"name\":\"admin\",\"image\":{\"@type\":\"ImageObject\",\"inLanguage\":\"es\",\"@id\":\"https:\/\/angelsolisnoticias.com\/#\/schema\/person\/image\/\",\"url\":\"https:\/\/secure.gravatar.com\/avatar\/dff3eaf7d33320066684ce268bff2bf90ce4f69456139b2d65d7796f64299e47?s=96&d=mm&r=g\",\"contentUrl\":\"https:\/\/secure.gravatar.com\/avatar\/dff3eaf7d33320066684ce268bff2bf90ce4f69456139b2d65d7796f64299e47?s=96&d=mm&r=g\",\"caption\":\"admin\"},\"sameAs\":[\"https:\/\/angelsolisnoticias.com\"],\"url\":\"https:\/\/angelsolisnoticias.com\/index.php\/author\/admin_qnbaat5l\/\"}]}<\/script>\n<!-- \/ Yoast SEO plugin. -->","yoast_head_json":{"title":"Felipe Carrillo Puerto brilla en FITUR con su encanto natural, gastron\u00f3mico y cultural","description":".","robots":{"index":"index","follow":"follow","max-snippet":"max-snippet:-1","max-image-preview":"max-image-preview:large","max-video-preview":"max-video-preview:-1"},"canonical":"https:\/\/angelsolisnoticias.com\/index.php\/2024\/01\/24\/felipe-carrillo-puerto-brilla-en-fitur-con-su-encanto-natural-gastronomico-y-cultural\/","og_locale":"es_MX","og_type":"article","og_title":"Felipe Carrillo Puerto brilla en FITUR con su encanto natural, gastron\u00f3mico y cultural","og_description":".","og_url":"https:\/\/angelsolisnoticias.com\/index.php\/2024\/01\/24\/felipe-carrillo-puerto-brilla-en-fitur-con-su-encanto-natural-gastronomico-y-cultural\/","og_site_name":"\u00c1ngel Solis","article_publisher":"https:\/\/www.facebook.com\/periodistasquintanaroo","article_published_time":"2024-01-24T14:16:57+00:00","article_modified_time":"2024-01-24T20:42:44+00:00","og_image":[{"width":800,"height":569,"url":"https:\/\/angelsolisnoticias.com\/wp-content\/uploads\/2024\/01\/Carrillo-Fitu8.jpg","type":"image\/jpeg"}],"author":"admin","twitter_card":"summary_large_image","twitter_creator":"@PERIODISTASQROO","twitter_site":"@PERIODISTASQROO","twitter_misc":{"Escrito por":"admin","Tiempo de lectura":"2 minutos"},"schema":{"@context":"https:\/\/schema.org","@graph":[{"@type":"Article","@id":"https:\/\/angelsolisnoticias.com\/index.php\/2024\/01\/24\/felipe-carrillo-puerto-brilla-en-fitur-con-su-encanto-natural-gastronomico-y-cultural\/#article","isPartOf":{"@id":"https:\/\/angelsolisnoticias.com\/index.php\/2024\/01\/24\/felipe-carrillo-puerto-brilla-en-fitur-con-su-encanto-natural-gastronomico-y-cultural\/"},"author":{"name":"admin","@id":"https:\/\/angelsolisnoticias.com\/#\/schema\/person\/d5ca5e4c5f05db44e86cb564bf81ae6f"},"headline":"Felipe Carrillo Puerto brilla en FITUR con su encanto natural, gastron\u00f3mico y cultural","datePublished":"2024-01-24T14:16:57+00:00","dateModified":"2024-01-24T20:42:44+00:00","mainEntityOfPage":{"@id":"https:\/\/angelsolisnoticias.com\/index.php\/2024\/01\/24\/felipe-carrillo-puerto-brilla-en-fitur-con-su-encanto-natural-gastronomico-y-cultural\/"},"wordCount":294,"commentCount":0,"publisher":{"@id":"https:\/\/angelsolisnoticias.com\/#organization"},"articleSection":["Uncategorized"],"inLanguage":"es","potentialAction":[{"@type":"CommentAction","name":"Comment","target":["https:\/\/angelsolisnoticias.com\/index.php\/2024\/01\/24\/felipe-carrillo-puerto-brilla-en-fitur-con-su-encanto-natural-gastronomico-y-cultural\/#respond"]}]},{"@type":"WebPage","@id":"https:\/\/angelsolisnoticias.com\/index.php\/2024\/01\/24\/felipe-carrillo-puerto-brilla-en-fitur-con-su-encanto-natural-gastronomico-y-cultural\/","url":"https:\/\/angelsolisnoticias.com\/index.php\/2024\/01\/24\/felipe-carrillo-puerto-brilla-en-fitur-con-su-encanto-natural-gastronomico-y-cultural\/","name":"Felipe Carrillo Puerto brilla en FITUR con su encanto natural, gastron\u00f3mico y cultural","isPartOf":{"@id":"https:\/\/angelsolisnoticias.com\/#website"},"datePublished":"2024-01-24T14:16:57+00:00","dateModified":"2024-01-24T20:42:44+00:00","description":".","breadcrumb":{"@id":"https:\/\/angelsolisnoticias.com\/index.php\/2024\/01\/24\/felipe-carrillo-puerto-brilla-en-fitur-con-su-encanto-natural-gastronomico-y-cultural\/#breadcrumb"},"inLanguage":"es","potentialAction":[{"@type":"ReadAction","target":["https:\/\/angelsolisnoticias.com\/index.php\/2024\/01\/24\/felipe-carrillo-puerto-brilla-en-fitur-con-su-encanto-natural-gastronomico-y-cultural\/"]}]},{"@type":"BreadcrumbList","@id":"https:\/\/angelsolisnoticias.com\/index.php\/2024\/01\/24\/felipe-carrillo-puerto-brilla-en-fitur-con-su-encanto-natural-gastronomico-y-cultural\/#breadcrumb","itemListElement":[{"@type":"ListItem","position":1,"name":"Inicio","item":"https:\/\/angelsolisnoticias.com\/"},{"@type":"ListItem","position":2,"name":"Felipe Carrillo Puerto brilla en FITUR con su encanto natural, gastron\u00f3mico y cultural"}]},{"@type":"WebSite","@id":"https:\/\/angelsolisnoticias.com\/#website","url":"https:\/\/angelsolisnoticias.com\/","name":"\u00c1ngel Solis","description":"Noticias de Quintana Roo","publisher":{"@id":"https:\/\/angelsolisnoticias.com\/#organization"},"potentialAction":[{"@type":"SearchAction","target":{"@type":"EntryPoint","urlTemplate":"https:\/\/angelsolisnoticias.com\/?s={search_term_string}"},"query-input":"required name=search_term_string"}],"inLanguage":"es"},{"@type":"Organization","@id":"https:\/\/angelsolisnoticias.com\/#organization","name":"\u00c1ngel Solis","url":"https:\/\/angelsolisnoticias.com\/","logo":{"@type":"ImageObject","inLanguage":"es","@id":"https:\/\/angelsolisnoticias.com\/#\/schema\/logo\/image\/","url":"https:\/\/angelsolisnoticias.com\/wp-content\/uploads\/2023\/01\/LOGO3.png","contentUrl":"https:\/\/angelsolisnoticias.com\/wp-content\/uploads\/2023\/01\/LOGO3.png","width":1853,"height":570,"caption":"\u00c1ngel Solis"},"image":{"@id":"https:\/\/angelsolisnoticias.com\/#\/schema\/logo\/image\/"},"sameAs":["https:\/\/www.facebook.com\/periodistasquintanaroo","https:\/\/twitter.com\/PERIODISTASQROO"]},{"@type":"Person","@id":"https:\/\/angelsolisnoticias.com\/#\/schema\/person\/d5ca5e4c5f05db44e86cb564bf81ae6f","name":"admin","image":{"@type":"ImageObject","inLanguage":"es","@id":"https:\/\/angelsolisnoticias.com\/#\/schema\/person\/image\/","url":"https:\/\/secure.gravatar.com\/avatar\/dff3eaf7d33320066684ce268bff2bf90ce4f69456139b2d65d7796f64299e47?s=96&d=mm&r=g","contentUrl":"https:\/\/secure.gravatar.com\/avatar\/dff3eaf7d33320066684ce268bff2bf90ce4f69456139b2d65d7796f64299e47?s=96&d=mm&r=g","caption":"admin"},"sameAs":["https:\/\/angelsolisnoticias.com"],"url":"https:\/\/angelsolisnoticias.com\/index.php\/author\/admin_qnbaat5l\/"}]}},"jetpack_featured_media_url":"https:\/\/angelsolisnoticias.com\/wp-content\/uploads\/2024\/01\/Carrillo-Fitu8.jpg","_links":{"self":[{"href":"https:\/\/angelsolisnoticias.com\/index.php\/wp-json\/wp\/v2\/posts\/5550","targetHints":{"allow":["GET"]}}],"collection":[{"href":"https:\/\/angelsolisnoticias.com\/index.php\/wp-json\/wp\/v2\/posts"}],"about":[{"href":"https:\/\/angelsolisnoticias.com\/index.php\/wp-json\/wp\/v2\/types\/post"}],"author":[{"embeddable":true,"href":"https:\/\/angelsolisnoticias.com\/index.php\/wp-json\/wp\/v2\/users\/1"}],"replies":[{"embeddable":true,"href":"https:\/\/angelsolisnoticias.com\/index.php\/wp-json\/wp\/v2\/comments?post=5550"}],"version-history":[{"count":3,"href":"https:\/\/angelsolisnoticias.com\/index.php\/wp-json\/wp\/v2\/posts\/5550\/revisions"}],"predecessor-version":[{"id":5557,"href":"https:\/\/angelsolisnoticias.com\/index.php\/wp-json\/wp\/v2\/posts\/5550\/revisions\/5557"}],"wp:featuredmedia":[{"embeddable":true,"href":"https:\/\/angelsolisnoticias.com\/index.php\/wp-json\/wp\/v2\/media\/5552"}],"wp:attachment":[{"href":"https:\/\/angelsolisnoticias.com\/index.php\/wp-json\/wp\/v2\/media?parent=5550"}],"wp:term":[{"taxonomy":"category","embeddable":true,"href":"https:\/\/angelsolisnoticias.com\/index.php\/wp-json\/wp\/v2\/categories?post=5550"},{"taxonomy":"post_tag","embeddable":true,"href":"https:\/\/angelsolisnoticias.com\/index.php\/wp-json\/wp\/v2\/tags?post=5550"}],"curies":[{"name":"wp","href":"https:\/\/api.w.org\/{rel}","templated":true}]}}