{"id":5567,"date":"2024-01-24T15:36:41","date_gmt":"2024-01-24T15:36:41","guid":{"rendered":"https:\/\/angelsolisnoticias.com\/?p=5567"},"modified":"2024-01-24T21:19:05","modified_gmt":"2024-01-24T21:19:05","slug":"restauran-vegetacion-en-camellones-de-la-carretera-federal","status":"publish","type":"post","link":"https:\/\/angelsolisnoticias.com\/index.php\/2024\/01\/24\/restauran-vegetacion-en-camellones-de-la-carretera-federal\/","title":{"rendered":"Restauran vegetaci\u00f3n en camellones de la carretera federal"},"content":{"rendered":"<p>Playa del Carmen, Solidaridad, 24 de enero del 2024<br \/>\nRedacci\u00f3n<\/p>\n<p>M\u00e1s de 10 kil\u00f3metros es el avance que tiene la restauraci\u00f3n vegetal sobre la carretera federal hacia los l\u00edmites del municipio con Puerto Morelos, compromiso del gobierno que encabeza Lili Campos para embellecer ese tramo con plantas de la regi\u00f3n y de ornato.<\/p>\n<p>La directora de Gesti\u00f3n Ambiental y Cambio Clim\u00e1tico, Lucely Ramos Montejo, destac\u00f3 que aunque la carretera es responsabilidad del gobierno federal, Lili Campos realiz\u00f3 las gestiones necesarias para intervenir sobre el camell\u00f3n de la carretera federal, lo cual se lleva a cabo en colaboraci\u00f3n entre el municipio, sector hotelero y la Asociaci\u00f3n Mexicana de Arboricultura.<\/p>\n<p><img loading=\"lazy\" decoding=\"async\" class=\"aligncenter wp-image-5571 \" src=\"https:\/\/angelsolisnoticias.com\/wp-content\/uploads\/2024\/01\/Solidaridad-vegetacion-Camellones2.jpg\" alt=\"\" width=\"486\" height=\"486\" srcset=\"https:\/\/angelsolisnoticias.com\/wp-content\/uploads\/2024\/01\/Solidaridad-vegetacion-Camellones2.jpg 620w, https:\/\/angelsolisnoticias.com\/wp-content\/uploads\/2024\/01\/Solidaridad-vegetacion-Camellones2-300x300.jpg 300w, https:\/\/angelsolisnoticias.com\/wp-content\/uploads\/2024\/01\/Solidaridad-vegetacion-Camellones2-150x150.jpg 150w\" sizes=\"auto, (max-width: 486px) 100vw, 486px\" \/><\/p>\n<p>\u201cEn este tramo, desde el acceso a la avenida Pintores hacia el norte, han sido plantadas palmas reales y de ornato, hasta hoy 422 especies de ejemplares; de igual manera se han intervenido otras zonas de la carretera. Lo importante es que se realiza de manera conjunta entre personal de gesti\u00f3n ambiental con hoteleros, quienes trabajan los espacios frente a sus instalaciones\u201d dijo.<\/p>\n<p><img loading=\"lazy\" decoding=\"async\" class=\"aligncenter wp-image-5570 \" src=\"https:\/\/angelsolisnoticias.com\/wp-content\/uploads\/2024\/01\/Solidaridad-vegetacion-Camellones3.jpg\" alt=\"\" width=\"484\" height=\"484\" srcset=\"https:\/\/angelsolisnoticias.com\/wp-content\/uploads\/2024\/01\/Solidaridad-vegetacion-Camellones3.jpg 620w, https:\/\/angelsolisnoticias.com\/wp-content\/uploads\/2024\/01\/Solidaridad-vegetacion-Camellones3-300x300.jpg 300w, https:\/\/angelsolisnoticias.com\/wp-content\/uploads\/2024\/01\/Solidaridad-vegetacion-Camellones3-150x150.jpg 150w\" sizes=\"auto, (max-width: 484px) 100vw, 484px\" \/><\/p>\n<p>Abund\u00f3 que dentro del programa de restauraci\u00f3n vegetal tambi\u00e9n se realizan acciones en \u00e1reas urbanas de Puerto Aventuras y esta ciudad, y se trabaja con el proyecto de \u00e1rboles monumentales, estando en el proceso de podas fitosanitarias, lo que pasar\u00e1 por Cabildo para que sean protegidos por decretos municipales para evitar su alteraci\u00f3n.<\/p>\n<p><img loading=\"lazy\" decoding=\"async\" class=\"aligncenter wp-image-5569 \" src=\"https:\/\/angelsolisnoticias.com\/wp-content\/uploads\/2024\/01\/Solidaridad-vegetacion-Camellones4.jpg\" alt=\"\" width=\"489\" height=\"489\" srcset=\"https:\/\/angelsolisnoticias.com\/wp-content\/uploads\/2024\/01\/Solidaridad-vegetacion-Camellones4.jpg 620w, https:\/\/angelsolisnoticias.com\/wp-content\/uploads\/2024\/01\/Solidaridad-vegetacion-Camellones4-300x300.jpg 300w, https:\/\/angelsolisnoticias.com\/wp-content\/uploads\/2024\/01\/Solidaridad-vegetacion-Camellones4-150x150.jpg 150w\" sizes=\"auto, (max-width: 489px) 100vw, 489px\" \/><\/p>\n<p>Se\u00f1al\u00f3 que tambi\u00e9n se trabaja embelleciendo otros camellones de la ciudad, verificando el tipo de especie, abordando diferentes aspectos, como la reubicaci\u00f3n de plantas inadecuadas, especialmente las ceibas, que representan riesgos en los camellones, teniendo que ser trasplantadas o reubicadas a otros espacios, trabajos que se realizan de forma coordinada con la secretaria de Servicios P\u00fablicos, Protecci\u00f3n Civil, Normatividad de Impacto Ambiental.<\/p>\n","protected":false},"excerpt":{"rendered":"<p>Playa del Carmen, Solidaridad, 24 de enero del 2024 Redacci\u00f3n M\u00e1s de 10 kil\u00f3metros es el avance que tiene la restauraci\u00f3n vegetal sobre la carretera federal hacia los l\u00edmites del municipio con Puerto Morelos, compromiso del gobierno que encabeza Lili Campos para embellecer ese tramo con plantas de la regi\u00f3n <a href=\"https:\/\/angelsolisnoticias.com\/index.php\/2024\/01\/24\/restauran-vegetacion-en-camellones-de-la-carretera-federal\/\" class=\"btn btn-link continue-link\">Seguir leyendo<\/a><\/p>\n","protected":false},"author":1,"featured_media":5572,"comment_status":"open","ping_status":"open","sticky":false,"template":"","format":"standard","meta":{"footnotes":""},"categories":[6,1],"tags":[],"class_list":["post-5567","post","type-post","status-publish","format-standard","has-post-thumbnail","hentry","category-solidaridad","category-uncategorized"],"yoast_head":"<!-- This site is optimized with the Yoast SEO plugin v21.1 - https:\/\/yoast.com\/wordpress\/plugins\/seo\/ -->\n<title>Restauran vegetaci\u00f3n en camellones de la carretera federal<\/title>\n<meta name=\"description\" content=\".\" \/>\n<meta name=\"robots\" content=\"index, follow, max-snippet:-1, max-image-preview:large, max-video-preview:-1\" \/>\n<link rel=\"canonical\" href=\"https:\/\/angelsolisnoticias.com\/index.php\/2024\/01\/24\/restauran-vegetacion-en-camellones-de-la-carretera-federal\/\" \/>\n<meta property=\"og:locale\" content=\"es_MX\" \/>\n<meta property=\"og:type\" content=\"article\" \/>\n<meta property=\"og:title\" content=\"Restauran vegetaci\u00f3n en camellones de la carretera federal\" \/>\n<meta property=\"og:description\" content=\".\" \/>\n<meta property=\"og:url\" content=\"https:\/\/angelsolisnoticias.com\/index.php\/2024\/01\/24\/restauran-vegetacion-en-camellones-de-la-carretera-federal\/\" \/>\n<meta property=\"og:site_name\" content=\"\u00c1ngel Solis\" \/>\n<meta property=\"article:publisher\" content=\"https:\/\/www.facebook.com\/periodistasquintanaroo\" \/>\n<meta property=\"article:published_time\" content=\"2024-01-24T15:36:41+00:00\" \/>\n<meta property=\"article:modified_time\" content=\"2024-01-24T21:19:05+00:00\" \/>\n<meta property=\"og:image\" content=\"https:\/\/angelsolisnoticias.com\/wp-content\/uploads\/2024\/01\/Solidaridad-vegetacion-Camellones1.jpg\" \/>\n\t<meta property=\"og:image:width\" content=\"800\" \/>\n\t<meta property=\"og:image:height\" content=\"569\" \/>\n\t<meta property=\"og:image:type\" content=\"image\/jpeg\" \/>\n<meta name=\"author\" content=\"admin\" \/>\n<meta name=\"twitter:card\" content=\"summary_large_image\" \/>\n<meta name=\"twitter:creator\" content=\"@PERIODISTASQROO\" \/>\n<meta name=\"twitter:site\" content=\"@PERIODISTASQROO\" \/>\n<meta name=\"twitter:label1\" content=\"Escrito por\" \/>\n\t<meta name=\"twitter:data1\" content=\"admin\" \/>\n\t<meta name=\"twitter:label2\" content=\"Tiempo de lectura\" \/>\n\t<meta name=\"twitter:data2\" content=\"2 minutos\" \/>\n<script type=\"application\/ld+json\" class=\"yoast-schema-graph\">{\"@context\":\"https:\/\/schema.org\",\"@graph\":[{\"@type\":\"Article\",\"@id\":\"https:\/\/angelsolisnoticias.com\/index.php\/2024\/01\/24\/restauran-vegetacion-en-camellones-de-la-carretera-federal\/#article\",\"isPartOf\":{\"@id\":\"https:\/\/angelsolisnoticias.com\/index.php\/2024\/01\/24\/restauran-vegetacion-en-camellones-de-la-carretera-federal\/\"},\"author\":{\"name\":\"admin\",\"@id\":\"https:\/\/angelsolisnoticias.com\/#\/schema\/person\/d5ca5e4c5f05db44e86cb564bf81ae6f\"},\"headline\":\"Restauran vegetaci\u00f3n en camellones de la carretera federal\",\"datePublished\":\"2024-01-24T15:36:41+00:00\",\"dateModified\":\"2024-01-24T21:19:05+00:00\",\"mainEntityOfPage\":{\"@id\":\"https:\/\/angelsolisnoticias.com\/index.php\/2024\/01\/24\/restauran-vegetacion-en-camellones-de-la-carretera-federal\/\"},\"wordCount\":311,\"commentCount\":0,\"publisher\":{\"@id\":\"https:\/\/angelsolisnoticias.com\/#organization\"},\"articleSection\":[\"Solidaridad\",\"Uncategorized\"],\"inLanguage\":\"es\",\"potentialAction\":[{\"@type\":\"CommentAction\",\"name\":\"Comment\",\"target\":[\"https:\/\/angelsolisnoticias.com\/index.php\/2024\/01\/24\/restauran-vegetacion-en-camellones-de-la-carretera-federal\/#respond\"]}]},{\"@type\":\"WebPage\",\"@id\":\"https:\/\/angelsolisnoticias.com\/index.php\/2024\/01\/24\/restauran-vegetacion-en-camellones-de-la-carretera-federal\/\",\"url\":\"https:\/\/angelsolisnoticias.com\/index.php\/2024\/01\/24\/restauran-vegetacion-en-camellones-de-la-carretera-federal\/\",\"name\":\"Restauran vegetaci\u00f3n en camellones de la carretera federal\",\"isPartOf\":{\"@id\":\"https:\/\/angelsolisnoticias.com\/#website\"},\"datePublished\":\"2024-01-24T15:36:41+00:00\",\"dateModified\":\"2024-01-24T21:19:05+00:00\",\"description\":\".\",\"breadcrumb\":{\"@id\":\"https:\/\/angelsolisnoticias.com\/index.php\/2024\/01\/24\/restauran-vegetacion-en-camellones-de-la-carretera-federal\/#breadcrumb\"},\"inLanguage\":\"es\",\"potentialAction\":[{\"@type\":\"ReadAction\",\"target\":[\"https:\/\/angelsolisnoticias.com\/index.php\/2024\/01\/24\/restauran-vegetacion-en-camellones-de-la-carretera-federal\/\"]}]},{\"@type\":\"BreadcrumbList\",\"@id\":\"https:\/\/angelsolisnoticias.com\/index.php\/2024\/01\/24\/restauran-vegetacion-en-camellones-de-la-carretera-federal\/#breadcrumb\",\"itemListElement\":[{\"@type\":\"ListItem\",\"position\":1,\"name\":\"Inicio\",\"item\":\"https:\/\/angelsolisnoticias.com\/\"},{\"@type\":\"ListItem\",\"position\":2,\"name\":\"Restauran vegetaci\u00f3n en camellones de la carretera federal\"}]},{\"@type\":\"WebSite\",\"@id\":\"https:\/\/angelsolisnoticias.com\/#website\",\"url\":\"https:\/\/angelsolisnoticias.com\/\",\"name\":\"\u00c1ngel Solis\",\"description\":\"Noticias de Quintana Roo\",\"publisher\":{\"@id\":\"https:\/\/angelsolisnoticias.com\/#organization\"},\"potentialAction\":[{\"@type\":\"SearchAction\",\"target\":{\"@type\":\"EntryPoint\",\"urlTemplate\":\"https:\/\/angelsolisnoticias.com\/?s={search_term_string}\"},\"query-input\":\"required name=search_term_string\"}],\"inLanguage\":\"es\"},{\"@type\":\"Organization\",\"@id\":\"https:\/\/angelsolisnoticias.com\/#organization\",\"name\":\"\u00c1ngel Solis\",\"url\":\"https:\/\/angelsolisnoticias.com\/\",\"logo\":{\"@type\":\"ImageObject\",\"inLanguage\":\"es\",\"@id\":\"https:\/\/angelsolisnoticias.com\/#\/schema\/logo\/image\/\",\"url\":\"https:\/\/angelsolisnoticias.com\/wp-content\/uploads\/2023\/01\/LOGO3.png\",\"contentUrl\":\"https:\/\/angelsolisnoticias.com\/wp-content\/uploads\/2023\/01\/LOGO3.png\",\"width\":1853,\"height\":570,\"caption\":\"\u00c1ngel Solis\"},\"image\":{\"@id\":\"https:\/\/angelsolisnoticias.com\/#\/schema\/logo\/image\/\"},\"sameAs\":[\"https:\/\/www.facebook.com\/periodistasquintanaroo\",\"https:\/\/twitter.com\/PERIODISTASQROO\"]},{\"@type\":\"Person\",\"@id\":\"https:\/\/angelsolisnoticias.com\/#\/schema\/person\/d5ca5e4c5f05db44e86cb564bf81ae6f\",\"name\":\"admin\",\"image\":{\"@type\":\"ImageObject\",\"inLanguage\":\"es\",\"@id\":\"https:\/\/angelsolisnoticias.com\/#\/schema\/person\/image\/\",\"url\":\"https:\/\/secure.gravatar.com\/avatar\/dff3eaf7d33320066684ce268bff2bf90ce4f69456139b2d65d7796f64299e47?s=96&d=mm&r=g\",\"contentUrl\":\"https:\/\/secure.gravatar.com\/avatar\/dff3eaf7d33320066684ce268bff2bf90ce4f69456139b2d65d7796f64299e47?s=96&d=mm&r=g\",\"caption\":\"admin\"},\"sameAs\":[\"https:\/\/angelsolisnoticias.com\"],\"url\":\"https:\/\/angelsolisnoticias.com\/index.php\/author\/admin_qnbaat5l\/\"}]}<\/script>\n<!-- \/ Yoast SEO plugin. -->","yoast_head_json":{"title":"Restauran vegetaci\u00f3n en camellones de la carretera federal","description":".","robots":{"index":"index","follow":"follow","max-snippet":"max-snippet:-1","max-image-preview":"max-image-preview:large","max-video-preview":"max-video-preview:-1"},"canonical":"https:\/\/angelsolisnoticias.com\/index.php\/2024\/01\/24\/restauran-vegetacion-en-camellones-de-la-carretera-federal\/","og_locale":"es_MX","og_type":"article","og_title":"Restauran vegetaci\u00f3n en camellones de la carretera federal","og_description":".","og_url":"https:\/\/angelsolisnoticias.com\/index.php\/2024\/01\/24\/restauran-vegetacion-en-camellones-de-la-carretera-federal\/","og_site_name":"\u00c1ngel Solis","article_publisher":"https:\/\/www.facebook.com\/periodistasquintanaroo","article_published_time":"2024-01-24T15:36:41+00:00","article_modified_time":"2024-01-24T21:19:05+00:00","og_image":[{"width":800,"height":569,"url":"https:\/\/angelsolisnoticias.com\/wp-content\/uploads\/2024\/01\/Solidaridad-vegetacion-Camellones1.jpg","type":"image\/jpeg"}],"author":"admin","twitter_card":"summary_large_image","twitter_creator":"@PERIODISTASQROO","twitter_site":"@PERIODISTASQROO","twitter_misc":{"Escrito por":"admin","Tiempo de lectura":"2 minutos"},"schema":{"@context":"https:\/\/schema.org","@graph":[{"@type":"Article","@id":"https:\/\/angelsolisnoticias.com\/index.php\/2024\/01\/24\/restauran-vegetacion-en-camellones-de-la-carretera-federal\/#article","isPartOf":{"@id":"https:\/\/angelsolisnoticias.com\/index.php\/2024\/01\/24\/restauran-vegetacion-en-camellones-de-la-carretera-federal\/"},"author":{"name":"admin","@id":"https:\/\/angelsolisnoticias.com\/#\/schema\/person\/d5ca5e4c5f05db44e86cb564bf81ae6f"},"headline":"Restauran vegetaci\u00f3n en camellones de la carretera federal","datePublished":"2024-01-24T15:36:41+00:00","dateModified":"2024-01-24T21:19:05+00:00","mainEntityOfPage":{"@id":"https:\/\/angelsolisnoticias.com\/index.php\/2024\/01\/24\/restauran-vegetacion-en-camellones-de-la-carretera-federal\/"},"wordCount":311,"commentCount":0,"publisher":{"@id":"https:\/\/angelsolisnoticias.com\/#organization"},"articleSection":["Solidaridad","Uncategorized"],"inLanguage":"es","potentialAction":[{"@type":"CommentAction","name":"Comment","target":["https:\/\/angelsolisnoticias.com\/index.php\/2024\/01\/24\/restauran-vegetacion-en-camellones-de-la-carretera-federal\/#respond"]}]},{"@type":"WebPage","@id":"https:\/\/angelsolisnoticias.com\/index.php\/2024\/01\/24\/restauran-vegetacion-en-camellones-de-la-carretera-federal\/","url":"https:\/\/angelsolisnoticias.com\/index.php\/2024\/01\/24\/restauran-vegetacion-en-camellones-de-la-carretera-federal\/","name":"Restauran vegetaci\u00f3n en camellones de la carretera federal","isPartOf":{"@id":"https:\/\/angelsolisnoticias.com\/#website"},"datePublished":"2024-01-24T15:36:41+00:00","dateModified":"2024-01-24T21:19:05+00:00","description":".","breadcrumb":{"@id":"https:\/\/angelsolisnoticias.com\/index.php\/2024\/01\/24\/restauran-vegetacion-en-camellones-de-la-carretera-federal\/#breadcrumb"},"inLanguage":"es","potentialAction":[{"@type":"ReadAction","target":["https:\/\/angelsolisnoticias.com\/index.php\/2024\/01\/24\/restauran-vegetacion-en-camellones-de-la-carretera-federal\/"]}]},{"@type":"BreadcrumbList","@id":"https:\/\/angelsolisnoticias.com\/index.php\/2024\/01\/24\/restauran-vegetacion-en-camellones-de-la-carretera-federal\/#breadcrumb","itemListElement":[{"@type":"ListItem","position":1,"name":"Inicio","item":"https:\/\/angelsolisnoticias.com\/"},{"@type":"ListItem","position":2,"name":"Restauran vegetaci\u00f3n en camellones de la carretera federal"}]},{"@type":"WebSite","@id":"https:\/\/angelsolisnoticias.com\/#website","url":"https:\/\/angelsolisnoticias.com\/","name":"\u00c1ngel Solis","description":"Noticias de Quintana Roo","publisher":{"@id":"https:\/\/angelsolisnoticias.com\/#organization"},"potentialAction":[{"@type":"SearchAction","target":{"@type":"EntryPoint","urlTemplate":"https:\/\/angelsolisnoticias.com\/?s={search_term_string}"},"query-input":"required name=search_term_string"}],"inLanguage":"es"},{"@type":"Organization","@id":"https:\/\/angelsolisnoticias.com\/#organization","name":"\u00c1ngel Solis","url":"https:\/\/angelsolisnoticias.com\/","logo":{"@type":"ImageObject","inLanguage":"es","@id":"https:\/\/angelsolisnoticias.com\/#\/schema\/logo\/image\/","url":"https:\/\/angelsolisnoticias.com\/wp-content\/uploads\/2023\/01\/LOGO3.png","contentUrl":"https:\/\/angelsolisnoticias.com\/wp-content\/uploads\/2023\/01\/LOGO3.png","width":1853,"height":570,"caption":"\u00c1ngel Solis"},"image":{"@id":"https:\/\/angelsolisnoticias.com\/#\/schema\/logo\/image\/"},"sameAs":["https:\/\/www.facebook.com\/periodistasquintanaroo","https:\/\/twitter.com\/PERIODISTASQROO"]},{"@type":"Person","@id":"https:\/\/angelsolisnoticias.com\/#\/schema\/person\/d5ca5e4c5f05db44e86cb564bf81ae6f","name":"admin","image":{"@type":"ImageObject","inLanguage":"es","@id":"https:\/\/angelsolisnoticias.com\/#\/schema\/person\/image\/","url":"https:\/\/secure.gravatar.com\/avatar\/dff3eaf7d33320066684ce268bff2bf90ce4f69456139b2d65d7796f64299e47?s=96&d=mm&r=g","contentUrl":"https:\/\/secure.gravatar.com\/avatar\/dff3eaf7d33320066684ce268bff2bf90ce4f69456139b2d65d7796f64299e47?s=96&d=mm&r=g","caption":"admin"},"sameAs":["https:\/\/angelsolisnoticias.com"],"url":"https:\/\/angelsolisnoticias.com\/index.php\/author\/admin_qnbaat5l\/"}]}},"jetpack_featured_media_url":"https:\/\/angelsolisnoticias.com\/wp-content\/uploads\/2024\/01\/Solidaridad-vegetacion-Camellones1.jpg","_links":{"self":[{"href":"https:\/\/angelsolisnoticias.com\/index.php\/wp-json\/wp\/v2\/posts\/5567","targetHints":{"allow":["GET"]}}],"collection":[{"href":"https:\/\/angelsolisnoticias.com\/index.php\/wp-json\/wp\/v2\/posts"}],"about":[{"href":"https:\/\/angelsolisnoticias.com\/index.php\/wp-json\/wp\/v2\/types\/post"}],"author":[{"embeddable":true,"href":"https:\/\/angelsolisnoticias.com\/index.php\/wp-json\/wp\/v2\/users\/1"}],"replies":[{"embeddable":true,"href":"https:\/\/angelsolisnoticias.com\/index.php\/wp-json\/wp\/v2\/comments?post=5567"}],"version-history":[{"count":3,"href":"https:\/\/angelsolisnoticias.com\/index.php\/wp-json\/wp\/v2\/posts\/5567\/revisions"}],"predecessor-version":[{"id":5574,"href":"https:\/\/angelsolisnoticias.com\/index.php\/wp-json\/wp\/v2\/posts\/5567\/revisions\/5574"}],"wp:featuredmedia":[{"embeddable":true,"href":"https:\/\/angelsolisnoticias.com\/index.php\/wp-json\/wp\/v2\/media\/5572"}],"wp:attachment":[{"href":"https:\/\/angelsolisnoticias.com\/index.php\/wp-json\/wp\/v2\/media?parent=5567"}],"wp:term":[{"taxonomy":"category","embeddable":true,"href":"https:\/\/angelsolisnoticias.com\/index.php\/wp-json\/wp\/v2\/categories?post=5567"},{"taxonomy":"post_tag","embeddable":true,"href":"https:\/\/angelsolisnoticias.com\/index.php\/wp-json\/wp\/v2\/tags?post=5567"}],"curies":[{"name":"wp","href":"https:\/\/api.w.org\/{rel}","templated":true}]}}