{"id":5575,"date":"2024-01-24T18:20:39","date_gmt":"2024-01-24T18:20:39","guid":{"rendered":"https:\/\/angelsolisnoticias.com\/?p=5575"},"modified":"2024-01-25T22:23:35","modified_gmt":"2024-01-25T22:23:35","slug":"con-ovacion-y-entusiasmo-se-anuncia-quintana-roo-como-sede-de-los-premios-platino-nuevamente","status":"publish","type":"post","link":"https:\/\/angelsolisnoticias.com\/index.php\/2024\/01\/24\/con-ovacion-y-entusiasmo-se-anuncia-quintana-roo-como-sede-de-los-premios-platino-nuevamente\/","title":{"rendered":"Con ovaci\u00f3n y entusiasmo se anuncia Quintana Roo como sede de los Premios Platino nuevamente"},"content":{"rendered":"<p>Madrid, Espa\u00f1a, 24 de enero<br \/>\nEspecial<\/p>\n<p>Con una gran emoci\u00f3n se celebr\u00f3 el regreso de los Premios Platino a Quintana Roo en su edici\u00f3n 2024, anunciado durante la Feria Internacional de Turismo (FITUR) 2024) con lo que se reafirma el liderazgo tur\u00edstico que impulsa la gobernadora Mara Lezama Espinosa, al ser sede de eventos de talla internacional que generan oportunidades econ\u00f3micas y de bienestar para la gente.<\/p>\n<p>Durante el anuncio, la gobernadora Mara Lezama reconoci\u00f3 a quienes hacen posible los Premios Platino \u201ca los actores, artistas, t\u00e9cnicos, productores, asistentes, que hacen posible el disfrute de la ciudadan\u00eda, sin ustedes no habr\u00eda que organizar galardones, sin ustedes no habr\u00eda que elegir a qui\u00e9n premiar\u201d.<\/p>\n<p><img loading=\"lazy\" decoding=\"async\" class=\"aligncenter wp-image-5579 \" src=\"https:\/\/angelsolisnoticias.com\/wp-content\/uploads\/2024\/01\/Mara-Premios-Platino3.jpg\" alt=\"\" width=\"618\" height=\"390\" \/><\/p>\n<p>\u201cMe siento feliz de que los Premios Platino regresen a Quintana Roo, a un lugar m\u00e1gico, lleno de cultura, a un lugar en todos los d\u00edas uno se esmera por hacer las cosas perfectas, en el platillo, en el desayuno, en la alberca, r\u00edos, cenotes, para que todos la pasemos bien\u201d, expres\u00f3 Mara Lezama, quien recibi\u00f3 el agradecimiento de quienes hacen posible estos premios.<\/p>\n<p>La entrega de los Premios Platino permite la promoci\u00f3n de Quintana Roo, la Riviera Maya y los destinos del centro y sur, como sitios de inter\u00e9s mundial por su riqueza cultural y natural, los que impulsa la gobernadora Mara Lezama Espinosa a trav\u00e9s de un nuevo modelo tur\u00edstico sostenible y sustentable, con base en un Nuevo Acuerdo por el Bienestar y Desarrollo que genere prosperidad compartida para todos y todas.<\/p>\n<p><img loading=\"lazy\" decoding=\"async\" class=\"aligncenter wp-image-5580 \" src=\"https:\/\/angelsolisnoticias.com\/wp-content\/uploads\/2024\/01\/Mara-Premios-Platino2.jpg\" alt=\"\" width=\"632\" height=\"421\" srcset=\"https:\/\/angelsolisnoticias.com\/wp-content\/uploads\/2024\/01\/Mara-Premios-Platino2.jpg 720w, https:\/\/angelsolisnoticias.com\/wp-content\/uploads\/2024\/01\/Mara-Premios-Platino2-300x200.jpg 300w\" sizes=\"auto, (max-width: 632px) 100vw, 632px\" \/><\/p>\n<p>El anuncio de los Premios Platino tuvo lugar en la Casa de Am\u00e9rica, en la Plaza de la Cibeles, con la asistencia de la gobernadora Mara Lezama y Enrique Cerezo, presidente del Atl\u00e9tico de Madrid.<\/p>\n<p>Los Premios Platino del Cine Iberoamericano es un evento para la celebraci\u00f3n y festividad que Iberoam\u00e9rica tiene por ofrecer al mundo. La 1era edici\u00f3n se realiz\u00f3 el 5 de abril del 2014.<\/p>\n<p><img loading=\"lazy\" decoding=\"async\" class=\"aligncenter wp-image-5578 \" src=\"https:\/\/angelsolisnoticias.com\/wp-content\/uploads\/2024\/01\/Mara-Premios-Platino4.jpg\" alt=\"\" width=\"626\" height=\"418\" srcset=\"https:\/\/angelsolisnoticias.com\/wp-content\/uploads\/2024\/01\/Mara-Premios-Platino4.jpg 720w, https:\/\/angelsolisnoticias.com\/wp-content\/uploads\/2024\/01\/Mara-Premios-Platino4-300x200.jpg 300w\" sizes=\"auto, (max-width: 626px) 100vw, 626px\" \/><\/p>\n<p>Es promovido por la Entidad de Gesti\u00f3n de Derechos de los Productores Audiovisuales (EGEDA) y la Federaci\u00f3n Iberoamericana de Productores Cinematogr\u00e1ficos y Audiovisuales.<\/p>\n<p>En total, hay 23 categor\u00edas para pel\u00edculas y series estrenadas en el 2023. La und\u00e9cima edici\u00f3n de los Premios Platino del Cine Iberoamericano ser\u00e1 el 20 de abril del 2024.<\/p>\n","protected":false},"excerpt":{"rendered":"<p>Madrid, Espa\u00f1a, 24 de enero Especial Con una gran emoci\u00f3n se celebr\u00f3 el regreso de los Premios Platino a Quintana Roo en su edici\u00f3n 2024, anunciado durante la Feria Internacional de Turismo (FITUR) 2024) con lo que se reafirma el liderazgo tur\u00edstico que impulsa la gobernadora Mara Lezama Espinosa, al <a href=\"https:\/\/angelsolisnoticias.com\/index.php\/2024\/01\/24\/con-ovacion-y-entusiasmo-se-anuncia-quintana-roo-como-sede-de-los-premios-platino-nuevamente\/\" class=\"btn btn-link continue-link\">Seguir leyendo<\/a><\/p>\n","protected":false},"author":1,"featured_media":5577,"comment_status":"open","ping_status":"open","sticky":false,"template":"","format":"standard","meta":{"footnotes":""},"categories":[1],"tags":[],"class_list":["post-5575","post","type-post","status-publish","format-standard","has-post-thumbnail","hentry","category-uncategorized"],"yoast_head":"<!-- This site is optimized with the Yoast SEO plugin v21.1 - https:\/\/yoast.com\/wordpress\/plugins\/seo\/ -->\n<title>Con ovaci\u00f3n y entusiasmo se anuncia Quintana Roo como sede de los Premios Platino nuevamente<\/title>\n<meta name=\"description\" content=\".\" \/>\n<meta name=\"robots\" content=\"index, follow, max-snippet:-1, max-image-preview:large, max-video-preview:-1\" \/>\n<link rel=\"canonical\" href=\"https:\/\/angelsolisnoticias.com\/index.php\/2024\/01\/24\/con-ovacion-y-entusiasmo-se-anuncia-quintana-roo-como-sede-de-los-premios-platino-nuevamente\/\" \/>\n<meta property=\"og:locale\" content=\"es_MX\" \/>\n<meta property=\"og:type\" content=\"article\" \/>\n<meta property=\"og:title\" content=\"Con ovaci\u00f3n y entusiasmo se anuncia Quintana Roo como sede de los Premios Platino nuevamente\" \/>\n<meta property=\"og:description\" content=\".\" \/>\n<meta property=\"og:url\" content=\"https:\/\/angelsolisnoticias.com\/index.php\/2024\/01\/24\/con-ovacion-y-entusiasmo-se-anuncia-quintana-roo-como-sede-de-los-premios-platino-nuevamente\/\" \/>\n<meta property=\"og:site_name\" content=\"\u00c1ngel Solis\" \/>\n<meta property=\"article:publisher\" content=\"https:\/\/www.facebook.com\/periodistasquintanaroo\" \/>\n<meta property=\"article:published_time\" content=\"2024-01-24T18:20:39+00:00\" \/>\n<meta property=\"article:modified_time\" content=\"2024-01-25T22:23:35+00:00\" \/>\n<meta property=\"og:image\" content=\"https:\/\/angelsolisnoticias.com\/wp-content\/uploads\/2024\/01\/Mara-Premios-Platino5.jpg\" \/>\n\t<meta property=\"og:image:width\" content=\"800\" \/>\n\t<meta property=\"og:image:height\" content=\"569\" \/>\n\t<meta property=\"og:image:type\" content=\"image\/jpeg\" \/>\n<meta name=\"author\" content=\"admin\" \/>\n<meta name=\"twitter:card\" content=\"summary_large_image\" \/>\n<meta name=\"twitter:creator\" content=\"@PERIODISTASQROO\" \/>\n<meta name=\"twitter:site\" content=\"@PERIODISTASQROO\" \/>\n<meta name=\"twitter:label1\" content=\"Escrito por\" \/>\n\t<meta name=\"twitter:data1\" content=\"admin\" \/>\n\t<meta name=\"twitter:label2\" content=\"Tiempo de lectura\" \/>\n\t<meta name=\"twitter:data2\" content=\"3 minutos\" \/>\n<script type=\"application\/ld+json\" class=\"yoast-schema-graph\">{\"@context\":\"https:\/\/schema.org\",\"@graph\":[{\"@type\":\"Article\",\"@id\":\"https:\/\/angelsolisnoticias.com\/index.php\/2024\/01\/24\/con-ovacion-y-entusiasmo-se-anuncia-quintana-roo-como-sede-de-los-premios-platino-nuevamente\/#article\",\"isPartOf\":{\"@id\":\"https:\/\/angelsolisnoticias.com\/index.php\/2024\/01\/24\/con-ovacion-y-entusiasmo-se-anuncia-quintana-roo-como-sede-de-los-premios-platino-nuevamente\/\"},\"author\":{\"name\":\"admin\",\"@id\":\"https:\/\/angelsolisnoticias.com\/#\/schema\/person\/d5ca5e4c5f05db44e86cb564bf81ae6f\"},\"headline\":\"Con ovaci\u00f3n y entusiasmo se anuncia Quintana Roo como sede de los Premios Platino nuevamente\",\"datePublished\":\"2024-01-24T18:20:39+00:00\",\"dateModified\":\"2024-01-25T22:23:35+00:00\",\"mainEntityOfPage\":{\"@id\":\"https:\/\/angelsolisnoticias.com\/index.php\/2024\/01\/24\/con-ovacion-y-entusiasmo-se-anuncia-quintana-roo-como-sede-de-los-premios-platino-nuevamente\/\"},\"wordCount\":403,\"commentCount\":0,\"publisher\":{\"@id\":\"https:\/\/angelsolisnoticias.com\/#organization\"},\"articleSection\":[\"Uncategorized\"],\"inLanguage\":\"es\",\"potentialAction\":[{\"@type\":\"CommentAction\",\"name\":\"Comment\",\"target\":[\"https:\/\/angelsolisnoticias.com\/index.php\/2024\/01\/24\/con-ovacion-y-entusiasmo-se-anuncia-quintana-roo-como-sede-de-los-premios-platino-nuevamente\/#respond\"]}]},{\"@type\":\"WebPage\",\"@id\":\"https:\/\/angelsolisnoticias.com\/index.php\/2024\/01\/24\/con-ovacion-y-entusiasmo-se-anuncia-quintana-roo-como-sede-de-los-premios-platino-nuevamente\/\",\"url\":\"https:\/\/angelsolisnoticias.com\/index.php\/2024\/01\/24\/con-ovacion-y-entusiasmo-se-anuncia-quintana-roo-como-sede-de-los-premios-platino-nuevamente\/\",\"name\":\"Con ovaci\u00f3n y entusiasmo se anuncia Quintana Roo como sede de los Premios Platino nuevamente\",\"isPartOf\":{\"@id\":\"https:\/\/angelsolisnoticias.com\/#website\"},\"datePublished\":\"2024-01-24T18:20:39+00:00\",\"dateModified\":\"2024-01-25T22:23:35+00:00\",\"description\":\".\",\"breadcrumb\":{\"@id\":\"https:\/\/angelsolisnoticias.com\/index.php\/2024\/01\/24\/con-ovacion-y-entusiasmo-se-anuncia-quintana-roo-como-sede-de-los-premios-platino-nuevamente\/#breadcrumb\"},\"inLanguage\":\"es\",\"potentialAction\":[{\"@type\":\"ReadAction\",\"target\":[\"https:\/\/angelsolisnoticias.com\/index.php\/2024\/01\/24\/con-ovacion-y-entusiasmo-se-anuncia-quintana-roo-como-sede-de-los-premios-platino-nuevamente\/\"]}]},{\"@type\":\"BreadcrumbList\",\"@id\":\"https:\/\/angelsolisnoticias.com\/index.php\/2024\/01\/24\/con-ovacion-y-entusiasmo-se-anuncia-quintana-roo-como-sede-de-los-premios-platino-nuevamente\/#breadcrumb\",\"itemListElement\":[{\"@type\":\"ListItem\",\"position\":1,\"name\":\"Inicio\",\"item\":\"https:\/\/angelsolisnoticias.com\/\"},{\"@type\":\"ListItem\",\"position\":2,\"name\":\"Con ovaci\u00f3n y entusiasmo se anuncia Quintana Roo como sede de los Premios Platino nuevamente\"}]},{\"@type\":\"WebSite\",\"@id\":\"https:\/\/angelsolisnoticias.com\/#website\",\"url\":\"https:\/\/angelsolisnoticias.com\/\",\"name\":\"\u00c1ngel Solis\",\"description\":\"Noticias de Quintana Roo\",\"publisher\":{\"@id\":\"https:\/\/angelsolisnoticias.com\/#organization\"},\"potentialAction\":[{\"@type\":\"SearchAction\",\"target\":{\"@type\":\"EntryPoint\",\"urlTemplate\":\"https:\/\/angelsolisnoticias.com\/?s={search_term_string}\"},\"query-input\":\"required name=search_term_string\"}],\"inLanguage\":\"es\"},{\"@type\":\"Organization\",\"@id\":\"https:\/\/angelsolisnoticias.com\/#organization\",\"name\":\"\u00c1ngel Solis\",\"url\":\"https:\/\/angelsolisnoticias.com\/\",\"logo\":{\"@type\":\"ImageObject\",\"inLanguage\":\"es\",\"@id\":\"https:\/\/angelsolisnoticias.com\/#\/schema\/logo\/image\/\",\"url\":\"https:\/\/angelsolisnoticias.com\/wp-content\/uploads\/2023\/01\/LOGO3.png\",\"contentUrl\":\"https:\/\/angelsolisnoticias.com\/wp-content\/uploads\/2023\/01\/LOGO3.png\",\"width\":1853,\"height\":570,\"caption\":\"\u00c1ngel Solis\"},\"image\":{\"@id\":\"https:\/\/angelsolisnoticias.com\/#\/schema\/logo\/image\/\"},\"sameAs\":[\"https:\/\/www.facebook.com\/periodistasquintanaroo\",\"https:\/\/twitter.com\/PERIODISTASQROO\"]},{\"@type\":\"Person\",\"@id\":\"https:\/\/angelsolisnoticias.com\/#\/schema\/person\/d5ca5e4c5f05db44e86cb564bf81ae6f\",\"name\":\"admin\",\"image\":{\"@type\":\"ImageObject\",\"inLanguage\":\"es\",\"@id\":\"https:\/\/angelsolisnoticias.com\/#\/schema\/person\/image\/\",\"url\":\"https:\/\/secure.gravatar.com\/avatar\/dff3eaf7d33320066684ce268bff2bf90ce4f69456139b2d65d7796f64299e47?s=96&d=mm&r=g\",\"contentUrl\":\"https:\/\/secure.gravatar.com\/avatar\/dff3eaf7d33320066684ce268bff2bf90ce4f69456139b2d65d7796f64299e47?s=96&d=mm&r=g\",\"caption\":\"admin\"},\"sameAs\":[\"https:\/\/angelsolisnoticias.com\"],\"url\":\"https:\/\/angelsolisnoticias.com\/index.php\/author\/admin_qnbaat5l\/\"}]}<\/script>\n<!-- \/ Yoast SEO plugin. -->","yoast_head_json":{"title":"Con ovaci\u00f3n y entusiasmo se anuncia Quintana Roo como sede de los Premios Platino nuevamente","description":".","robots":{"index":"index","follow":"follow","max-snippet":"max-snippet:-1","max-image-preview":"max-image-preview:large","max-video-preview":"max-video-preview:-1"},"canonical":"https:\/\/angelsolisnoticias.com\/index.php\/2024\/01\/24\/con-ovacion-y-entusiasmo-se-anuncia-quintana-roo-como-sede-de-los-premios-platino-nuevamente\/","og_locale":"es_MX","og_type":"article","og_title":"Con ovaci\u00f3n y entusiasmo se anuncia Quintana Roo como sede de los Premios Platino nuevamente","og_description":".","og_url":"https:\/\/angelsolisnoticias.com\/index.php\/2024\/01\/24\/con-ovacion-y-entusiasmo-se-anuncia-quintana-roo-como-sede-de-los-premios-platino-nuevamente\/","og_site_name":"\u00c1ngel Solis","article_publisher":"https:\/\/www.facebook.com\/periodistasquintanaroo","article_published_time":"2024-01-24T18:20:39+00:00","article_modified_time":"2024-01-25T22:23:35+00:00","og_image":[{"width":800,"height":569,"url":"https:\/\/angelsolisnoticias.com\/wp-content\/uploads\/2024\/01\/Mara-Premios-Platino5.jpg","type":"image\/jpeg"}],"author":"admin","twitter_card":"summary_large_image","twitter_creator":"@PERIODISTASQROO","twitter_site":"@PERIODISTASQROO","twitter_misc":{"Escrito por":"admin","Tiempo de lectura":"3 minutos"},"schema":{"@context":"https:\/\/schema.org","@graph":[{"@type":"Article","@id":"https:\/\/angelsolisnoticias.com\/index.php\/2024\/01\/24\/con-ovacion-y-entusiasmo-se-anuncia-quintana-roo-como-sede-de-los-premios-platino-nuevamente\/#article","isPartOf":{"@id":"https:\/\/angelsolisnoticias.com\/index.php\/2024\/01\/24\/con-ovacion-y-entusiasmo-se-anuncia-quintana-roo-como-sede-de-los-premios-platino-nuevamente\/"},"author":{"name":"admin","@id":"https:\/\/angelsolisnoticias.com\/#\/schema\/person\/d5ca5e4c5f05db44e86cb564bf81ae6f"},"headline":"Con ovaci\u00f3n y entusiasmo se anuncia Quintana Roo como sede de los Premios Platino nuevamente","datePublished":"2024-01-24T18:20:39+00:00","dateModified":"2024-01-25T22:23:35+00:00","mainEntityOfPage":{"@id":"https:\/\/angelsolisnoticias.com\/index.php\/2024\/01\/24\/con-ovacion-y-entusiasmo-se-anuncia-quintana-roo-como-sede-de-los-premios-platino-nuevamente\/"},"wordCount":403,"commentCount":0,"publisher":{"@id":"https:\/\/angelsolisnoticias.com\/#organization"},"articleSection":["Uncategorized"],"inLanguage":"es","potentialAction":[{"@type":"CommentAction","name":"Comment","target":["https:\/\/angelsolisnoticias.com\/index.php\/2024\/01\/24\/con-ovacion-y-entusiasmo-se-anuncia-quintana-roo-como-sede-de-los-premios-platino-nuevamente\/#respond"]}]},{"@type":"WebPage","@id":"https:\/\/angelsolisnoticias.com\/index.php\/2024\/01\/24\/con-ovacion-y-entusiasmo-se-anuncia-quintana-roo-como-sede-de-los-premios-platino-nuevamente\/","url":"https:\/\/angelsolisnoticias.com\/index.php\/2024\/01\/24\/con-ovacion-y-entusiasmo-se-anuncia-quintana-roo-como-sede-de-los-premios-platino-nuevamente\/","name":"Con ovaci\u00f3n y entusiasmo se anuncia Quintana Roo como sede de los Premios Platino nuevamente","isPartOf":{"@id":"https:\/\/angelsolisnoticias.com\/#website"},"datePublished":"2024-01-24T18:20:39+00:00","dateModified":"2024-01-25T22:23:35+00:00","description":".","breadcrumb":{"@id":"https:\/\/angelsolisnoticias.com\/index.php\/2024\/01\/24\/con-ovacion-y-entusiasmo-se-anuncia-quintana-roo-como-sede-de-los-premios-platino-nuevamente\/#breadcrumb"},"inLanguage":"es","potentialAction":[{"@type":"ReadAction","target":["https:\/\/angelsolisnoticias.com\/index.php\/2024\/01\/24\/con-ovacion-y-entusiasmo-se-anuncia-quintana-roo-como-sede-de-los-premios-platino-nuevamente\/"]}]},{"@type":"BreadcrumbList","@id":"https:\/\/angelsolisnoticias.com\/index.php\/2024\/01\/24\/con-ovacion-y-entusiasmo-se-anuncia-quintana-roo-como-sede-de-los-premios-platino-nuevamente\/#breadcrumb","itemListElement":[{"@type":"ListItem","position":1,"name":"Inicio","item":"https:\/\/angelsolisnoticias.com\/"},{"@type":"ListItem","position":2,"name":"Con ovaci\u00f3n y entusiasmo se anuncia Quintana Roo como sede de los Premios Platino nuevamente"}]},{"@type":"WebSite","@id":"https:\/\/angelsolisnoticias.com\/#website","url":"https:\/\/angelsolisnoticias.com\/","name":"\u00c1ngel Solis","description":"Noticias de Quintana Roo","publisher":{"@id":"https:\/\/angelsolisnoticias.com\/#organization"},"potentialAction":[{"@type":"SearchAction","target":{"@type":"EntryPoint","urlTemplate":"https:\/\/angelsolisnoticias.com\/?s={search_term_string}"},"query-input":"required name=search_term_string"}],"inLanguage":"es"},{"@type":"Organization","@id":"https:\/\/angelsolisnoticias.com\/#organization","name":"\u00c1ngel Solis","url":"https:\/\/angelsolisnoticias.com\/","logo":{"@type":"ImageObject","inLanguage":"es","@id":"https:\/\/angelsolisnoticias.com\/#\/schema\/logo\/image\/","url":"https:\/\/angelsolisnoticias.com\/wp-content\/uploads\/2023\/01\/LOGO3.png","contentUrl":"https:\/\/angelsolisnoticias.com\/wp-content\/uploads\/2023\/01\/LOGO3.png","width":1853,"height":570,"caption":"\u00c1ngel Solis"},"image":{"@id":"https:\/\/angelsolisnoticias.com\/#\/schema\/logo\/image\/"},"sameAs":["https:\/\/www.facebook.com\/periodistasquintanaroo","https:\/\/twitter.com\/PERIODISTASQROO"]},{"@type":"Person","@id":"https:\/\/angelsolisnoticias.com\/#\/schema\/person\/d5ca5e4c5f05db44e86cb564bf81ae6f","name":"admin","image":{"@type":"ImageObject","inLanguage":"es","@id":"https:\/\/angelsolisnoticias.com\/#\/schema\/person\/image\/","url":"https:\/\/secure.gravatar.com\/avatar\/dff3eaf7d33320066684ce268bff2bf90ce4f69456139b2d65d7796f64299e47?s=96&d=mm&r=g","contentUrl":"https:\/\/secure.gravatar.com\/avatar\/dff3eaf7d33320066684ce268bff2bf90ce4f69456139b2d65d7796f64299e47?s=96&d=mm&r=g","caption":"admin"},"sameAs":["https:\/\/angelsolisnoticias.com"],"url":"https:\/\/angelsolisnoticias.com\/index.php\/author\/admin_qnbaat5l\/"}]}},"jetpack_featured_media_url":"https:\/\/angelsolisnoticias.com\/wp-content\/uploads\/2024\/01\/Mara-Premios-Platino5.jpg","_links":{"self":[{"href":"https:\/\/angelsolisnoticias.com\/index.php\/wp-json\/wp\/v2\/posts\/5575","targetHints":{"allow":["GET"]}}],"collection":[{"href":"https:\/\/angelsolisnoticias.com\/index.php\/wp-json\/wp\/v2\/posts"}],"about":[{"href":"https:\/\/angelsolisnoticias.com\/index.php\/wp-json\/wp\/v2\/types\/post"}],"author":[{"embeddable":true,"href":"https:\/\/angelsolisnoticias.com\/index.php\/wp-json\/wp\/v2\/users\/1"}],"replies":[{"embeddable":true,"href":"https:\/\/angelsolisnoticias.com\/index.php\/wp-json\/wp\/v2\/comments?post=5575"}],"version-history":[{"count":3,"href":"https:\/\/angelsolisnoticias.com\/index.php\/wp-json\/wp\/v2\/posts\/5575\/revisions"}],"predecessor-version":[{"id":5582,"href":"https:\/\/angelsolisnoticias.com\/index.php\/wp-json\/wp\/v2\/posts\/5575\/revisions\/5582"}],"wp:featuredmedia":[{"embeddable":true,"href":"https:\/\/angelsolisnoticias.com\/index.php\/wp-json\/wp\/v2\/media\/5577"}],"wp:attachment":[{"href":"https:\/\/angelsolisnoticias.com\/index.php\/wp-json\/wp\/v2\/media?parent=5575"}],"wp:term":[{"taxonomy":"category","embeddable":true,"href":"https:\/\/angelsolisnoticias.com\/index.php\/wp-json\/wp\/v2\/categories?post=5575"},{"taxonomy":"post_tag","embeddable":true,"href":"https:\/\/angelsolisnoticias.com\/index.php\/wp-json\/wp\/v2\/tags?post=5575"}],"curies":[{"name":"wp","href":"https:\/\/api.w.org\/{rel}","templated":true}]}}