{"id":5596,"date":"2024-01-25T09:51:59","date_gmt":"2024-01-25T09:51:59","guid":{"rendered":"https:\/\/angelsolisnoticias.com\/?p=5596"},"modified":"2024-01-25T22:57:49","modified_gmt":"2024-01-25T22:57:49","slug":"lili-campos-se-reune-con-empresariado-y-autoridades-en-espana","status":"publish","type":"post","link":"https:\/\/angelsolisnoticias.com\/index.php\/2024\/01\/25\/lili-campos-se-reune-con-empresariado-y-autoridades-en-espana\/","title":{"rendered":"Lili Campos se re\u00fane con empresariado y autoridades en Espa\u00f1a"},"content":{"rendered":"<p>Madrid, Espa\u00f1a a 25 de enero del 2024<br \/>\nRedacci\u00f3n<\/p>\n<p>Durante una reuni\u00f3n de trabajo que se realiz\u00f3, en La Casa de Espa\u00f1a en Madrid, este jueves la presidenta municipal de Solidaridad, dio a conocer los pormenores del desarrollo e infraestructura tur\u00edstica de Playa del Carmen, ante empresarios espa\u00f1oles, medios de comunicaci\u00f3n y personalidades mexicanas que radican en Espa\u00f1a.<\/p>\n<p>Lili Campos reafirm\u00f3 su compromiso con la excelencia en la experiencia tur\u00edstica a trav\u00e9s de un cat\u00e1logo integral de servicios dirigidos a visitantes reconociendo la vital importancia de este sector como motor impulsor de la econom\u00eda local.<\/p>\n<p>La presidenta municipal destac\u00f3 los avances en atenci\u00f3n al turismo internacional, con una serie de programas y acciones que se han implementado a partir de los \u00faltimos dos a\u00f1os para garantizar una gran experiencia, al descubrir las maravillas de Playa del Carmen, que destaca por sus bellezas naturales y se complementa con la calidad de servicios e infraestructura tur\u00edstica.<\/p>\n<p><img loading=\"lazy\" decoding=\"async\" class=\"aligncenter wp-image-5600 \" src=\"https:\/\/angelsolisnoticias.com\/wp-content\/uploads\/2024\/01\/Solidaridad-Fitur-empresariado2.jpg\" alt=\"\" width=\"591\" height=\"424\" \/><\/p>\n<p>En dicho encuentro Lili Campos estuvo acompa\u00f1ada por Ximena Caraza Campos, directora de Casa M\u00e9xico, Trist\u00e1n Ram\u00edrez, ceo de marca Agata Ru\u00edz de la Prada, las personalidades: Ximena P\u00e9rez Choco y Juan Carlos Valladolid, representantes de medios de comunicaci\u00f3n internacionales: Forbes, Elle y Mexicanos en Espa\u00f1a, el secretario de turismo de Maranhao Brasil, agencias de turismo y tour operadores en dicho pa\u00eds, entre otros.<\/p>\n<p>Playa del Carmen, reconocido polo tur\u00edstico, ha alcanzado prestigiosos reconocimientos que lo consolidan como un destino de clase mundial. Bajo el liderazgo de la alcaldesa Lili Campos, el gobierno local ha contribuido significativamente a posicionar al municipio como un lugar paradisiaco con experiencias tur\u00edsticas inigualables.<\/p>\n<p><img loading=\"lazy\" decoding=\"async\" class=\"aligncenter wp-image-5599 \" src=\"https:\/\/angelsolisnoticias.com\/wp-content\/uploads\/2024\/01\/Solidaridad-Fitur-empresariado3.jpg\" alt=\"\" width=\"640\" height=\"402\" \/><\/p>\n<p>Lili Campos asegur\u00f3 que el logro es tanto de la comunidad local como del gobierno que preside. \u201cSeg\u00fan el Reporte de Evaluaci\u00f3n y Ranking de Mejores Playas 2023, Punta Esmeralda tiene el lugar n\u00famero uno de la preferencia en M\u00e9xico como la mejor playa del pa\u00eds y la quinta a nivel Latinoam\u00e9rica. Adem\u00e1s, ocupamos el tercer lugar como la mejor playa urbana y el cuarto lugar en la categor\u00eda de las Mejores Playas del Caribe\u201d afirm\u00f3.<\/p>\n<p>Otro reconocimiento reciente, es el premio Green Destinations Top 100 Stories, respaldado por la Organizaci\u00f3n Mundial de Turismo (OMT). Obtenido por la playa Punta Esmeralda, distintivo que destaca al municipio como l\u00edder en la industria tur\u00edstica, con las mejores playas, visitadas por miles de personas cada a\u00f1o.<\/p>\n<p><img loading=\"lazy\" decoding=\"async\" class=\"aligncenter wp-image-5598 \" src=\"https:\/\/angelsolisnoticias.com\/wp-content\/uploads\/2024\/01\/Solidaridad-Fitur-empresariado4.jpg\" alt=\"\" width=\"370\" height=\"443\" \/><\/p>\n<p>Actualmente, Playa del Carmen cuenta con 11 playas Platino, seis de las cuales poseen la doble certificaci\u00f3n Blue Flag y Platino. Estas playas cumplen con estrictas condiciones ambientales e instalaciones, establecidas por la Fundaci\u00f3n de Educaci\u00f3n Ambiental, respaldando as\u00ed el compromiso del gobierno, la iniciativa privada y particulares con la calidad y sustentabilidad en la protecci\u00f3n de las playas mexicanas.<\/p>\n<p>Playa del Carmen cuenta con la colaboraci\u00f3n de la corporaci\u00f3n \u00c1ngeles Verdes para la atenci\u00f3n de emergencias tur\u00edsticas; convenio firmado durante la participaci\u00f3n en el Tianguis Tur\u00edstico de la Ciudad de M\u00e9xico. Tambi\u00e9n se cuenta con ocho Centros de Atenci\u00f3n Inmediata (CAI), en coordinaci\u00f3n con los tres \u00f3rdenes de gobierno.<\/p>\n<p>Es importante destacar que Playa del Carmen, Solidaridad; es el \u00fanico municipio en el estado de Quintana Roo en contar con un Centro de Atenci\u00f3n y Protecci\u00f3n al Turismo (CAPTA), con cinco Centros de Atenci\u00f3n Primaria Municipalizados (CAM) y uno de salud mental. Tambi\u00e9n es \u00fanico en contar con patrulla para la atenci\u00f3n a la diversidad de g\u00e9nero, con oficina de Asuntos Nacionales e Internacionales, as\u00ed como el \u00fanico en tener un sistema de justicia c\u00edvica consolidada.<\/p>\n","protected":false},"excerpt":{"rendered":"<p>Madrid, Espa\u00f1a a 25 de enero del 2024 Redacci\u00f3n Durante una reuni\u00f3n de trabajo que se realiz\u00f3, en La Casa de Espa\u00f1a en Madrid, este jueves la presidenta municipal de Solidaridad, dio a conocer los pormenores del desarrollo e infraestructura tur\u00edstica de Playa del Carmen, ante empresarios espa\u00f1oles, medios de <a href=\"https:\/\/angelsolisnoticias.com\/index.php\/2024\/01\/25\/lili-campos-se-reune-con-empresariado-y-autoridades-en-espana\/\" class=\"btn btn-link continue-link\">Seguir leyendo<\/a><\/p>\n","protected":false},"author":1,"featured_media":5601,"comment_status":"open","ping_status":"open","sticky":false,"template":"","format":"standard","meta":{"footnotes":""},"categories":[6,1],"tags":[],"class_list":["post-5596","post","type-post","status-publish","format-standard","has-post-thumbnail","hentry","category-solidaridad","category-uncategorized"],"yoast_head":"<!-- This site is optimized with the Yoast SEO plugin v21.1 - https:\/\/yoast.com\/wordpress\/plugins\/seo\/ -->\n<title>Lili Campos se re\u00fane con empresariado y autoridades en Espa\u00f1a<\/title>\n<meta name=\"description\" content=\".\" \/>\n<meta name=\"robots\" content=\"index, follow, max-snippet:-1, max-image-preview:large, max-video-preview:-1\" \/>\n<link rel=\"canonical\" href=\"https:\/\/angelsolisnoticias.com\/index.php\/2024\/01\/25\/lili-campos-se-reune-con-empresariado-y-autoridades-en-espana\/\" \/>\n<meta property=\"og:locale\" content=\"es_MX\" \/>\n<meta property=\"og:type\" content=\"article\" \/>\n<meta property=\"og:title\" content=\"Lili Campos se re\u00fane con empresariado y autoridades en Espa\u00f1a\" \/>\n<meta property=\"og:description\" content=\".\" \/>\n<meta property=\"og:url\" content=\"https:\/\/angelsolisnoticias.com\/index.php\/2024\/01\/25\/lili-campos-se-reune-con-empresariado-y-autoridades-en-espana\/\" \/>\n<meta property=\"og:site_name\" content=\"\u00c1ngel Solis\" \/>\n<meta property=\"article:publisher\" content=\"https:\/\/www.facebook.com\/periodistasquintanaroo\" \/>\n<meta property=\"article:published_time\" content=\"2024-01-25T09:51:59+00:00\" \/>\n<meta property=\"article:modified_time\" content=\"2024-01-25T22:57:49+00:00\" \/>\n<meta property=\"og:image\" content=\"https:\/\/angelsolisnoticias.com\/wp-content\/uploads\/2024\/01\/Solidaridad-Fitur-empresariado1.jpg\" \/>\n\t<meta property=\"og:image:width\" content=\"800\" \/>\n\t<meta property=\"og:image:height\" content=\"569\" \/>\n\t<meta property=\"og:image:type\" content=\"image\/jpeg\" \/>\n<meta name=\"author\" content=\"admin\" \/>\n<meta name=\"twitter:card\" content=\"summary_large_image\" \/>\n<meta name=\"twitter:creator\" content=\"@PERIODISTASQROO\" \/>\n<meta name=\"twitter:site\" content=\"@PERIODISTASQROO\" \/>\n<meta name=\"twitter:label1\" content=\"Escrito por\" \/>\n\t<meta name=\"twitter:data1\" content=\"admin\" \/>\n\t<meta name=\"twitter:label2\" content=\"Tiempo de lectura\" \/>\n\t<meta name=\"twitter:data2\" content=\"4 minutos\" \/>\n<script type=\"application\/ld+json\" class=\"yoast-schema-graph\">{\"@context\":\"https:\/\/schema.org\",\"@graph\":[{\"@type\":\"Article\",\"@id\":\"https:\/\/angelsolisnoticias.com\/index.php\/2024\/01\/25\/lili-campos-se-reune-con-empresariado-y-autoridades-en-espana\/#article\",\"isPartOf\":{\"@id\":\"https:\/\/angelsolisnoticias.com\/index.php\/2024\/01\/25\/lili-campos-se-reune-con-empresariado-y-autoridades-en-espana\/\"},\"author\":{\"name\":\"admin\",\"@id\":\"https:\/\/angelsolisnoticias.com\/#\/schema\/person\/d5ca5e4c5f05db44e86cb564bf81ae6f\"},\"headline\":\"Lili Campos se re\u00fane con empresariado y autoridades en Espa\u00f1a\",\"datePublished\":\"2024-01-25T09:51:59+00:00\",\"dateModified\":\"2024-01-25T22:57:49+00:00\",\"mainEntityOfPage\":{\"@id\":\"https:\/\/angelsolisnoticias.com\/index.php\/2024\/01\/25\/lili-campos-se-reune-con-empresariado-y-autoridades-en-espana\/\"},\"wordCount\":639,\"commentCount\":0,\"publisher\":{\"@id\":\"https:\/\/angelsolisnoticias.com\/#organization\"},\"articleSection\":[\"Solidaridad\",\"Uncategorized\"],\"inLanguage\":\"es\",\"potentialAction\":[{\"@type\":\"CommentAction\",\"name\":\"Comment\",\"target\":[\"https:\/\/angelsolisnoticias.com\/index.php\/2024\/01\/25\/lili-campos-se-reune-con-empresariado-y-autoridades-en-espana\/#respond\"]}]},{\"@type\":\"WebPage\",\"@id\":\"https:\/\/angelsolisnoticias.com\/index.php\/2024\/01\/25\/lili-campos-se-reune-con-empresariado-y-autoridades-en-espana\/\",\"url\":\"https:\/\/angelsolisnoticias.com\/index.php\/2024\/01\/25\/lili-campos-se-reune-con-empresariado-y-autoridades-en-espana\/\",\"name\":\"Lili Campos se re\u00fane con empresariado y autoridades en Espa\u00f1a\",\"isPartOf\":{\"@id\":\"https:\/\/angelsolisnoticias.com\/#website\"},\"datePublished\":\"2024-01-25T09:51:59+00:00\",\"dateModified\":\"2024-01-25T22:57:49+00:00\",\"description\":\".\",\"breadcrumb\":{\"@id\":\"https:\/\/angelsolisnoticias.com\/index.php\/2024\/01\/25\/lili-campos-se-reune-con-empresariado-y-autoridades-en-espana\/#breadcrumb\"},\"inLanguage\":\"es\",\"potentialAction\":[{\"@type\":\"ReadAction\",\"target\":[\"https:\/\/angelsolisnoticias.com\/index.php\/2024\/01\/25\/lili-campos-se-reune-con-empresariado-y-autoridades-en-espana\/\"]}]},{\"@type\":\"BreadcrumbList\",\"@id\":\"https:\/\/angelsolisnoticias.com\/index.php\/2024\/01\/25\/lili-campos-se-reune-con-empresariado-y-autoridades-en-espana\/#breadcrumb\",\"itemListElement\":[{\"@type\":\"ListItem\",\"position\":1,\"name\":\"Inicio\",\"item\":\"https:\/\/angelsolisnoticias.com\/\"},{\"@type\":\"ListItem\",\"position\":2,\"name\":\"Lili Campos se re\u00fane con empresariado y autoridades en Espa\u00f1a\"}]},{\"@type\":\"WebSite\",\"@id\":\"https:\/\/angelsolisnoticias.com\/#website\",\"url\":\"https:\/\/angelsolisnoticias.com\/\",\"name\":\"\u00c1ngel Solis\",\"description\":\"Noticias de Quintana Roo\",\"publisher\":{\"@id\":\"https:\/\/angelsolisnoticias.com\/#organization\"},\"potentialAction\":[{\"@type\":\"SearchAction\",\"target\":{\"@type\":\"EntryPoint\",\"urlTemplate\":\"https:\/\/angelsolisnoticias.com\/?s={search_term_string}\"},\"query-input\":\"required name=search_term_string\"}],\"inLanguage\":\"es\"},{\"@type\":\"Organization\",\"@id\":\"https:\/\/angelsolisnoticias.com\/#organization\",\"name\":\"\u00c1ngel Solis\",\"url\":\"https:\/\/angelsolisnoticias.com\/\",\"logo\":{\"@type\":\"ImageObject\",\"inLanguage\":\"es\",\"@id\":\"https:\/\/angelsolisnoticias.com\/#\/schema\/logo\/image\/\",\"url\":\"https:\/\/angelsolisnoticias.com\/wp-content\/uploads\/2023\/01\/LOGO3.png\",\"contentUrl\":\"https:\/\/angelsolisnoticias.com\/wp-content\/uploads\/2023\/01\/LOGO3.png\",\"width\":1853,\"height\":570,\"caption\":\"\u00c1ngel Solis\"},\"image\":{\"@id\":\"https:\/\/angelsolisnoticias.com\/#\/schema\/logo\/image\/\"},\"sameAs\":[\"https:\/\/www.facebook.com\/periodistasquintanaroo\",\"https:\/\/twitter.com\/PERIODISTASQROO\"]},{\"@type\":\"Person\",\"@id\":\"https:\/\/angelsolisnoticias.com\/#\/schema\/person\/d5ca5e4c5f05db44e86cb564bf81ae6f\",\"name\":\"admin\",\"image\":{\"@type\":\"ImageObject\",\"inLanguage\":\"es\",\"@id\":\"https:\/\/angelsolisnoticias.com\/#\/schema\/person\/image\/\",\"url\":\"https:\/\/secure.gravatar.com\/avatar\/dff3eaf7d33320066684ce268bff2bf90ce4f69456139b2d65d7796f64299e47?s=96&d=mm&r=g\",\"contentUrl\":\"https:\/\/secure.gravatar.com\/avatar\/dff3eaf7d33320066684ce268bff2bf90ce4f69456139b2d65d7796f64299e47?s=96&d=mm&r=g\",\"caption\":\"admin\"},\"sameAs\":[\"https:\/\/angelsolisnoticias.com\"],\"url\":\"https:\/\/angelsolisnoticias.com\/index.php\/author\/admin_qnbaat5l\/\"}]}<\/script>\n<!-- \/ Yoast SEO plugin. -->","yoast_head_json":{"title":"Lili Campos se re\u00fane con empresariado y autoridades en Espa\u00f1a","description":".","robots":{"index":"index","follow":"follow","max-snippet":"max-snippet:-1","max-image-preview":"max-image-preview:large","max-video-preview":"max-video-preview:-1"},"canonical":"https:\/\/angelsolisnoticias.com\/index.php\/2024\/01\/25\/lili-campos-se-reune-con-empresariado-y-autoridades-en-espana\/","og_locale":"es_MX","og_type":"article","og_title":"Lili Campos se re\u00fane con empresariado y autoridades en Espa\u00f1a","og_description":".","og_url":"https:\/\/angelsolisnoticias.com\/index.php\/2024\/01\/25\/lili-campos-se-reune-con-empresariado-y-autoridades-en-espana\/","og_site_name":"\u00c1ngel Solis","article_publisher":"https:\/\/www.facebook.com\/periodistasquintanaroo","article_published_time":"2024-01-25T09:51:59+00:00","article_modified_time":"2024-01-25T22:57:49+00:00","og_image":[{"width":800,"height":569,"url":"https:\/\/angelsolisnoticias.com\/wp-content\/uploads\/2024\/01\/Solidaridad-Fitur-empresariado1.jpg","type":"image\/jpeg"}],"author":"admin","twitter_card":"summary_large_image","twitter_creator":"@PERIODISTASQROO","twitter_site":"@PERIODISTASQROO","twitter_misc":{"Escrito por":"admin","Tiempo de lectura":"4 minutos"},"schema":{"@context":"https:\/\/schema.org","@graph":[{"@type":"Article","@id":"https:\/\/angelsolisnoticias.com\/index.php\/2024\/01\/25\/lili-campos-se-reune-con-empresariado-y-autoridades-en-espana\/#article","isPartOf":{"@id":"https:\/\/angelsolisnoticias.com\/index.php\/2024\/01\/25\/lili-campos-se-reune-con-empresariado-y-autoridades-en-espana\/"},"author":{"name":"admin","@id":"https:\/\/angelsolisnoticias.com\/#\/schema\/person\/d5ca5e4c5f05db44e86cb564bf81ae6f"},"headline":"Lili Campos se re\u00fane con empresariado y autoridades en Espa\u00f1a","datePublished":"2024-01-25T09:51:59+00:00","dateModified":"2024-01-25T22:57:49+00:00","mainEntityOfPage":{"@id":"https:\/\/angelsolisnoticias.com\/index.php\/2024\/01\/25\/lili-campos-se-reune-con-empresariado-y-autoridades-en-espana\/"},"wordCount":639,"commentCount":0,"publisher":{"@id":"https:\/\/angelsolisnoticias.com\/#organization"},"articleSection":["Solidaridad","Uncategorized"],"inLanguage":"es","potentialAction":[{"@type":"CommentAction","name":"Comment","target":["https:\/\/angelsolisnoticias.com\/index.php\/2024\/01\/25\/lili-campos-se-reune-con-empresariado-y-autoridades-en-espana\/#respond"]}]},{"@type":"WebPage","@id":"https:\/\/angelsolisnoticias.com\/index.php\/2024\/01\/25\/lili-campos-se-reune-con-empresariado-y-autoridades-en-espana\/","url":"https:\/\/angelsolisnoticias.com\/index.php\/2024\/01\/25\/lili-campos-se-reune-con-empresariado-y-autoridades-en-espana\/","name":"Lili Campos se re\u00fane con empresariado y autoridades en Espa\u00f1a","isPartOf":{"@id":"https:\/\/angelsolisnoticias.com\/#website"},"datePublished":"2024-01-25T09:51:59+00:00","dateModified":"2024-01-25T22:57:49+00:00","description":".","breadcrumb":{"@id":"https:\/\/angelsolisnoticias.com\/index.php\/2024\/01\/25\/lili-campos-se-reune-con-empresariado-y-autoridades-en-espana\/#breadcrumb"},"inLanguage":"es","potentialAction":[{"@type":"ReadAction","target":["https:\/\/angelsolisnoticias.com\/index.php\/2024\/01\/25\/lili-campos-se-reune-con-empresariado-y-autoridades-en-espana\/"]}]},{"@type":"BreadcrumbList","@id":"https:\/\/angelsolisnoticias.com\/index.php\/2024\/01\/25\/lili-campos-se-reune-con-empresariado-y-autoridades-en-espana\/#breadcrumb","itemListElement":[{"@type":"ListItem","position":1,"name":"Inicio","item":"https:\/\/angelsolisnoticias.com\/"},{"@type":"ListItem","position":2,"name":"Lili Campos se re\u00fane con empresariado y autoridades en Espa\u00f1a"}]},{"@type":"WebSite","@id":"https:\/\/angelsolisnoticias.com\/#website","url":"https:\/\/angelsolisnoticias.com\/","name":"\u00c1ngel Solis","description":"Noticias de Quintana Roo","publisher":{"@id":"https:\/\/angelsolisnoticias.com\/#organization"},"potentialAction":[{"@type":"SearchAction","target":{"@type":"EntryPoint","urlTemplate":"https:\/\/angelsolisnoticias.com\/?s={search_term_string}"},"query-input":"required name=search_term_string"}],"inLanguage":"es"},{"@type":"Organization","@id":"https:\/\/angelsolisnoticias.com\/#organization","name":"\u00c1ngel Solis","url":"https:\/\/angelsolisnoticias.com\/","logo":{"@type":"ImageObject","inLanguage":"es","@id":"https:\/\/angelsolisnoticias.com\/#\/schema\/logo\/image\/","url":"https:\/\/angelsolisnoticias.com\/wp-content\/uploads\/2023\/01\/LOGO3.png","contentUrl":"https:\/\/angelsolisnoticias.com\/wp-content\/uploads\/2023\/01\/LOGO3.png","width":1853,"height":570,"caption":"\u00c1ngel Solis"},"image":{"@id":"https:\/\/angelsolisnoticias.com\/#\/schema\/logo\/image\/"},"sameAs":["https:\/\/www.facebook.com\/periodistasquintanaroo","https:\/\/twitter.com\/PERIODISTASQROO"]},{"@type":"Person","@id":"https:\/\/angelsolisnoticias.com\/#\/schema\/person\/d5ca5e4c5f05db44e86cb564bf81ae6f","name":"admin","image":{"@type":"ImageObject","inLanguage":"es","@id":"https:\/\/angelsolisnoticias.com\/#\/schema\/person\/image\/","url":"https:\/\/secure.gravatar.com\/avatar\/dff3eaf7d33320066684ce268bff2bf90ce4f69456139b2d65d7796f64299e47?s=96&d=mm&r=g","contentUrl":"https:\/\/secure.gravatar.com\/avatar\/dff3eaf7d33320066684ce268bff2bf90ce4f69456139b2d65d7796f64299e47?s=96&d=mm&r=g","caption":"admin"},"sameAs":["https:\/\/angelsolisnoticias.com"],"url":"https:\/\/angelsolisnoticias.com\/index.php\/author\/admin_qnbaat5l\/"}]}},"jetpack_featured_media_url":"https:\/\/angelsolisnoticias.com\/wp-content\/uploads\/2024\/01\/Solidaridad-Fitur-empresariado1.jpg","_links":{"self":[{"href":"https:\/\/angelsolisnoticias.com\/index.php\/wp-json\/wp\/v2\/posts\/5596","targetHints":{"allow":["GET"]}}],"collection":[{"href":"https:\/\/angelsolisnoticias.com\/index.php\/wp-json\/wp\/v2\/posts"}],"about":[{"href":"https:\/\/angelsolisnoticias.com\/index.php\/wp-json\/wp\/v2\/types\/post"}],"author":[{"embeddable":true,"href":"https:\/\/angelsolisnoticias.com\/index.php\/wp-json\/wp\/v2\/users\/1"}],"replies":[{"embeddable":true,"href":"https:\/\/angelsolisnoticias.com\/index.php\/wp-json\/wp\/v2\/comments?post=5596"}],"version-history":[{"count":3,"href":"https:\/\/angelsolisnoticias.com\/index.php\/wp-json\/wp\/v2\/posts\/5596\/revisions"}],"predecessor-version":[{"id":5603,"href":"https:\/\/angelsolisnoticias.com\/index.php\/wp-json\/wp\/v2\/posts\/5596\/revisions\/5603"}],"wp:featuredmedia":[{"embeddable":true,"href":"https:\/\/angelsolisnoticias.com\/index.php\/wp-json\/wp\/v2\/media\/5601"}],"wp:attachment":[{"href":"https:\/\/angelsolisnoticias.com\/index.php\/wp-json\/wp\/v2\/media?parent=5596"}],"wp:term":[{"taxonomy":"category","embeddable":true,"href":"https:\/\/angelsolisnoticias.com\/index.php\/wp-json\/wp\/v2\/categories?post=5596"},{"taxonomy":"post_tag","embeddable":true,"href":"https:\/\/angelsolisnoticias.com\/index.php\/wp-json\/wp\/v2\/tags?post=5596"}],"curies":[{"name":"wp","href":"https:\/\/api.w.org\/{rel}","templated":true}]}}