{"id":5655,"date":"2024-01-27T20:06:12","date_gmt":"2024-01-27T20:06:12","guid":{"rendered":"https:\/\/angelsolisnoticias.com\/?p=5655"},"modified":"2024-01-28T02:37:56","modified_gmt":"2024-01-28T02:37:56","slug":"puente-nichupte-sera-inaugurado-en-verano-del-2024-celebra-mara-lezama","status":"publish","type":"post","link":"https:\/\/angelsolisnoticias.com\/index.php\/2024\/01\/27\/puente-nichupte-sera-inaugurado-en-verano-del-2024-celebra-mara-lezama\/","title":{"rendered":"Puente Nichupt\u00e9 ser\u00e1 inaugurado en verano del 2024, celebra Mara Lezama"},"content":{"rendered":"<p>Chetumal, 27 de enero<br \/>\nEspecial<\/p>\n<p>Junto con el presidente de M\u00e9xico, Andr\u00e9s Manuel L\u00f3pez Obrador, la gobernadora de Quintana Roo Mara Lezama\u00a0 Espinosa realiz\u00f3 un recorrido de supervisi\u00f3n para verificar los avances en las obras del Tren Maya en los tramos 5, 6 y 7, as\u00ed como el Puente Nichupt\u00e9 que anunciaron ser\u00e1 inaugurado en el verano del 2024.<\/p>\n<p>Se reunieron con personal de la Secretar\u00eda de la Defensa Nacional y especialistas en las obras que se realizan en Quintana Roo, para evaluar el tramo 5, 6 y 7 del Tren Maya, en donde avanzan las labores para concluir lo m\u00e1s pronto esta obra que estar\u00e1 recorriendo el Presidente de M\u00e9xico desde Canc\u00fan a Playa del Carmen el pr\u00f3ximo 29 de febrero.<\/p>\n<p><img loading=\"lazy\" decoding=\"async\" class=\"aligncenter wp-image-5658 \" src=\"https:\/\/angelsolisnoticias.com\/wp-content\/uploads\/2024\/01\/Mara-Amlo-Puente3.jpg\" alt=\"\" width=\"621\" height=\"405\" \/><\/p>\n<p>Asimismo, revisaron los avances del Parque del Jaguar y el Aeropuerto de Tulum que, de acuerdo con datos Agencia Federal de Aviaci\u00f3n Civil (AFAC), transport\u00f3 39 mil 768 pasajeros, durante su primer mes de operaciones.<\/p>\n<p>Las autoridades se trasladaron hasta Canc\u00fan para participar en la reuni\u00f3n de evaluaci\u00f3n de los proyectos de infraestructura de Canc\u00fan, donde anunciaron que avanzan en tiempo y forma los trabajos del Puente Nichupt\u00e9 que ser\u00e1 inaugurado por el presidente de M\u00e9xico, Andr\u00e9s Manuel L\u00f3pez Obrador, en el verano pr\u00f3ximo.<\/p>\n<p><img loading=\"lazy\" decoding=\"async\" class=\"aligncenter wp-image-5659 \" src=\"https:\/\/angelsolisnoticias.com\/wp-content\/uploads\/2024\/01\/Mara-Amlo-Puente2.jpg\" alt=\"\" width=\"635\" height=\"360\" \/><\/p>\n<p>El puente que ser\u00e1 de libre peaje tendr\u00e1 8.8 kil\u00f3metros de largo y 2 entronques; se construye bajo el sistema Top Down, con la m\u00e1s moderna tecnolog\u00eda. Se contempla el acceso en la intersecci\u00f3n de la avenida Colosio con Kabah.<\/p>\n","protected":false},"excerpt":{"rendered":"<p>Chetumal, 27 de enero Especial Junto con el presidente de M\u00e9xico, Andr\u00e9s Manuel L\u00f3pez Obrador, la gobernadora de Quintana Roo Mara Lezama\u00a0 Espinosa realiz\u00f3 un recorrido de supervisi\u00f3n para verificar los avances en las obras del Tren Maya en los tramos 5, 6 y 7, as\u00ed como el Puente Nichupt\u00e9 <a href=\"https:\/\/angelsolisnoticias.com\/index.php\/2024\/01\/27\/puente-nichupte-sera-inaugurado-en-verano-del-2024-celebra-mara-lezama\/\" class=\"btn btn-link continue-link\">Seguir leyendo<\/a><\/p>\n","protected":false},"author":1,"featured_media":5657,"comment_status":"open","ping_status":"open","sticky":false,"template":"","format":"standard","meta":{"footnotes":""},"categories":[1],"tags":[],"class_list":["post-5655","post","type-post","status-publish","format-standard","has-post-thumbnail","hentry","category-uncategorized"],"yoast_head":"<!-- This site is optimized with the Yoast SEO plugin v21.1 - https:\/\/yoast.com\/wordpress\/plugins\/seo\/ -->\n<title>Puente Nichupt\u00e9 ser\u00e1 inaugurado en verano del 2024, celebra Mara Lezama<\/title>\n<meta name=\"description\" content=\".\" \/>\n<meta name=\"robots\" content=\"index, follow, max-snippet:-1, max-image-preview:large, max-video-preview:-1\" \/>\n<link rel=\"canonical\" href=\"https:\/\/angelsolisnoticias.com\/index.php\/2024\/01\/27\/puente-nichupte-sera-inaugurado-en-verano-del-2024-celebra-mara-lezama\/\" \/>\n<meta property=\"og:locale\" content=\"es_MX\" \/>\n<meta property=\"og:type\" content=\"article\" \/>\n<meta property=\"og:title\" content=\"Puente Nichupt\u00e9 ser\u00e1 inaugurado en verano del 2024, celebra Mara Lezama\" \/>\n<meta property=\"og:description\" content=\".\" \/>\n<meta property=\"og:url\" content=\"https:\/\/angelsolisnoticias.com\/index.php\/2024\/01\/27\/puente-nichupte-sera-inaugurado-en-verano-del-2024-celebra-mara-lezama\/\" \/>\n<meta property=\"og:site_name\" content=\"\u00c1ngel Solis\" \/>\n<meta property=\"article:publisher\" content=\"https:\/\/www.facebook.com\/periodistasquintanaroo\" \/>\n<meta property=\"article:published_time\" content=\"2024-01-27T20:06:12+00:00\" \/>\n<meta property=\"article:modified_time\" content=\"2024-01-28T02:37:56+00:00\" \/>\n<meta property=\"og:image\" content=\"https:\/\/angelsolisnoticias.com\/wp-content\/uploads\/2024\/01\/Mara-Amlo-Puente4.jpg\" \/>\n\t<meta property=\"og:image:width\" content=\"800\" \/>\n\t<meta property=\"og:image:height\" content=\"569\" \/>\n\t<meta property=\"og:image:type\" content=\"image\/jpeg\" \/>\n<meta name=\"author\" content=\"admin\" \/>\n<meta name=\"twitter:card\" content=\"summary_large_image\" \/>\n<meta name=\"twitter:creator\" content=\"@PERIODISTASQROO\" \/>\n<meta name=\"twitter:site\" content=\"@PERIODISTASQROO\" \/>\n<meta name=\"twitter:label1\" content=\"Escrito por\" \/>\n\t<meta name=\"twitter:data1\" content=\"admin\" \/>\n\t<meta name=\"twitter:label2\" content=\"Tiempo de lectura\" \/>\n\t<meta name=\"twitter:data2\" content=\"2 minutos\" \/>\n<script type=\"application\/ld+json\" class=\"yoast-schema-graph\">{\"@context\":\"https:\/\/schema.org\",\"@graph\":[{\"@type\":\"Article\",\"@id\":\"https:\/\/angelsolisnoticias.com\/index.php\/2024\/01\/27\/puente-nichupte-sera-inaugurado-en-verano-del-2024-celebra-mara-lezama\/#article\",\"isPartOf\":{\"@id\":\"https:\/\/angelsolisnoticias.com\/index.php\/2024\/01\/27\/puente-nichupte-sera-inaugurado-en-verano-del-2024-celebra-mara-lezama\/\"},\"author\":{\"name\":\"admin\",\"@id\":\"https:\/\/angelsolisnoticias.com\/#\/schema\/person\/d5ca5e4c5f05db44e86cb564bf81ae6f\"},\"headline\":\"Puente Nichupt\u00e9 ser\u00e1 inaugurado en verano del 2024, celebra Mara Lezama\",\"datePublished\":\"2024-01-27T20:06:12+00:00\",\"dateModified\":\"2024-01-28T02:37:56+00:00\",\"mainEntityOfPage\":{\"@id\":\"https:\/\/angelsolisnoticias.com\/index.php\/2024\/01\/27\/puente-nichupte-sera-inaugurado-en-verano-del-2024-celebra-mara-lezama\/\"},\"wordCount\":265,\"commentCount\":0,\"publisher\":{\"@id\":\"https:\/\/angelsolisnoticias.com\/#organization\"},\"articleSection\":[\"Uncategorized\"],\"inLanguage\":\"es\",\"potentialAction\":[{\"@type\":\"CommentAction\",\"name\":\"Comment\",\"target\":[\"https:\/\/angelsolisnoticias.com\/index.php\/2024\/01\/27\/puente-nichupte-sera-inaugurado-en-verano-del-2024-celebra-mara-lezama\/#respond\"]}]},{\"@type\":\"WebPage\",\"@id\":\"https:\/\/angelsolisnoticias.com\/index.php\/2024\/01\/27\/puente-nichupte-sera-inaugurado-en-verano-del-2024-celebra-mara-lezama\/\",\"url\":\"https:\/\/angelsolisnoticias.com\/index.php\/2024\/01\/27\/puente-nichupte-sera-inaugurado-en-verano-del-2024-celebra-mara-lezama\/\",\"name\":\"Puente Nichupt\u00e9 ser\u00e1 inaugurado en verano del 2024, celebra Mara Lezama\",\"isPartOf\":{\"@id\":\"https:\/\/angelsolisnoticias.com\/#website\"},\"datePublished\":\"2024-01-27T20:06:12+00:00\",\"dateModified\":\"2024-01-28T02:37:56+00:00\",\"description\":\".\",\"breadcrumb\":{\"@id\":\"https:\/\/angelsolisnoticias.com\/index.php\/2024\/01\/27\/puente-nichupte-sera-inaugurado-en-verano-del-2024-celebra-mara-lezama\/#breadcrumb\"},\"inLanguage\":\"es\",\"potentialAction\":[{\"@type\":\"ReadAction\",\"target\":[\"https:\/\/angelsolisnoticias.com\/index.php\/2024\/01\/27\/puente-nichupte-sera-inaugurado-en-verano-del-2024-celebra-mara-lezama\/\"]}]},{\"@type\":\"BreadcrumbList\",\"@id\":\"https:\/\/angelsolisnoticias.com\/index.php\/2024\/01\/27\/puente-nichupte-sera-inaugurado-en-verano-del-2024-celebra-mara-lezama\/#breadcrumb\",\"itemListElement\":[{\"@type\":\"ListItem\",\"position\":1,\"name\":\"Inicio\",\"item\":\"https:\/\/angelsolisnoticias.com\/\"},{\"@type\":\"ListItem\",\"position\":2,\"name\":\"Puente Nichupt\u00e9 ser\u00e1 inaugurado en verano del 2024, celebra Mara Lezama\"}]},{\"@type\":\"WebSite\",\"@id\":\"https:\/\/angelsolisnoticias.com\/#website\",\"url\":\"https:\/\/angelsolisnoticias.com\/\",\"name\":\"\u00c1ngel Solis\",\"description\":\"Noticias de Quintana Roo\",\"publisher\":{\"@id\":\"https:\/\/angelsolisnoticias.com\/#organization\"},\"potentialAction\":[{\"@type\":\"SearchAction\",\"target\":{\"@type\":\"EntryPoint\",\"urlTemplate\":\"https:\/\/angelsolisnoticias.com\/?s={search_term_string}\"},\"query-input\":\"required name=search_term_string\"}],\"inLanguage\":\"es\"},{\"@type\":\"Organization\",\"@id\":\"https:\/\/angelsolisnoticias.com\/#organization\",\"name\":\"\u00c1ngel Solis\",\"url\":\"https:\/\/angelsolisnoticias.com\/\",\"logo\":{\"@type\":\"ImageObject\",\"inLanguage\":\"es\",\"@id\":\"https:\/\/angelsolisnoticias.com\/#\/schema\/logo\/image\/\",\"url\":\"https:\/\/angelsolisnoticias.com\/wp-content\/uploads\/2023\/01\/LOGO3.png\",\"contentUrl\":\"https:\/\/angelsolisnoticias.com\/wp-content\/uploads\/2023\/01\/LOGO3.png\",\"width\":1853,\"height\":570,\"caption\":\"\u00c1ngel Solis\"},\"image\":{\"@id\":\"https:\/\/angelsolisnoticias.com\/#\/schema\/logo\/image\/\"},\"sameAs\":[\"https:\/\/www.facebook.com\/periodistasquintanaroo\",\"https:\/\/twitter.com\/PERIODISTASQROO\"]},{\"@type\":\"Person\",\"@id\":\"https:\/\/angelsolisnoticias.com\/#\/schema\/person\/d5ca5e4c5f05db44e86cb564bf81ae6f\",\"name\":\"admin\",\"image\":{\"@type\":\"ImageObject\",\"inLanguage\":\"es\",\"@id\":\"https:\/\/angelsolisnoticias.com\/#\/schema\/person\/image\/\",\"url\":\"https:\/\/secure.gravatar.com\/avatar\/dff3eaf7d33320066684ce268bff2bf90ce4f69456139b2d65d7796f64299e47?s=96&d=mm&r=g\",\"contentUrl\":\"https:\/\/secure.gravatar.com\/avatar\/dff3eaf7d33320066684ce268bff2bf90ce4f69456139b2d65d7796f64299e47?s=96&d=mm&r=g\",\"caption\":\"admin\"},\"sameAs\":[\"https:\/\/angelsolisnoticias.com\"],\"url\":\"https:\/\/angelsolisnoticias.com\/index.php\/author\/admin_qnbaat5l\/\"}]}<\/script>\n<!-- \/ Yoast SEO plugin. -->","yoast_head_json":{"title":"Puente Nichupt\u00e9 ser\u00e1 inaugurado en verano del 2024, celebra Mara Lezama","description":".","robots":{"index":"index","follow":"follow","max-snippet":"max-snippet:-1","max-image-preview":"max-image-preview:large","max-video-preview":"max-video-preview:-1"},"canonical":"https:\/\/angelsolisnoticias.com\/index.php\/2024\/01\/27\/puente-nichupte-sera-inaugurado-en-verano-del-2024-celebra-mara-lezama\/","og_locale":"es_MX","og_type":"article","og_title":"Puente Nichupt\u00e9 ser\u00e1 inaugurado en verano del 2024, celebra Mara Lezama","og_description":".","og_url":"https:\/\/angelsolisnoticias.com\/index.php\/2024\/01\/27\/puente-nichupte-sera-inaugurado-en-verano-del-2024-celebra-mara-lezama\/","og_site_name":"\u00c1ngel Solis","article_publisher":"https:\/\/www.facebook.com\/periodistasquintanaroo","article_published_time":"2024-01-27T20:06:12+00:00","article_modified_time":"2024-01-28T02:37:56+00:00","og_image":[{"width":800,"height":569,"url":"https:\/\/angelsolisnoticias.com\/wp-content\/uploads\/2024\/01\/Mara-Amlo-Puente4.jpg","type":"image\/jpeg"}],"author":"admin","twitter_card":"summary_large_image","twitter_creator":"@PERIODISTASQROO","twitter_site":"@PERIODISTASQROO","twitter_misc":{"Escrito por":"admin","Tiempo de lectura":"2 minutos"},"schema":{"@context":"https:\/\/schema.org","@graph":[{"@type":"Article","@id":"https:\/\/angelsolisnoticias.com\/index.php\/2024\/01\/27\/puente-nichupte-sera-inaugurado-en-verano-del-2024-celebra-mara-lezama\/#article","isPartOf":{"@id":"https:\/\/angelsolisnoticias.com\/index.php\/2024\/01\/27\/puente-nichupte-sera-inaugurado-en-verano-del-2024-celebra-mara-lezama\/"},"author":{"name":"admin","@id":"https:\/\/angelsolisnoticias.com\/#\/schema\/person\/d5ca5e4c5f05db44e86cb564bf81ae6f"},"headline":"Puente Nichupt\u00e9 ser\u00e1 inaugurado en verano del 2024, celebra Mara Lezama","datePublished":"2024-01-27T20:06:12+00:00","dateModified":"2024-01-28T02:37:56+00:00","mainEntityOfPage":{"@id":"https:\/\/angelsolisnoticias.com\/index.php\/2024\/01\/27\/puente-nichupte-sera-inaugurado-en-verano-del-2024-celebra-mara-lezama\/"},"wordCount":265,"commentCount":0,"publisher":{"@id":"https:\/\/angelsolisnoticias.com\/#organization"},"articleSection":["Uncategorized"],"inLanguage":"es","potentialAction":[{"@type":"CommentAction","name":"Comment","target":["https:\/\/angelsolisnoticias.com\/index.php\/2024\/01\/27\/puente-nichupte-sera-inaugurado-en-verano-del-2024-celebra-mara-lezama\/#respond"]}]},{"@type":"WebPage","@id":"https:\/\/angelsolisnoticias.com\/index.php\/2024\/01\/27\/puente-nichupte-sera-inaugurado-en-verano-del-2024-celebra-mara-lezama\/","url":"https:\/\/angelsolisnoticias.com\/index.php\/2024\/01\/27\/puente-nichupte-sera-inaugurado-en-verano-del-2024-celebra-mara-lezama\/","name":"Puente Nichupt\u00e9 ser\u00e1 inaugurado en verano del 2024, celebra Mara Lezama","isPartOf":{"@id":"https:\/\/angelsolisnoticias.com\/#website"},"datePublished":"2024-01-27T20:06:12+00:00","dateModified":"2024-01-28T02:37:56+00:00","description":".","breadcrumb":{"@id":"https:\/\/angelsolisnoticias.com\/index.php\/2024\/01\/27\/puente-nichupte-sera-inaugurado-en-verano-del-2024-celebra-mara-lezama\/#breadcrumb"},"inLanguage":"es","potentialAction":[{"@type":"ReadAction","target":["https:\/\/angelsolisnoticias.com\/index.php\/2024\/01\/27\/puente-nichupte-sera-inaugurado-en-verano-del-2024-celebra-mara-lezama\/"]}]},{"@type":"BreadcrumbList","@id":"https:\/\/angelsolisnoticias.com\/index.php\/2024\/01\/27\/puente-nichupte-sera-inaugurado-en-verano-del-2024-celebra-mara-lezama\/#breadcrumb","itemListElement":[{"@type":"ListItem","position":1,"name":"Inicio","item":"https:\/\/angelsolisnoticias.com\/"},{"@type":"ListItem","position":2,"name":"Puente Nichupt\u00e9 ser\u00e1 inaugurado en verano del 2024, celebra Mara Lezama"}]},{"@type":"WebSite","@id":"https:\/\/angelsolisnoticias.com\/#website","url":"https:\/\/angelsolisnoticias.com\/","name":"\u00c1ngel Solis","description":"Noticias de Quintana Roo","publisher":{"@id":"https:\/\/angelsolisnoticias.com\/#organization"},"potentialAction":[{"@type":"SearchAction","target":{"@type":"EntryPoint","urlTemplate":"https:\/\/angelsolisnoticias.com\/?s={search_term_string}"},"query-input":"required name=search_term_string"}],"inLanguage":"es"},{"@type":"Organization","@id":"https:\/\/angelsolisnoticias.com\/#organization","name":"\u00c1ngel Solis","url":"https:\/\/angelsolisnoticias.com\/","logo":{"@type":"ImageObject","inLanguage":"es","@id":"https:\/\/angelsolisnoticias.com\/#\/schema\/logo\/image\/","url":"https:\/\/angelsolisnoticias.com\/wp-content\/uploads\/2023\/01\/LOGO3.png","contentUrl":"https:\/\/angelsolisnoticias.com\/wp-content\/uploads\/2023\/01\/LOGO3.png","width":1853,"height":570,"caption":"\u00c1ngel Solis"},"image":{"@id":"https:\/\/angelsolisnoticias.com\/#\/schema\/logo\/image\/"},"sameAs":["https:\/\/www.facebook.com\/periodistasquintanaroo","https:\/\/twitter.com\/PERIODISTASQROO"]},{"@type":"Person","@id":"https:\/\/angelsolisnoticias.com\/#\/schema\/person\/d5ca5e4c5f05db44e86cb564bf81ae6f","name":"admin","image":{"@type":"ImageObject","inLanguage":"es","@id":"https:\/\/angelsolisnoticias.com\/#\/schema\/person\/image\/","url":"https:\/\/secure.gravatar.com\/avatar\/dff3eaf7d33320066684ce268bff2bf90ce4f69456139b2d65d7796f64299e47?s=96&d=mm&r=g","contentUrl":"https:\/\/secure.gravatar.com\/avatar\/dff3eaf7d33320066684ce268bff2bf90ce4f69456139b2d65d7796f64299e47?s=96&d=mm&r=g","caption":"admin"},"sameAs":["https:\/\/angelsolisnoticias.com"],"url":"https:\/\/angelsolisnoticias.com\/index.php\/author\/admin_qnbaat5l\/"}]}},"jetpack_featured_media_url":"https:\/\/angelsolisnoticias.com\/wp-content\/uploads\/2024\/01\/Mara-Amlo-Puente4.jpg","_links":{"self":[{"href":"https:\/\/angelsolisnoticias.com\/index.php\/wp-json\/wp\/v2\/posts\/5655","targetHints":{"allow":["GET"]}}],"collection":[{"href":"https:\/\/angelsolisnoticias.com\/index.php\/wp-json\/wp\/v2\/posts"}],"about":[{"href":"https:\/\/angelsolisnoticias.com\/index.php\/wp-json\/wp\/v2\/types\/post"}],"author":[{"embeddable":true,"href":"https:\/\/angelsolisnoticias.com\/index.php\/wp-json\/wp\/v2\/users\/1"}],"replies":[{"embeddable":true,"href":"https:\/\/angelsolisnoticias.com\/index.php\/wp-json\/wp\/v2\/comments?post=5655"}],"version-history":[{"count":3,"href":"https:\/\/angelsolisnoticias.com\/index.php\/wp-json\/wp\/v2\/posts\/5655\/revisions"}],"predecessor-version":[{"id":5661,"href":"https:\/\/angelsolisnoticias.com\/index.php\/wp-json\/wp\/v2\/posts\/5655\/revisions\/5661"}],"wp:featuredmedia":[{"embeddable":true,"href":"https:\/\/angelsolisnoticias.com\/index.php\/wp-json\/wp\/v2\/media\/5657"}],"wp:attachment":[{"href":"https:\/\/angelsolisnoticias.com\/index.php\/wp-json\/wp\/v2\/media?parent=5655"}],"wp:term":[{"taxonomy":"category","embeddable":true,"href":"https:\/\/angelsolisnoticias.com\/index.php\/wp-json\/wp\/v2\/categories?post=5655"},{"taxonomy":"post_tag","embeddable":true,"href":"https:\/\/angelsolisnoticias.com\/index.php\/wp-json\/wp\/v2\/tags?post=5655"}],"curies":[{"name":"wp","href":"https:\/\/api.w.org\/{rel}","templated":true}]}}