{"id":5709,"date":"2024-01-29T10:05:25","date_gmt":"2024-01-29T10:05:25","guid":{"rendered":"https:\/\/angelsolisnoticias.com\/?p=5709"},"modified":"2024-01-29T23:24:56","modified_gmt":"2024-01-29T23:24:56","slug":"invita-mara-lezama-a-quintanarroenses-a-registrarse-al-programa-comemos-todas-y-todos-a-partir-del-31-de-enero","status":"publish","type":"post","link":"https:\/\/angelsolisnoticias.com\/index.php\/2024\/01\/29\/invita-mara-lezama-a-quintanarroenses-a-registrarse-al-programa-comemos-todas-y-todos-a-partir-del-31-de-enero\/","title":{"rendered":"Invita Mara Lezama a quintanarroenses a registrarse al programa \u201cComemos todas y todos\u201d a partir del 31 de enero"},"content":{"rendered":"<p>Chetumal, 29 de enero<br \/>\nRedacci\u00f3n<\/p>\n<p>Para que m\u00e1s quintanarroenses tengan oportunidad de ser beneficiarios del programa \u201cComemos todas y todos\u201d, creado para atender la seguridad alimentaria de las familias, la gobernadora Mara Lezama\u00a0 Espinosa anunci\u00f3 que este mi\u00e9rcoles 31 de enero se abre el registro para las y los interesados en participar.<\/p>\n<p>\u201cEste gobierno combate de frente la corrupci\u00f3n y por eso, el dinero alcanza para m\u00e1s\u2026 por primera vez en la historia, las y los quintanarroenses cuentan con programas sociales que se entregan de manera directa y gratuita; porque en nuestro gobierno, atender las causas sociales en beneficio del pueblo es la prioridad\u201d expres\u00f3 la titular del Ejecutivo.<\/p>\n<p>Dio a conocer que pueden participar todas las mujeres y hombres encargados del hogar, que tengan a su cargo o bajo su cuidado a hijas e hijos, a personas de la tercera edad o familiares con enfermedades cr\u00f3nico degenerativas o con alguna discapacidad.<\/p>\n<p><img loading=\"lazy\" decoding=\"async\" class=\"aligncenter wp-image-5712 \" src=\"https:\/\/angelsolisnoticias.com\/wp-content\/uploads\/2024\/01\/Mara-comemos-todos3.jpg\" alt=\"\" width=\"459\" height=\"541\" srcset=\"https:\/\/angelsolisnoticias.com\/wp-content\/uploads\/2024\/01\/Mara-comemos-todos3.jpg 650w, https:\/\/angelsolisnoticias.com\/wp-content\/uploads\/2024\/01\/Mara-comemos-todos3-254x300.jpg 254w\" sizes=\"auto, (max-width: 459px) 100vw, 459px\" \/><\/p>\n<p>Mara Lezama invit\u00f3 a quienes ya forman parte del programa a realizar su renovaci\u00f3n y actualizaci\u00f3n de datos a partir del jueves 1 hasta el 29 de febrero.<\/p>\n<p>\u201cEs muy sencillo hacer el registro y en su caso la renovaci\u00f3n. Todos los interesados deben inscribirse en la p\u00e1gina qroo.gob.mx\/sebien\/comemostodasytodos o acudir a las oficinas de la Secretar\u00eda de Bienestar en Canc\u00fan y Chetumal, adem\u00e1s tendremos m\u00f3dulos instalados en el resto de los municipios del Estado\u201d destac\u00f3 la primera mujer gobernadora de Quintana Roo.<\/p>\n<p>Con base en el Nuevo Acuerdo por el Bienestar y el Desarrollo de Quintana Roo, para que nadie se quede fuera ni nadie se quede atr\u00e1s, habr\u00e1 m\u00f3dulos de inscripci\u00f3n en el resto de los municipios, los que se anunciar\u00e1n a trav\u00e9s de las redes oficiales del Gobierno del Estado.<\/p>\n<p><img loading=\"lazy\" decoding=\"async\" class=\"aligncenter wp-image-5713 \" src=\"https:\/\/angelsolisnoticias.com\/wp-content\/uploads\/2024\/01\/Mara-comemos-todos2.jpg\" alt=\"\" width=\"620\" height=\"413\" srcset=\"https:\/\/angelsolisnoticias.com\/wp-content\/uploads\/2024\/01\/Mara-comemos-todos2.jpg 720w, https:\/\/angelsolisnoticias.com\/wp-content\/uploads\/2024\/01\/Mara-comemos-todos2-300x200.jpg 300w\" sizes=\"auto, (max-width: 620px) 100vw, 620px\" \/><\/p>\n<p>La gobernadora Mara Lezama record\u00f3 que quienes resulten beneficiados con el programa Comemos todas y todos recibir\u00e1n una despensa con productos de la canasta b\u00e1sica y al siguiente mes se les depositar\u00e1 mil 350 pesos mensuales para que puedan adquirir alimentos, medicinas y \u00fatiles escolares.<\/p>\n<p>\u201cEn este gobierno humanista y progresista, de la transformaci\u00f3n profunda, trabajamos para que el bienestar llegue a cada rinc\u00f3n del estado y a cada familia que lo necesite\u201d, abund\u00f3 la titular del Ejecutivo.<\/p>\n","protected":false},"excerpt":{"rendered":"<p>Chetumal, 29 de enero Redacci\u00f3n Para que m\u00e1s quintanarroenses tengan oportunidad de ser beneficiarios del programa \u201cComemos todas y todos\u201d, creado para atender la seguridad alimentaria de las familias, la gobernadora Mara Lezama\u00a0 Espinosa anunci\u00f3 que este mi\u00e9rcoles 31 de enero se abre el registro para las y los interesados <a href=\"https:\/\/angelsolisnoticias.com\/index.php\/2024\/01\/29\/invita-mara-lezama-a-quintanarroenses-a-registrarse-al-programa-comemos-todas-y-todos-a-partir-del-31-de-enero\/\" class=\"btn btn-link continue-link\">Seguir leyendo<\/a><\/p>\n","protected":false},"author":1,"featured_media":5711,"comment_status":"open","ping_status":"open","sticky":false,"template":"","format":"standard","meta":{"footnotes":""},"categories":[1],"tags":[],"class_list":["post-5709","post","type-post","status-publish","format-standard","has-post-thumbnail","hentry","category-uncategorized"],"yoast_head":"<!-- This site is optimized with the Yoast SEO plugin v21.1 - https:\/\/yoast.com\/wordpress\/plugins\/seo\/ -->\n<title>Invita Mara Lezama a quintanarroenses a registrarse al programa \u201cComemos todas y todos\u201d a partir del 31 de enero<\/title>\n<meta name=\"description\" content=\".\" \/>\n<meta name=\"robots\" content=\"index, follow, max-snippet:-1, max-image-preview:large, max-video-preview:-1\" \/>\n<link rel=\"canonical\" href=\"https:\/\/angelsolisnoticias.com\/index.php\/2024\/01\/29\/invita-mara-lezama-a-quintanarroenses-a-registrarse-al-programa-comemos-todas-y-todos-a-partir-del-31-de-enero\/\" \/>\n<meta property=\"og:locale\" content=\"es_MX\" \/>\n<meta property=\"og:type\" content=\"article\" \/>\n<meta property=\"og:title\" content=\"Invita Mara Lezama a quintanarroenses a registrarse al programa \u201cComemos todas y todos\u201d a partir del 31 de enero\" \/>\n<meta property=\"og:description\" content=\".\" \/>\n<meta property=\"og:url\" content=\"https:\/\/angelsolisnoticias.com\/index.php\/2024\/01\/29\/invita-mara-lezama-a-quintanarroenses-a-registrarse-al-programa-comemos-todas-y-todos-a-partir-del-31-de-enero\/\" \/>\n<meta property=\"og:site_name\" content=\"\u00c1ngel Solis\" \/>\n<meta property=\"article:publisher\" content=\"https:\/\/www.facebook.com\/periodistasquintanaroo\" \/>\n<meta property=\"article:published_time\" content=\"2024-01-29T10:05:25+00:00\" \/>\n<meta property=\"article:modified_time\" content=\"2024-01-29T23:24:56+00:00\" \/>\n<meta property=\"og:image\" content=\"https:\/\/angelsolisnoticias.com\/wp-content\/uploads\/2024\/01\/Mara-comemos-todos4.jpg\" \/>\n\t<meta property=\"og:image:width\" content=\"800\" \/>\n\t<meta property=\"og:image:height\" content=\"569\" \/>\n\t<meta property=\"og:image:type\" content=\"image\/jpeg\" \/>\n<meta name=\"author\" content=\"admin\" \/>\n<meta name=\"twitter:card\" content=\"summary_large_image\" \/>\n<meta name=\"twitter:creator\" content=\"@PERIODISTASQROO\" \/>\n<meta name=\"twitter:site\" content=\"@PERIODISTASQROO\" \/>\n<meta name=\"twitter:label1\" content=\"Escrito por\" \/>\n\t<meta name=\"twitter:data1\" content=\"admin\" \/>\n\t<meta name=\"twitter:label2\" content=\"Tiempo de lectura\" \/>\n\t<meta name=\"twitter:data2\" content=\"3 minutos\" \/>\n<script type=\"application\/ld+json\" class=\"yoast-schema-graph\">{\"@context\":\"https:\/\/schema.org\",\"@graph\":[{\"@type\":\"Article\",\"@id\":\"https:\/\/angelsolisnoticias.com\/index.php\/2024\/01\/29\/invita-mara-lezama-a-quintanarroenses-a-registrarse-al-programa-comemos-todas-y-todos-a-partir-del-31-de-enero\/#article\",\"isPartOf\":{\"@id\":\"https:\/\/angelsolisnoticias.com\/index.php\/2024\/01\/29\/invita-mara-lezama-a-quintanarroenses-a-registrarse-al-programa-comemos-todas-y-todos-a-partir-del-31-de-enero\/\"},\"author\":{\"name\":\"admin\",\"@id\":\"https:\/\/angelsolisnoticias.com\/#\/schema\/person\/d5ca5e4c5f05db44e86cb564bf81ae6f\"},\"headline\":\"Invita Mara Lezama a quintanarroenses a registrarse al programa \u201cComemos todas y todos\u201d a partir del 31 de enero\",\"datePublished\":\"2024-01-29T10:05:25+00:00\",\"dateModified\":\"2024-01-29T23:24:56+00:00\",\"mainEntityOfPage\":{\"@id\":\"https:\/\/angelsolisnoticias.com\/index.php\/2024\/01\/29\/invita-mara-lezama-a-quintanarroenses-a-registrarse-al-programa-comemos-todas-y-todos-a-partir-del-31-de-enero\/\"},\"wordCount\":403,\"commentCount\":0,\"publisher\":{\"@id\":\"https:\/\/angelsolisnoticias.com\/#organization\"},\"articleSection\":[\"Uncategorized\"],\"inLanguage\":\"es\",\"potentialAction\":[{\"@type\":\"CommentAction\",\"name\":\"Comment\",\"target\":[\"https:\/\/angelsolisnoticias.com\/index.php\/2024\/01\/29\/invita-mara-lezama-a-quintanarroenses-a-registrarse-al-programa-comemos-todas-y-todos-a-partir-del-31-de-enero\/#respond\"]}]},{\"@type\":\"WebPage\",\"@id\":\"https:\/\/angelsolisnoticias.com\/index.php\/2024\/01\/29\/invita-mara-lezama-a-quintanarroenses-a-registrarse-al-programa-comemos-todas-y-todos-a-partir-del-31-de-enero\/\",\"url\":\"https:\/\/angelsolisnoticias.com\/index.php\/2024\/01\/29\/invita-mara-lezama-a-quintanarroenses-a-registrarse-al-programa-comemos-todas-y-todos-a-partir-del-31-de-enero\/\",\"name\":\"Invita Mara Lezama a quintanarroenses a registrarse al programa \u201cComemos todas y todos\u201d a partir del 31 de enero\",\"isPartOf\":{\"@id\":\"https:\/\/angelsolisnoticias.com\/#website\"},\"datePublished\":\"2024-01-29T10:05:25+00:00\",\"dateModified\":\"2024-01-29T23:24:56+00:00\",\"description\":\".\",\"breadcrumb\":{\"@id\":\"https:\/\/angelsolisnoticias.com\/index.php\/2024\/01\/29\/invita-mara-lezama-a-quintanarroenses-a-registrarse-al-programa-comemos-todas-y-todos-a-partir-del-31-de-enero\/#breadcrumb\"},\"inLanguage\":\"es\",\"potentialAction\":[{\"@type\":\"ReadAction\",\"target\":[\"https:\/\/angelsolisnoticias.com\/index.php\/2024\/01\/29\/invita-mara-lezama-a-quintanarroenses-a-registrarse-al-programa-comemos-todas-y-todos-a-partir-del-31-de-enero\/\"]}]},{\"@type\":\"BreadcrumbList\",\"@id\":\"https:\/\/angelsolisnoticias.com\/index.php\/2024\/01\/29\/invita-mara-lezama-a-quintanarroenses-a-registrarse-al-programa-comemos-todas-y-todos-a-partir-del-31-de-enero\/#breadcrumb\",\"itemListElement\":[{\"@type\":\"ListItem\",\"position\":1,\"name\":\"Inicio\",\"item\":\"https:\/\/angelsolisnoticias.com\/\"},{\"@type\":\"ListItem\",\"position\":2,\"name\":\"Invita Mara Lezama a quintanarroenses a registrarse al programa \u201cComemos todas y todos\u201d a partir del 31 de enero\"}]},{\"@type\":\"WebSite\",\"@id\":\"https:\/\/angelsolisnoticias.com\/#website\",\"url\":\"https:\/\/angelsolisnoticias.com\/\",\"name\":\"\u00c1ngel Solis\",\"description\":\"Noticias de Quintana Roo\",\"publisher\":{\"@id\":\"https:\/\/angelsolisnoticias.com\/#organization\"},\"potentialAction\":[{\"@type\":\"SearchAction\",\"target\":{\"@type\":\"EntryPoint\",\"urlTemplate\":\"https:\/\/angelsolisnoticias.com\/?s={search_term_string}\"},\"query-input\":\"required name=search_term_string\"}],\"inLanguage\":\"es\"},{\"@type\":\"Organization\",\"@id\":\"https:\/\/angelsolisnoticias.com\/#organization\",\"name\":\"\u00c1ngel Solis\",\"url\":\"https:\/\/angelsolisnoticias.com\/\",\"logo\":{\"@type\":\"ImageObject\",\"inLanguage\":\"es\",\"@id\":\"https:\/\/angelsolisnoticias.com\/#\/schema\/logo\/image\/\",\"url\":\"https:\/\/angelsolisnoticias.com\/wp-content\/uploads\/2023\/01\/LOGO3.png\",\"contentUrl\":\"https:\/\/angelsolisnoticias.com\/wp-content\/uploads\/2023\/01\/LOGO3.png\",\"width\":1853,\"height\":570,\"caption\":\"\u00c1ngel Solis\"},\"image\":{\"@id\":\"https:\/\/angelsolisnoticias.com\/#\/schema\/logo\/image\/\"},\"sameAs\":[\"https:\/\/www.facebook.com\/periodistasquintanaroo\",\"https:\/\/twitter.com\/PERIODISTASQROO\"]},{\"@type\":\"Person\",\"@id\":\"https:\/\/angelsolisnoticias.com\/#\/schema\/person\/d5ca5e4c5f05db44e86cb564bf81ae6f\",\"name\":\"admin\",\"image\":{\"@type\":\"ImageObject\",\"inLanguage\":\"es\",\"@id\":\"https:\/\/angelsolisnoticias.com\/#\/schema\/person\/image\/\",\"url\":\"https:\/\/secure.gravatar.com\/avatar\/dff3eaf7d33320066684ce268bff2bf90ce4f69456139b2d65d7796f64299e47?s=96&d=mm&r=g\",\"contentUrl\":\"https:\/\/secure.gravatar.com\/avatar\/dff3eaf7d33320066684ce268bff2bf90ce4f69456139b2d65d7796f64299e47?s=96&d=mm&r=g\",\"caption\":\"admin\"},\"sameAs\":[\"https:\/\/angelsolisnoticias.com\"],\"url\":\"https:\/\/angelsolisnoticias.com\/index.php\/author\/admin_qnbaat5l\/\"}]}<\/script>\n<!-- \/ Yoast SEO plugin. -->","yoast_head_json":{"title":"Invita Mara Lezama a quintanarroenses a registrarse al programa \u201cComemos todas y todos\u201d a partir del 31 de enero","description":".","robots":{"index":"index","follow":"follow","max-snippet":"max-snippet:-1","max-image-preview":"max-image-preview:large","max-video-preview":"max-video-preview:-1"},"canonical":"https:\/\/angelsolisnoticias.com\/index.php\/2024\/01\/29\/invita-mara-lezama-a-quintanarroenses-a-registrarse-al-programa-comemos-todas-y-todos-a-partir-del-31-de-enero\/","og_locale":"es_MX","og_type":"article","og_title":"Invita Mara Lezama a quintanarroenses a registrarse al programa \u201cComemos todas y todos\u201d a partir del 31 de enero","og_description":".","og_url":"https:\/\/angelsolisnoticias.com\/index.php\/2024\/01\/29\/invita-mara-lezama-a-quintanarroenses-a-registrarse-al-programa-comemos-todas-y-todos-a-partir-del-31-de-enero\/","og_site_name":"\u00c1ngel Solis","article_publisher":"https:\/\/www.facebook.com\/periodistasquintanaroo","article_published_time":"2024-01-29T10:05:25+00:00","article_modified_time":"2024-01-29T23:24:56+00:00","og_image":[{"width":800,"height":569,"url":"https:\/\/angelsolisnoticias.com\/wp-content\/uploads\/2024\/01\/Mara-comemos-todos4.jpg","type":"image\/jpeg"}],"author":"admin","twitter_card":"summary_large_image","twitter_creator":"@PERIODISTASQROO","twitter_site":"@PERIODISTASQROO","twitter_misc":{"Escrito por":"admin","Tiempo de lectura":"3 minutos"},"schema":{"@context":"https:\/\/schema.org","@graph":[{"@type":"Article","@id":"https:\/\/angelsolisnoticias.com\/index.php\/2024\/01\/29\/invita-mara-lezama-a-quintanarroenses-a-registrarse-al-programa-comemos-todas-y-todos-a-partir-del-31-de-enero\/#article","isPartOf":{"@id":"https:\/\/angelsolisnoticias.com\/index.php\/2024\/01\/29\/invita-mara-lezama-a-quintanarroenses-a-registrarse-al-programa-comemos-todas-y-todos-a-partir-del-31-de-enero\/"},"author":{"name":"admin","@id":"https:\/\/angelsolisnoticias.com\/#\/schema\/person\/d5ca5e4c5f05db44e86cb564bf81ae6f"},"headline":"Invita Mara Lezama a quintanarroenses a registrarse al programa \u201cComemos todas y todos\u201d a partir del 31 de enero","datePublished":"2024-01-29T10:05:25+00:00","dateModified":"2024-01-29T23:24:56+00:00","mainEntityOfPage":{"@id":"https:\/\/angelsolisnoticias.com\/index.php\/2024\/01\/29\/invita-mara-lezama-a-quintanarroenses-a-registrarse-al-programa-comemos-todas-y-todos-a-partir-del-31-de-enero\/"},"wordCount":403,"commentCount":0,"publisher":{"@id":"https:\/\/angelsolisnoticias.com\/#organization"},"articleSection":["Uncategorized"],"inLanguage":"es","potentialAction":[{"@type":"CommentAction","name":"Comment","target":["https:\/\/angelsolisnoticias.com\/index.php\/2024\/01\/29\/invita-mara-lezama-a-quintanarroenses-a-registrarse-al-programa-comemos-todas-y-todos-a-partir-del-31-de-enero\/#respond"]}]},{"@type":"WebPage","@id":"https:\/\/angelsolisnoticias.com\/index.php\/2024\/01\/29\/invita-mara-lezama-a-quintanarroenses-a-registrarse-al-programa-comemos-todas-y-todos-a-partir-del-31-de-enero\/","url":"https:\/\/angelsolisnoticias.com\/index.php\/2024\/01\/29\/invita-mara-lezama-a-quintanarroenses-a-registrarse-al-programa-comemos-todas-y-todos-a-partir-del-31-de-enero\/","name":"Invita Mara Lezama a quintanarroenses a registrarse al programa \u201cComemos todas y todos\u201d a partir del 31 de enero","isPartOf":{"@id":"https:\/\/angelsolisnoticias.com\/#website"},"datePublished":"2024-01-29T10:05:25+00:00","dateModified":"2024-01-29T23:24:56+00:00","description":".","breadcrumb":{"@id":"https:\/\/angelsolisnoticias.com\/index.php\/2024\/01\/29\/invita-mara-lezama-a-quintanarroenses-a-registrarse-al-programa-comemos-todas-y-todos-a-partir-del-31-de-enero\/#breadcrumb"},"inLanguage":"es","potentialAction":[{"@type":"ReadAction","target":["https:\/\/angelsolisnoticias.com\/index.php\/2024\/01\/29\/invita-mara-lezama-a-quintanarroenses-a-registrarse-al-programa-comemos-todas-y-todos-a-partir-del-31-de-enero\/"]}]},{"@type":"BreadcrumbList","@id":"https:\/\/angelsolisnoticias.com\/index.php\/2024\/01\/29\/invita-mara-lezama-a-quintanarroenses-a-registrarse-al-programa-comemos-todas-y-todos-a-partir-del-31-de-enero\/#breadcrumb","itemListElement":[{"@type":"ListItem","position":1,"name":"Inicio","item":"https:\/\/angelsolisnoticias.com\/"},{"@type":"ListItem","position":2,"name":"Invita Mara Lezama a quintanarroenses a registrarse al programa \u201cComemos todas y todos\u201d a partir del 31 de enero"}]},{"@type":"WebSite","@id":"https:\/\/angelsolisnoticias.com\/#website","url":"https:\/\/angelsolisnoticias.com\/","name":"\u00c1ngel Solis","description":"Noticias de Quintana Roo","publisher":{"@id":"https:\/\/angelsolisnoticias.com\/#organization"},"potentialAction":[{"@type":"SearchAction","target":{"@type":"EntryPoint","urlTemplate":"https:\/\/angelsolisnoticias.com\/?s={search_term_string}"},"query-input":"required name=search_term_string"}],"inLanguage":"es"},{"@type":"Organization","@id":"https:\/\/angelsolisnoticias.com\/#organization","name":"\u00c1ngel Solis","url":"https:\/\/angelsolisnoticias.com\/","logo":{"@type":"ImageObject","inLanguage":"es","@id":"https:\/\/angelsolisnoticias.com\/#\/schema\/logo\/image\/","url":"https:\/\/angelsolisnoticias.com\/wp-content\/uploads\/2023\/01\/LOGO3.png","contentUrl":"https:\/\/angelsolisnoticias.com\/wp-content\/uploads\/2023\/01\/LOGO3.png","width":1853,"height":570,"caption":"\u00c1ngel Solis"},"image":{"@id":"https:\/\/angelsolisnoticias.com\/#\/schema\/logo\/image\/"},"sameAs":["https:\/\/www.facebook.com\/periodistasquintanaroo","https:\/\/twitter.com\/PERIODISTASQROO"]},{"@type":"Person","@id":"https:\/\/angelsolisnoticias.com\/#\/schema\/person\/d5ca5e4c5f05db44e86cb564bf81ae6f","name":"admin","image":{"@type":"ImageObject","inLanguage":"es","@id":"https:\/\/angelsolisnoticias.com\/#\/schema\/person\/image\/","url":"https:\/\/secure.gravatar.com\/avatar\/dff3eaf7d33320066684ce268bff2bf90ce4f69456139b2d65d7796f64299e47?s=96&d=mm&r=g","contentUrl":"https:\/\/secure.gravatar.com\/avatar\/dff3eaf7d33320066684ce268bff2bf90ce4f69456139b2d65d7796f64299e47?s=96&d=mm&r=g","caption":"admin"},"sameAs":["https:\/\/angelsolisnoticias.com"],"url":"https:\/\/angelsolisnoticias.com\/index.php\/author\/admin_qnbaat5l\/"}]}},"jetpack_featured_media_url":"https:\/\/angelsolisnoticias.com\/wp-content\/uploads\/2024\/01\/Mara-comemos-todos4.jpg","_links":{"self":[{"href":"https:\/\/angelsolisnoticias.com\/index.php\/wp-json\/wp\/v2\/posts\/5709","targetHints":{"allow":["GET"]}}],"collection":[{"href":"https:\/\/angelsolisnoticias.com\/index.php\/wp-json\/wp\/v2\/posts"}],"about":[{"href":"https:\/\/angelsolisnoticias.com\/index.php\/wp-json\/wp\/v2\/types\/post"}],"author":[{"embeddable":true,"href":"https:\/\/angelsolisnoticias.com\/index.php\/wp-json\/wp\/v2\/users\/1"}],"replies":[{"embeddable":true,"href":"https:\/\/angelsolisnoticias.com\/index.php\/wp-json\/wp\/v2\/comments?post=5709"}],"version-history":[{"count":3,"href":"https:\/\/angelsolisnoticias.com\/index.php\/wp-json\/wp\/v2\/posts\/5709\/revisions"}],"predecessor-version":[{"id":5715,"href":"https:\/\/angelsolisnoticias.com\/index.php\/wp-json\/wp\/v2\/posts\/5709\/revisions\/5715"}],"wp:featuredmedia":[{"embeddable":true,"href":"https:\/\/angelsolisnoticias.com\/index.php\/wp-json\/wp\/v2\/media\/5711"}],"wp:attachment":[{"href":"https:\/\/angelsolisnoticias.com\/index.php\/wp-json\/wp\/v2\/media?parent=5709"}],"wp:term":[{"taxonomy":"category","embeddable":true,"href":"https:\/\/angelsolisnoticias.com\/index.php\/wp-json\/wp\/v2\/categories?post=5709"},{"taxonomy":"post_tag","embeddable":true,"href":"https:\/\/angelsolisnoticias.com\/index.php\/wp-json\/wp\/v2\/tags?post=5709"}],"curies":[{"name":"wp","href":"https:\/\/api.w.org\/{rel}","templated":true}]}}