{"id":5716,"date":"2024-01-29T11:30:08","date_gmt":"2024-01-29T11:30:08","guid":{"rendered":"https:\/\/angelsolisnoticias.com\/?p=5716"},"modified":"2024-01-29T23:37:34","modified_gmt":"2024-01-29T23:37:34","slug":"lili-campos-viajo-con-agenda-propia-a-la-fitur-de-espana","status":"publish","type":"post","link":"https:\/\/angelsolisnoticias.com\/index.php\/2024\/01\/29\/lili-campos-viajo-con-agenda-propia-a-la-fitur-de-espana\/","title":{"rendered":"Lili Campos viaj\u00f3 con agenda propia a la Fitur de Espa\u00f1a"},"content":{"rendered":"<p class=\"has-text-align-center\" style=\"text-align: center;\"><strong>Ajuste de Cuentos<\/strong><\/p>\n<p>\u00c1ngel Sol\u00eds<\/p>\n<p>A diferencia de varios presidentes municipales que viajaron a Espa\u00f1a para tomarse unas costosas vacaciones con cargo a sus respectivos ayuntamientos y que solo sirvieron de edecanes para las fotos que public\u00f3 la gobernadora Mara Lezama, la presidenta municipal de Solidaridad, Lili Campos Miranda, realiz\u00f3 el viaje para desarrollar reuniones de trabajo con empresarios e inversionistas y hasta un hermanamiento con la ciudad de Algeciras, con el fin de atraer inversiones y turismo para el municipio quintanarroense.<\/p>\n<p>Solo basta con revisar las cuentas de redes sociales tanto de los ayuntamientos quintanarroenses y hasta las p\u00e1ginas personales de los mismos alcaldes para darse cuenta que solo fueron en plan de paseo y malgastar miles de pesos (convertidos en Euros) que pudieron haber sido invertidos en pavimentaci\u00f3n, espacios deportivos o compra de medicamentos que tanta falta hacen en los centros de salud y hospitales de varios municipios del estado.<\/p>\n<p>Sin contar las fotograf\u00edas donde posaron acompa\u00f1ados por la gobernadora Mara Lezama que si realiz\u00f3 el viaje en plan de trabajo y promoci\u00f3n del estado, varios de estos alcaldes limitados por su escasa preparaci\u00f3n acad\u00e9mica con todo el descaro se dedicaron a comer y a pasear por la \u201cmadre patria\u201d.<\/p>\n<p>Muestra de la limitaci\u00f3n de nuestros representantes municipales en esta Feria Mundial de turismo, es el alcalde bacalarense Jos\u00e9 Alfredo \u201cel Chepe\u201d Contreras M\u00e9ndez, quien con estudios de secundaria trunca \u00bfqu\u00e9 nivel de conversaci\u00f3n podr\u00eda tener con un director general o inversionista extranjero? Lo \u00fanico que puede \u201cpresumir\u201d es el n\u00famero de jovencitas conquistadas, muchas de ellas menores de edad o ya de plano c\u00f3mo a pesar de contar por lo menos con seis denuncias por diversos delitos en su contra, en lugar de estar en la c\u00e1rcel el partido de moda en su pa\u00eds busca reelegirlo como presidente municipal.<\/p>\n<p><img loading=\"lazy\" decoding=\"async\" class=\"aligncenter wp-image-5719 \" src=\"https:\/\/angelsolisnoticias.com\/wp-content\/uploads\/2024\/01\/Chepe-demanda.jpg\" alt=\"\" width=\"652\" height=\"371\" srcset=\"https:\/\/angelsolisnoticias.com\/wp-content\/uploads\/2024\/01\/Chepe-demanda.jpg 720w, https:\/\/angelsolisnoticias.com\/wp-content\/uploads\/2024\/01\/Chepe-demanda-300x171.jpg 300w\" sizes=\"auto, (max-width: 652px) 100vw, 652px\" \/><\/p>\n<p>Por el contrario, la alcaldesa playense Lili Campos Miranda, a quien en unas cuentas de redes sociales se le invent\u00f3 que \u201cse le vio poco en las importantes actividades de promoci\u00f3n tur\u00edstica\u201d, se puede verificar p\u00fablicamente el n\u00famero de reuniones, nombres y fotograf\u00edas de las personalidades con quien sostuvo reuniones de trabajo y acuerdos de promoci\u00f3n para su municipio, lo que repercute en el n\u00famero de turistas que llegan a nuestro estado y la derrama econ\u00f3mica que estos generan.<\/p>\n<p>La Fitur de Espa\u00f1a es un foro mundial para promocionar marcas, presentar nuevos productos, conocer las tendencias de los distintos mercados y sobre todo concretar agendas para sus destinos tur\u00edsticos. Acompa\u00f1ar a la gobernadora en turno a sus reuniones y posar para las fotos no repercute en nada en la promoci\u00f3n de los destinos municipales que representan.<\/p>\n<p>Muestra de los acuerdos previamente pactados y a los cuales viaj\u00f3 Lili Campos para cumplir con ellos, est\u00e1n el hermanamiento con la ciudad espa\u00f1ola de Algeciras, la reuni\u00f3n con diversas personalidades espa\u00f1olas encabezadas por\u00a0 Ximena Caraza Campos, directora de la Fundaci\u00f3n Casa de M\u00e9xico en Espa\u00f1a y la reuni\u00f3n de trabajo con inversionistas hoteleros que representan m\u00e1s del 70 por ciento de la oferta hotelera en la Riviera Maya, adem\u00e1s de diversas reuniones con empresarios y autoridades espa\u00f1olas con la finalidad de atraer eventos de talla internacional como el \u201cRiviera Maya Jazz Festival\u201d.<\/p>\n<p><img loading=\"lazy\" decoding=\"async\" class=\"aligncenter wp-image-5720 \" src=\"https:\/\/angelsolisnoticias.com\/wp-content\/uploads\/2024\/01\/Lili-Fitur01.jpg\" alt=\"\" width=\"650\" height=\"370\" srcset=\"https:\/\/angelsolisnoticias.com\/wp-content\/uploads\/2024\/01\/Lili-Fitur01.jpg 720w, https:\/\/angelsolisnoticias.com\/wp-content\/uploads\/2024\/01\/Lili-Fitur01-300x171.jpg 300w\" sizes=\"auto, (max-width: 650px) 100vw, 650px\" \/><\/p>\n<p>F\u00e1cil es mentir, pero es mucho m\u00e1s f\u00e1cil evidenciar la mentira porque la alcaldesa Lili Campos ha desarrollado un excelente trabajo de promoci\u00f3n del destino, el cual brill\u00f3 por su ausencia durante el desastroso gobierno morenista de Laura Beristain Navarrete.<\/p>\n<p>Resultado del trabajo de Lili Campos en la promoci\u00f3n de su municipio y su coordinaci\u00f3n con la gobernadora Mara Lezama es el 80 por ciento de ocupaci\u00f3n en los cuartos de hotel, llegando inclusive al 100 por ciento de ocupaci\u00f3n en temporada alta y los m\u00e1s de 16 millones de turistas cada a\u00f1o, por los cuales Playa del Carmen est\u00e1 dentro de los 10 mejores destinos tur\u00edsticos en el mundo, seg\u00fan la plataforma online TripAdvisor.<\/p>\n<p>El trabajo y los resultados de Lili est\u00e1n a la vista de todos, mientras alcaldes como el \u201cChepe\u201d Contreras no pueden presumir nada que genere un impacto positivo en su pueblo.<\/p>\n<p>La delegaci\u00f3n de Playa del Carmen retorn\u00f3 con m\u00e1s de 75 citas de negocios, logros demostrables. En cambio, otros alcaldes tan solo regresaron con fotograf\u00edas con la gobernadora y el paladar satisfecho.<\/p>\n","protected":false},"excerpt":{"rendered":"<p>Ajuste de Cuentos \u00c1ngel Sol\u00eds A diferencia de varios presidentes municipales que viajaron a Espa\u00f1a para tomarse unas costosas vacaciones con cargo a sus respectivos ayuntamientos y que solo sirvieron de edecanes para las fotos que public\u00f3 la gobernadora Mara Lezama, la presidenta municipal de Solidaridad, Lili Campos Miranda, realiz\u00f3 <a href=\"https:\/\/angelsolisnoticias.com\/index.php\/2024\/01\/29\/lili-campos-viajo-con-agenda-propia-a-la-fitur-de-espana\/\" class=\"btn btn-link continue-link\">Seguir leyendo<\/a><\/p>\n","protected":false},"author":1,"featured_media":5718,"comment_status":"open","ping_status":"open","sticky":false,"template":"","format":"standard","meta":{"footnotes":""},"categories":[3,1],"tags":[],"class_list":["post-5716","post","type-post","status-publish","format-standard","has-post-thumbnail","hentry","category-principales","category-uncategorized"],"yoast_head":"<!-- This site is optimized with the Yoast SEO plugin v21.1 - https:\/\/yoast.com\/wordpress\/plugins\/seo\/ -->\n<title>Lili Campos viaj\u00f3 con agenda propia a la Fitur de Espa\u00f1a<\/title>\n<meta name=\"description\" content=\"\u00c1ngel Sol\u00eds\" \/>\n<meta name=\"robots\" content=\"index, follow, max-snippet:-1, max-image-preview:large, max-video-preview:-1\" \/>\n<link rel=\"canonical\" href=\"https:\/\/angelsolisnoticias.com\/index.php\/2024\/01\/29\/lili-campos-viajo-con-agenda-propia-a-la-fitur-de-espana\/\" \/>\n<meta property=\"og:locale\" content=\"es_MX\" \/>\n<meta property=\"og:type\" content=\"article\" \/>\n<meta property=\"og:title\" content=\"Lili Campos viaj\u00f3 con agenda propia a la Fitur de Espa\u00f1a\" \/>\n<meta property=\"og:description\" content=\"\u00c1ngel Sol\u00eds\" \/>\n<meta property=\"og:url\" content=\"https:\/\/angelsolisnoticias.com\/index.php\/2024\/01\/29\/lili-campos-viajo-con-agenda-propia-a-la-fitur-de-espana\/\" \/>\n<meta property=\"og:site_name\" content=\"\u00c1ngel Solis\" \/>\n<meta property=\"article:publisher\" content=\"https:\/\/www.facebook.com\/periodistasquintanaroo\" \/>\n<meta property=\"article:published_time\" content=\"2024-01-29T11:30:08+00:00\" \/>\n<meta property=\"article:modified_time\" content=\"2024-01-29T23:37:34+00:00\" \/>\n<meta property=\"og:image\" content=\"https:\/\/angelsolisnoticias.com\/wp-content\/uploads\/2024\/01\/Solidaridad-Fitur10.jpg\" \/>\n\t<meta property=\"og:image:width\" content=\"800\" \/>\n\t<meta property=\"og:image:height\" content=\"569\" \/>\n\t<meta property=\"og:image:type\" content=\"image\/jpeg\" \/>\n<meta name=\"author\" content=\"admin\" \/>\n<meta name=\"twitter:card\" content=\"summary_large_image\" \/>\n<meta name=\"twitter:creator\" content=\"@PERIODISTASQROO\" \/>\n<meta name=\"twitter:site\" content=\"@PERIODISTASQROO\" \/>\n<meta name=\"twitter:label1\" content=\"Escrito por\" \/>\n\t<meta name=\"twitter:data1\" content=\"admin\" \/>\n\t<meta name=\"twitter:label2\" content=\"Tiempo de lectura\" \/>\n\t<meta name=\"twitter:data2\" content=\"4 minutos\" \/>\n<script type=\"application\/ld+json\" class=\"yoast-schema-graph\">{\"@context\":\"https:\/\/schema.org\",\"@graph\":[{\"@type\":\"Article\",\"@id\":\"https:\/\/angelsolisnoticias.com\/index.php\/2024\/01\/29\/lili-campos-viajo-con-agenda-propia-a-la-fitur-de-espana\/#article\",\"isPartOf\":{\"@id\":\"https:\/\/angelsolisnoticias.com\/index.php\/2024\/01\/29\/lili-campos-viajo-con-agenda-propia-a-la-fitur-de-espana\/\"},\"author\":{\"name\":\"admin\",\"@id\":\"https:\/\/angelsolisnoticias.com\/#\/schema\/person\/d5ca5e4c5f05db44e86cb564bf81ae6f\"},\"headline\":\"Lili Campos viaj\u00f3 con agenda propia a la Fitur de Espa\u00f1a\",\"datePublished\":\"2024-01-29T11:30:08+00:00\",\"dateModified\":\"2024-01-29T23:37:34+00:00\",\"mainEntityOfPage\":{\"@id\":\"https:\/\/angelsolisnoticias.com\/index.php\/2024\/01\/29\/lili-campos-viajo-con-agenda-propia-a-la-fitur-de-espana\/\"},\"wordCount\":771,\"commentCount\":0,\"publisher\":{\"@id\":\"https:\/\/angelsolisnoticias.com\/#organization\"},\"articleSection\":[\"Principales\",\"Uncategorized\"],\"inLanguage\":\"es\",\"potentialAction\":[{\"@type\":\"CommentAction\",\"name\":\"Comment\",\"target\":[\"https:\/\/angelsolisnoticias.com\/index.php\/2024\/01\/29\/lili-campos-viajo-con-agenda-propia-a-la-fitur-de-espana\/#respond\"]}]},{\"@type\":\"WebPage\",\"@id\":\"https:\/\/angelsolisnoticias.com\/index.php\/2024\/01\/29\/lili-campos-viajo-con-agenda-propia-a-la-fitur-de-espana\/\",\"url\":\"https:\/\/angelsolisnoticias.com\/index.php\/2024\/01\/29\/lili-campos-viajo-con-agenda-propia-a-la-fitur-de-espana\/\",\"name\":\"Lili Campos viaj\u00f3 con agenda propia a la Fitur de Espa\u00f1a\",\"isPartOf\":{\"@id\":\"https:\/\/angelsolisnoticias.com\/#website\"},\"datePublished\":\"2024-01-29T11:30:08+00:00\",\"dateModified\":\"2024-01-29T23:37:34+00:00\",\"description\":\"\u00c1ngel Sol\u00eds\",\"breadcrumb\":{\"@id\":\"https:\/\/angelsolisnoticias.com\/index.php\/2024\/01\/29\/lili-campos-viajo-con-agenda-propia-a-la-fitur-de-espana\/#breadcrumb\"},\"inLanguage\":\"es\",\"potentialAction\":[{\"@type\":\"ReadAction\",\"target\":[\"https:\/\/angelsolisnoticias.com\/index.php\/2024\/01\/29\/lili-campos-viajo-con-agenda-propia-a-la-fitur-de-espana\/\"]}]},{\"@type\":\"BreadcrumbList\",\"@id\":\"https:\/\/angelsolisnoticias.com\/index.php\/2024\/01\/29\/lili-campos-viajo-con-agenda-propia-a-la-fitur-de-espana\/#breadcrumb\",\"itemListElement\":[{\"@type\":\"ListItem\",\"position\":1,\"name\":\"Inicio\",\"item\":\"https:\/\/angelsolisnoticias.com\/\"},{\"@type\":\"ListItem\",\"position\":2,\"name\":\"Lili Campos viaj\u00f3 con agenda propia a la Fitur de Espa\u00f1a\"}]},{\"@type\":\"WebSite\",\"@id\":\"https:\/\/angelsolisnoticias.com\/#website\",\"url\":\"https:\/\/angelsolisnoticias.com\/\",\"name\":\"\u00c1ngel Solis\",\"description\":\"Noticias de Quintana Roo\",\"publisher\":{\"@id\":\"https:\/\/angelsolisnoticias.com\/#organization\"},\"potentialAction\":[{\"@type\":\"SearchAction\",\"target\":{\"@type\":\"EntryPoint\",\"urlTemplate\":\"https:\/\/angelsolisnoticias.com\/?s={search_term_string}\"},\"query-input\":\"required name=search_term_string\"}],\"inLanguage\":\"es\"},{\"@type\":\"Organization\",\"@id\":\"https:\/\/angelsolisnoticias.com\/#organization\",\"name\":\"\u00c1ngel Solis\",\"url\":\"https:\/\/angelsolisnoticias.com\/\",\"logo\":{\"@type\":\"ImageObject\",\"inLanguage\":\"es\",\"@id\":\"https:\/\/angelsolisnoticias.com\/#\/schema\/logo\/image\/\",\"url\":\"https:\/\/angelsolisnoticias.com\/wp-content\/uploads\/2023\/01\/LOGO3.png\",\"contentUrl\":\"https:\/\/angelsolisnoticias.com\/wp-content\/uploads\/2023\/01\/LOGO3.png\",\"width\":1853,\"height\":570,\"caption\":\"\u00c1ngel Solis\"},\"image\":{\"@id\":\"https:\/\/angelsolisnoticias.com\/#\/schema\/logo\/image\/\"},\"sameAs\":[\"https:\/\/www.facebook.com\/periodistasquintanaroo\",\"https:\/\/twitter.com\/PERIODISTASQROO\"]},{\"@type\":\"Person\",\"@id\":\"https:\/\/angelsolisnoticias.com\/#\/schema\/person\/d5ca5e4c5f05db44e86cb564bf81ae6f\",\"name\":\"admin\",\"image\":{\"@type\":\"ImageObject\",\"inLanguage\":\"es\",\"@id\":\"https:\/\/angelsolisnoticias.com\/#\/schema\/person\/image\/\",\"url\":\"https:\/\/secure.gravatar.com\/avatar\/dff3eaf7d33320066684ce268bff2bf90ce4f69456139b2d65d7796f64299e47?s=96&d=mm&r=g\",\"contentUrl\":\"https:\/\/secure.gravatar.com\/avatar\/dff3eaf7d33320066684ce268bff2bf90ce4f69456139b2d65d7796f64299e47?s=96&d=mm&r=g\",\"caption\":\"admin\"},\"sameAs\":[\"https:\/\/angelsolisnoticias.com\"],\"url\":\"https:\/\/angelsolisnoticias.com\/index.php\/author\/admin_qnbaat5l\/\"}]}<\/script>\n<!-- \/ Yoast SEO plugin. -->","yoast_head_json":{"title":"Lili Campos viaj\u00f3 con agenda propia a la Fitur de Espa\u00f1a","description":"\u00c1ngel Sol\u00eds","robots":{"index":"index","follow":"follow","max-snippet":"max-snippet:-1","max-image-preview":"max-image-preview:large","max-video-preview":"max-video-preview:-1"},"canonical":"https:\/\/angelsolisnoticias.com\/index.php\/2024\/01\/29\/lili-campos-viajo-con-agenda-propia-a-la-fitur-de-espana\/","og_locale":"es_MX","og_type":"article","og_title":"Lili Campos viaj\u00f3 con agenda propia a la Fitur de Espa\u00f1a","og_description":"\u00c1ngel Sol\u00eds","og_url":"https:\/\/angelsolisnoticias.com\/index.php\/2024\/01\/29\/lili-campos-viajo-con-agenda-propia-a-la-fitur-de-espana\/","og_site_name":"\u00c1ngel Solis","article_publisher":"https:\/\/www.facebook.com\/periodistasquintanaroo","article_published_time":"2024-01-29T11:30:08+00:00","article_modified_time":"2024-01-29T23:37:34+00:00","og_image":[{"width":800,"height":569,"url":"https:\/\/angelsolisnoticias.com\/wp-content\/uploads\/2024\/01\/Solidaridad-Fitur10.jpg","type":"image\/jpeg"}],"author":"admin","twitter_card":"summary_large_image","twitter_creator":"@PERIODISTASQROO","twitter_site":"@PERIODISTASQROO","twitter_misc":{"Escrito por":"admin","Tiempo de lectura":"4 minutos"},"schema":{"@context":"https:\/\/schema.org","@graph":[{"@type":"Article","@id":"https:\/\/angelsolisnoticias.com\/index.php\/2024\/01\/29\/lili-campos-viajo-con-agenda-propia-a-la-fitur-de-espana\/#article","isPartOf":{"@id":"https:\/\/angelsolisnoticias.com\/index.php\/2024\/01\/29\/lili-campos-viajo-con-agenda-propia-a-la-fitur-de-espana\/"},"author":{"name":"admin","@id":"https:\/\/angelsolisnoticias.com\/#\/schema\/person\/d5ca5e4c5f05db44e86cb564bf81ae6f"},"headline":"Lili Campos viaj\u00f3 con agenda propia a la Fitur de Espa\u00f1a","datePublished":"2024-01-29T11:30:08+00:00","dateModified":"2024-01-29T23:37:34+00:00","mainEntityOfPage":{"@id":"https:\/\/angelsolisnoticias.com\/index.php\/2024\/01\/29\/lili-campos-viajo-con-agenda-propia-a-la-fitur-de-espana\/"},"wordCount":771,"commentCount":0,"publisher":{"@id":"https:\/\/angelsolisnoticias.com\/#organization"},"articleSection":["Principales","Uncategorized"],"inLanguage":"es","potentialAction":[{"@type":"CommentAction","name":"Comment","target":["https:\/\/angelsolisnoticias.com\/index.php\/2024\/01\/29\/lili-campos-viajo-con-agenda-propia-a-la-fitur-de-espana\/#respond"]}]},{"@type":"WebPage","@id":"https:\/\/angelsolisnoticias.com\/index.php\/2024\/01\/29\/lili-campos-viajo-con-agenda-propia-a-la-fitur-de-espana\/","url":"https:\/\/angelsolisnoticias.com\/index.php\/2024\/01\/29\/lili-campos-viajo-con-agenda-propia-a-la-fitur-de-espana\/","name":"Lili Campos viaj\u00f3 con agenda propia a la Fitur de Espa\u00f1a","isPartOf":{"@id":"https:\/\/angelsolisnoticias.com\/#website"},"datePublished":"2024-01-29T11:30:08+00:00","dateModified":"2024-01-29T23:37:34+00:00","description":"\u00c1ngel Sol\u00eds","breadcrumb":{"@id":"https:\/\/angelsolisnoticias.com\/index.php\/2024\/01\/29\/lili-campos-viajo-con-agenda-propia-a-la-fitur-de-espana\/#breadcrumb"},"inLanguage":"es","potentialAction":[{"@type":"ReadAction","target":["https:\/\/angelsolisnoticias.com\/index.php\/2024\/01\/29\/lili-campos-viajo-con-agenda-propia-a-la-fitur-de-espana\/"]}]},{"@type":"BreadcrumbList","@id":"https:\/\/angelsolisnoticias.com\/index.php\/2024\/01\/29\/lili-campos-viajo-con-agenda-propia-a-la-fitur-de-espana\/#breadcrumb","itemListElement":[{"@type":"ListItem","position":1,"name":"Inicio","item":"https:\/\/angelsolisnoticias.com\/"},{"@type":"ListItem","position":2,"name":"Lili Campos viaj\u00f3 con agenda propia a la Fitur de Espa\u00f1a"}]},{"@type":"WebSite","@id":"https:\/\/angelsolisnoticias.com\/#website","url":"https:\/\/angelsolisnoticias.com\/","name":"\u00c1ngel Solis","description":"Noticias de Quintana Roo","publisher":{"@id":"https:\/\/angelsolisnoticias.com\/#organization"},"potentialAction":[{"@type":"SearchAction","target":{"@type":"EntryPoint","urlTemplate":"https:\/\/angelsolisnoticias.com\/?s={search_term_string}"},"query-input":"required name=search_term_string"}],"inLanguage":"es"},{"@type":"Organization","@id":"https:\/\/angelsolisnoticias.com\/#organization","name":"\u00c1ngel Solis","url":"https:\/\/angelsolisnoticias.com\/","logo":{"@type":"ImageObject","inLanguage":"es","@id":"https:\/\/angelsolisnoticias.com\/#\/schema\/logo\/image\/","url":"https:\/\/angelsolisnoticias.com\/wp-content\/uploads\/2023\/01\/LOGO3.png","contentUrl":"https:\/\/angelsolisnoticias.com\/wp-content\/uploads\/2023\/01\/LOGO3.png","width":1853,"height":570,"caption":"\u00c1ngel Solis"},"image":{"@id":"https:\/\/angelsolisnoticias.com\/#\/schema\/logo\/image\/"},"sameAs":["https:\/\/www.facebook.com\/periodistasquintanaroo","https:\/\/twitter.com\/PERIODISTASQROO"]},{"@type":"Person","@id":"https:\/\/angelsolisnoticias.com\/#\/schema\/person\/d5ca5e4c5f05db44e86cb564bf81ae6f","name":"admin","image":{"@type":"ImageObject","inLanguage":"es","@id":"https:\/\/angelsolisnoticias.com\/#\/schema\/person\/image\/","url":"https:\/\/secure.gravatar.com\/avatar\/dff3eaf7d33320066684ce268bff2bf90ce4f69456139b2d65d7796f64299e47?s=96&d=mm&r=g","contentUrl":"https:\/\/secure.gravatar.com\/avatar\/dff3eaf7d33320066684ce268bff2bf90ce4f69456139b2d65d7796f64299e47?s=96&d=mm&r=g","caption":"admin"},"sameAs":["https:\/\/angelsolisnoticias.com"],"url":"https:\/\/angelsolisnoticias.com\/index.php\/author\/admin_qnbaat5l\/"}]}},"jetpack_featured_media_url":"https:\/\/angelsolisnoticias.com\/wp-content\/uploads\/2024\/01\/Solidaridad-Fitur10.jpg","_links":{"self":[{"href":"https:\/\/angelsolisnoticias.com\/index.php\/wp-json\/wp\/v2\/posts\/5716","targetHints":{"allow":["GET"]}}],"collection":[{"href":"https:\/\/angelsolisnoticias.com\/index.php\/wp-json\/wp\/v2\/posts"}],"about":[{"href":"https:\/\/angelsolisnoticias.com\/index.php\/wp-json\/wp\/v2\/types\/post"}],"author":[{"embeddable":true,"href":"https:\/\/angelsolisnoticias.com\/index.php\/wp-json\/wp\/v2\/users\/1"}],"replies":[{"embeddable":true,"href":"https:\/\/angelsolisnoticias.com\/index.php\/wp-json\/wp\/v2\/comments?post=5716"}],"version-history":[{"count":5,"href":"https:\/\/angelsolisnoticias.com\/index.php\/wp-json\/wp\/v2\/posts\/5716\/revisions"}],"predecessor-version":[{"id":5724,"href":"https:\/\/angelsolisnoticias.com\/index.php\/wp-json\/wp\/v2\/posts\/5716\/revisions\/5724"}],"wp:featuredmedia":[{"embeddable":true,"href":"https:\/\/angelsolisnoticias.com\/index.php\/wp-json\/wp\/v2\/media\/5718"}],"wp:attachment":[{"href":"https:\/\/angelsolisnoticias.com\/index.php\/wp-json\/wp\/v2\/media?parent=5716"}],"wp:term":[{"taxonomy":"category","embeddable":true,"href":"https:\/\/angelsolisnoticias.com\/index.php\/wp-json\/wp\/v2\/categories?post=5716"},{"taxonomy":"post_tag","embeddable":true,"href":"https:\/\/angelsolisnoticias.com\/index.php\/wp-json\/wp\/v2\/tags?post=5716"}],"curies":[{"name":"wp","href":"https:\/\/api.w.org\/{rel}","templated":true}]}}