{"id":5846,"date":"2024-02-04T11:32:55","date_gmt":"2024-02-04T11:32:55","guid":{"rendered":"https:\/\/angelsolisnoticias.com\/?p=5846"},"modified":"2024-02-04T19:51:25","modified_gmt":"2024-02-04T19:51:25","slug":"felipe-carrillo-puerto-se-prepara-para-celebrar-el-amor-con-las-bodas-colectivas-2024","status":"publish","type":"post","link":"https:\/\/angelsolisnoticias.com\/index.php\/2024\/02\/04\/felipe-carrillo-puerto-se-prepara-para-celebrar-el-amor-con-las-bodas-colectivas-2024\/","title":{"rendered":"Felipe Carrillo Puerto se prepara para celebrar el amor con las Bodas Colectivas 2024"},"content":{"rendered":"<p>FCP, 04 de febrero<br \/>\nRedacci\u00f3n<\/p>\n<p>En una demostraci\u00f3n de amor y compromiso, 21 parejas han decidido unir sus vidas bajo el programa \u201cBodas Colectivas 2024\u201d, un evento que realizar\u00e1 el Ayuntamiento de Felipe Carrillo Puerto este 14 de febrero.<\/p>\n<p>Este evento, que se ha convertido en una tradici\u00f3n muy esperada por las parejas del municipio, busca dar certeza jur\u00eddica a las uniones a trav\u00e9s de una ceremonia colectiva, organizada por el registro civil local. Ver\u00f3nica Palomo Yam, la titular de la instituci\u00f3n, expres\u00f3 su entusiasmo por la alta participaci\u00f3n de las parejas, destacando que la convocatoria sigue abierta hasta el pr\u00f3ximo mi\u00e9rcoles 7 de febrero.<\/p>\n<p>Desde el inicio de la recepci\u00f3n de documentos el pasado 16 de enero, las oficinas del registro civil han sido testigo del inter\u00e9s de numerosas parejas por formalizar su relaci\u00f3n. Los interesados a\u00fan tienen tiempo de inscribirse, presentando los requisitos necesarios en el horario de 8 de la ma\u00f1ana a 3 de la tarde.<\/p>\n<p>Entre los documentos requeridos se encuentran: acta de nacimiento, CURP, identificaci\u00f3n oficial vigente de ambos, certificado m\u00e9dico prenupcial, constancia de no ser deudor alimentario, y una carta donde ambos declaran no estar casados con otra persona, adem\u00e1s de la identificaci\u00f3n oficial de cuatro testigos.<\/p>\n<p>La presidenta municipal, Mary Hern\u00e1ndez, liderar\u00e1 la ceremonia, reafirmando el compromiso de la administraci\u00f3n con el fortalecimiento de los lazos familiares y el bienestar de sus ciudadanos. Las Bodas Colectivas 2024 no solo celebrar\u00e1n el amor y la uni\u00f3n de las parejas participantes, sino que tambi\u00e9n reforzar\u00e1n el sentido de comunidad y pertenencia entre los habitantes de Felipe Carrillo Puerto.<\/p>\n<p>Este 14 de febrero, Felipe Carrillo Puerto no solo celebrar\u00e1 el D\u00eda de San Valent\u00edn, sino que tambi\u00e9n ser\u00e1 testigo del amor y la uni\u00f3n de sus ciudadanos, en un evento que promete ser memorable para todos los involucrados.<\/p>\n","protected":false},"excerpt":{"rendered":"<p>FCP, 04 de febrero Redacci\u00f3n En una demostraci\u00f3n de amor y compromiso, 21 parejas han decidido unir sus vidas bajo el programa \u201cBodas Colectivas 2024\u201d, un evento que realizar\u00e1 el Ayuntamiento de Felipe Carrillo Puerto este 14 de febrero. Este evento, que se ha convertido en una tradici\u00f3n muy esperada <a href=\"https:\/\/angelsolisnoticias.com\/index.php\/2024\/02\/04\/felipe-carrillo-puerto-se-prepara-para-celebrar-el-amor-con-las-bodas-colectivas-2024\/\" class=\"btn btn-link continue-link\">Seguir leyendo<\/a><\/p>\n","protected":false},"author":1,"featured_media":5847,"comment_status":"open","ping_status":"open","sticky":false,"template":"","format":"standard","meta":{"footnotes":""},"categories":[1],"tags":[],"class_list":["post-5846","post","type-post","status-publish","format-standard","has-post-thumbnail","hentry","category-uncategorized"],"yoast_head":"<!-- This site is optimized with the Yoast SEO plugin v21.1 - https:\/\/yoast.com\/wordpress\/plugins\/seo\/ -->\n<title>Felipe Carrillo Puerto se prepara para celebrar el amor con las Bodas Colectivas 2024<\/title>\n<meta name=\"description\" content=\".\" \/>\n<meta name=\"robots\" content=\"index, follow, max-snippet:-1, max-image-preview:large, max-video-preview:-1\" \/>\n<link rel=\"canonical\" href=\"https:\/\/angelsolisnoticias.com\/index.php\/2024\/02\/04\/felipe-carrillo-puerto-se-prepara-para-celebrar-el-amor-con-las-bodas-colectivas-2024\/\" \/>\n<meta property=\"og:locale\" content=\"es_MX\" \/>\n<meta property=\"og:type\" content=\"article\" \/>\n<meta property=\"og:title\" content=\"Felipe Carrillo Puerto se prepara para celebrar el amor con las Bodas Colectivas 2024\" \/>\n<meta property=\"og:description\" content=\".\" \/>\n<meta property=\"og:url\" content=\"https:\/\/angelsolisnoticias.com\/index.php\/2024\/02\/04\/felipe-carrillo-puerto-se-prepara-para-celebrar-el-amor-con-las-bodas-colectivas-2024\/\" \/>\n<meta property=\"og:site_name\" content=\"\u00c1ngel Solis\" \/>\n<meta property=\"article:publisher\" content=\"https:\/\/www.facebook.com\/periodistasquintanaroo\" \/>\n<meta property=\"article:published_time\" content=\"2024-02-04T11:32:55+00:00\" \/>\n<meta property=\"article:modified_time\" content=\"2024-02-04T19:51:25+00:00\" \/>\n<meta property=\"og:image\" content=\"https:\/\/angelsolisnoticias.com\/wp-content\/uploads\/2024\/02\/Carillo-Bodas-Colectivas1.jpg\" \/>\n\t<meta property=\"og:image:width\" content=\"800\" \/>\n\t<meta property=\"og:image:height\" content=\"569\" \/>\n\t<meta property=\"og:image:type\" content=\"image\/jpeg\" \/>\n<meta name=\"author\" content=\"admin\" \/>\n<meta name=\"twitter:card\" content=\"summary_large_image\" \/>\n<meta name=\"twitter:creator\" content=\"@PERIODISTASQROO\" \/>\n<meta name=\"twitter:site\" content=\"@PERIODISTASQROO\" \/>\n<meta name=\"twitter:label1\" content=\"Escrito por\" \/>\n\t<meta name=\"twitter:data1\" content=\"admin\" \/>\n\t<meta name=\"twitter:label2\" content=\"Tiempo de lectura\" \/>\n\t<meta name=\"twitter:data2\" content=\"2 minutos\" \/>\n<script type=\"application\/ld+json\" class=\"yoast-schema-graph\">{\"@context\":\"https:\/\/schema.org\",\"@graph\":[{\"@type\":\"Article\",\"@id\":\"https:\/\/angelsolisnoticias.com\/index.php\/2024\/02\/04\/felipe-carrillo-puerto-se-prepara-para-celebrar-el-amor-con-las-bodas-colectivas-2024\/#article\",\"isPartOf\":{\"@id\":\"https:\/\/angelsolisnoticias.com\/index.php\/2024\/02\/04\/felipe-carrillo-puerto-se-prepara-para-celebrar-el-amor-con-las-bodas-colectivas-2024\/\"},\"author\":{\"name\":\"admin\",\"@id\":\"https:\/\/angelsolisnoticias.com\/#\/schema\/person\/d5ca5e4c5f05db44e86cb564bf81ae6f\"},\"headline\":\"Felipe Carrillo Puerto se prepara para celebrar el amor con las Bodas Colectivas 2024\",\"datePublished\":\"2024-02-04T11:32:55+00:00\",\"dateModified\":\"2024-02-04T19:51:25+00:00\",\"mainEntityOfPage\":{\"@id\":\"https:\/\/angelsolisnoticias.com\/index.php\/2024\/02\/04\/felipe-carrillo-puerto-se-prepara-para-celebrar-el-amor-con-las-bodas-colectivas-2024\/\"},\"wordCount\":334,\"commentCount\":0,\"publisher\":{\"@id\":\"https:\/\/angelsolisnoticias.com\/#organization\"},\"articleSection\":[\"Uncategorized\"],\"inLanguage\":\"es\",\"potentialAction\":[{\"@type\":\"CommentAction\",\"name\":\"Comment\",\"target\":[\"https:\/\/angelsolisnoticias.com\/index.php\/2024\/02\/04\/felipe-carrillo-puerto-se-prepara-para-celebrar-el-amor-con-las-bodas-colectivas-2024\/#respond\"]}]},{\"@type\":\"WebPage\",\"@id\":\"https:\/\/angelsolisnoticias.com\/index.php\/2024\/02\/04\/felipe-carrillo-puerto-se-prepara-para-celebrar-el-amor-con-las-bodas-colectivas-2024\/\",\"url\":\"https:\/\/angelsolisnoticias.com\/index.php\/2024\/02\/04\/felipe-carrillo-puerto-se-prepara-para-celebrar-el-amor-con-las-bodas-colectivas-2024\/\",\"name\":\"Felipe Carrillo Puerto se prepara para celebrar el amor con las Bodas Colectivas 2024\",\"isPartOf\":{\"@id\":\"https:\/\/angelsolisnoticias.com\/#website\"},\"datePublished\":\"2024-02-04T11:32:55+00:00\",\"dateModified\":\"2024-02-04T19:51:25+00:00\",\"description\":\".\",\"breadcrumb\":{\"@id\":\"https:\/\/angelsolisnoticias.com\/index.php\/2024\/02\/04\/felipe-carrillo-puerto-se-prepara-para-celebrar-el-amor-con-las-bodas-colectivas-2024\/#breadcrumb\"},\"inLanguage\":\"es\",\"potentialAction\":[{\"@type\":\"ReadAction\",\"target\":[\"https:\/\/angelsolisnoticias.com\/index.php\/2024\/02\/04\/felipe-carrillo-puerto-se-prepara-para-celebrar-el-amor-con-las-bodas-colectivas-2024\/\"]}]},{\"@type\":\"BreadcrumbList\",\"@id\":\"https:\/\/angelsolisnoticias.com\/index.php\/2024\/02\/04\/felipe-carrillo-puerto-se-prepara-para-celebrar-el-amor-con-las-bodas-colectivas-2024\/#breadcrumb\",\"itemListElement\":[{\"@type\":\"ListItem\",\"position\":1,\"name\":\"Inicio\",\"item\":\"https:\/\/angelsolisnoticias.com\/\"},{\"@type\":\"ListItem\",\"position\":2,\"name\":\"Felipe Carrillo Puerto se prepara para celebrar el amor con las Bodas Colectivas 2024\"}]},{\"@type\":\"WebSite\",\"@id\":\"https:\/\/angelsolisnoticias.com\/#website\",\"url\":\"https:\/\/angelsolisnoticias.com\/\",\"name\":\"\u00c1ngel Solis\",\"description\":\"Noticias de Quintana Roo\",\"publisher\":{\"@id\":\"https:\/\/angelsolisnoticias.com\/#organization\"},\"potentialAction\":[{\"@type\":\"SearchAction\",\"target\":{\"@type\":\"EntryPoint\",\"urlTemplate\":\"https:\/\/angelsolisnoticias.com\/?s={search_term_string}\"},\"query-input\":\"required name=search_term_string\"}],\"inLanguage\":\"es\"},{\"@type\":\"Organization\",\"@id\":\"https:\/\/angelsolisnoticias.com\/#organization\",\"name\":\"\u00c1ngel Solis\",\"url\":\"https:\/\/angelsolisnoticias.com\/\",\"logo\":{\"@type\":\"ImageObject\",\"inLanguage\":\"es\",\"@id\":\"https:\/\/angelsolisnoticias.com\/#\/schema\/logo\/image\/\",\"url\":\"https:\/\/angelsolisnoticias.com\/wp-content\/uploads\/2023\/01\/LOGO3.png\",\"contentUrl\":\"https:\/\/angelsolisnoticias.com\/wp-content\/uploads\/2023\/01\/LOGO3.png\",\"width\":1853,\"height\":570,\"caption\":\"\u00c1ngel Solis\"},\"image\":{\"@id\":\"https:\/\/angelsolisnoticias.com\/#\/schema\/logo\/image\/\"},\"sameAs\":[\"https:\/\/www.facebook.com\/periodistasquintanaroo\",\"https:\/\/twitter.com\/PERIODISTASQROO\"]},{\"@type\":\"Person\",\"@id\":\"https:\/\/angelsolisnoticias.com\/#\/schema\/person\/d5ca5e4c5f05db44e86cb564bf81ae6f\",\"name\":\"admin\",\"image\":{\"@type\":\"ImageObject\",\"inLanguage\":\"es\",\"@id\":\"https:\/\/angelsolisnoticias.com\/#\/schema\/person\/image\/\",\"url\":\"https:\/\/secure.gravatar.com\/avatar\/dff3eaf7d33320066684ce268bff2bf90ce4f69456139b2d65d7796f64299e47?s=96&d=mm&r=g\",\"contentUrl\":\"https:\/\/secure.gravatar.com\/avatar\/dff3eaf7d33320066684ce268bff2bf90ce4f69456139b2d65d7796f64299e47?s=96&d=mm&r=g\",\"caption\":\"admin\"},\"sameAs\":[\"https:\/\/angelsolisnoticias.com\"],\"url\":\"https:\/\/angelsolisnoticias.com\/index.php\/author\/admin_qnbaat5l\/\"}]}<\/script>\n<!-- \/ Yoast SEO plugin. -->","yoast_head_json":{"title":"Felipe Carrillo Puerto se prepara para celebrar el amor con las Bodas Colectivas 2024","description":".","robots":{"index":"index","follow":"follow","max-snippet":"max-snippet:-1","max-image-preview":"max-image-preview:large","max-video-preview":"max-video-preview:-1"},"canonical":"https:\/\/angelsolisnoticias.com\/index.php\/2024\/02\/04\/felipe-carrillo-puerto-se-prepara-para-celebrar-el-amor-con-las-bodas-colectivas-2024\/","og_locale":"es_MX","og_type":"article","og_title":"Felipe Carrillo Puerto se prepara para celebrar el amor con las Bodas Colectivas 2024","og_description":".","og_url":"https:\/\/angelsolisnoticias.com\/index.php\/2024\/02\/04\/felipe-carrillo-puerto-se-prepara-para-celebrar-el-amor-con-las-bodas-colectivas-2024\/","og_site_name":"\u00c1ngel Solis","article_publisher":"https:\/\/www.facebook.com\/periodistasquintanaroo","article_published_time":"2024-02-04T11:32:55+00:00","article_modified_time":"2024-02-04T19:51:25+00:00","og_image":[{"width":800,"height":569,"url":"https:\/\/angelsolisnoticias.com\/wp-content\/uploads\/2024\/02\/Carillo-Bodas-Colectivas1.jpg","type":"image\/jpeg"}],"author":"admin","twitter_card":"summary_large_image","twitter_creator":"@PERIODISTASQROO","twitter_site":"@PERIODISTASQROO","twitter_misc":{"Escrito por":"admin","Tiempo de lectura":"2 minutos"},"schema":{"@context":"https:\/\/schema.org","@graph":[{"@type":"Article","@id":"https:\/\/angelsolisnoticias.com\/index.php\/2024\/02\/04\/felipe-carrillo-puerto-se-prepara-para-celebrar-el-amor-con-las-bodas-colectivas-2024\/#article","isPartOf":{"@id":"https:\/\/angelsolisnoticias.com\/index.php\/2024\/02\/04\/felipe-carrillo-puerto-se-prepara-para-celebrar-el-amor-con-las-bodas-colectivas-2024\/"},"author":{"name":"admin","@id":"https:\/\/angelsolisnoticias.com\/#\/schema\/person\/d5ca5e4c5f05db44e86cb564bf81ae6f"},"headline":"Felipe Carrillo Puerto se prepara para celebrar el amor con las Bodas Colectivas 2024","datePublished":"2024-02-04T11:32:55+00:00","dateModified":"2024-02-04T19:51:25+00:00","mainEntityOfPage":{"@id":"https:\/\/angelsolisnoticias.com\/index.php\/2024\/02\/04\/felipe-carrillo-puerto-se-prepara-para-celebrar-el-amor-con-las-bodas-colectivas-2024\/"},"wordCount":334,"commentCount":0,"publisher":{"@id":"https:\/\/angelsolisnoticias.com\/#organization"},"articleSection":["Uncategorized"],"inLanguage":"es","potentialAction":[{"@type":"CommentAction","name":"Comment","target":["https:\/\/angelsolisnoticias.com\/index.php\/2024\/02\/04\/felipe-carrillo-puerto-se-prepara-para-celebrar-el-amor-con-las-bodas-colectivas-2024\/#respond"]}]},{"@type":"WebPage","@id":"https:\/\/angelsolisnoticias.com\/index.php\/2024\/02\/04\/felipe-carrillo-puerto-se-prepara-para-celebrar-el-amor-con-las-bodas-colectivas-2024\/","url":"https:\/\/angelsolisnoticias.com\/index.php\/2024\/02\/04\/felipe-carrillo-puerto-se-prepara-para-celebrar-el-amor-con-las-bodas-colectivas-2024\/","name":"Felipe Carrillo Puerto se prepara para celebrar el amor con las Bodas Colectivas 2024","isPartOf":{"@id":"https:\/\/angelsolisnoticias.com\/#website"},"datePublished":"2024-02-04T11:32:55+00:00","dateModified":"2024-02-04T19:51:25+00:00","description":".","breadcrumb":{"@id":"https:\/\/angelsolisnoticias.com\/index.php\/2024\/02\/04\/felipe-carrillo-puerto-se-prepara-para-celebrar-el-amor-con-las-bodas-colectivas-2024\/#breadcrumb"},"inLanguage":"es","potentialAction":[{"@type":"ReadAction","target":["https:\/\/angelsolisnoticias.com\/index.php\/2024\/02\/04\/felipe-carrillo-puerto-se-prepara-para-celebrar-el-amor-con-las-bodas-colectivas-2024\/"]}]},{"@type":"BreadcrumbList","@id":"https:\/\/angelsolisnoticias.com\/index.php\/2024\/02\/04\/felipe-carrillo-puerto-se-prepara-para-celebrar-el-amor-con-las-bodas-colectivas-2024\/#breadcrumb","itemListElement":[{"@type":"ListItem","position":1,"name":"Inicio","item":"https:\/\/angelsolisnoticias.com\/"},{"@type":"ListItem","position":2,"name":"Felipe Carrillo Puerto se prepara para celebrar el amor con las Bodas Colectivas 2024"}]},{"@type":"WebSite","@id":"https:\/\/angelsolisnoticias.com\/#website","url":"https:\/\/angelsolisnoticias.com\/","name":"\u00c1ngel Solis","description":"Noticias de Quintana Roo","publisher":{"@id":"https:\/\/angelsolisnoticias.com\/#organization"},"potentialAction":[{"@type":"SearchAction","target":{"@type":"EntryPoint","urlTemplate":"https:\/\/angelsolisnoticias.com\/?s={search_term_string}"},"query-input":"required name=search_term_string"}],"inLanguage":"es"},{"@type":"Organization","@id":"https:\/\/angelsolisnoticias.com\/#organization","name":"\u00c1ngel Solis","url":"https:\/\/angelsolisnoticias.com\/","logo":{"@type":"ImageObject","inLanguage":"es","@id":"https:\/\/angelsolisnoticias.com\/#\/schema\/logo\/image\/","url":"https:\/\/angelsolisnoticias.com\/wp-content\/uploads\/2023\/01\/LOGO3.png","contentUrl":"https:\/\/angelsolisnoticias.com\/wp-content\/uploads\/2023\/01\/LOGO3.png","width":1853,"height":570,"caption":"\u00c1ngel Solis"},"image":{"@id":"https:\/\/angelsolisnoticias.com\/#\/schema\/logo\/image\/"},"sameAs":["https:\/\/www.facebook.com\/periodistasquintanaroo","https:\/\/twitter.com\/PERIODISTASQROO"]},{"@type":"Person","@id":"https:\/\/angelsolisnoticias.com\/#\/schema\/person\/d5ca5e4c5f05db44e86cb564bf81ae6f","name":"admin","image":{"@type":"ImageObject","inLanguage":"es","@id":"https:\/\/angelsolisnoticias.com\/#\/schema\/person\/image\/","url":"https:\/\/secure.gravatar.com\/avatar\/dff3eaf7d33320066684ce268bff2bf90ce4f69456139b2d65d7796f64299e47?s=96&d=mm&r=g","contentUrl":"https:\/\/secure.gravatar.com\/avatar\/dff3eaf7d33320066684ce268bff2bf90ce4f69456139b2d65d7796f64299e47?s=96&d=mm&r=g","caption":"admin"},"sameAs":["https:\/\/angelsolisnoticias.com"],"url":"https:\/\/angelsolisnoticias.com\/index.php\/author\/admin_qnbaat5l\/"}]}},"jetpack_featured_media_url":"https:\/\/angelsolisnoticias.com\/wp-content\/uploads\/2024\/02\/Carillo-Bodas-Colectivas1.jpg","_links":{"self":[{"href":"https:\/\/angelsolisnoticias.com\/index.php\/wp-json\/wp\/v2\/posts\/5846","targetHints":{"allow":["GET"]}}],"collection":[{"href":"https:\/\/angelsolisnoticias.com\/index.php\/wp-json\/wp\/v2\/posts"}],"about":[{"href":"https:\/\/angelsolisnoticias.com\/index.php\/wp-json\/wp\/v2\/types\/post"}],"author":[{"embeddable":true,"href":"https:\/\/angelsolisnoticias.com\/index.php\/wp-json\/wp\/v2\/users\/1"}],"replies":[{"embeddable":true,"href":"https:\/\/angelsolisnoticias.com\/index.php\/wp-json\/wp\/v2\/comments?post=5846"}],"version-history":[{"count":1,"href":"https:\/\/angelsolisnoticias.com\/index.php\/wp-json\/wp\/v2\/posts\/5846\/revisions"}],"predecessor-version":[{"id":5848,"href":"https:\/\/angelsolisnoticias.com\/index.php\/wp-json\/wp\/v2\/posts\/5846\/revisions\/5848"}],"wp:featuredmedia":[{"embeddable":true,"href":"https:\/\/angelsolisnoticias.com\/index.php\/wp-json\/wp\/v2\/media\/5847"}],"wp:attachment":[{"href":"https:\/\/angelsolisnoticias.com\/index.php\/wp-json\/wp\/v2\/media?parent=5846"}],"wp:term":[{"taxonomy":"category","embeddable":true,"href":"https:\/\/angelsolisnoticias.com\/index.php\/wp-json\/wp\/v2\/categories?post=5846"},{"taxonomy":"post_tag","embeddable":true,"href":"https:\/\/angelsolisnoticias.com\/index.php\/wp-json\/wp\/v2\/tags?post=5846"}],"curies":[{"name":"wp","href":"https:\/\/api.w.org\/{rel}","templated":true}]}}