{"id":5955,"date":"2024-02-08T13:53:22","date_gmt":"2024-02-08T13:53:22","guid":{"rendered":"https:\/\/angelsolisnoticias.com\/?p=5955"},"modified":"2024-02-08T23:35:19","modified_gmt":"2024-02-08T23:35:19","slug":"despegan-operaciones-en-aeropuerto-internacional-felipe-carrillo-puerto","status":"publish","type":"post","link":"https:\/\/angelsolisnoticias.com\/index.php\/2024\/02\/08\/despegan-operaciones-en-aeropuerto-internacional-felipe-carrillo-puerto\/","title":{"rendered":"Despegan operaciones en Aeropuerto Internacional \u201cFelipe Carrillo Puerto\u201d"},"content":{"rendered":"<p>Felipe Carrillo Puerto, 8 de febrero<br \/>\nRedacci\u00f3n<\/p>\n<p>El Aeropuerto Internacional \u201cFelipe Carrillo Puerto\u201d despeg\u00f3 en sus operaciones aeroportuarias, un paso importante para la Zona Maya en Quintana Roo. La Secretar\u00eda de Turismo de Quintana Roo revel\u00f3 que, del 27 de enero al 2 de febrero, se registraron 39 salidas y 39 llegadas nacionales, superando as\u00ed las cifras del Aeropuerto Internacional de Chetumal.<\/p>\n<p>La Presidenta Municipal, Mary Hern\u00e1ndez, destac\u00f3 el significativo avance que estas operaciones representan para Felipe Carrillo Puerto, coloc\u00e1ndolo en el mapa tur\u00edstico mundial.<\/p>\n<p>Adem\u00e1s, se\u00f1al\u00f3 que este \u00e9xito prepara al municipio para la recepci\u00f3n de vuelos internacionales a partir de marzo, lo cual abre nuevas puertas para el turismo y el desarrollo econ\u00f3mico local.<\/p>\n<p>\u201cEste logro no solo representa un impulso tur\u00edstico para la regi\u00f3n sino tambi\u00e9n una oportunidad de crecimiento y desarrollo para los habitantes de Felipe Carrillo Puerto, quienes se preparan para dar la bienvenida a visitantes de diversas partes del mundo\u201d, dijo la alcaldesa.<\/p>\n<p>Frente a este pujante desarrollo tur\u00edstico, el Ayuntamiento reafirma su compromiso con el fortalecimiento de la infraestructura local y el fomento de la Zona Maya como destino tur\u00edstico clave en Quintana Roo.<\/p>\n","protected":false},"excerpt":{"rendered":"<p>Felipe Carrillo Puerto, 8 de febrero Redacci\u00f3n El Aeropuerto Internacional \u201cFelipe Carrillo Puerto\u201d despeg\u00f3 en sus operaciones aeroportuarias, un paso importante para la Zona Maya en Quintana Roo. La Secretar\u00eda de Turismo de Quintana Roo revel\u00f3 que, del 27 de enero al 2 de febrero, se registraron 39 salidas y <a href=\"https:\/\/angelsolisnoticias.com\/index.php\/2024\/02\/08\/despegan-operaciones-en-aeropuerto-internacional-felipe-carrillo-puerto\/\" class=\"btn btn-link continue-link\">Seguir leyendo<\/a><\/p>\n","protected":false},"author":1,"featured_media":5957,"comment_status":"open","ping_status":"open","sticky":false,"template":"","format":"standard","meta":{"footnotes":""},"categories":[1],"tags":[],"class_list":["post-5955","post","type-post","status-publish","format-standard","has-post-thumbnail","hentry","category-uncategorized"],"yoast_head":"<!-- This site is optimized with the Yoast SEO plugin v21.1 - https:\/\/yoast.com\/wordpress\/plugins\/seo\/ -->\n<title>Despegan operaciones en Aeropuerto Internacional \u201cFelipe Carrillo Puerto\u201d<\/title>\n<meta name=\"description\" content=\".\" \/>\n<meta name=\"robots\" content=\"index, follow, max-snippet:-1, max-image-preview:large, max-video-preview:-1\" \/>\n<link rel=\"canonical\" href=\"https:\/\/angelsolisnoticias.com\/index.php\/2024\/02\/08\/despegan-operaciones-en-aeropuerto-internacional-felipe-carrillo-puerto\/\" \/>\n<meta property=\"og:locale\" content=\"es_MX\" \/>\n<meta property=\"og:type\" content=\"article\" \/>\n<meta property=\"og:title\" content=\"Despegan operaciones en Aeropuerto Internacional \u201cFelipe Carrillo Puerto\u201d\" \/>\n<meta property=\"og:description\" content=\".\" \/>\n<meta property=\"og:url\" content=\"https:\/\/angelsolisnoticias.com\/index.php\/2024\/02\/08\/despegan-operaciones-en-aeropuerto-internacional-felipe-carrillo-puerto\/\" \/>\n<meta property=\"og:site_name\" content=\"\u00c1ngel Solis\" \/>\n<meta property=\"article:publisher\" content=\"https:\/\/www.facebook.com\/periodistasquintanaroo\" \/>\n<meta property=\"article:published_time\" content=\"2024-02-08T13:53:22+00:00\" \/>\n<meta property=\"article:modified_time\" content=\"2024-02-08T23:35:19+00:00\" \/>\n<meta property=\"og:image\" content=\"https:\/\/angelsolisnoticias.com\/wp-content\/uploads\/2024\/02\/Carrillo-Aeropuerto-vuelos2.jpg\" \/>\n\t<meta property=\"og:image:width\" content=\"800\" \/>\n\t<meta property=\"og:image:height\" content=\"569\" \/>\n\t<meta property=\"og:image:type\" content=\"image\/jpeg\" \/>\n<meta name=\"author\" content=\"admin\" \/>\n<meta name=\"twitter:card\" content=\"summary_large_image\" \/>\n<meta name=\"twitter:creator\" content=\"@PERIODISTASQROO\" \/>\n<meta name=\"twitter:site\" content=\"@PERIODISTASQROO\" \/>\n<meta name=\"twitter:label1\" content=\"Escrito por\" \/>\n\t<meta name=\"twitter:data1\" content=\"admin\" \/>\n\t<meta name=\"twitter:label2\" content=\"Tiempo de lectura\" \/>\n\t<meta name=\"twitter:data2\" content=\"1 minuto\" \/>\n<script type=\"application\/ld+json\" class=\"yoast-schema-graph\">{\"@context\":\"https:\/\/schema.org\",\"@graph\":[{\"@type\":\"Article\",\"@id\":\"https:\/\/angelsolisnoticias.com\/index.php\/2024\/02\/08\/despegan-operaciones-en-aeropuerto-internacional-felipe-carrillo-puerto\/#article\",\"isPartOf\":{\"@id\":\"https:\/\/angelsolisnoticias.com\/index.php\/2024\/02\/08\/despegan-operaciones-en-aeropuerto-internacional-felipe-carrillo-puerto\/\"},\"author\":{\"name\":\"admin\",\"@id\":\"https:\/\/angelsolisnoticias.com\/#\/schema\/person\/d5ca5e4c5f05db44e86cb564bf81ae6f\"},\"headline\":\"Despegan operaciones en Aeropuerto Internacional \u201cFelipe Carrillo Puerto\u201d\",\"datePublished\":\"2024-02-08T13:53:22+00:00\",\"dateModified\":\"2024-02-08T23:35:19+00:00\",\"mainEntityOfPage\":{\"@id\":\"https:\/\/angelsolisnoticias.com\/index.php\/2024\/02\/08\/despegan-operaciones-en-aeropuerto-internacional-felipe-carrillo-puerto\/\"},\"wordCount\":208,\"commentCount\":0,\"publisher\":{\"@id\":\"https:\/\/angelsolisnoticias.com\/#organization\"},\"articleSection\":[\"Uncategorized\"],\"inLanguage\":\"es\",\"potentialAction\":[{\"@type\":\"CommentAction\",\"name\":\"Comment\",\"target\":[\"https:\/\/angelsolisnoticias.com\/index.php\/2024\/02\/08\/despegan-operaciones-en-aeropuerto-internacional-felipe-carrillo-puerto\/#respond\"]}]},{\"@type\":\"WebPage\",\"@id\":\"https:\/\/angelsolisnoticias.com\/index.php\/2024\/02\/08\/despegan-operaciones-en-aeropuerto-internacional-felipe-carrillo-puerto\/\",\"url\":\"https:\/\/angelsolisnoticias.com\/index.php\/2024\/02\/08\/despegan-operaciones-en-aeropuerto-internacional-felipe-carrillo-puerto\/\",\"name\":\"Despegan operaciones en Aeropuerto Internacional \u201cFelipe Carrillo Puerto\u201d\",\"isPartOf\":{\"@id\":\"https:\/\/angelsolisnoticias.com\/#website\"},\"datePublished\":\"2024-02-08T13:53:22+00:00\",\"dateModified\":\"2024-02-08T23:35:19+00:00\",\"description\":\".\",\"breadcrumb\":{\"@id\":\"https:\/\/angelsolisnoticias.com\/index.php\/2024\/02\/08\/despegan-operaciones-en-aeropuerto-internacional-felipe-carrillo-puerto\/#breadcrumb\"},\"inLanguage\":\"es\",\"potentialAction\":[{\"@type\":\"ReadAction\",\"target\":[\"https:\/\/angelsolisnoticias.com\/index.php\/2024\/02\/08\/despegan-operaciones-en-aeropuerto-internacional-felipe-carrillo-puerto\/\"]}]},{\"@type\":\"BreadcrumbList\",\"@id\":\"https:\/\/angelsolisnoticias.com\/index.php\/2024\/02\/08\/despegan-operaciones-en-aeropuerto-internacional-felipe-carrillo-puerto\/#breadcrumb\",\"itemListElement\":[{\"@type\":\"ListItem\",\"position\":1,\"name\":\"Inicio\",\"item\":\"https:\/\/angelsolisnoticias.com\/\"},{\"@type\":\"ListItem\",\"position\":2,\"name\":\"Despegan operaciones en Aeropuerto Internacional \u201cFelipe Carrillo Puerto\u201d\"}]},{\"@type\":\"WebSite\",\"@id\":\"https:\/\/angelsolisnoticias.com\/#website\",\"url\":\"https:\/\/angelsolisnoticias.com\/\",\"name\":\"\u00c1ngel Solis\",\"description\":\"Noticias de Quintana Roo\",\"publisher\":{\"@id\":\"https:\/\/angelsolisnoticias.com\/#organization\"},\"potentialAction\":[{\"@type\":\"SearchAction\",\"target\":{\"@type\":\"EntryPoint\",\"urlTemplate\":\"https:\/\/angelsolisnoticias.com\/?s={search_term_string}\"},\"query-input\":\"required name=search_term_string\"}],\"inLanguage\":\"es\"},{\"@type\":\"Organization\",\"@id\":\"https:\/\/angelsolisnoticias.com\/#organization\",\"name\":\"\u00c1ngel Solis\",\"url\":\"https:\/\/angelsolisnoticias.com\/\",\"logo\":{\"@type\":\"ImageObject\",\"inLanguage\":\"es\",\"@id\":\"https:\/\/angelsolisnoticias.com\/#\/schema\/logo\/image\/\",\"url\":\"https:\/\/angelsolisnoticias.com\/wp-content\/uploads\/2023\/01\/LOGO3.png\",\"contentUrl\":\"https:\/\/angelsolisnoticias.com\/wp-content\/uploads\/2023\/01\/LOGO3.png\",\"width\":1853,\"height\":570,\"caption\":\"\u00c1ngel Solis\"},\"image\":{\"@id\":\"https:\/\/angelsolisnoticias.com\/#\/schema\/logo\/image\/\"},\"sameAs\":[\"https:\/\/www.facebook.com\/periodistasquintanaroo\",\"https:\/\/twitter.com\/PERIODISTASQROO\"]},{\"@type\":\"Person\",\"@id\":\"https:\/\/angelsolisnoticias.com\/#\/schema\/person\/d5ca5e4c5f05db44e86cb564bf81ae6f\",\"name\":\"admin\",\"image\":{\"@type\":\"ImageObject\",\"inLanguage\":\"es\",\"@id\":\"https:\/\/angelsolisnoticias.com\/#\/schema\/person\/image\/\",\"url\":\"https:\/\/secure.gravatar.com\/avatar\/dff3eaf7d33320066684ce268bff2bf90ce4f69456139b2d65d7796f64299e47?s=96&d=mm&r=g\",\"contentUrl\":\"https:\/\/secure.gravatar.com\/avatar\/dff3eaf7d33320066684ce268bff2bf90ce4f69456139b2d65d7796f64299e47?s=96&d=mm&r=g\",\"caption\":\"admin\"},\"sameAs\":[\"https:\/\/angelsolisnoticias.com\"],\"url\":\"https:\/\/angelsolisnoticias.com\/index.php\/author\/admin_qnbaat5l\/\"}]}<\/script>\n<!-- \/ Yoast SEO plugin. -->","yoast_head_json":{"title":"Despegan operaciones en Aeropuerto Internacional \u201cFelipe Carrillo Puerto\u201d","description":".","robots":{"index":"index","follow":"follow","max-snippet":"max-snippet:-1","max-image-preview":"max-image-preview:large","max-video-preview":"max-video-preview:-1"},"canonical":"https:\/\/angelsolisnoticias.com\/index.php\/2024\/02\/08\/despegan-operaciones-en-aeropuerto-internacional-felipe-carrillo-puerto\/","og_locale":"es_MX","og_type":"article","og_title":"Despegan operaciones en Aeropuerto Internacional \u201cFelipe Carrillo Puerto\u201d","og_description":".","og_url":"https:\/\/angelsolisnoticias.com\/index.php\/2024\/02\/08\/despegan-operaciones-en-aeropuerto-internacional-felipe-carrillo-puerto\/","og_site_name":"\u00c1ngel Solis","article_publisher":"https:\/\/www.facebook.com\/periodistasquintanaroo","article_published_time":"2024-02-08T13:53:22+00:00","article_modified_time":"2024-02-08T23:35:19+00:00","og_image":[{"width":800,"height":569,"url":"https:\/\/angelsolisnoticias.com\/wp-content\/uploads\/2024\/02\/Carrillo-Aeropuerto-vuelos2.jpg","type":"image\/jpeg"}],"author":"admin","twitter_card":"summary_large_image","twitter_creator":"@PERIODISTASQROO","twitter_site":"@PERIODISTASQROO","twitter_misc":{"Escrito por":"admin","Tiempo de lectura":"1 minuto"},"schema":{"@context":"https:\/\/schema.org","@graph":[{"@type":"Article","@id":"https:\/\/angelsolisnoticias.com\/index.php\/2024\/02\/08\/despegan-operaciones-en-aeropuerto-internacional-felipe-carrillo-puerto\/#article","isPartOf":{"@id":"https:\/\/angelsolisnoticias.com\/index.php\/2024\/02\/08\/despegan-operaciones-en-aeropuerto-internacional-felipe-carrillo-puerto\/"},"author":{"name":"admin","@id":"https:\/\/angelsolisnoticias.com\/#\/schema\/person\/d5ca5e4c5f05db44e86cb564bf81ae6f"},"headline":"Despegan operaciones en Aeropuerto Internacional \u201cFelipe Carrillo Puerto\u201d","datePublished":"2024-02-08T13:53:22+00:00","dateModified":"2024-02-08T23:35:19+00:00","mainEntityOfPage":{"@id":"https:\/\/angelsolisnoticias.com\/index.php\/2024\/02\/08\/despegan-operaciones-en-aeropuerto-internacional-felipe-carrillo-puerto\/"},"wordCount":208,"commentCount":0,"publisher":{"@id":"https:\/\/angelsolisnoticias.com\/#organization"},"articleSection":["Uncategorized"],"inLanguage":"es","potentialAction":[{"@type":"CommentAction","name":"Comment","target":["https:\/\/angelsolisnoticias.com\/index.php\/2024\/02\/08\/despegan-operaciones-en-aeropuerto-internacional-felipe-carrillo-puerto\/#respond"]}]},{"@type":"WebPage","@id":"https:\/\/angelsolisnoticias.com\/index.php\/2024\/02\/08\/despegan-operaciones-en-aeropuerto-internacional-felipe-carrillo-puerto\/","url":"https:\/\/angelsolisnoticias.com\/index.php\/2024\/02\/08\/despegan-operaciones-en-aeropuerto-internacional-felipe-carrillo-puerto\/","name":"Despegan operaciones en Aeropuerto Internacional \u201cFelipe Carrillo Puerto\u201d","isPartOf":{"@id":"https:\/\/angelsolisnoticias.com\/#website"},"datePublished":"2024-02-08T13:53:22+00:00","dateModified":"2024-02-08T23:35:19+00:00","description":".","breadcrumb":{"@id":"https:\/\/angelsolisnoticias.com\/index.php\/2024\/02\/08\/despegan-operaciones-en-aeropuerto-internacional-felipe-carrillo-puerto\/#breadcrumb"},"inLanguage":"es","potentialAction":[{"@type":"ReadAction","target":["https:\/\/angelsolisnoticias.com\/index.php\/2024\/02\/08\/despegan-operaciones-en-aeropuerto-internacional-felipe-carrillo-puerto\/"]}]},{"@type":"BreadcrumbList","@id":"https:\/\/angelsolisnoticias.com\/index.php\/2024\/02\/08\/despegan-operaciones-en-aeropuerto-internacional-felipe-carrillo-puerto\/#breadcrumb","itemListElement":[{"@type":"ListItem","position":1,"name":"Inicio","item":"https:\/\/angelsolisnoticias.com\/"},{"@type":"ListItem","position":2,"name":"Despegan operaciones en Aeropuerto Internacional \u201cFelipe Carrillo Puerto\u201d"}]},{"@type":"WebSite","@id":"https:\/\/angelsolisnoticias.com\/#website","url":"https:\/\/angelsolisnoticias.com\/","name":"\u00c1ngel Solis","description":"Noticias de Quintana Roo","publisher":{"@id":"https:\/\/angelsolisnoticias.com\/#organization"},"potentialAction":[{"@type":"SearchAction","target":{"@type":"EntryPoint","urlTemplate":"https:\/\/angelsolisnoticias.com\/?s={search_term_string}"},"query-input":"required name=search_term_string"}],"inLanguage":"es"},{"@type":"Organization","@id":"https:\/\/angelsolisnoticias.com\/#organization","name":"\u00c1ngel Solis","url":"https:\/\/angelsolisnoticias.com\/","logo":{"@type":"ImageObject","inLanguage":"es","@id":"https:\/\/angelsolisnoticias.com\/#\/schema\/logo\/image\/","url":"https:\/\/angelsolisnoticias.com\/wp-content\/uploads\/2023\/01\/LOGO3.png","contentUrl":"https:\/\/angelsolisnoticias.com\/wp-content\/uploads\/2023\/01\/LOGO3.png","width":1853,"height":570,"caption":"\u00c1ngel Solis"},"image":{"@id":"https:\/\/angelsolisnoticias.com\/#\/schema\/logo\/image\/"},"sameAs":["https:\/\/www.facebook.com\/periodistasquintanaroo","https:\/\/twitter.com\/PERIODISTASQROO"]},{"@type":"Person","@id":"https:\/\/angelsolisnoticias.com\/#\/schema\/person\/d5ca5e4c5f05db44e86cb564bf81ae6f","name":"admin","image":{"@type":"ImageObject","inLanguage":"es","@id":"https:\/\/angelsolisnoticias.com\/#\/schema\/person\/image\/","url":"https:\/\/secure.gravatar.com\/avatar\/dff3eaf7d33320066684ce268bff2bf90ce4f69456139b2d65d7796f64299e47?s=96&d=mm&r=g","contentUrl":"https:\/\/secure.gravatar.com\/avatar\/dff3eaf7d33320066684ce268bff2bf90ce4f69456139b2d65d7796f64299e47?s=96&d=mm&r=g","caption":"admin"},"sameAs":["https:\/\/angelsolisnoticias.com"],"url":"https:\/\/angelsolisnoticias.com\/index.php\/author\/admin_qnbaat5l\/"}]}},"jetpack_featured_media_url":"https:\/\/angelsolisnoticias.com\/wp-content\/uploads\/2024\/02\/Carrillo-Aeropuerto-vuelos2.jpg","_links":{"self":[{"href":"https:\/\/angelsolisnoticias.com\/index.php\/wp-json\/wp\/v2\/posts\/5955","targetHints":{"allow":["GET"]}}],"collection":[{"href":"https:\/\/angelsolisnoticias.com\/index.php\/wp-json\/wp\/v2\/posts"}],"about":[{"href":"https:\/\/angelsolisnoticias.com\/index.php\/wp-json\/wp\/v2\/types\/post"}],"author":[{"embeddable":true,"href":"https:\/\/angelsolisnoticias.com\/index.php\/wp-json\/wp\/v2\/users\/1"}],"replies":[{"embeddable":true,"href":"https:\/\/angelsolisnoticias.com\/index.php\/wp-json\/wp\/v2\/comments?post=5955"}],"version-history":[{"count":1,"href":"https:\/\/angelsolisnoticias.com\/index.php\/wp-json\/wp\/v2\/posts\/5955\/revisions"}],"predecessor-version":[{"id":5956,"href":"https:\/\/angelsolisnoticias.com\/index.php\/wp-json\/wp\/v2\/posts\/5955\/revisions\/5956"}],"wp:featuredmedia":[{"embeddable":true,"href":"https:\/\/angelsolisnoticias.com\/index.php\/wp-json\/wp\/v2\/media\/5957"}],"wp:attachment":[{"href":"https:\/\/angelsolisnoticias.com\/index.php\/wp-json\/wp\/v2\/media?parent=5955"}],"wp:term":[{"taxonomy":"category","embeddable":true,"href":"https:\/\/angelsolisnoticias.com\/index.php\/wp-json\/wp\/v2\/categories?post=5955"},{"taxonomy":"post_tag","embeddable":true,"href":"https:\/\/angelsolisnoticias.com\/index.php\/wp-json\/wp\/v2\/tags?post=5955"}],"curies":[{"name":"wp","href":"https:\/\/api.w.org\/{rel}","templated":true}]}}