{"id":5985,"date":"2024-02-09T17:12:55","date_gmt":"2024-02-09T17:12:55","guid":{"rendered":"https:\/\/angelsolisnoticias.com\/?p=5985"},"modified":"2024-02-10T01:01:36","modified_gmt":"2024-02-10T01:01:36","slug":"anuncian-campeonato-regional-de-motocross-en-playa-del-carmen","status":"publish","type":"post","link":"https:\/\/angelsolisnoticias.com\/index.php\/2024\/02\/09\/anuncian-campeonato-regional-de-motocross-en-playa-del-carmen\/","title":{"rendered":"Anuncian Campeonato Regional de Motocross en Playa del Carmen"},"content":{"rendered":"<p>Playa del Carmen, Solidaridad, 9 de febrero del 2024<br \/>\nRedacci\u00f3n<\/p>\n<p>Promoviendo el deporte extremo, el gobierno de Solidaridad que preside Lili Campos invita a presenciar la primera fecha del Campeonato Regional de Motocross a realizarse el pr\u00f3ximo fin de semana, en la pista \u201cJos\u00e9 Quiam Chan\u201d, con m\u00e1s de 150 competidores de 15 categor\u00edas, que van de los 50 cc \u2013 450 cc, totalmente gratuito.<\/p>\n<p>En conferencia de prensa, el director general del Instituto del Deporte Municipal de Solidaridad, Amador Guti\u00e9rrez destac\u00f3 que en este gobierno de la renovaci\u00f3n se impulsa el deporte local, en este caso el motocross, deporte apasionante con mucha adrenalina, que atrae al turismo regional, nacional e internacional. \u201cEn Playa del Carmen estamos bien representados por el Club Marlin\u2019s de la Riviera Maya, dirigido por Ra\u00fal M\u00e9ndez, que cuenta con el apoyo de la iniciativa privada para realizar esta primera gran fecha de campeonato sur \u2013 sureste\u201d dijo.<\/p>\n<p><img loading=\"lazy\" decoding=\"async\" class=\"aligncenter wp-image-5990 \" src=\"https:\/\/angelsolisnoticias.com\/wp-content\/uploads\/2024\/02\/Solidaridad-Campeonato-Motocross3.jpg\" alt=\"\" width=\"635\" height=\"423\" srcset=\"https:\/\/angelsolisnoticias.com\/wp-content\/uploads\/2024\/02\/Solidaridad-Campeonato-Motocross3.jpg 720w, https:\/\/angelsolisnoticias.com\/wp-content\/uploads\/2024\/02\/Solidaridad-Campeonato-Motocross3-300x200.jpg 300w\" sizes=\"auto, (max-width: 635px) 100vw, 635px\" \/><\/p>\n<p>Ra\u00fal M\u00e9ndez destac\u00f3 que la competencia incluye la participaci\u00f3n de mujeres tan diestras, h\u00e1biles y veloces como sus compa\u00f1eros competidores, cuyas edades fluct\u00faan entre los 4 y 60 a\u00f1os de edad, provenientes de Oaxaca, Chiapas, Tabasco, Campeche, Yucat\u00e1n, Quintana Roo, Guatemala y Bolivia, con pilotos reconocidos como \u00d3scar Aranda Z\u00fa\u00f1iga, subcampe\u00f3n categor\u00eda N3 en el a\u00f1o 2023, Alex arceo campe\u00f3n categor\u00eda MX 2B, por mencionar algunos.<\/p>\n<p><img loading=\"lazy\" decoding=\"async\" class=\"aligncenter wp-image-5991 \" src=\"https:\/\/angelsolisnoticias.com\/wp-content\/uploads\/2024\/02\/Solidaridad-Campeonato-Motocross2.jpg\" alt=\"\" width=\"617\" height=\"411\" srcset=\"https:\/\/angelsolisnoticias.com\/wp-content\/uploads\/2024\/02\/Solidaridad-Campeonato-Motocross2.jpg 720w, https:\/\/angelsolisnoticias.com\/wp-content\/uploads\/2024\/02\/Solidaridad-Campeonato-Motocross2-300x200.jpg 300w\" sizes=\"auto, (max-width: 617px) 100vw, 617px\" \/><\/p>\n<p>Los entrenamientos ser\u00e1n este s\u00e1bado y la competencia el pr\u00f3ximo domingo, desde las 11 horas en la pista de motocross ubicada frente a la carretera federal con avenida CTM, por lo que se espera la asistencia de espectadores locales y sus familias, as\u00ed como de la regi\u00f3n para disfrutar de este espect\u00e1culo gratuito, el cual se ha realizado en m\u00e1s de 30 ocasiones.<\/p>\n<p><img loading=\"lazy\" decoding=\"async\" class=\"aligncenter wp-image-5989 \" src=\"https:\/\/angelsolisnoticias.com\/wp-content\/uploads\/2024\/02\/Solidaridad-Campeonato-Motocross4.jpg\" alt=\"\" width=\"619\" height=\"410\" \/><\/p>\n","protected":false},"excerpt":{"rendered":"<p>Playa del Carmen, Solidaridad, 9 de febrero del 2024 Redacci\u00f3n Promoviendo el deporte extremo, el gobierno de Solidaridad que preside Lili Campos invita a presenciar la primera fecha del Campeonato Regional de Motocross a realizarse el pr\u00f3ximo fin de semana, en la pista \u201cJos\u00e9 Quiam Chan\u201d, con m\u00e1s de 150 <a href=\"https:\/\/angelsolisnoticias.com\/index.php\/2024\/02\/09\/anuncian-campeonato-regional-de-motocross-en-playa-del-carmen\/\" class=\"btn btn-link continue-link\">Seguir leyendo<\/a><\/p>\n","protected":false},"author":1,"featured_media":5992,"comment_status":"open","ping_status":"open","sticky":false,"template":"","format":"standard","meta":{"footnotes":""},"categories":[6,1],"tags":[],"class_list":["post-5985","post","type-post","status-publish","format-standard","has-post-thumbnail","hentry","category-solidaridad","category-uncategorized"],"yoast_head":"<!-- This site is optimized with the Yoast SEO plugin v21.1 - https:\/\/yoast.com\/wordpress\/plugins\/seo\/ -->\n<title>Anuncian Campeonato Regional de Motocross en Playa del Carmen<\/title>\n<meta name=\"description\" content=\".\" \/>\n<meta name=\"robots\" content=\"index, follow, max-snippet:-1, max-image-preview:large, max-video-preview:-1\" \/>\n<link rel=\"canonical\" href=\"https:\/\/angelsolisnoticias.com\/index.php\/2024\/02\/09\/anuncian-campeonato-regional-de-motocross-en-playa-del-carmen\/\" \/>\n<meta property=\"og:locale\" content=\"es_MX\" \/>\n<meta property=\"og:type\" content=\"article\" \/>\n<meta property=\"og:title\" content=\"Anuncian Campeonato Regional de Motocross en Playa del Carmen\" \/>\n<meta property=\"og:description\" content=\".\" \/>\n<meta property=\"og:url\" content=\"https:\/\/angelsolisnoticias.com\/index.php\/2024\/02\/09\/anuncian-campeonato-regional-de-motocross-en-playa-del-carmen\/\" \/>\n<meta property=\"og:site_name\" content=\"\u00c1ngel Solis\" \/>\n<meta property=\"article:publisher\" content=\"https:\/\/www.facebook.com\/periodistasquintanaroo\" \/>\n<meta property=\"article:published_time\" content=\"2024-02-09T17:12:55+00:00\" \/>\n<meta property=\"article:modified_time\" content=\"2024-02-10T01:01:36+00:00\" \/>\n<meta property=\"og:image\" content=\"https:\/\/angelsolisnoticias.com\/wp-content\/uploads\/2024\/02\/Solidaridad-Campeonato-Motocross1.jpg\" \/>\n\t<meta property=\"og:image:width\" content=\"800\" \/>\n\t<meta property=\"og:image:height\" content=\"569\" \/>\n\t<meta property=\"og:image:type\" content=\"image\/jpeg\" \/>\n<meta name=\"author\" content=\"admin\" \/>\n<meta name=\"twitter:card\" content=\"summary_large_image\" \/>\n<meta name=\"twitter:creator\" content=\"@PERIODISTASQROO\" \/>\n<meta name=\"twitter:site\" content=\"@PERIODISTASQROO\" \/>\n<meta name=\"twitter:label1\" content=\"Escrito por\" \/>\n\t<meta name=\"twitter:data1\" content=\"admin\" \/>\n\t<meta name=\"twitter:label2\" content=\"Tiempo de lectura\" \/>\n\t<meta name=\"twitter:data2\" content=\"2 minutos\" \/>\n<script type=\"application\/ld+json\" class=\"yoast-schema-graph\">{\"@context\":\"https:\/\/schema.org\",\"@graph\":[{\"@type\":\"Article\",\"@id\":\"https:\/\/angelsolisnoticias.com\/index.php\/2024\/02\/09\/anuncian-campeonato-regional-de-motocross-en-playa-del-carmen\/#article\",\"isPartOf\":{\"@id\":\"https:\/\/angelsolisnoticias.com\/index.php\/2024\/02\/09\/anuncian-campeonato-regional-de-motocross-en-playa-del-carmen\/\"},\"author\":{\"name\":\"admin\",\"@id\":\"https:\/\/angelsolisnoticias.com\/#\/schema\/person\/d5ca5e4c5f05db44e86cb564bf81ae6f\"},\"headline\":\"Anuncian Campeonato Regional de Motocross en Playa del Carmen\",\"datePublished\":\"2024-02-09T17:12:55+00:00\",\"dateModified\":\"2024-02-10T01:01:36+00:00\",\"mainEntityOfPage\":{\"@id\":\"https:\/\/angelsolisnoticias.com\/index.php\/2024\/02\/09\/anuncian-campeonato-regional-de-motocross-en-playa-del-carmen\/\"},\"wordCount\":306,\"commentCount\":0,\"publisher\":{\"@id\":\"https:\/\/angelsolisnoticias.com\/#organization\"},\"articleSection\":[\"Solidaridad\",\"Uncategorized\"],\"inLanguage\":\"es\",\"potentialAction\":[{\"@type\":\"CommentAction\",\"name\":\"Comment\",\"target\":[\"https:\/\/angelsolisnoticias.com\/index.php\/2024\/02\/09\/anuncian-campeonato-regional-de-motocross-en-playa-del-carmen\/#respond\"]}]},{\"@type\":\"WebPage\",\"@id\":\"https:\/\/angelsolisnoticias.com\/index.php\/2024\/02\/09\/anuncian-campeonato-regional-de-motocross-en-playa-del-carmen\/\",\"url\":\"https:\/\/angelsolisnoticias.com\/index.php\/2024\/02\/09\/anuncian-campeonato-regional-de-motocross-en-playa-del-carmen\/\",\"name\":\"Anuncian Campeonato Regional de Motocross en Playa del Carmen\",\"isPartOf\":{\"@id\":\"https:\/\/angelsolisnoticias.com\/#website\"},\"datePublished\":\"2024-02-09T17:12:55+00:00\",\"dateModified\":\"2024-02-10T01:01:36+00:00\",\"description\":\".\",\"breadcrumb\":{\"@id\":\"https:\/\/angelsolisnoticias.com\/index.php\/2024\/02\/09\/anuncian-campeonato-regional-de-motocross-en-playa-del-carmen\/#breadcrumb\"},\"inLanguage\":\"es\",\"potentialAction\":[{\"@type\":\"ReadAction\",\"target\":[\"https:\/\/angelsolisnoticias.com\/index.php\/2024\/02\/09\/anuncian-campeonato-regional-de-motocross-en-playa-del-carmen\/\"]}]},{\"@type\":\"BreadcrumbList\",\"@id\":\"https:\/\/angelsolisnoticias.com\/index.php\/2024\/02\/09\/anuncian-campeonato-regional-de-motocross-en-playa-del-carmen\/#breadcrumb\",\"itemListElement\":[{\"@type\":\"ListItem\",\"position\":1,\"name\":\"Inicio\",\"item\":\"https:\/\/angelsolisnoticias.com\/\"},{\"@type\":\"ListItem\",\"position\":2,\"name\":\"Anuncian Campeonato Regional de Motocross en Playa del Carmen\"}]},{\"@type\":\"WebSite\",\"@id\":\"https:\/\/angelsolisnoticias.com\/#website\",\"url\":\"https:\/\/angelsolisnoticias.com\/\",\"name\":\"\u00c1ngel Solis\",\"description\":\"Noticias de Quintana Roo\",\"publisher\":{\"@id\":\"https:\/\/angelsolisnoticias.com\/#organization\"},\"potentialAction\":[{\"@type\":\"SearchAction\",\"target\":{\"@type\":\"EntryPoint\",\"urlTemplate\":\"https:\/\/angelsolisnoticias.com\/?s={search_term_string}\"},\"query-input\":\"required name=search_term_string\"}],\"inLanguage\":\"es\"},{\"@type\":\"Organization\",\"@id\":\"https:\/\/angelsolisnoticias.com\/#organization\",\"name\":\"\u00c1ngel Solis\",\"url\":\"https:\/\/angelsolisnoticias.com\/\",\"logo\":{\"@type\":\"ImageObject\",\"inLanguage\":\"es\",\"@id\":\"https:\/\/angelsolisnoticias.com\/#\/schema\/logo\/image\/\",\"url\":\"https:\/\/angelsolisnoticias.com\/wp-content\/uploads\/2023\/01\/LOGO3.png\",\"contentUrl\":\"https:\/\/angelsolisnoticias.com\/wp-content\/uploads\/2023\/01\/LOGO3.png\",\"width\":1853,\"height\":570,\"caption\":\"\u00c1ngel Solis\"},\"image\":{\"@id\":\"https:\/\/angelsolisnoticias.com\/#\/schema\/logo\/image\/\"},\"sameAs\":[\"https:\/\/www.facebook.com\/periodistasquintanaroo\",\"https:\/\/twitter.com\/PERIODISTASQROO\"]},{\"@type\":\"Person\",\"@id\":\"https:\/\/angelsolisnoticias.com\/#\/schema\/person\/d5ca5e4c5f05db44e86cb564bf81ae6f\",\"name\":\"admin\",\"image\":{\"@type\":\"ImageObject\",\"inLanguage\":\"es\",\"@id\":\"https:\/\/angelsolisnoticias.com\/#\/schema\/person\/image\/\",\"url\":\"https:\/\/secure.gravatar.com\/avatar\/dff3eaf7d33320066684ce268bff2bf90ce4f69456139b2d65d7796f64299e47?s=96&d=mm&r=g\",\"contentUrl\":\"https:\/\/secure.gravatar.com\/avatar\/dff3eaf7d33320066684ce268bff2bf90ce4f69456139b2d65d7796f64299e47?s=96&d=mm&r=g\",\"caption\":\"admin\"},\"sameAs\":[\"https:\/\/angelsolisnoticias.com\"],\"url\":\"https:\/\/angelsolisnoticias.com\/index.php\/author\/admin_qnbaat5l\/\"}]}<\/script>\n<!-- \/ Yoast SEO plugin. -->","yoast_head_json":{"title":"Anuncian Campeonato Regional de Motocross en Playa del Carmen","description":".","robots":{"index":"index","follow":"follow","max-snippet":"max-snippet:-1","max-image-preview":"max-image-preview:large","max-video-preview":"max-video-preview:-1"},"canonical":"https:\/\/angelsolisnoticias.com\/index.php\/2024\/02\/09\/anuncian-campeonato-regional-de-motocross-en-playa-del-carmen\/","og_locale":"es_MX","og_type":"article","og_title":"Anuncian Campeonato Regional de Motocross en Playa del Carmen","og_description":".","og_url":"https:\/\/angelsolisnoticias.com\/index.php\/2024\/02\/09\/anuncian-campeonato-regional-de-motocross-en-playa-del-carmen\/","og_site_name":"\u00c1ngel Solis","article_publisher":"https:\/\/www.facebook.com\/periodistasquintanaroo","article_published_time":"2024-02-09T17:12:55+00:00","article_modified_time":"2024-02-10T01:01:36+00:00","og_image":[{"width":800,"height":569,"url":"https:\/\/angelsolisnoticias.com\/wp-content\/uploads\/2024\/02\/Solidaridad-Campeonato-Motocross1.jpg","type":"image\/jpeg"}],"author":"admin","twitter_card":"summary_large_image","twitter_creator":"@PERIODISTASQROO","twitter_site":"@PERIODISTASQROO","twitter_misc":{"Escrito por":"admin","Tiempo de lectura":"2 minutos"},"schema":{"@context":"https:\/\/schema.org","@graph":[{"@type":"Article","@id":"https:\/\/angelsolisnoticias.com\/index.php\/2024\/02\/09\/anuncian-campeonato-regional-de-motocross-en-playa-del-carmen\/#article","isPartOf":{"@id":"https:\/\/angelsolisnoticias.com\/index.php\/2024\/02\/09\/anuncian-campeonato-regional-de-motocross-en-playa-del-carmen\/"},"author":{"name":"admin","@id":"https:\/\/angelsolisnoticias.com\/#\/schema\/person\/d5ca5e4c5f05db44e86cb564bf81ae6f"},"headline":"Anuncian Campeonato Regional de Motocross en Playa del Carmen","datePublished":"2024-02-09T17:12:55+00:00","dateModified":"2024-02-10T01:01:36+00:00","mainEntityOfPage":{"@id":"https:\/\/angelsolisnoticias.com\/index.php\/2024\/02\/09\/anuncian-campeonato-regional-de-motocross-en-playa-del-carmen\/"},"wordCount":306,"commentCount":0,"publisher":{"@id":"https:\/\/angelsolisnoticias.com\/#organization"},"articleSection":["Solidaridad","Uncategorized"],"inLanguage":"es","potentialAction":[{"@type":"CommentAction","name":"Comment","target":["https:\/\/angelsolisnoticias.com\/index.php\/2024\/02\/09\/anuncian-campeonato-regional-de-motocross-en-playa-del-carmen\/#respond"]}]},{"@type":"WebPage","@id":"https:\/\/angelsolisnoticias.com\/index.php\/2024\/02\/09\/anuncian-campeonato-regional-de-motocross-en-playa-del-carmen\/","url":"https:\/\/angelsolisnoticias.com\/index.php\/2024\/02\/09\/anuncian-campeonato-regional-de-motocross-en-playa-del-carmen\/","name":"Anuncian Campeonato Regional de Motocross en Playa del Carmen","isPartOf":{"@id":"https:\/\/angelsolisnoticias.com\/#website"},"datePublished":"2024-02-09T17:12:55+00:00","dateModified":"2024-02-10T01:01:36+00:00","description":".","breadcrumb":{"@id":"https:\/\/angelsolisnoticias.com\/index.php\/2024\/02\/09\/anuncian-campeonato-regional-de-motocross-en-playa-del-carmen\/#breadcrumb"},"inLanguage":"es","potentialAction":[{"@type":"ReadAction","target":["https:\/\/angelsolisnoticias.com\/index.php\/2024\/02\/09\/anuncian-campeonato-regional-de-motocross-en-playa-del-carmen\/"]}]},{"@type":"BreadcrumbList","@id":"https:\/\/angelsolisnoticias.com\/index.php\/2024\/02\/09\/anuncian-campeonato-regional-de-motocross-en-playa-del-carmen\/#breadcrumb","itemListElement":[{"@type":"ListItem","position":1,"name":"Inicio","item":"https:\/\/angelsolisnoticias.com\/"},{"@type":"ListItem","position":2,"name":"Anuncian Campeonato Regional de Motocross en Playa del Carmen"}]},{"@type":"WebSite","@id":"https:\/\/angelsolisnoticias.com\/#website","url":"https:\/\/angelsolisnoticias.com\/","name":"\u00c1ngel Solis","description":"Noticias de Quintana Roo","publisher":{"@id":"https:\/\/angelsolisnoticias.com\/#organization"},"potentialAction":[{"@type":"SearchAction","target":{"@type":"EntryPoint","urlTemplate":"https:\/\/angelsolisnoticias.com\/?s={search_term_string}"},"query-input":"required name=search_term_string"}],"inLanguage":"es"},{"@type":"Organization","@id":"https:\/\/angelsolisnoticias.com\/#organization","name":"\u00c1ngel Solis","url":"https:\/\/angelsolisnoticias.com\/","logo":{"@type":"ImageObject","inLanguage":"es","@id":"https:\/\/angelsolisnoticias.com\/#\/schema\/logo\/image\/","url":"https:\/\/angelsolisnoticias.com\/wp-content\/uploads\/2023\/01\/LOGO3.png","contentUrl":"https:\/\/angelsolisnoticias.com\/wp-content\/uploads\/2023\/01\/LOGO3.png","width":1853,"height":570,"caption":"\u00c1ngel Solis"},"image":{"@id":"https:\/\/angelsolisnoticias.com\/#\/schema\/logo\/image\/"},"sameAs":["https:\/\/www.facebook.com\/periodistasquintanaroo","https:\/\/twitter.com\/PERIODISTASQROO"]},{"@type":"Person","@id":"https:\/\/angelsolisnoticias.com\/#\/schema\/person\/d5ca5e4c5f05db44e86cb564bf81ae6f","name":"admin","image":{"@type":"ImageObject","inLanguage":"es","@id":"https:\/\/angelsolisnoticias.com\/#\/schema\/person\/image\/","url":"https:\/\/secure.gravatar.com\/avatar\/dff3eaf7d33320066684ce268bff2bf90ce4f69456139b2d65d7796f64299e47?s=96&d=mm&r=g","contentUrl":"https:\/\/secure.gravatar.com\/avatar\/dff3eaf7d33320066684ce268bff2bf90ce4f69456139b2d65d7796f64299e47?s=96&d=mm&r=g","caption":"admin"},"sameAs":["https:\/\/angelsolisnoticias.com"],"url":"https:\/\/angelsolisnoticias.com\/index.php\/author\/admin_qnbaat5l\/"}]}},"jetpack_featured_media_url":"https:\/\/angelsolisnoticias.com\/wp-content\/uploads\/2024\/02\/Solidaridad-Campeonato-Motocross1.jpg","_links":{"self":[{"href":"https:\/\/angelsolisnoticias.com\/index.php\/wp-json\/wp\/v2\/posts\/5985","targetHints":{"allow":["GET"]}}],"collection":[{"href":"https:\/\/angelsolisnoticias.com\/index.php\/wp-json\/wp\/v2\/posts"}],"about":[{"href":"https:\/\/angelsolisnoticias.com\/index.php\/wp-json\/wp\/v2\/types\/post"}],"author":[{"embeddable":true,"href":"https:\/\/angelsolisnoticias.com\/index.php\/wp-json\/wp\/v2\/users\/1"}],"replies":[{"embeddable":true,"href":"https:\/\/angelsolisnoticias.com\/index.php\/wp-json\/wp\/v2\/comments?post=5985"}],"version-history":[{"count":4,"href":"https:\/\/angelsolisnoticias.com\/index.php\/wp-json\/wp\/v2\/posts\/5985\/revisions"}],"predecessor-version":[{"id":5994,"href":"https:\/\/angelsolisnoticias.com\/index.php\/wp-json\/wp\/v2\/posts\/5985\/revisions\/5994"}],"wp:featuredmedia":[{"embeddable":true,"href":"https:\/\/angelsolisnoticias.com\/index.php\/wp-json\/wp\/v2\/media\/5992"}],"wp:attachment":[{"href":"https:\/\/angelsolisnoticias.com\/index.php\/wp-json\/wp\/v2\/media?parent=5985"}],"wp:term":[{"taxonomy":"category","embeddable":true,"href":"https:\/\/angelsolisnoticias.com\/index.php\/wp-json\/wp\/v2\/categories?post=5985"},{"taxonomy":"post_tag","embeddable":true,"href":"https:\/\/angelsolisnoticias.com\/index.php\/wp-json\/wp\/v2\/tags?post=5985"}],"curies":[{"name":"wp","href":"https:\/\/api.w.org\/{rel}","templated":true}]}}