{"id":6114,"date":"2024-02-15T13:07:30","date_gmt":"2024-02-15T13:07:30","guid":{"rendered":"https:\/\/angelsolisnoticias.com\/?p=6114"},"modified":"2024-02-16T02:14:15","modified_gmt":"2024-02-16T02:14:15","slug":"deportistas-de-solidaridad-respaldados-para-la-etapa-estatal-de-los-nacionales-conade-2024","status":"publish","type":"post","link":"https:\/\/angelsolisnoticias.com\/index.php\/2024\/02\/15\/deportistas-de-solidaridad-respaldados-para-la-etapa-estatal-de-los-nacionales-conade-2024\/","title":{"rendered":"Deportistas de Solidaridad respaldados para la etapa Estatal de los Nacionales CONADE 2024"},"content":{"rendered":"<p>Playa del Carmen, Solidaridad, Q. Roo a 15 de febrero de 2024<br \/>\nRedacci\u00f3n<\/p>\n<p>Deportistas solidarenses recibir\u00e1n los uniformes qu\u00e9 portar\u00e1n en la etapa Estatal de los Nacionales CONADE 2024, por lo que el viernes 16 de febrero a las cinco de la tarde se realizar\u00e1 la ceremonia de abanderamiento, estar\u00e1 encabezada por la presidenta municipal Lili Campos y como invitada especial a la velerista ol\u00edmpica quintanarroense Demita Vega, en el gimnasio Poliforum de la unidad deportiva Playa del Carmen.<\/p>\n<p>El director del Instituto del Deporte Amador Guti\u00e9rrez Guigui, se\u00f1al\u00f3 que los deportistas solidarenses buscar\u00e1n un lugar en la delegaci\u00f3n del Estado que participar\u00e1 en los Nacionales CONADE 2024. En esta edici\u00f3n ser\u00e1n 960 los que representar\u00e1n al municipio en 30 disciplinas deportivas; esperando que lleguen a la etapa nacional.<\/p>\n<p><img loading=\"lazy\" decoding=\"async\" class=\"aligncenter wp-image-6116 \" src=\"https:\/\/angelsolisnoticias.com\/wp-content\/uploads\/2024\/02\/Solidaridad-Deportistas2.jpg\" alt=\"\" width=\"698\" height=\"384\" srcset=\"https:\/\/angelsolisnoticias.com\/wp-content\/uploads\/2024\/02\/Solidaridad-Deportistas2.jpg 760w, https:\/\/angelsolisnoticias.com\/wp-content\/uploads\/2024\/02\/Solidaridad-Deportistas2-300x165.jpg 300w\" sizes=\"auto, (max-width: 698px) 100vw, 698px\" \/><\/p>\n<p>Demita Vega invitada especial, mencion\u00f3 que, ha representado a M\u00e9xico en eventos internacionales y cuenta en su haber con participaci\u00f3n en los Juegos Ol\u00edmpicos de Beijing 2008, Rio 2016, Tokio 2020 y estar\u00e1 en Paris 2024. La velerista quintanarroense es una motivaci\u00f3n para la nueva generaci\u00f3n de deportistas.<\/p>\n<p>Algunas disciplinas como el tae kwon do y vela ya realizaron su selectivo estatal, el pasado fin de semana los taekwondoines lo hicieron en Playa del Carmen y en Bacalar se realiz\u00f3 la \u00faltima fecha del circuito estatal de Vela, con una destacada participaci\u00f3n de los deportistas solidarenses. En pr\u00f3ximos d\u00edas se dar\u00e1n a conocer los nombres de quienes representar\u00e1n al Estado en las siguientes etapas del proceso.<\/p>\n","protected":false},"excerpt":{"rendered":"<p>Playa del Carmen, Solidaridad, Q. Roo a 15 de febrero de 2024 Redacci\u00f3n Deportistas solidarenses recibir\u00e1n los uniformes qu\u00e9 portar\u00e1n en la etapa Estatal de los Nacionales CONADE 2024, por lo que el viernes 16 de febrero a las cinco de la tarde se realizar\u00e1 la ceremonia de abanderamiento, estar\u00e1 <a href=\"https:\/\/angelsolisnoticias.com\/index.php\/2024\/02\/15\/deportistas-de-solidaridad-respaldados-para-la-etapa-estatal-de-los-nacionales-conade-2024\/\" class=\"btn btn-link continue-link\">Seguir leyendo<\/a><\/p>\n","protected":false},"author":1,"featured_media":6117,"comment_status":"open","ping_status":"open","sticky":false,"template":"","format":"standard","meta":{"footnotes":""},"categories":[6,1],"tags":[],"class_list":["post-6114","post","type-post","status-publish","format-standard","has-post-thumbnail","hentry","category-solidaridad","category-uncategorized"],"yoast_head":"<!-- This site is optimized with the Yoast SEO plugin v21.1 - https:\/\/yoast.com\/wordpress\/plugins\/seo\/ -->\n<title>Deportistas de Solidaridad respaldados para la etapa Estatal de los Nacionales CONADE 2024<\/title>\n<meta name=\"description\" content=\".\" \/>\n<meta name=\"robots\" content=\"index, follow, max-snippet:-1, max-image-preview:large, max-video-preview:-1\" \/>\n<link rel=\"canonical\" href=\"https:\/\/angelsolisnoticias.com\/index.php\/2024\/02\/15\/deportistas-de-solidaridad-respaldados-para-la-etapa-estatal-de-los-nacionales-conade-2024\/\" \/>\n<meta property=\"og:locale\" content=\"es_MX\" \/>\n<meta property=\"og:type\" content=\"article\" \/>\n<meta property=\"og:title\" content=\"Deportistas de Solidaridad respaldados para la etapa Estatal de los Nacionales CONADE 2024\" \/>\n<meta property=\"og:description\" content=\".\" \/>\n<meta property=\"og:url\" content=\"https:\/\/angelsolisnoticias.com\/index.php\/2024\/02\/15\/deportistas-de-solidaridad-respaldados-para-la-etapa-estatal-de-los-nacionales-conade-2024\/\" \/>\n<meta property=\"og:site_name\" content=\"\u00c1ngel Solis\" \/>\n<meta property=\"article:publisher\" content=\"https:\/\/www.facebook.com\/periodistasquintanaroo\" \/>\n<meta property=\"article:published_time\" content=\"2024-02-15T13:07:30+00:00\" \/>\n<meta property=\"article:modified_time\" content=\"2024-02-16T02:14:15+00:00\" \/>\n<meta property=\"og:image\" content=\"https:\/\/angelsolisnoticias.com\/wp-content\/uploads\/2024\/02\/Solidaridad-Deportistas1.jpg\" \/>\n\t<meta property=\"og:image:width\" content=\"800\" \/>\n\t<meta property=\"og:image:height\" content=\"569\" \/>\n\t<meta property=\"og:image:type\" content=\"image\/jpeg\" \/>\n<meta name=\"author\" content=\"admin\" \/>\n<meta name=\"twitter:card\" content=\"summary_large_image\" \/>\n<meta name=\"twitter:creator\" content=\"@PERIODISTASQROO\" \/>\n<meta name=\"twitter:site\" content=\"@PERIODISTASQROO\" \/>\n<meta name=\"twitter:label1\" content=\"Escrito por\" \/>\n\t<meta name=\"twitter:data1\" content=\"admin\" \/>\n\t<meta name=\"twitter:label2\" content=\"Tiempo de lectura\" \/>\n\t<meta name=\"twitter:data2\" content=\"2 minutos\" \/>\n<script type=\"application\/ld+json\" class=\"yoast-schema-graph\">{\"@context\":\"https:\/\/schema.org\",\"@graph\":[{\"@type\":\"Article\",\"@id\":\"https:\/\/angelsolisnoticias.com\/index.php\/2024\/02\/15\/deportistas-de-solidaridad-respaldados-para-la-etapa-estatal-de-los-nacionales-conade-2024\/#article\",\"isPartOf\":{\"@id\":\"https:\/\/angelsolisnoticias.com\/index.php\/2024\/02\/15\/deportistas-de-solidaridad-respaldados-para-la-etapa-estatal-de-los-nacionales-conade-2024\/\"},\"author\":{\"name\":\"admin\",\"@id\":\"https:\/\/angelsolisnoticias.com\/#\/schema\/person\/d5ca5e4c5f05db44e86cb564bf81ae6f\"},\"headline\":\"Deportistas de Solidaridad respaldados para la etapa Estatal de los Nacionales CONADE 2024\",\"datePublished\":\"2024-02-15T13:07:30+00:00\",\"dateModified\":\"2024-02-16T02:14:15+00:00\",\"mainEntityOfPage\":{\"@id\":\"https:\/\/angelsolisnoticias.com\/index.php\/2024\/02\/15\/deportistas-de-solidaridad-respaldados-para-la-etapa-estatal-de-los-nacionales-conade-2024\/\"},\"wordCount\":267,\"commentCount\":0,\"publisher\":{\"@id\":\"https:\/\/angelsolisnoticias.com\/#organization\"},\"articleSection\":[\"Solidaridad\",\"Uncategorized\"],\"inLanguage\":\"es\",\"potentialAction\":[{\"@type\":\"CommentAction\",\"name\":\"Comment\",\"target\":[\"https:\/\/angelsolisnoticias.com\/index.php\/2024\/02\/15\/deportistas-de-solidaridad-respaldados-para-la-etapa-estatal-de-los-nacionales-conade-2024\/#respond\"]}]},{\"@type\":\"WebPage\",\"@id\":\"https:\/\/angelsolisnoticias.com\/index.php\/2024\/02\/15\/deportistas-de-solidaridad-respaldados-para-la-etapa-estatal-de-los-nacionales-conade-2024\/\",\"url\":\"https:\/\/angelsolisnoticias.com\/index.php\/2024\/02\/15\/deportistas-de-solidaridad-respaldados-para-la-etapa-estatal-de-los-nacionales-conade-2024\/\",\"name\":\"Deportistas de Solidaridad respaldados para la etapa Estatal de los Nacionales CONADE 2024\",\"isPartOf\":{\"@id\":\"https:\/\/angelsolisnoticias.com\/#website\"},\"datePublished\":\"2024-02-15T13:07:30+00:00\",\"dateModified\":\"2024-02-16T02:14:15+00:00\",\"description\":\".\",\"breadcrumb\":{\"@id\":\"https:\/\/angelsolisnoticias.com\/index.php\/2024\/02\/15\/deportistas-de-solidaridad-respaldados-para-la-etapa-estatal-de-los-nacionales-conade-2024\/#breadcrumb\"},\"inLanguage\":\"es\",\"potentialAction\":[{\"@type\":\"ReadAction\",\"target\":[\"https:\/\/angelsolisnoticias.com\/index.php\/2024\/02\/15\/deportistas-de-solidaridad-respaldados-para-la-etapa-estatal-de-los-nacionales-conade-2024\/\"]}]},{\"@type\":\"BreadcrumbList\",\"@id\":\"https:\/\/angelsolisnoticias.com\/index.php\/2024\/02\/15\/deportistas-de-solidaridad-respaldados-para-la-etapa-estatal-de-los-nacionales-conade-2024\/#breadcrumb\",\"itemListElement\":[{\"@type\":\"ListItem\",\"position\":1,\"name\":\"Inicio\",\"item\":\"https:\/\/angelsolisnoticias.com\/\"},{\"@type\":\"ListItem\",\"position\":2,\"name\":\"Deportistas de Solidaridad respaldados para la etapa Estatal de los Nacionales CONADE 2024\"}]},{\"@type\":\"WebSite\",\"@id\":\"https:\/\/angelsolisnoticias.com\/#website\",\"url\":\"https:\/\/angelsolisnoticias.com\/\",\"name\":\"\u00c1ngel Solis\",\"description\":\"Noticias de Quintana Roo\",\"publisher\":{\"@id\":\"https:\/\/angelsolisnoticias.com\/#organization\"},\"potentialAction\":[{\"@type\":\"SearchAction\",\"target\":{\"@type\":\"EntryPoint\",\"urlTemplate\":\"https:\/\/angelsolisnoticias.com\/?s={search_term_string}\"},\"query-input\":\"required name=search_term_string\"}],\"inLanguage\":\"es\"},{\"@type\":\"Organization\",\"@id\":\"https:\/\/angelsolisnoticias.com\/#organization\",\"name\":\"\u00c1ngel Solis\",\"url\":\"https:\/\/angelsolisnoticias.com\/\",\"logo\":{\"@type\":\"ImageObject\",\"inLanguage\":\"es\",\"@id\":\"https:\/\/angelsolisnoticias.com\/#\/schema\/logo\/image\/\",\"url\":\"https:\/\/angelsolisnoticias.com\/wp-content\/uploads\/2023\/01\/LOGO3.png\",\"contentUrl\":\"https:\/\/angelsolisnoticias.com\/wp-content\/uploads\/2023\/01\/LOGO3.png\",\"width\":1853,\"height\":570,\"caption\":\"\u00c1ngel Solis\"},\"image\":{\"@id\":\"https:\/\/angelsolisnoticias.com\/#\/schema\/logo\/image\/\"},\"sameAs\":[\"https:\/\/www.facebook.com\/periodistasquintanaroo\",\"https:\/\/twitter.com\/PERIODISTASQROO\"]},{\"@type\":\"Person\",\"@id\":\"https:\/\/angelsolisnoticias.com\/#\/schema\/person\/d5ca5e4c5f05db44e86cb564bf81ae6f\",\"name\":\"admin\",\"image\":{\"@type\":\"ImageObject\",\"inLanguage\":\"es\",\"@id\":\"https:\/\/angelsolisnoticias.com\/#\/schema\/person\/image\/\",\"url\":\"https:\/\/secure.gravatar.com\/avatar\/dff3eaf7d33320066684ce268bff2bf90ce4f69456139b2d65d7796f64299e47?s=96&d=mm&r=g\",\"contentUrl\":\"https:\/\/secure.gravatar.com\/avatar\/dff3eaf7d33320066684ce268bff2bf90ce4f69456139b2d65d7796f64299e47?s=96&d=mm&r=g\",\"caption\":\"admin\"},\"sameAs\":[\"https:\/\/angelsolisnoticias.com\"],\"url\":\"https:\/\/angelsolisnoticias.com\/index.php\/author\/admin_qnbaat5l\/\"}]}<\/script>\n<!-- \/ Yoast SEO plugin. -->","yoast_head_json":{"title":"Deportistas de Solidaridad respaldados para la etapa Estatal de los Nacionales CONADE 2024","description":".","robots":{"index":"index","follow":"follow","max-snippet":"max-snippet:-1","max-image-preview":"max-image-preview:large","max-video-preview":"max-video-preview:-1"},"canonical":"https:\/\/angelsolisnoticias.com\/index.php\/2024\/02\/15\/deportistas-de-solidaridad-respaldados-para-la-etapa-estatal-de-los-nacionales-conade-2024\/","og_locale":"es_MX","og_type":"article","og_title":"Deportistas de Solidaridad respaldados para la etapa Estatal de los Nacionales CONADE 2024","og_description":".","og_url":"https:\/\/angelsolisnoticias.com\/index.php\/2024\/02\/15\/deportistas-de-solidaridad-respaldados-para-la-etapa-estatal-de-los-nacionales-conade-2024\/","og_site_name":"\u00c1ngel Solis","article_publisher":"https:\/\/www.facebook.com\/periodistasquintanaroo","article_published_time":"2024-02-15T13:07:30+00:00","article_modified_time":"2024-02-16T02:14:15+00:00","og_image":[{"width":800,"height":569,"url":"https:\/\/angelsolisnoticias.com\/wp-content\/uploads\/2024\/02\/Solidaridad-Deportistas1.jpg","type":"image\/jpeg"}],"author":"admin","twitter_card":"summary_large_image","twitter_creator":"@PERIODISTASQROO","twitter_site":"@PERIODISTASQROO","twitter_misc":{"Escrito por":"admin","Tiempo de lectura":"2 minutos"},"schema":{"@context":"https:\/\/schema.org","@graph":[{"@type":"Article","@id":"https:\/\/angelsolisnoticias.com\/index.php\/2024\/02\/15\/deportistas-de-solidaridad-respaldados-para-la-etapa-estatal-de-los-nacionales-conade-2024\/#article","isPartOf":{"@id":"https:\/\/angelsolisnoticias.com\/index.php\/2024\/02\/15\/deportistas-de-solidaridad-respaldados-para-la-etapa-estatal-de-los-nacionales-conade-2024\/"},"author":{"name":"admin","@id":"https:\/\/angelsolisnoticias.com\/#\/schema\/person\/d5ca5e4c5f05db44e86cb564bf81ae6f"},"headline":"Deportistas de Solidaridad respaldados para la etapa Estatal de los Nacionales CONADE 2024","datePublished":"2024-02-15T13:07:30+00:00","dateModified":"2024-02-16T02:14:15+00:00","mainEntityOfPage":{"@id":"https:\/\/angelsolisnoticias.com\/index.php\/2024\/02\/15\/deportistas-de-solidaridad-respaldados-para-la-etapa-estatal-de-los-nacionales-conade-2024\/"},"wordCount":267,"commentCount":0,"publisher":{"@id":"https:\/\/angelsolisnoticias.com\/#organization"},"articleSection":["Solidaridad","Uncategorized"],"inLanguage":"es","potentialAction":[{"@type":"CommentAction","name":"Comment","target":["https:\/\/angelsolisnoticias.com\/index.php\/2024\/02\/15\/deportistas-de-solidaridad-respaldados-para-la-etapa-estatal-de-los-nacionales-conade-2024\/#respond"]}]},{"@type":"WebPage","@id":"https:\/\/angelsolisnoticias.com\/index.php\/2024\/02\/15\/deportistas-de-solidaridad-respaldados-para-la-etapa-estatal-de-los-nacionales-conade-2024\/","url":"https:\/\/angelsolisnoticias.com\/index.php\/2024\/02\/15\/deportistas-de-solidaridad-respaldados-para-la-etapa-estatal-de-los-nacionales-conade-2024\/","name":"Deportistas de Solidaridad respaldados para la etapa Estatal de los Nacionales CONADE 2024","isPartOf":{"@id":"https:\/\/angelsolisnoticias.com\/#website"},"datePublished":"2024-02-15T13:07:30+00:00","dateModified":"2024-02-16T02:14:15+00:00","description":".","breadcrumb":{"@id":"https:\/\/angelsolisnoticias.com\/index.php\/2024\/02\/15\/deportistas-de-solidaridad-respaldados-para-la-etapa-estatal-de-los-nacionales-conade-2024\/#breadcrumb"},"inLanguage":"es","potentialAction":[{"@type":"ReadAction","target":["https:\/\/angelsolisnoticias.com\/index.php\/2024\/02\/15\/deportistas-de-solidaridad-respaldados-para-la-etapa-estatal-de-los-nacionales-conade-2024\/"]}]},{"@type":"BreadcrumbList","@id":"https:\/\/angelsolisnoticias.com\/index.php\/2024\/02\/15\/deportistas-de-solidaridad-respaldados-para-la-etapa-estatal-de-los-nacionales-conade-2024\/#breadcrumb","itemListElement":[{"@type":"ListItem","position":1,"name":"Inicio","item":"https:\/\/angelsolisnoticias.com\/"},{"@type":"ListItem","position":2,"name":"Deportistas de Solidaridad respaldados para la etapa Estatal de los Nacionales CONADE 2024"}]},{"@type":"WebSite","@id":"https:\/\/angelsolisnoticias.com\/#website","url":"https:\/\/angelsolisnoticias.com\/","name":"\u00c1ngel Solis","description":"Noticias de Quintana Roo","publisher":{"@id":"https:\/\/angelsolisnoticias.com\/#organization"},"potentialAction":[{"@type":"SearchAction","target":{"@type":"EntryPoint","urlTemplate":"https:\/\/angelsolisnoticias.com\/?s={search_term_string}"},"query-input":"required name=search_term_string"}],"inLanguage":"es"},{"@type":"Organization","@id":"https:\/\/angelsolisnoticias.com\/#organization","name":"\u00c1ngel Solis","url":"https:\/\/angelsolisnoticias.com\/","logo":{"@type":"ImageObject","inLanguage":"es","@id":"https:\/\/angelsolisnoticias.com\/#\/schema\/logo\/image\/","url":"https:\/\/angelsolisnoticias.com\/wp-content\/uploads\/2023\/01\/LOGO3.png","contentUrl":"https:\/\/angelsolisnoticias.com\/wp-content\/uploads\/2023\/01\/LOGO3.png","width":1853,"height":570,"caption":"\u00c1ngel Solis"},"image":{"@id":"https:\/\/angelsolisnoticias.com\/#\/schema\/logo\/image\/"},"sameAs":["https:\/\/www.facebook.com\/periodistasquintanaroo","https:\/\/twitter.com\/PERIODISTASQROO"]},{"@type":"Person","@id":"https:\/\/angelsolisnoticias.com\/#\/schema\/person\/d5ca5e4c5f05db44e86cb564bf81ae6f","name":"admin","image":{"@type":"ImageObject","inLanguage":"es","@id":"https:\/\/angelsolisnoticias.com\/#\/schema\/person\/image\/","url":"https:\/\/secure.gravatar.com\/avatar\/dff3eaf7d33320066684ce268bff2bf90ce4f69456139b2d65d7796f64299e47?s=96&d=mm&r=g","contentUrl":"https:\/\/secure.gravatar.com\/avatar\/dff3eaf7d33320066684ce268bff2bf90ce4f69456139b2d65d7796f64299e47?s=96&d=mm&r=g","caption":"admin"},"sameAs":["https:\/\/angelsolisnoticias.com"],"url":"https:\/\/angelsolisnoticias.com\/index.php\/author\/admin_qnbaat5l\/"}]}},"jetpack_featured_media_url":"https:\/\/angelsolisnoticias.com\/wp-content\/uploads\/2024\/02\/Solidaridad-Deportistas1.jpg","_links":{"self":[{"href":"https:\/\/angelsolisnoticias.com\/index.php\/wp-json\/wp\/v2\/posts\/6114","targetHints":{"allow":["GET"]}}],"collection":[{"href":"https:\/\/angelsolisnoticias.com\/index.php\/wp-json\/wp\/v2\/posts"}],"about":[{"href":"https:\/\/angelsolisnoticias.com\/index.php\/wp-json\/wp\/v2\/types\/post"}],"author":[{"embeddable":true,"href":"https:\/\/angelsolisnoticias.com\/index.php\/wp-json\/wp\/v2\/users\/1"}],"replies":[{"embeddable":true,"href":"https:\/\/angelsolisnoticias.com\/index.php\/wp-json\/wp\/v2\/comments?post=6114"}],"version-history":[{"count":3,"href":"https:\/\/angelsolisnoticias.com\/index.php\/wp-json\/wp\/v2\/posts\/6114\/revisions"}],"predecessor-version":[{"id":6119,"href":"https:\/\/angelsolisnoticias.com\/index.php\/wp-json\/wp\/v2\/posts\/6114\/revisions\/6119"}],"wp:featuredmedia":[{"embeddable":true,"href":"https:\/\/angelsolisnoticias.com\/index.php\/wp-json\/wp\/v2\/media\/6117"}],"wp:attachment":[{"href":"https:\/\/angelsolisnoticias.com\/index.php\/wp-json\/wp\/v2\/media?parent=6114"}],"wp:term":[{"taxonomy":"category","embeddable":true,"href":"https:\/\/angelsolisnoticias.com\/index.php\/wp-json\/wp\/v2\/categories?post=6114"},{"taxonomy":"post_tag","embeddable":true,"href":"https:\/\/angelsolisnoticias.com\/index.php\/wp-json\/wp\/v2\/tags?post=6114"}],"curies":[{"name":"wp","href":"https:\/\/api.w.org\/{rel}","templated":true}]}}