{"id":6178,"date":"2024-02-19T18:06:08","date_gmt":"2024-02-19T18:06:08","guid":{"rendered":"https:\/\/angelsolisnoticias.com\/?p=6178"},"modified":"2024-02-20T00:38:44","modified_gmt":"2024-02-20T00:38:44","slug":"realizan-mural-en-honor-a-paco-de-lucia","status":"publish","type":"post","link":"https:\/\/angelsolisnoticias.com\/index.php\/2024\/02\/19\/realizan-mural-en-honor-a-paco-de-lucia\/","title":{"rendered":"Realizan mural en honor a Paco de Luc\u00eda"},"content":{"rendered":"<p>Playa del Carmen, Solidaridad a 19 de febrero del 2024<br \/>\nRedacci\u00f3n<\/p>\n<p>Con el objetivo de impulsar el turismo cultural en este destino y a ra\u00edz del hermanamiento entre los ayuntamientos de Solidaridad y Algeciras provincia de Andaluc\u00eda, Espa\u00f1a, se realiz\u00f3 un mural en honor a Paco de Luc\u00eda en el primer cuadro de la ciudad con motivo de su d\u00e9cimo aniversario luctuoso.<\/p>\n<p>La Secretar\u00eda de Turismo inform\u00f3 que este mural se hizo en coordinaci\u00f3n con el gobierno y la sociedad civil, para conmemorar el aniversario luctuoso de Francisco S\u00e1nchez G\u00f3mez,\u00a0 conocido como Paco de Luc\u00eda, quien fue un m\u00fasico y compositor espa\u00f1ol considerado el mejor guitarrista de flamenco.<\/p>\n<p><img loading=\"lazy\" decoding=\"async\" class=\"aligncenter wp-image-6180 \" src=\"https:\/\/angelsolisnoticias.com\/wp-content\/uploads\/2024\/02\/Solidaridad-Paco-Lucia3.jpg\" alt=\"\" width=\"638\" height=\"425\" srcset=\"https:\/\/angelsolisnoticias.com\/wp-content\/uploads\/2024\/02\/Solidaridad-Paco-Lucia3.jpg 720w, https:\/\/angelsolisnoticias.com\/wp-content\/uploads\/2024\/02\/Solidaridad-Paco-Lucia3-300x200.jpg 300w\" sizes=\"auto, (max-width: 638px) 100vw, 638px\" \/><\/p>\n<p>Este mural, realizado en la avenida 10, entre calles 2 y 4 norte, fue realizado por el artista urbano Richard Conde, del colectivo \u2018Pinta o Muere\u2019, quien se\u00f1al\u00f3 que con este tipo de arte se pretende que Playa del Carmen sea tambi\u00e9n conocido como un destino cultural.<\/p>\n<p><img loading=\"lazy\" decoding=\"async\" class=\"aligncenter wp-image-6181 \" src=\"https:\/\/angelsolisnoticias.com\/wp-content\/uploads\/2024\/02\/Solidaridad-Paco-Lucia2.jpg\" alt=\"\" width=\"641\" height=\"470\" srcset=\"https:\/\/angelsolisnoticias.com\/wp-content\/uploads\/2024\/02\/Solidaridad-Paco-Lucia2.jpg 720w, https:\/\/angelsolisnoticias.com\/wp-content\/uploads\/2024\/02\/Solidaridad-Paco-Lucia2-300x220.jpg 300w\" sizes=\"auto, (max-width: 641px) 100vw, 641px\" \/><\/p>\n","protected":false},"excerpt":{"rendered":"<p>Playa del Carmen, Solidaridad a 19 de febrero del 2024 Redacci\u00f3n Con el objetivo de impulsar el turismo cultural en este destino y a ra\u00edz del hermanamiento entre los ayuntamientos de Solidaridad y Algeciras provincia de Andaluc\u00eda, Espa\u00f1a, se realiz\u00f3 un mural en honor a Paco de Luc\u00eda en el <a href=\"https:\/\/angelsolisnoticias.com\/index.php\/2024\/02\/19\/realizan-mural-en-honor-a-paco-de-lucia\/\" class=\"btn btn-link continue-link\">Seguir leyendo<\/a><\/p>\n","protected":false},"author":1,"featured_media":6182,"comment_status":"open","ping_status":"open","sticky":false,"template":"","format":"standard","meta":{"footnotes":""},"categories":[6,1],"tags":[],"class_list":["post-6178","post","type-post","status-publish","format-standard","has-post-thumbnail","hentry","category-solidaridad","category-uncategorized"],"yoast_head":"<!-- This site is optimized with the Yoast SEO plugin v21.1 - https:\/\/yoast.com\/wordpress\/plugins\/seo\/ -->\n<title>Realizan mural en honor a Paco de Luc\u00eda<\/title>\n<meta name=\"description\" content=\".\" \/>\n<meta name=\"robots\" content=\"index, follow, max-snippet:-1, max-image-preview:large, max-video-preview:-1\" \/>\n<link rel=\"canonical\" href=\"https:\/\/angelsolisnoticias.com\/index.php\/2024\/02\/19\/realizan-mural-en-honor-a-paco-de-lucia\/\" \/>\n<meta property=\"og:locale\" content=\"es_MX\" \/>\n<meta property=\"og:type\" content=\"article\" \/>\n<meta property=\"og:title\" content=\"Realizan mural en honor a Paco de Luc\u00eda\" \/>\n<meta property=\"og:description\" content=\".\" \/>\n<meta property=\"og:url\" content=\"https:\/\/angelsolisnoticias.com\/index.php\/2024\/02\/19\/realizan-mural-en-honor-a-paco-de-lucia\/\" \/>\n<meta property=\"og:site_name\" content=\"\u00c1ngel Solis\" \/>\n<meta property=\"article:publisher\" content=\"https:\/\/www.facebook.com\/periodistasquintanaroo\" \/>\n<meta property=\"article:published_time\" content=\"2024-02-19T18:06:08+00:00\" \/>\n<meta property=\"article:modified_time\" content=\"2024-02-20T00:38:44+00:00\" \/>\n<meta property=\"og:image\" content=\"https:\/\/angelsolisnoticias.com\/wp-content\/uploads\/2024\/02\/Solidaridad-Paco-Lucia1.jpg\" \/>\n\t<meta property=\"og:image:width\" content=\"800\" \/>\n\t<meta property=\"og:image:height\" content=\"569\" \/>\n\t<meta property=\"og:image:type\" content=\"image\/jpeg\" \/>\n<meta name=\"author\" content=\"admin\" \/>\n<meta name=\"twitter:card\" content=\"summary_large_image\" \/>\n<meta name=\"twitter:creator\" content=\"@PERIODISTASQROO\" \/>\n<meta name=\"twitter:site\" content=\"@PERIODISTASQROO\" \/>\n<meta name=\"twitter:label1\" content=\"Escrito por\" \/>\n\t<meta name=\"twitter:data1\" content=\"admin\" \/>\n\t<meta name=\"twitter:label2\" content=\"Tiempo de lectura\" \/>\n\t<meta name=\"twitter:data2\" content=\"2 minutos\" \/>\n<script type=\"application\/ld+json\" class=\"yoast-schema-graph\">{\"@context\":\"https:\/\/schema.org\",\"@graph\":[{\"@type\":\"Article\",\"@id\":\"https:\/\/angelsolisnoticias.com\/index.php\/2024\/02\/19\/realizan-mural-en-honor-a-paco-de-lucia\/#article\",\"isPartOf\":{\"@id\":\"https:\/\/angelsolisnoticias.com\/index.php\/2024\/02\/19\/realizan-mural-en-honor-a-paco-de-lucia\/\"},\"author\":{\"name\":\"admin\",\"@id\":\"https:\/\/angelsolisnoticias.com\/#\/schema\/person\/d5ca5e4c5f05db44e86cb564bf81ae6f\"},\"headline\":\"Realizan mural en honor a Paco de Luc\u00eda\",\"datePublished\":\"2024-02-19T18:06:08+00:00\",\"dateModified\":\"2024-02-20T00:38:44+00:00\",\"mainEntityOfPage\":{\"@id\":\"https:\/\/angelsolisnoticias.com\/index.php\/2024\/02\/19\/realizan-mural-en-honor-a-paco-de-lucia\/\"},\"wordCount\":174,\"commentCount\":0,\"publisher\":{\"@id\":\"https:\/\/angelsolisnoticias.com\/#organization\"},\"articleSection\":[\"Solidaridad\",\"Uncategorized\"],\"inLanguage\":\"es\",\"potentialAction\":[{\"@type\":\"CommentAction\",\"name\":\"Comment\",\"target\":[\"https:\/\/angelsolisnoticias.com\/index.php\/2024\/02\/19\/realizan-mural-en-honor-a-paco-de-lucia\/#respond\"]}]},{\"@type\":\"WebPage\",\"@id\":\"https:\/\/angelsolisnoticias.com\/index.php\/2024\/02\/19\/realizan-mural-en-honor-a-paco-de-lucia\/\",\"url\":\"https:\/\/angelsolisnoticias.com\/index.php\/2024\/02\/19\/realizan-mural-en-honor-a-paco-de-lucia\/\",\"name\":\"Realizan mural en honor a Paco de Luc\u00eda\",\"isPartOf\":{\"@id\":\"https:\/\/angelsolisnoticias.com\/#website\"},\"datePublished\":\"2024-02-19T18:06:08+00:00\",\"dateModified\":\"2024-02-20T00:38:44+00:00\",\"description\":\".\",\"breadcrumb\":{\"@id\":\"https:\/\/angelsolisnoticias.com\/index.php\/2024\/02\/19\/realizan-mural-en-honor-a-paco-de-lucia\/#breadcrumb\"},\"inLanguage\":\"es\",\"potentialAction\":[{\"@type\":\"ReadAction\",\"target\":[\"https:\/\/angelsolisnoticias.com\/index.php\/2024\/02\/19\/realizan-mural-en-honor-a-paco-de-lucia\/\"]}]},{\"@type\":\"BreadcrumbList\",\"@id\":\"https:\/\/angelsolisnoticias.com\/index.php\/2024\/02\/19\/realizan-mural-en-honor-a-paco-de-lucia\/#breadcrumb\",\"itemListElement\":[{\"@type\":\"ListItem\",\"position\":1,\"name\":\"Inicio\",\"item\":\"https:\/\/angelsolisnoticias.com\/\"},{\"@type\":\"ListItem\",\"position\":2,\"name\":\"Realizan mural en honor a Paco de Luc\u00eda\"}]},{\"@type\":\"WebSite\",\"@id\":\"https:\/\/angelsolisnoticias.com\/#website\",\"url\":\"https:\/\/angelsolisnoticias.com\/\",\"name\":\"\u00c1ngel Solis\",\"description\":\"Noticias de Quintana Roo\",\"publisher\":{\"@id\":\"https:\/\/angelsolisnoticias.com\/#organization\"},\"potentialAction\":[{\"@type\":\"SearchAction\",\"target\":{\"@type\":\"EntryPoint\",\"urlTemplate\":\"https:\/\/angelsolisnoticias.com\/?s={search_term_string}\"},\"query-input\":\"required name=search_term_string\"}],\"inLanguage\":\"es\"},{\"@type\":\"Organization\",\"@id\":\"https:\/\/angelsolisnoticias.com\/#organization\",\"name\":\"\u00c1ngel Solis\",\"url\":\"https:\/\/angelsolisnoticias.com\/\",\"logo\":{\"@type\":\"ImageObject\",\"inLanguage\":\"es\",\"@id\":\"https:\/\/angelsolisnoticias.com\/#\/schema\/logo\/image\/\",\"url\":\"https:\/\/angelsolisnoticias.com\/wp-content\/uploads\/2023\/01\/LOGO3.png\",\"contentUrl\":\"https:\/\/angelsolisnoticias.com\/wp-content\/uploads\/2023\/01\/LOGO3.png\",\"width\":1853,\"height\":570,\"caption\":\"\u00c1ngel Solis\"},\"image\":{\"@id\":\"https:\/\/angelsolisnoticias.com\/#\/schema\/logo\/image\/\"},\"sameAs\":[\"https:\/\/www.facebook.com\/periodistasquintanaroo\",\"https:\/\/twitter.com\/PERIODISTASQROO\"]},{\"@type\":\"Person\",\"@id\":\"https:\/\/angelsolisnoticias.com\/#\/schema\/person\/d5ca5e4c5f05db44e86cb564bf81ae6f\",\"name\":\"admin\",\"image\":{\"@type\":\"ImageObject\",\"inLanguage\":\"es\",\"@id\":\"https:\/\/angelsolisnoticias.com\/#\/schema\/person\/image\/\",\"url\":\"https:\/\/secure.gravatar.com\/avatar\/dff3eaf7d33320066684ce268bff2bf90ce4f69456139b2d65d7796f64299e47?s=96&d=mm&r=g\",\"contentUrl\":\"https:\/\/secure.gravatar.com\/avatar\/dff3eaf7d33320066684ce268bff2bf90ce4f69456139b2d65d7796f64299e47?s=96&d=mm&r=g\",\"caption\":\"admin\"},\"sameAs\":[\"https:\/\/angelsolisnoticias.com\"],\"url\":\"https:\/\/angelsolisnoticias.com\/index.php\/author\/admin_qnbaat5l\/\"}]}<\/script>\n<!-- \/ Yoast SEO plugin. -->","yoast_head_json":{"title":"Realizan mural en honor a Paco de Luc\u00eda","description":".","robots":{"index":"index","follow":"follow","max-snippet":"max-snippet:-1","max-image-preview":"max-image-preview:large","max-video-preview":"max-video-preview:-1"},"canonical":"https:\/\/angelsolisnoticias.com\/index.php\/2024\/02\/19\/realizan-mural-en-honor-a-paco-de-lucia\/","og_locale":"es_MX","og_type":"article","og_title":"Realizan mural en honor a Paco de Luc\u00eda","og_description":".","og_url":"https:\/\/angelsolisnoticias.com\/index.php\/2024\/02\/19\/realizan-mural-en-honor-a-paco-de-lucia\/","og_site_name":"\u00c1ngel Solis","article_publisher":"https:\/\/www.facebook.com\/periodistasquintanaroo","article_published_time":"2024-02-19T18:06:08+00:00","article_modified_time":"2024-02-20T00:38:44+00:00","og_image":[{"width":800,"height":569,"url":"https:\/\/angelsolisnoticias.com\/wp-content\/uploads\/2024\/02\/Solidaridad-Paco-Lucia1.jpg","type":"image\/jpeg"}],"author":"admin","twitter_card":"summary_large_image","twitter_creator":"@PERIODISTASQROO","twitter_site":"@PERIODISTASQROO","twitter_misc":{"Escrito por":"admin","Tiempo de lectura":"2 minutos"},"schema":{"@context":"https:\/\/schema.org","@graph":[{"@type":"Article","@id":"https:\/\/angelsolisnoticias.com\/index.php\/2024\/02\/19\/realizan-mural-en-honor-a-paco-de-lucia\/#article","isPartOf":{"@id":"https:\/\/angelsolisnoticias.com\/index.php\/2024\/02\/19\/realizan-mural-en-honor-a-paco-de-lucia\/"},"author":{"name":"admin","@id":"https:\/\/angelsolisnoticias.com\/#\/schema\/person\/d5ca5e4c5f05db44e86cb564bf81ae6f"},"headline":"Realizan mural en honor a Paco de Luc\u00eda","datePublished":"2024-02-19T18:06:08+00:00","dateModified":"2024-02-20T00:38:44+00:00","mainEntityOfPage":{"@id":"https:\/\/angelsolisnoticias.com\/index.php\/2024\/02\/19\/realizan-mural-en-honor-a-paco-de-lucia\/"},"wordCount":174,"commentCount":0,"publisher":{"@id":"https:\/\/angelsolisnoticias.com\/#organization"},"articleSection":["Solidaridad","Uncategorized"],"inLanguage":"es","potentialAction":[{"@type":"CommentAction","name":"Comment","target":["https:\/\/angelsolisnoticias.com\/index.php\/2024\/02\/19\/realizan-mural-en-honor-a-paco-de-lucia\/#respond"]}]},{"@type":"WebPage","@id":"https:\/\/angelsolisnoticias.com\/index.php\/2024\/02\/19\/realizan-mural-en-honor-a-paco-de-lucia\/","url":"https:\/\/angelsolisnoticias.com\/index.php\/2024\/02\/19\/realizan-mural-en-honor-a-paco-de-lucia\/","name":"Realizan mural en honor a Paco de Luc\u00eda","isPartOf":{"@id":"https:\/\/angelsolisnoticias.com\/#website"},"datePublished":"2024-02-19T18:06:08+00:00","dateModified":"2024-02-20T00:38:44+00:00","description":".","breadcrumb":{"@id":"https:\/\/angelsolisnoticias.com\/index.php\/2024\/02\/19\/realizan-mural-en-honor-a-paco-de-lucia\/#breadcrumb"},"inLanguage":"es","potentialAction":[{"@type":"ReadAction","target":["https:\/\/angelsolisnoticias.com\/index.php\/2024\/02\/19\/realizan-mural-en-honor-a-paco-de-lucia\/"]}]},{"@type":"BreadcrumbList","@id":"https:\/\/angelsolisnoticias.com\/index.php\/2024\/02\/19\/realizan-mural-en-honor-a-paco-de-lucia\/#breadcrumb","itemListElement":[{"@type":"ListItem","position":1,"name":"Inicio","item":"https:\/\/angelsolisnoticias.com\/"},{"@type":"ListItem","position":2,"name":"Realizan mural en honor a Paco de Luc\u00eda"}]},{"@type":"WebSite","@id":"https:\/\/angelsolisnoticias.com\/#website","url":"https:\/\/angelsolisnoticias.com\/","name":"\u00c1ngel Solis","description":"Noticias de Quintana Roo","publisher":{"@id":"https:\/\/angelsolisnoticias.com\/#organization"},"potentialAction":[{"@type":"SearchAction","target":{"@type":"EntryPoint","urlTemplate":"https:\/\/angelsolisnoticias.com\/?s={search_term_string}"},"query-input":"required name=search_term_string"}],"inLanguage":"es"},{"@type":"Organization","@id":"https:\/\/angelsolisnoticias.com\/#organization","name":"\u00c1ngel Solis","url":"https:\/\/angelsolisnoticias.com\/","logo":{"@type":"ImageObject","inLanguage":"es","@id":"https:\/\/angelsolisnoticias.com\/#\/schema\/logo\/image\/","url":"https:\/\/angelsolisnoticias.com\/wp-content\/uploads\/2023\/01\/LOGO3.png","contentUrl":"https:\/\/angelsolisnoticias.com\/wp-content\/uploads\/2023\/01\/LOGO3.png","width":1853,"height":570,"caption":"\u00c1ngel Solis"},"image":{"@id":"https:\/\/angelsolisnoticias.com\/#\/schema\/logo\/image\/"},"sameAs":["https:\/\/www.facebook.com\/periodistasquintanaroo","https:\/\/twitter.com\/PERIODISTASQROO"]},{"@type":"Person","@id":"https:\/\/angelsolisnoticias.com\/#\/schema\/person\/d5ca5e4c5f05db44e86cb564bf81ae6f","name":"admin","image":{"@type":"ImageObject","inLanguage":"es","@id":"https:\/\/angelsolisnoticias.com\/#\/schema\/person\/image\/","url":"https:\/\/secure.gravatar.com\/avatar\/dff3eaf7d33320066684ce268bff2bf90ce4f69456139b2d65d7796f64299e47?s=96&d=mm&r=g","contentUrl":"https:\/\/secure.gravatar.com\/avatar\/dff3eaf7d33320066684ce268bff2bf90ce4f69456139b2d65d7796f64299e47?s=96&d=mm&r=g","caption":"admin"},"sameAs":["https:\/\/angelsolisnoticias.com"],"url":"https:\/\/angelsolisnoticias.com\/index.php\/author\/admin_qnbaat5l\/"}]}},"jetpack_featured_media_url":"https:\/\/angelsolisnoticias.com\/wp-content\/uploads\/2024\/02\/Solidaridad-Paco-Lucia1.jpg","_links":{"self":[{"href":"https:\/\/angelsolisnoticias.com\/index.php\/wp-json\/wp\/v2\/posts\/6178","targetHints":{"allow":["GET"]}}],"collection":[{"href":"https:\/\/angelsolisnoticias.com\/index.php\/wp-json\/wp\/v2\/posts"}],"about":[{"href":"https:\/\/angelsolisnoticias.com\/index.php\/wp-json\/wp\/v2\/types\/post"}],"author":[{"embeddable":true,"href":"https:\/\/angelsolisnoticias.com\/index.php\/wp-json\/wp\/v2\/users\/1"}],"replies":[{"embeddable":true,"href":"https:\/\/angelsolisnoticias.com\/index.php\/wp-json\/wp\/v2\/comments?post=6178"}],"version-history":[{"count":3,"href":"https:\/\/angelsolisnoticias.com\/index.php\/wp-json\/wp\/v2\/posts\/6178\/revisions"}],"predecessor-version":[{"id":6184,"href":"https:\/\/angelsolisnoticias.com\/index.php\/wp-json\/wp\/v2\/posts\/6178\/revisions\/6184"}],"wp:featuredmedia":[{"embeddable":true,"href":"https:\/\/angelsolisnoticias.com\/index.php\/wp-json\/wp\/v2\/media\/6182"}],"wp:attachment":[{"href":"https:\/\/angelsolisnoticias.com\/index.php\/wp-json\/wp\/v2\/media?parent=6178"}],"wp:term":[{"taxonomy":"category","embeddable":true,"href":"https:\/\/angelsolisnoticias.com\/index.php\/wp-json\/wp\/v2\/categories?post=6178"},{"taxonomy":"post_tag","embeddable":true,"href":"https:\/\/angelsolisnoticias.com\/index.php\/wp-json\/wp\/v2\/tags?post=6178"}],"curies":[{"name":"wp","href":"https:\/\/api.w.org\/{rel}","templated":true}]}}