{"id":6221,"date":"2024-02-20T15:11:18","date_gmt":"2024-02-20T15:11:18","guid":{"rendered":"https:\/\/angelsolisnoticias.com\/?p=6221"},"modified":"2024-02-21T03:28:09","modified_gmt":"2024-02-21T03:28:09","slug":"realizan-4a-feria-del-empleo-en-puerto-aventuras","status":"publish","type":"post","link":"https:\/\/angelsolisnoticias.com\/index.php\/2024\/02\/20\/realizan-4a-feria-del-empleo-en-puerto-aventuras\/","title":{"rendered":"Realizan 4\u00aa Feria del Empleo en Puerto Aventuras"},"content":{"rendered":"<p>Playa del Carmen, Solidaridad a 20 de febrero del 2024<br \/>\nRedacci\u00f3n<\/p>\n<p>Para que ciudadanos logren conseguir un empleo formal con prestaciones de acuerdo a la Ley del Trabajo, el gobierno municipal acerca a las diferentes colonias de Solidaridad las ferias del empleo; en esta ocasi\u00f3n se llev\u00f3 a cabo en Puerto Aventuras la 33\u00aa Feria Municipal del Empleo y Servicios Laborales y la 4\u00aa en la alcald\u00eda.<\/p>\n<p>La titular de la direcci\u00f3n del Trabajo y Promoci\u00f3n del Empleo, Yuri Mayorga, dijo que se est\u00e1 haciendo esta transversalidad para que todo el municipio se entere de todas las ofertas laborales, as\u00ed como la variedad de empresas que existen, \u201cen esta ocasi\u00f3n participaron 20 empresas y 906 vacantes de diferentes giros\u201d.<\/p>\n<p><img loading=\"lazy\" decoding=\"async\" class=\"aligncenter wp-image-6225 \" src=\"https:\/\/angelsolisnoticias.com\/wp-content\/uploads\/2024\/02\/Solidaridad-Feria-Empleo-Puerto2.jpg\" alt=\"\" width=\"581\" height=\"436\" srcset=\"https:\/\/angelsolisnoticias.com\/wp-content\/uploads\/2024\/02\/Solidaridad-Feria-Empleo-Puerto2.jpg 720w, https:\/\/angelsolisnoticias.com\/wp-content\/uploads\/2024\/02\/Solidaridad-Feria-Empleo-Puerto2-300x225.jpg 300w\" sizes=\"auto, (max-width: 581px) 100vw, 581px\" \/><\/p>\n<p>Adem\u00e1s de tener vacantes disponibles de diversas empresas, esta feria cont\u00f3 con servicios laborales como cartillas de servicio militar, constancias de residencia vecinal, certificados m\u00e9dicos, y cont\u00f3 con la participaci\u00f3n del Registro Civil para tr\u00e1mites de actas de nacimiento y CURP, tambi\u00e9n estuvo presente la Fiscal\u00eda del Estado proporcionando carta de antecedentes no penales.<\/p>\n<p><img loading=\"lazy\" decoding=\"async\" class=\"aligncenter wp-image-6224 \" src=\"https:\/\/angelsolisnoticias.com\/wp-content\/uploads\/2024\/02\/Solidaridad-Feria-Empleo-Puerto3.jpg\" alt=\"\" width=\"597\" height=\"448\" srcset=\"https:\/\/angelsolisnoticias.com\/wp-content\/uploads\/2024\/02\/Solidaridad-Feria-Empleo-Puerto3.jpg 720w, https:\/\/angelsolisnoticias.com\/wp-content\/uploads\/2024\/02\/Solidaridad-Feria-Empleo-Puerto3-300x225.jpg 300w\" sizes=\"auto, (max-width: 597px) 100vw, 597px\" \/><\/p>\n","protected":false},"excerpt":{"rendered":"<p>Playa del Carmen, Solidaridad a 20 de febrero del 2024 Redacci\u00f3n Para que ciudadanos logren conseguir un empleo formal con prestaciones de acuerdo a la Ley del Trabajo, el gobierno municipal acerca a las diferentes colonias de Solidaridad las ferias del empleo; en esta ocasi\u00f3n se llev\u00f3 a cabo en <a href=\"https:\/\/angelsolisnoticias.com\/index.php\/2024\/02\/20\/realizan-4a-feria-del-empleo-en-puerto-aventuras\/\" class=\"btn btn-link continue-link\">Seguir leyendo<\/a><\/p>\n","protected":false},"author":1,"featured_media":6226,"comment_status":"open","ping_status":"open","sticky":false,"template":"","format":"standard","meta":{"footnotes":""},"categories":[6,1],"tags":[],"class_list":["post-6221","post","type-post","status-publish","format-standard","has-post-thumbnail","hentry","category-solidaridad","category-uncategorized"],"yoast_head":"<!-- This site is optimized with the Yoast SEO plugin v21.1 - https:\/\/yoast.com\/wordpress\/plugins\/seo\/ -->\n<title>Realizan 4\u00aa Feria del Empleo en Puerto Aventuras<\/title>\n<meta name=\"description\" content=\".\" \/>\n<meta name=\"robots\" content=\"index, follow, max-snippet:-1, max-image-preview:large, max-video-preview:-1\" \/>\n<link rel=\"canonical\" href=\"https:\/\/angelsolisnoticias.com\/index.php\/2024\/02\/20\/realizan-4a-feria-del-empleo-en-puerto-aventuras\/\" \/>\n<meta property=\"og:locale\" content=\"es_MX\" \/>\n<meta property=\"og:type\" content=\"article\" \/>\n<meta property=\"og:title\" content=\"Realizan 4\u00aa Feria del Empleo en Puerto Aventuras\" \/>\n<meta property=\"og:description\" content=\".\" \/>\n<meta property=\"og:url\" content=\"https:\/\/angelsolisnoticias.com\/index.php\/2024\/02\/20\/realizan-4a-feria-del-empleo-en-puerto-aventuras\/\" \/>\n<meta property=\"og:site_name\" content=\"\u00c1ngel Solis\" \/>\n<meta property=\"article:publisher\" content=\"https:\/\/www.facebook.com\/periodistasquintanaroo\" \/>\n<meta property=\"article:published_time\" content=\"2024-02-20T15:11:18+00:00\" \/>\n<meta property=\"article:modified_time\" content=\"2024-02-21T03:28:09+00:00\" \/>\n<meta property=\"og:image\" content=\"https:\/\/angelsolisnoticias.com\/wp-content\/uploads\/2024\/02\/Solidaridad-Feria-Empleo-Puerto1.jpg\" \/>\n\t<meta property=\"og:image:width\" content=\"800\" \/>\n\t<meta property=\"og:image:height\" content=\"569\" \/>\n\t<meta property=\"og:image:type\" content=\"image\/jpeg\" \/>\n<meta name=\"author\" content=\"admin\" \/>\n<meta name=\"twitter:card\" content=\"summary_large_image\" \/>\n<meta name=\"twitter:creator\" content=\"@PERIODISTASQROO\" \/>\n<meta name=\"twitter:site\" content=\"@PERIODISTASQROO\" \/>\n<meta name=\"twitter:label1\" content=\"Escrito por\" \/>\n\t<meta name=\"twitter:data1\" content=\"admin\" \/>\n\t<meta name=\"twitter:label2\" content=\"Tiempo de lectura\" \/>\n\t<meta name=\"twitter:data2\" content=\"2 minutos\" \/>\n<script type=\"application\/ld+json\" class=\"yoast-schema-graph\">{\"@context\":\"https:\/\/schema.org\",\"@graph\":[{\"@type\":\"Article\",\"@id\":\"https:\/\/angelsolisnoticias.com\/index.php\/2024\/02\/20\/realizan-4a-feria-del-empleo-en-puerto-aventuras\/#article\",\"isPartOf\":{\"@id\":\"https:\/\/angelsolisnoticias.com\/index.php\/2024\/02\/20\/realizan-4a-feria-del-empleo-en-puerto-aventuras\/\"},\"author\":{\"name\":\"admin\",\"@id\":\"https:\/\/angelsolisnoticias.com\/#\/schema\/person\/d5ca5e4c5f05db44e86cb564bf81ae6f\"},\"headline\":\"Realizan 4\u00aa Feria del Empleo en Puerto Aventuras\",\"datePublished\":\"2024-02-20T15:11:18+00:00\",\"dateModified\":\"2024-02-21T03:28:09+00:00\",\"mainEntityOfPage\":{\"@id\":\"https:\/\/angelsolisnoticias.com\/index.php\/2024\/02\/20\/realizan-4a-feria-del-empleo-en-puerto-aventuras\/\"},\"wordCount\":186,\"commentCount\":0,\"publisher\":{\"@id\":\"https:\/\/angelsolisnoticias.com\/#organization\"},\"articleSection\":[\"Solidaridad\",\"Uncategorized\"],\"inLanguage\":\"es\",\"potentialAction\":[{\"@type\":\"CommentAction\",\"name\":\"Comment\",\"target\":[\"https:\/\/angelsolisnoticias.com\/index.php\/2024\/02\/20\/realizan-4a-feria-del-empleo-en-puerto-aventuras\/#respond\"]}]},{\"@type\":\"WebPage\",\"@id\":\"https:\/\/angelsolisnoticias.com\/index.php\/2024\/02\/20\/realizan-4a-feria-del-empleo-en-puerto-aventuras\/\",\"url\":\"https:\/\/angelsolisnoticias.com\/index.php\/2024\/02\/20\/realizan-4a-feria-del-empleo-en-puerto-aventuras\/\",\"name\":\"Realizan 4\u00aa Feria del Empleo en Puerto Aventuras\",\"isPartOf\":{\"@id\":\"https:\/\/angelsolisnoticias.com\/#website\"},\"datePublished\":\"2024-02-20T15:11:18+00:00\",\"dateModified\":\"2024-02-21T03:28:09+00:00\",\"description\":\".\",\"breadcrumb\":{\"@id\":\"https:\/\/angelsolisnoticias.com\/index.php\/2024\/02\/20\/realizan-4a-feria-del-empleo-en-puerto-aventuras\/#breadcrumb\"},\"inLanguage\":\"es\",\"potentialAction\":[{\"@type\":\"ReadAction\",\"target\":[\"https:\/\/angelsolisnoticias.com\/index.php\/2024\/02\/20\/realizan-4a-feria-del-empleo-en-puerto-aventuras\/\"]}]},{\"@type\":\"BreadcrumbList\",\"@id\":\"https:\/\/angelsolisnoticias.com\/index.php\/2024\/02\/20\/realizan-4a-feria-del-empleo-en-puerto-aventuras\/#breadcrumb\",\"itemListElement\":[{\"@type\":\"ListItem\",\"position\":1,\"name\":\"Inicio\",\"item\":\"https:\/\/angelsolisnoticias.com\/\"},{\"@type\":\"ListItem\",\"position\":2,\"name\":\"Realizan 4\u00aa Feria del Empleo en Puerto Aventuras\"}]},{\"@type\":\"WebSite\",\"@id\":\"https:\/\/angelsolisnoticias.com\/#website\",\"url\":\"https:\/\/angelsolisnoticias.com\/\",\"name\":\"\u00c1ngel Solis\",\"description\":\"Noticias de Quintana Roo\",\"publisher\":{\"@id\":\"https:\/\/angelsolisnoticias.com\/#organization\"},\"potentialAction\":[{\"@type\":\"SearchAction\",\"target\":{\"@type\":\"EntryPoint\",\"urlTemplate\":\"https:\/\/angelsolisnoticias.com\/?s={search_term_string}\"},\"query-input\":\"required name=search_term_string\"}],\"inLanguage\":\"es\"},{\"@type\":\"Organization\",\"@id\":\"https:\/\/angelsolisnoticias.com\/#organization\",\"name\":\"\u00c1ngel Solis\",\"url\":\"https:\/\/angelsolisnoticias.com\/\",\"logo\":{\"@type\":\"ImageObject\",\"inLanguage\":\"es\",\"@id\":\"https:\/\/angelsolisnoticias.com\/#\/schema\/logo\/image\/\",\"url\":\"https:\/\/angelsolisnoticias.com\/wp-content\/uploads\/2023\/01\/LOGO3.png\",\"contentUrl\":\"https:\/\/angelsolisnoticias.com\/wp-content\/uploads\/2023\/01\/LOGO3.png\",\"width\":1853,\"height\":570,\"caption\":\"\u00c1ngel Solis\"},\"image\":{\"@id\":\"https:\/\/angelsolisnoticias.com\/#\/schema\/logo\/image\/\"},\"sameAs\":[\"https:\/\/www.facebook.com\/periodistasquintanaroo\",\"https:\/\/twitter.com\/PERIODISTASQROO\"]},{\"@type\":\"Person\",\"@id\":\"https:\/\/angelsolisnoticias.com\/#\/schema\/person\/d5ca5e4c5f05db44e86cb564bf81ae6f\",\"name\":\"admin\",\"image\":{\"@type\":\"ImageObject\",\"inLanguage\":\"es\",\"@id\":\"https:\/\/angelsolisnoticias.com\/#\/schema\/person\/image\/\",\"url\":\"https:\/\/secure.gravatar.com\/avatar\/dff3eaf7d33320066684ce268bff2bf90ce4f69456139b2d65d7796f64299e47?s=96&d=mm&r=g\",\"contentUrl\":\"https:\/\/secure.gravatar.com\/avatar\/dff3eaf7d33320066684ce268bff2bf90ce4f69456139b2d65d7796f64299e47?s=96&d=mm&r=g\",\"caption\":\"admin\"},\"sameAs\":[\"https:\/\/angelsolisnoticias.com\"],\"url\":\"https:\/\/angelsolisnoticias.com\/index.php\/author\/admin_qnbaat5l\/\"}]}<\/script>\n<!-- \/ Yoast SEO plugin. -->","yoast_head_json":{"title":"Realizan 4\u00aa Feria del Empleo en Puerto Aventuras","description":".","robots":{"index":"index","follow":"follow","max-snippet":"max-snippet:-1","max-image-preview":"max-image-preview:large","max-video-preview":"max-video-preview:-1"},"canonical":"https:\/\/angelsolisnoticias.com\/index.php\/2024\/02\/20\/realizan-4a-feria-del-empleo-en-puerto-aventuras\/","og_locale":"es_MX","og_type":"article","og_title":"Realizan 4\u00aa Feria del Empleo en Puerto Aventuras","og_description":".","og_url":"https:\/\/angelsolisnoticias.com\/index.php\/2024\/02\/20\/realizan-4a-feria-del-empleo-en-puerto-aventuras\/","og_site_name":"\u00c1ngel Solis","article_publisher":"https:\/\/www.facebook.com\/periodistasquintanaroo","article_published_time":"2024-02-20T15:11:18+00:00","article_modified_time":"2024-02-21T03:28:09+00:00","og_image":[{"width":800,"height":569,"url":"https:\/\/angelsolisnoticias.com\/wp-content\/uploads\/2024\/02\/Solidaridad-Feria-Empleo-Puerto1.jpg","type":"image\/jpeg"}],"author":"admin","twitter_card":"summary_large_image","twitter_creator":"@PERIODISTASQROO","twitter_site":"@PERIODISTASQROO","twitter_misc":{"Escrito por":"admin","Tiempo de lectura":"2 minutos"},"schema":{"@context":"https:\/\/schema.org","@graph":[{"@type":"Article","@id":"https:\/\/angelsolisnoticias.com\/index.php\/2024\/02\/20\/realizan-4a-feria-del-empleo-en-puerto-aventuras\/#article","isPartOf":{"@id":"https:\/\/angelsolisnoticias.com\/index.php\/2024\/02\/20\/realizan-4a-feria-del-empleo-en-puerto-aventuras\/"},"author":{"name":"admin","@id":"https:\/\/angelsolisnoticias.com\/#\/schema\/person\/d5ca5e4c5f05db44e86cb564bf81ae6f"},"headline":"Realizan 4\u00aa Feria del Empleo en Puerto Aventuras","datePublished":"2024-02-20T15:11:18+00:00","dateModified":"2024-02-21T03:28:09+00:00","mainEntityOfPage":{"@id":"https:\/\/angelsolisnoticias.com\/index.php\/2024\/02\/20\/realizan-4a-feria-del-empleo-en-puerto-aventuras\/"},"wordCount":186,"commentCount":0,"publisher":{"@id":"https:\/\/angelsolisnoticias.com\/#organization"},"articleSection":["Solidaridad","Uncategorized"],"inLanguage":"es","potentialAction":[{"@type":"CommentAction","name":"Comment","target":["https:\/\/angelsolisnoticias.com\/index.php\/2024\/02\/20\/realizan-4a-feria-del-empleo-en-puerto-aventuras\/#respond"]}]},{"@type":"WebPage","@id":"https:\/\/angelsolisnoticias.com\/index.php\/2024\/02\/20\/realizan-4a-feria-del-empleo-en-puerto-aventuras\/","url":"https:\/\/angelsolisnoticias.com\/index.php\/2024\/02\/20\/realizan-4a-feria-del-empleo-en-puerto-aventuras\/","name":"Realizan 4\u00aa Feria del Empleo en Puerto Aventuras","isPartOf":{"@id":"https:\/\/angelsolisnoticias.com\/#website"},"datePublished":"2024-02-20T15:11:18+00:00","dateModified":"2024-02-21T03:28:09+00:00","description":".","breadcrumb":{"@id":"https:\/\/angelsolisnoticias.com\/index.php\/2024\/02\/20\/realizan-4a-feria-del-empleo-en-puerto-aventuras\/#breadcrumb"},"inLanguage":"es","potentialAction":[{"@type":"ReadAction","target":["https:\/\/angelsolisnoticias.com\/index.php\/2024\/02\/20\/realizan-4a-feria-del-empleo-en-puerto-aventuras\/"]}]},{"@type":"BreadcrumbList","@id":"https:\/\/angelsolisnoticias.com\/index.php\/2024\/02\/20\/realizan-4a-feria-del-empleo-en-puerto-aventuras\/#breadcrumb","itemListElement":[{"@type":"ListItem","position":1,"name":"Inicio","item":"https:\/\/angelsolisnoticias.com\/"},{"@type":"ListItem","position":2,"name":"Realizan 4\u00aa Feria del Empleo en Puerto Aventuras"}]},{"@type":"WebSite","@id":"https:\/\/angelsolisnoticias.com\/#website","url":"https:\/\/angelsolisnoticias.com\/","name":"\u00c1ngel Solis","description":"Noticias de Quintana Roo","publisher":{"@id":"https:\/\/angelsolisnoticias.com\/#organization"},"potentialAction":[{"@type":"SearchAction","target":{"@type":"EntryPoint","urlTemplate":"https:\/\/angelsolisnoticias.com\/?s={search_term_string}"},"query-input":"required name=search_term_string"}],"inLanguage":"es"},{"@type":"Organization","@id":"https:\/\/angelsolisnoticias.com\/#organization","name":"\u00c1ngel Solis","url":"https:\/\/angelsolisnoticias.com\/","logo":{"@type":"ImageObject","inLanguage":"es","@id":"https:\/\/angelsolisnoticias.com\/#\/schema\/logo\/image\/","url":"https:\/\/angelsolisnoticias.com\/wp-content\/uploads\/2023\/01\/LOGO3.png","contentUrl":"https:\/\/angelsolisnoticias.com\/wp-content\/uploads\/2023\/01\/LOGO3.png","width":1853,"height":570,"caption":"\u00c1ngel Solis"},"image":{"@id":"https:\/\/angelsolisnoticias.com\/#\/schema\/logo\/image\/"},"sameAs":["https:\/\/www.facebook.com\/periodistasquintanaroo","https:\/\/twitter.com\/PERIODISTASQROO"]},{"@type":"Person","@id":"https:\/\/angelsolisnoticias.com\/#\/schema\/person\/d5ca5e4c5f05db44e86cb564bf81ae6f","name":"admin","image":{"@type":"ImageObject","inLanguage":"es","@id":"https:\/\/angelsolisnoticias.com\/#\/schema\/person\/image\/","url":"https:\/\/secure.gravatar.com\/avatar\/dff3eaf7d33320066684ce268bff2bf90ce4f69456139b2d65d7796f64299e47?s=96&d=mm&r=g","contentUrl":"https:\/\/secure.gravatar.com\/avatar\/dff3eaf7d33320066684ce268bff2bf90ce4f69456139b2d65d7796f64299e47?s=96&d=mm&r=g","caption":"admin"},"sameAs":["https:\/\/angelsolisnoticias.com"],"url":"https:\/\/angelsolisnoticias.com\/index.php\/author\/admin_qnbaat5l\/"}]}},"jetpack_featured_media_url":"https:\/\/angelsolisnoticias.com\/wp-content\/uploads\/2024\/02\/Solidaridad-Feria-Empleo-Puerto1.jpg","_links":{"self":[{"href":"https:\/\/angelsolisnoticias.com\/index.php\/wp-json\/wp\/v2\/posts\/6221","targetHints":{"allow":["GET"]}}],"collection":[{"href":"https:\/\/angelsolisnoticias.com\/index.php\/wp-json\/wp\/v2\/posts"}],"about":[{"href":"https:\/\/angelsolisnoticias.com\/index.php\/wp-json\/wp\/v2\/types\/post"}],"author":[{"embeddable":true,"href":"https:\/\/angelsolisnoticias.com\/index.php\/wp-json\/wp\/v2\/users\/1"}],"replies":[{"embeddable":true,"href":"https:\/\/angelsolisnoticias.com\/index.php\/wp-json\/wp\/v2\/comments?post=6221"}],"version-history":[{"count":3,"href":"https:\/\/angelsolisnoticias.com\/index.php\/wp-json\/wp\/v2\/posts\/6221\/revisions"}],"predecessor-version":[{"id":6228,"href":"https:\/\/angelsolisnoticias.com\/index.php\/wp-json\/wp\/v2\/posts\/6221\/revisions\/6228"}],"wp:featuredmedia":[{"embeddable":true,"href":"https:\/\/angelsolisnoticias.com\/index.php\/wp-json\/wp\/v2\/media\/6226"}],"wp:attachment":[{"href":"https:\/\/angelsolisnoticias.com\/index.php\/wp-json\/wp\/v2\/media?parent=6221"}],"wp:term":[{"taxonomy":"category","embeddable":true,"href":"https:\/\/angelsolisnoticias.com\/index.php\/wp-json\/wp\/v2\/categories?post=6221"},{"taxonomy":"post_tag","embeddable":true,"href":"https:\/\/angelsolisnoticias.com\/index.php\/wp-json\/wp\/v2\/tags?post=6221"}],"curies":[{"name":"wp","href":"https:\/\/api.w.org\/{rel}","templated":true}]}}