{"id":6331,"date":"2024-02-24T13:57:51","date_gmt":"2024-02-24T13:57:51","guid":{"rendered":"https:\/\/angelsolisnoticias.com\/?p=6331"},"modified":"2024-02-24T22:20:24","modified_gmt":"2024-02-24T22:20:24","slug":"mara-lezama-y-roman-meyer-supervisan-parque-del-jaguar-para-su-proxima-apertura","status":"publish","type":"post","link":"https:\/\/angelsolisnoticias.com\/index.php\/2024\/02\/24\/mara-lezama-y-roman-meyer-supervisan-parque-del-jaguar-para-su-proxima-apertura\/","title":{"rendered":"Mara Lezama y Rom\u00e1n M\u00e9yer supervisan Parque del Jaguar para su pr\u00f3xima apertura"},"content":{"rendered":"<p>Tulum, 24 de febrero<br \/>\nEspecial<\/p>\n<p>La gobernadora Mara Lezama Espinosa acompa\u00f1\u00f3 al secretario de Desarrollo Agrario, Territorial Urbano (SEDATU) Rom\u00e1n M\u00e9yer Falc\u00f3n, en la supervisi\u00f3n de avances del Parque del Jaguar, cuyo proyecto est\u00e1 programado concluir en abril de este a\u00f1o.<\/p>\n<p>\u201cEsta es una gran obra del gobierno federal, del presidente Andr\u00e9s Manuel L\u00f3pez Obrador, que contribuye al crecimiento y desarrollo de Quintana Roo, as\u00ed como a generar prosperidad compartida para todas y todos los quintanarroenses\u201d expres\u00f3 la gobernadora Mara Lezama.<\/p>\n<p><img loading=\"lazy\" decoding=\"async\" class=\"aligncenter wp-image-6333 \" src=\"https:\/\/angelsolisnoticias.com\/wp-content\/uploads\/2024\/02\/Mara-Parque-Jaguar6.jpg\" alt=\"\" width=\"642\" height=\"361\" srcset=\"https:\/\/angelsolisnoticias.com\/wp-content\/uploads\/2024\/02\/Mara-Parque-Jaguar6.jpg 720w, https:\/\/angelsolisnoticias.com\/wp-content\/uploads\/2024\/02\/Mara-Parque-Jaguar6-300x169.jpg 300w\" sizes=\"auto, (max-width: 642px) 100vw, 642px\" \/><\/p>\n<p>Para el Parque del Jaguar se tiene inversi\u00f3n de 2 mil 379 millones de pesos con un proyecto basado en proteger la zona arqueol\u00f3gica y la amplia zona de conservaci\u00f3n de m\u00e1s de mil hect\u00e1reas.<\/p>\n<p>Se contempla poner al servicio de las personas, locales, visitantes y turistas, alrededor de 2 kil\u00f3metros de nuevos senderos para conocer los vestigios Mayas, la conexi\u00f3n entre el Parque del Jaguar y el Tren Maya, miradores, nuevos accesos a la playa, rescate del faro, el museo de la cultura Maya, torre de avistamiento de aves, cocina tradicional con gastronom\u00eda local, 2 kil\u00f3metros de ciclov\u00eda y estacionamientos.<\/p>\n<p><img loading=\"lazy\" decoding=\"async\" class=\"aligncenter wp-image-6336 \" src=\"https:\/\/angelsolisnoticias.com\/wp-content\/uploads\/2024\/02\/Mara-Parque-Jaguar3.jpg\" alt=\"\" width=\"617\" height=\"411\" srcset=\"https:\/\/angelsolisnoticias.com\/wp-content\/uploads\/2024\/02\/Mara-Parque-Jaguar3.jpg 720w, https:\/\/angelsolisnoticias.com\/wp-content\/uploads\/2024\/02\/Mara-Parque-Jaguar3-300x200.jpg 300w\" sizes=\"auto, (max-width: 617px) 100vw, 617px\" \/><\/p>\n<p>La gobernadora Mara Lezama y M\u00e9yer Falc\u00f3n destacaron que estos dos nuevos kil\u00f3metros de senderos dar\u00e1n una vista espectacular a todas y todos quienes visiten este Parque del Jaguar.<\/p>\n<p><img loading=\"lazy\" decoding=\"async\" class=\"aligncenter wp-image-6335 \" src=\"https:\/\/angelsolisnoticias.com\/wp-content\/uploads\/2024\/02\/Mara-Parque-Jaguar4.jpg\" alt=\"\" width=\"636\" height=\"424\" srcset=\"https:\/\/angelsolisnoticias.com\/wp-content\/uploads\/2024\/02\/Mara-Parque-Jaguar4.jpg 720w, https:\/\/angelsolisnoticias.com\/wp-content\/uploads\/2024\/02\/Mara-Parque-Jaguar4-300x200.jpg 300w\" sizes=\"auto, (max-width: 636px) 100vw, 636px\" \/><\/p>\n<p>Se fusiona la preservaci\u00f3n ecol\u00f3gica, medioambiental, con la arqueol\u00f3gica- cultural que da una nueva experiencia para los visitantes, a\u00f1adi\u00f3 el titular de SEDATU.<\/p>\n","protected":false},"excerpt":{"rendered":"<p>Tulum, 24 de febrero Especial La gobernadora Mara Lezama Espinosa acompa\u00f1\u00f3 al secretario de Desarrollo Agrario, Territorial Urbano (SEDATU) Rom\u00e1n M\u00e9yer Falc\u00f3n, en la supervisi\u00f3n de avances del Parque del Jaguar, cuyo proyecto est\u00e1 programado concluir en abril de este a\u00f1o. \u201cEsta es una gran obra del gobierno federal, del <a href=\"https:\/\/angelsolisnoticias.com\/index.php\/2024\/02\/24\/mara-lezama-y-roman-meyer-supervisan-parque-del-jaguar-para-su-proxima-apertura\/\" class=\"btn btn-link continue-link\">Seguir leyendo<\/a><\/p>\n","protected":false},"author":1,"featured_media":6338,"comment_status":"open","ping_status":"open","sticky":false,"template":"","format":"standard","meta":{"footnotes":""},"categories":[1],"tags":[],"class_list":["post-6331","post","type-post","status-publish","format-standard","has-post-thumbnail","hentry","category-uncategorized"],"yoast_head":"<!-- This site is optimized with the Yoast SEO plugin v21.1 - https:\/\/yoast.com\/wordpress\/plugins\/seo\/ -->\n<title>Mara Lezama y Rom\u00e1n M\u00e9yer supervisan Parque del Jaguar para su pr\u00f3xima apertura<\/title>\n<meta name=\"description\" content=\".\" \/>\n<meta name=\"robots\" content=\"index, follow, max-snippet:-1, max-image-preview:large, max-video-preview:-1\" \/>\n<link rel=\"canonical\" href=\"https:\/\/angelsolisnoticias.com\/index.php\/2024\/02\/24\/mara-lezama-y-roman-meyer-supervisan-parque-del-jaguar-para-su-proxima-apertura\/\" \/>\n<meta property=\"og:locale\" content=\"es_MX\" \/>\n<meta property=\"og:type\" content=\"article\" \/>\n<meta property=\"og:title\" content=\"Mara Lezama y Rom\u00e1n M\u00e9yer supervisan Parque del Jaguar para su pr\u00f3xima apertura\" \/>\n<meta property=\"og:description\" content=\".\" \/>\n<meta property=\"og:url\" content=\"https:\/\/angelsolisnoticias.com\/index.php\/2024\/02\/24\/mara-lezama-y-roman-meyer-supervisan-parque-del-jaguar-para-su-proxima-apertura\/\" \/>\n<meta property=\"og:site_name\" content=\"\u00c1ngel Solis\" \/>\n<meta property=\"article:publisher\" content=\"https:\/\/www.facebook.com\/periodistasquintanaroo\" \/>\n<meta property=\"article:published_time\" content=\"2024-02-24T13:57:51+00:00\" \/>\n<meta property=\"article:modified_time\" content=\"2024-02-24T22:20:24+00:00\" \/>\n<meta property=\"og:image\" content=\"https:\/\/angelsolisnoticias.com\/wp-content\/uploads\/2024\/02\/Mara-Parque-Jaguar1.jpg\" \/>\n\t<meta property=\"og:image:width\" content=\"800\" \/>\n\t<meta property=\"og:image:height\" content=\"569\" \/>\n\t<meta property=\"og:image:type\" content=\"image\/jpeg\" \/>\n<meta name=\"author\" content=\"admin\" \/>\n<meta name=\"twitter:card\" content=\"summary_large_image\" \/>\n<meta name=\"twitter:creator\" content=\"@PERIODISTASQROO\" \/>\n<meta name=\"twitter:site\" content=\"@PERIODISTASQROO\" \/>\n<meta name=\"twitter:label1\" content=\"Escrito por\" \/>\n\t<meta name=\"twitter:data1\" content=\"admin\" \/>\n\t<meta name=\"twitter:label2\" content=\"Tiempo de lectura\" \/>\n\t<meta name=\"twitter:data2\" content=\"2 minutos\" \/>\n<script type=\"application\/ld+json\" class=\"yoast-schema-graph\">{\"@context\":\"https:\/\/schema.org\",\"@graph\":[{\"@type\":\"Article\",\"@id\":\"https:\/\/angelsolisnoticias.com\/index.php\/2024\/02\/24\/mara-lezama-y-roman-meyer-supervisan-parque-del-jaguar-para-su-proxima-apertura\/#article\",\"isPartOf\":{\"@id\":\"https:\/\/angelsolisnoticias.com\/index.php\/2024\/02\/24\/mara-lezama-y-roman-meyer-supervisan-parque-del-jaguar-para-su-proxima-apertura\/\"},\"author\":{\"name\":\"admin\",\"@id\":\"https:\/\/angelsolisnoticias.com\/#\/schema\/person\/d5ca5e4c5f05db44e86cb564bf81ae6f\"},\"headline\":\"Mara Lezama y Rom\u00e1n M\u00e9yer supervisan Parque del Jaguar para su pr\u00f3xima apertura\",\"datePublished\":\"2024-02-24T13:57:51+00:00\",\"dateModified\":\"2024-02-24T22:20:24+00:00\",\"mainEntityOfPage\":{\"@id\":\"https:\/\/angelsolisnoticias.com\/index.php\/2024\/02\/24\/mara-lezama-y-roman-meyer-supervisan-parque-del-jaguar-para-su-proxima-apertura\/\"},\"wordCount\":270,\"commentCount\":0,\"publisher\":{\"@id\":\"https:\/\/angelsolisnoticias.com\/#organization\"},\"articleSection\":[\"Uncategorized\"],\"inLanguage\":\"es\",\"potentialAction\":[{\"@type\":\"CommentAction\",\"name\":\"Comment\",\"target\":[\"https:\/\/angelsolisnoticias.com\/index.php\/2024\/02\/24\/mara-lezama-y-roman-meyer-supervisan-parque-del-jaguar-para-su-proxima-apertura\/#respond\"]}]},{\"@type\":\"WebPage\",\"@id\":\"https:\/\/angelsolisnoticias.com\/index.php\/2024\/02\/24\/mara-lezama-y-roman-meyer-supervisan-parque-del-jaguar-para-su-proxima-apertura\/\",\"url\":\"https:\/\/angelsolisnoticias.com\/index.php\/2024\/02\/24\/mara-lezama-y-roman-meyer-supervisan-parque-del-jaguar-para-su-proxima-apertura\/\",\"name\":\"Mara Lezama y Rom\u00e1n M\u00e9yer supervisan Parque del Jaguar para su pr\u00f3xima apertura\",\"isPartOf\":{\"@id\":\"https:\/\/angelsolisnoticias.com\/#website\"},\"datePublished\":\"2024-02-24T13:57:51+00:00\",\"dateModified\":\"2024-02-24T22:20:24+00:00\",\"description\":\".\",\"breadcrumb\":{\"@id\":\"https:\/\/angelsolisnoticias.com\/index.php\/2024\/02\/24\/mara-lezama-y-roman-meyer-supervisan-parque-del-jaguar-para-su-proxima-apertura\/#breadcrumb\"},\"inLanguage\":\"es\",\"potentialAction\":[{\"@type\":\"ReadAction\",\"target\":[\"https:\/\/angelsolisnoticias.com\/index.php\/2024\/02\/24\/mara-lezama-y-roman-meyer-supervisan-parque-del-jaguar-para-su-proxima-apertura\/\"]}]},{\"@type\":\"BreadcrumbList\",\"@id\":\"https:\/\/angelsolisnoticias.com\/index.php\/2024\/02\/24\/mara-lezama-y-roman-meyer-supervisan-parque-del-jaguar-para-su-proxima-apertura\/#breadcrumb\",\"itemListElement\":[{\"@type\":\"ListItem\",\"position\":1,\"name\":\"Inicio\",\"item\":\"https:\/\/angelsolisnoticias.com\/\"},{\"@type\":\"ListItem\",\"position\":2,\"name\":\"Mara Lezama y Rom\u00e1n M\u00e9yer supervisan Parque del Jaguar para su pr\u00f3xima apertura\"}]},{\"@type\":\"WebSite\",\"@id\":\"https:\/\/angelsolisnoticias.com\/#website\",\"url\":\"https:\/\/angelsolisnoticias.com\/\",\"name\":\"\u00c1ngel Solis\",\"description\":\"Noticias de Quintana Roo\",\"publisher\":{\"@id\":\"https:\/\/angelsolisnoticias.com\/#organization\"},\"potentialAction\":[{\"@type\":\"SearchAction\",\"target\":{\"@type\":\"EntryPoint\",\"urlTemplate\":\"https:\/\/angelsolisnoticias.com\/?s={search_term_string}\"},\"query-input\":\"required name=search_term_string\"}],\"inLanguage\":\"es\"},{\"@type\":\"Organization\",\"@id\":\"https:\/\/angelsolisnoticias.com\/#organization\",\"name\":\"\u00c1ngel Solis\",\"url\":\"https:\/\/angelsolisnoticias.com\/\",\"logo\":{\"@type\":\"ImageObject\",\"inLanguage\":\"es\",\"@id\":\"https:\/\/angelsolisnoticias.com\/#\/schema\/logo\/image\/\",\"url\":\"https:\/\/angelsolisnoticias.com\/wp-content\/uploads\/2023\/01\/LOGO3.png\",\"contentUrl\":\"https:\/\/angelsolisnoticias.com\/wp-content\/uploads\/2023\/01\/LOGO3.png\",\"width\":1853,\"height\":570,\"caption\":\"\u00c1ngel Solis\"},\"image\":{\"@id\":\"https:\/\/angelsolisnoticias.com\/#\/schema\/logo\/image\/\"},\"sameAs\":[\"https:\/\/www.facebook.com\/periodistasquintanaroo\",\"https:\/\/twitter.com\/PERIODISTASQROO\"]},{\"@type\":\"Person\",\"@id\":\"https:\/\/angelsolisnoticias.com\/#\/schema\/person\/d5ca5e4c5f05db44e86cb564bf81ae6f\",\"name\":\"admin\",\"image\":{\"@type\":\"ImageObject\",\"inLanguage\":\"es\",\"@id\":\"https:\/\/angelsolisnoticias.com\/#\/schema\/person\/image\/\",\"url\":\"https:\/\/secure.gravatar.com\/avatar\/dff3eaf7d33320066684ce268bff2bf90ce4f69456139b2d65d7796f64299e47?s=96&d=mm&r=g\",\"contentUrl\":\"https:\/\/secure.gravatar.com\/avatar\/dff3eaf7d33320066684ce268bff2bf90ce4f69456139b2d65d7796f64299e47?s=96&d=mm&r=g\",\"caption\":\"admin\"},\"sameAs\":[\"https:\/\/angelsolisnoticias.com\"],\"url\":\"https:\/\/angelsolisnoticias.com\/index.php\/author\/admin_qnbaat5l\/\"}]}<\/script>\n<!-- \/ Yoast SEO plugin. -->","yoast_head_json":{"title":"Mara Lezama y Rom\u00e1n M\u00e9yer supervisan Parque del Jaguar para su pr\u00f3xima apertura","description":".","robots":{"index":"index","follow":"follow","max-snippet":"max-snippet:-1","max-image-preview":"max-image-preview:large","max-video-preview":"max-video-preview:-1"},"canonical":"https:\/\/angelsolisnoticias.com\/index.php\/2024\/02\/24\/mara-lezama-y-roman-meyer-supervisan-parque-del-jaguar-para-su-proxima-apertura\/","og_locale":"es_MX","og_type":"article","og_title":"Mara Lezama y Rom\u00e1n M\u00e9yer supervisan Parque del Jaguar para su pr\u00f3xima apertura","og_description":".","og_url":"https:\/\/angelsolisnoticias.com\/index.php\/2024\/02\/24\/mara-lezama-y-roman-meyer-supervisan-parque-del-jaguar-para-su-proxima-apertura\/","og_site_name":"\u00c1ngel Solis","article_publisher":"https:\/\/www.facebook.com\/periodistasquintanaroo","article_published_time":"2024-02-24T13:57:51+00:00","article_modified_time":"2024-02-24T22:20:24+00:00","og_image":[{"width":800,"height":569,"url":"https:\/\/angelsolisnoticias.com\/wp-content\/uploads\/2024\/02\/Mara-Parque-Jaguar1.jpg","type":"image\/jpeg"}],"author":"admin","twitter_card":"summary_large_image","twitter_creator":"@PERIODISTASQROO","twitter_site":"@PERIODISTASQROO","twitter_misc":{"Escrito por":"admin","Tiempo de lectura":"2 minutos"},"schema":{"@context":"https:\/\/schema.org","@graph":[{"@type":"Article","@id":"https:\/\/angelsolisnoticias.com\/index.php\/2024\/02\/24\/mara-lezama-y-roman-meyer-supervisan-parque-del-jaguar-para-su-proxima-apertura\/#article","isPartOf":{"@id":"https:\/\/angelsolisnoticias.com\/index.php\/2024\/02\/24\/mara-lezama-y-roman-meyer-supervisan-parque-del-jaguar-para-su-proxima-apertura\/"},"author":{"name":"admin","@id":"https:\/\/angelsolisnoticias.com\/#\/schema\/person\/d5ca5e4c5f05db44e86cb564bf81ae6f"},"headline":"Mara Lezama y Rom\u00e1n M\u00e9yer supervisan Parque del Jaguar para su pr\u00f3xima apertura","datePublished":"2024-02-24T13:57:51+00:00","dateModified":"2024-02-24T22:20:24+00:00","mainEntityOfPage":{"@id":"https:\/\/angelsolisnoticias.com\/index.php\/2024\/02\/24\/mara-lezama-y-roman-meyer-supervisan-parque-del-jaguar-para-su-proxima-apertura\/"},"wordCount":270,"commentCount":0,"publisher":{"@id":"https:\/\/angelsolisnoticias.com\/#organization"},"articleSection":["Uncategorized"],"inLanguage":"es","potentialAction":[{"@type":"CommentAction","name":"Comment","target":["https:\/\/angelsolisnoticias.com\/index.php\/2024\/02\/24\/mara-lezama-y-roman-meyer-supervisan-parque-del-jaguar-para-su-proxima-apertura\/#respond"]}]},{"@type":"WebPage","@id":"https:\/\/angelsolisnoticias.com\/index.php\/2024\/02\/24\/mara-lezama-y-roman-meyer-supervisan-parque-del-jaguar-para-su-proxima-apertura\/","url":"https:\/\/angelsolisnoticias.com\/index.php\/2024\/02\/24\/mara-lezama-y-roman-meyer-supervisan-parque-del-jaguar-para-su-proxima-apertura\/","name":"Mara Lezama y Rom\u00e1n M\u00e9yer supervisan Parque del Jaguar para su pr\u00f3xima apertura","isPartOf":{"@id":"https:\/\/angelsolisnoticias.com\/#website"},"datePublished":"2024-02-24T13:57:51+00:00","dateModified":"2024-02-24T22:20:24+00:00","description":".","breadcrumb":{"@id":"https:\/\/angelsolisnoticias.com\/index.php\/2024\/02\/24\/mara-lezama-y-roman-meyer-supervisan-parque-del-jaguar-para-su-proxima-apertura\/#breadcrumb"},"inLanguage":"es","potentialAction":[{"@type":"ReadAction","target":["https:\/\/angelsolisnoticias.com\/index.php\/2024\/02\/24\/mara-lezama-y-roman-meyer-supervisan-parque-del-jaguar-para-su-proxima-apertura\/"]}]},{"@type":"BreadcrumbList","@id":"https:\/\/angelsolisnoticias.com\/index.php\/2024\/02\/24\/mara-lezama-y-roman-meyer-supervisan-parque-del-jaguar-para-su-proxima-apertura\/#breadcrumb","itemListElement":[{"@type":"ListItem","position":1,"name":"Inicio","item":"https:\/\/angelsolisnoticias.com\/"},{"@type":"ListItem","position":2,"name":"Mara Lezama y Rom\u00e1n M\u00e9yer supervisan Parque del Jaguar para su pr\u00f3xima apertura"}]},{"@type":"WebSite","@id":"https:\/\/angelsolisnoticias.com\/#website","url":"https:\/\/angelsolisnoticias.com\/","name":"\u00c1ngel Solis","description":"Noticias de Quintana Roo","publisher":{"@id":"https:\/\/angelsolisnoticias.com\/#organization"},"potentialAction":[{"@type":"SearchAction","target":{"@type":"EntryPoint","urlTemplate":"https:\/\/angelsolisnoticias.com\/?s={search_term_string}"},"query-input":"required name=search_term_string"}],"inLanguage":"es"},{"@type":"Organization","@id":"https:\/\/angelsolisnoticias.com\/#organization","name":"\u00c1ngel Solis","url":"https:\/\/angelsolisnoticias.com\/","logo":{"@type":"ImageObject","inLanguage":"es","@id":"https:\/\/angelsolisnoticias.com\/#\/schema\/logo\/image\/","url":"https:\/\/angelsolisnoticias.com\/wp-content\/uploads\/2023\/01\/LOGO3.png","contentUrl":"https:\/\/angelsolisnoticias.com\/wp-content\/uploads\/2023\/01\/LOGO3.png","width":1853,"height":570,"caption":"\u00c1ngel Solis"},"image":{"@id":"https:\/\/angelsolisnoticias.com\/#\/schema\/logo\/image\/"},"sameAs":["https:\/\/www.facebook.com\/periodistasquintanaroo","https:\/\/twitter.com\/PERIODISTASQROO"]},{"@type":"Person","@id":"https:\/\/angelsolisnoticias.com\/#\/schema\/person\/d5ca5e4c5f05db44e86cb564bf81ae6f","name":"admin","image":{"@type":"ImageObject","inLanguage":"es","@id":"https:\/\/angelsolisnoticias.com\/#\/schema\/person\/image\/","url":"https:\/\/secure.gravatar.com\/avatar\/dff3eaf7d33320066684ce268bff2bf90ce4f69456139b2d65d7796f64299e47?s=96&d=mm&r=g","contentUrl":"https:\/\/secure.gravatar.com\/avatar\/dff3eaf7d33320066684ce268bff2bf90ce4f69456139b2d65d7796f64299e47?s=96&d=mm&r=g","caption":"admin"},"sameAs":["https:\/\/angelsolisnoticias.com"],"url":"https:\/\/angelsolisnoticias.com\/index.php\/author\/admin_qnbaat5l\/"}]}},"jetpack_featured_media_url":"https:\/\/angelsolisnoticias.com\/wp-content\/uploads\/2024\/02\/Mara-Parque-Jaguar1.jpg","_links":{"self":[{"href":"https:\/\/angelsolisnoticias.com\/index.php\/wp-json\/wp\/v2\/posts\/6331","targetHints":{"allow":["GET"]}}],"collection":[{"href":"https:\/\/angelsolisnoticias.com\/index.php\/wp-json\/wp\/v2\/posts"}],"about":[{"href":"https:\/\/angelsolisnoticias.com\/index.php\/wp-json\/wp\/v2\/types\/post"}],"author":[{"embeddable":true,"href":"https:\/\/angelsolisnoticias.com\/index.php\/wp-json\/wp\/v2\/users\/1"}],"replies":[{"embeddable":true,"href":"https:\/\/angelsolisnoticias.com\/index.php\/wp-json\/wp\/v2\/comments?post=6331"}],"version-history":[{"count":3,"href":"https:\/\/angelsolisnoticias.com\/index.php\/wp-json\/wp\/v2\/posts\/6331\/revisions"}],"predecessor-version":[{"id":6340,"href":"https:\/\/angelsolisnoticias.com\/index.php\/wp-json\/wp\/v2\/posts\/6331\/revisions\/6340"}],"wp:featuredmedia":[{"embeddable":true,"href":"https:\/\/angelsolisnoticias.com\/index.php\/wp-json\/wp\/v2\/media\/6338"}],"wp:attachment":[{"href":"https:\/\/angelsolisnoticias.com\/index.php\/wp-json\/wp\/v2\/media?parent=6331"}],"wp:term":[{"taxonomy":"category","embeddable":true,"href":"https:\/\/angelsolisnoticias.com\/index.php\/wp-json\/wp\/v2\/categories?post=6331"},{"taxonomy":"post_tag","embeddable":true,"href":"https:\/\/angelsolisnoticias.com\/index.php\/wp-json\/wp\/v2\/tags?post=6331"}],"curies":[{"name":"wp","href":"https:\/\/api.w.org\/{rel}","templated":true}]}}