{"id":6358,"date":"2024-02-26T15:43:25","date_gmt":"2024-02-26T15:43:25","guid":{"rendered":"https:\/\/angelsolisnoticias.com\/?p=6358"},"modified":"2024-02-26T21:49:31","modified_gmt":"2024-02-26T21:49:31","slug":"abre-mara-lezama-espacios-para-que-mas-jovenes-tengan-una-carrera-profesional-en-quintana-roo","status":"publish","type":"post","link":"https:\/\/angelsolisnoticias.com\/index.php\/2024\/02\/26\/abre-mara-lezama-espacios-para-que-mas-jovenes-tengan-una-carrera-profesional-en-quintana-roo\/","title":{"rendered":"Abre Mara Lezama espacios para que m\u00e1s j\u00f3venes tengan una carrera profesional en Quintana Roo"},"content":{"rendered":"<p>La Pantera, 26 de febrero<br \/>\nEspecial<\/p>\n<p>Para cerrar brechas de desigualdad y hacer justicia social a mujeres y hombres, la juventud de comunidades rurales, para que puedan continuar con sus estudios, la gobernadora Mara Lezama Espinosa abri\u00f3 oficialmente las primeras tres unidades de Educaci\u00f3n Superior a Distancia del Tecnol\u00f3gico de Canc\u00fan, dependiente del Tecnol\u00f3gico Nacional de M\u00e9xico, para lo que se invirtieron casi 71 millones de pesos entre equipamiento e infraestructura.<\/p>\n<p>Con estas unidades, las y los j\u00f3venes tienen la oportunidad de prepararse en las carreras de Ingenier\u00eda en Sistemas Computacionales y Licenciatura en Administraci\u00f3n desde sus comunidades, resolviendo problemas de traslado, gastos de alojamiento y alimentaci\u00f3n que, antes, imped\u00edan que pudieran continuar con su preparaci\u00f3n profesional.<\/p>\n<p><img loading=\"lazy\" decoding=\"async\" class=\"aligncenter wp-image-6363 \" src=\"https:\/\/angelsolisnoticias.com\/wp-content\/uploads\/2024\/02\/Mara-Lezama-comunidades3.jpg\" alt=\"\" width=\"632\" height=\"421\" srcset=\"https:\/\/angelsolisnoticias.com\/wp-content\/uploads\/2024\/02\/Mara-Lezama-comunidades3.jpg 720w, https:\/\/angelsolisnoticias.com\/wp-content\/uploads\/2024\/02\/Mara-Lezama-comunidades3-300x200.jpg 300w\" sizes=\"auto, (max-width: 632px) 100vw, 632px\" \/><\/p>\n<p>Las tres primeras unidades se encuentran en la comunidad Graciano S\u00e1nchez, la Pantera, de Bacalar, en el sur; en Chunhuhub, Felipe Carrillo Puerto, para la zona centro; y Puerto Morelos, para la zona norte, y cuentan con tecnolog\u00eda de punta para que los estudiantes sigan sus clases de forma presencial pero conectados en vivo v\u00eda remota, siguiendo las mismas clases que se imparten en el plantel Canc\u00fan.<\/p>\n<p>\u201cMe da much\u00edsimo gusto dar apertura oficial a estas unidades que ya ven\u00edan funcionamiento muy bien desde hace algunos meses; me siento muy emocionada porque resolvemos una enorme dificultad que representaba para los j\u00f3venes de comunidades distantes, marginadas, continuar con sus estudios despu\u00e9s del bachillerato y concluir con una carrera profesional, lo que era totalmente injusto\u201d expres\u00f3 la gobernadora Mara Lezama.<\/p>\n<p><img loading=\"lazy\" decoding=\"async\" class=\"aligncenter wp-image-6362 \" src=\"https:\/\/angelsolisnoticias.com\/wp-content\/uploads\/2024\/02\/Mara-Lezama-comunidades4.jpg\" alt=\"\" width=\"624\" height=\"394\" \/><\/p>\n<p>Para concretar este Programa Estatal de Educaci\u00f3n Superior a Distancia se tuvo la colaboraci\u00f3n y aportaci\u00f3n de todas y todos. Gestiones ante el Instituto Tecnol\u00f3gico de Canc\u00fan, la firma de convenio con la Secretar\u00eda Estatal de Educaci\u00f3n; en La Pantera los ejidatarios aportaron un terreno cuya regularizaci\u00f3n corri\u00f3 a cargo de la AGEPRO; el IFEQROO construy\u00f3 instalaciones, dot\u00f3 mobiliario y equipo, el municipio los servicios p\u00fablicos necesarios y la comunidad particip\u00f3 en las obras e incluso prepar\u00f3 comida para las y los trabajadores.<\/p>\n<p>\u201cYo veo aqu\u00ed perfectamente ejemplificado el Nuevo Acuerdo por el Bienestar y Desarrollo de Quintana Roo, a trav\u00e9s de la suma de voluntades, de compromisos, de acciones de diversos actores para garantizar la cobertura educativa y generar prosperidad compartida\u201d, a\u00f1adi\u00f3 Mara Lezama.<\/p>\n<p>Precis\u00f3 que por eso, la inversi\u00f3n de casi 71 millones de pesos para echar a andar el programa de justifica plenamente, \u201cporque no hay nada m\u00e1s importante que invertir en Educaci\u00f3n y sembrar para el futuro de nuestras y nuestros j\u00f3venes\u201d abund\u00f3 la titular del Ejecutivo.<\/p>\n<p><img loading=\"lazy\" decoding=\"async\" class=\"aligncenter wp-image-6364 \" src=\"https:\/\/angelsolisnoticias.com\/wp-content\/uploads\/2024\/02\/Mara-Lezama-comunidades2.jpg\" alt=\"\" width=\"601\" height=\"399\" \/><\/p>\n<p>En esta primera etapa el Programa de Educaci\u00f3n Superior a Distancia beneficia a 72 j\u00f3venes en matr\u00edcula y a m\u00e1s de 400 j\u00f3venes egresados del bachillerato en 19 comunidades aleda\u00f1as a las tres unidades.<\/p>\n<p>Durante la ceremonia de apertura oficial, que incluy\u00f3 un recorrido por la unidad de La Pantera, la develaci\u00f3n de la placa conmemorativa, se firm\u00f3 un Acuerdo Solidario para promover la educaci\u00f3n integral y la corresponsabilidad para cuidar y conservar equipo e instalaciones en beneficio de muchos m\u00e1s j\u00f3venes que podr\u00e1 seguir prepar\u00e1ndose.<\/p>\n<p><img loading=\"lazy\" decoding=\"async\" class=\"aligncenter wp-image-6361 \" src=\"https:\/\/angelsolisnoticias.com\/wp-content\/uploads\/2024\/02\/Mara-Lezama-comunidades5.jpg\" alt=\"\" width=\"611\" height=\"395\" \/><\/p>\n<p>Asimismo, se realiz\u00f3 la conexi\u00f3n remota con la sede acad\u00e9mica del TecNM de Canc\u00fan, para presenciar el protocolo que incluy\u00f3 la bienvenida por el presidente municipal Jos\u00e9 Alfredo Contreras M\u00e9ndez, explicaci\u00f3n del director del IFEQROO Jos\u00e9 Rafael Lara Diaz, mensaje del director general del TecNM Ram\u00f3n Jim\u00e9nez L\u00f3pez, agradecimiento de la alumna Ami Yesenia Pool Uicab y el mensaje de la gobernadora Mara Lezama.<\/p>\n<p>En el pres\u00eddium tambi\u00e9n estuvieron el secretario acad\u00e9mico de investigaci\u00f3n del TecNM Gaudencio Lucas Bravo, los estudiantes Pedro Pablo Pool Ch\u00e9 y Ami Yeseina Pool Uicab, el secretario estatal de Educaci\u00f3n Carlos Gorocica Moreno, el presidente Jos\u00e9 Contreras M\u00e9ndez y el director del IFEQROO Jos\u00e9 Lara D\u00edaz.<\/p>\n","protected":false},"excerpt":{"rendered":"<p>La Pantera, 26 de febrero Especial Para cerrar brechas de desigualdad y hacer justicia social a mujeres y hombres, la juventud de comunidades rurales, para que puedan continuar con sus estudios, la gobernadora Mara Lezama Espinosa abri\u00f3 oficialmente las primeras tres unidades de Educaci\u00f3n Superior a Distancia del Tecnol\u00f3gico de <a href=\"https:\/\/angelsolisnoticias.com\/index.php\/2024\/02\/26\/abre-mara-lezama-espacios-para-que-mas-jovenes-tengan-una-carrera-profesional-en-quintana-roo\/\" class=\"btn btn-link continue-link\">Seguir leyendo<\/a><\/p>\n","protected":false},"author":1,"featured_media":6360,"comment_status":"open","ping_status":"open","sticky":false,"template":"","format":"standard","meta":{"footnotes":""},"categories":[1],"tags":[],"class_list":["post-6358","post","type-post","status-publish","format-standard","has-post-thumbnail","hentry","category-uncategorized"],"yoast_head":"<!-- This site is optimized with the Yoast SEO plugin v21.1 - https:\/\/yoast.com\/wordpress\/plugins\/seo\/ -->\n<title>Abre Mara Lezama espacios para que m\u00e1s j\u00f3venes tengan una carrera profesional en Quintana Roo<\/title>\n<meta name=\"description\" content=\".\" \/>\n<meta name=\"robots\" content=\"index, follow, max-snippet:-1, max-image-preview:large, max-video-preview:-1\" \/>\n<link rel=\"canonical\" href=\"https:\/\/angelsolisnoticias.com\/index.php\/2024\/02\/26\/abre-mara-lezama-espacios-para-que-mas-jovenes-tengan-una-carrera-profesional-en-quintana-roo\/\" \/>\n<meta property=\"og:locale\" content=\"es_MX\" \/>\n<meta property=\"og:type\" content=\"article\" \/>\n<meta property=\"og:title\" content=\"Abre Mara Lezama espacios para que m\u00e1s j\u00f3venes tengan una carrera profesional en Quintana Roo\" \/>\n<meta property=\"og:description\" content=\".\" \/>\n<meta property=\"og:url\" content=\"https:\/\/angelsolisnoticias.com\/index.php\/2024\/02\/26\/abre-mara-lezama-espacios-para-que-mas-jovenes-tengan-una-carrera-profesional-en-quintana-roo\/\" \/>\n<meta property=\"og:site_name\" content=\"\u00c1ngel Solis\" \/>\n<meta property=\"article:publisher\" content=\"https:\/\/www.facebook.com\/periodistasquintanaroo\" \/>\n<meta property=\"article:published_time\" content=\"2024-02-26T15:43:25+00:00\" \/>\n<meta property=\"article:modified_time\" content=\"2024-02-26T21:49:31+00:00\" \/>\n<meta property=\"og:image\" content=\"https:\/\/angelsolisnoticias.com\/wp-content\/uploads\/2024\/02\/Mara-Lezama-comunidades6.jpg\" \/>\n\t<meta property=\"og:image:width\" content=\"800\" \/>\n\t<meta property=\"og:image:height\" content=\"569\" \/>\n\t<meta property=\"og:image:type\" content=\"image\/jpeg\" \/>\n<meta name=\"author\" content=\"admin\" \/>\n<meta name=\"twitter:card\" content=\"summary_large_image\" \/>\n<meta name=\"twitter:creator\" content=\"@PERIODISTASQROO\" \/>\n<meta name=\"twitter:site\" content=\"@PERIODISTASQROO\" \/>\n<meta name=\"twitter:label1\" content=\"Escrito por\" \/>\n\t<meta name=\"twitter:data1\" content=\"admin\" \/>\n\t<meta name=\"twitter:label2\" content=\"Tiempo de lectura\" \/>\n\t<meta name=\"twitter:data2\" content=\"4 minutos\" \/>\n<script type=\"application\/ld+json\" class=\"yoast-schema-graph\">{\"@context\":\"https:\/\/schema.org\",\"@graph\":[{\"@type\":\"Article\",\"@id\":\"https:\/\/angelsolisnoticias.com\/index.php\/2024\/02\/26\/abre-mara-lezama-espacios-para-que-mas-jovenes-tengan-una-carrera-profesional-en-quintana-roo\/#article\",\"isPartOf\":{\"@id\":\"https:\/\/angelsolisnoticias.com\/index.php\/2024\/02\/26\/abre-mara-lezama-espacios-para-que-mas-jovenes-tengan-una-carrera-profesional-en-quintana-roo\/\"},\"author\":{\"name\":\"admin\",\"@id\":\"https:\/\/angelsolisnoticias.com\/#\/schema\/person\/d5ca5e4c5f05db44e86cb564bf81ae6f\"},\"headline\":\"Abre Mara Lezama espacios para que m\u00e1s j\u00f3venes tengan una carrera profesional en Quintana Roo\",\"datePublished\":\"2024-02-26T15:43:25+00:00\",\"dateModified\":\"2024-02-26T21:49:31+00:00\",\"mainEntityOfPage\":{\"@id\":\"https:\/\/angelsolisnoticias.com\/index.php\/2024\/02\/26\/abre-mara-lezama-espacios-para-que-mas-jovenes-tengan-una-carrera-profesional-en-quintana-roo\/\"},\"wordCount\":684,\"commentCount\":0,\"publisher\":{\"@id\":\"https:\/\/angelsolisnoticias.com\/#organization\"},\"articleSection\":[\"Uncategorized\"],\"inLanguage\":\"es\",\"potentialAction\":[{\"@type\":\"CommentAction\",\"name\":\"Comment\",\"target\":[\"https:\/\/angelsolisnoticias.com\/index.php\/2024\/02\/26\/abre-mara-lezama-espacios-para-que-mas-jovenes-tengan-una-carrera-profesional-en-quintana-roo\/#respond\"]}]},{\"@type\":\"WebPage\",\"@id\":\"https:\/\/angelsolisnoticias.com\/index.php\/2024\/02\/26\/abre-mara-lezama-espacios-para-que-mas-jovenes-tengan-una-carrera-profesional-en-quintana-roo\/\",\"url\":\"https:\/\/angelsolisnoticias.com\/index.php\/2024\/02\/26\/abre-mara-lezama-espacios-para-que-mas-jovenes-tengan-una-carrera-profesional-en-quintana-roo\/\",\"name\":\"Abre Mara Lezama espacios para que m\u00e1s j\u00f3venes tengan una carrera profesional en Quintana Roo\",\"isPartOf\":{\"@id\":\"https:\/\/angelsolisnoticias.com\/#website\"},\"datePublished\":\"2024-02-26T15:43:25+00:00\",\"dateModified\":\"2024-02-26T21:49:31+00:00\",\"description\":\".\",\"breadcrumb\":{\"@id\":\"https:\/\/angelsolisnoticias.com\/index.php\/2024\/02\/26\/abre-mara-lezama-espacios-para-que-mas-jovenes-tengan-una-carrera-profesional-en-quintana-roo\/#breadcrumb\"},\"inLanguage\":\"es\",\"potentialAction\":[{\"@type\":\"ReadAction\",\"target\":[\"https:\/\/angelsolisnoticias.com\/index.php\/2024\/02\/26\/abre-mara-lezama-espacios-para-que-mas-jovenes-tengan-una-carrera-profesional-en-quintana-roo\/\"]}]},{\"@type\":\"BreadcrumbList\",\"@id\":\"https:\/\/angelsolisnoticias.com\/index.php\/2024\/02\/26\/abre-mara-lezama-espacios-para-que-mas-jovenes-tengan-una-carrera-profesional-en-quintana-roo\/#breadcrumb\",\"itemListElement\":[{\"@type\":\"ListItem\",\"position\":1,\"name\":\"Inicio\",\"item\":\"https:\/\/angelsolisnoticias.com\/\"},{\"@type\":\"ListItem\",\"position\":2,\"name\":\"Abre Mara Lezama espacios para que m\u00e1s j\u00f3venes tengan una carrera profesional en Quintana Roo\"}]},{\"@type\":\"WebSite\",\"@id\":\"https:\/\/angelsolisnoticias.com\/#website\",\"url\":\"https:\/\/angelsolisnoticias.com\/\",\"name\":\"\u00c1ngel Solis\",\"description\":\"Noticias de Quintana Roo\",\"publisher\":{\"@id\":\"https:\/\/angelsolisnoticias.com\/#organization\"},\"potentialAction\":[{\"@type\":\"SearchAction\",\"target\":{\"@type\":\"EntryPoint\",\"urlTemplate\":\"https:\/\/angelsolisnoticias.com\/?s={search_term_string}\"},\"query-input\":\"required name=search_term_string\"}],\"inLanguage\":\"es\"},{\"@type\":\"Organization\",\"@id\":\"https:\/\/angelsolisnoticias.com\/#organization\",\"name\":\"\u00c1ngel Solis\",\"url\":\"https:\/\/angelsolisnoticias.com\/\",\"logo\":{\"@type\":\"ImageObject\",\"inLanguage\":\"es\",\"@id\":\"https:\/\/angelsolisnoticias.com\/#\/schema\/logo\/image\/\",\"url\":\"https:\/\/angelsolisnoticias.com\/wp-content\/uploads\/2023\/01\/LOGO3.png\",\"contentUrl\":\"https:\/\/angelsolisnoticias.com\/wp-content\/uploads\/2023\/01\/LOGO3.png\",\"width\":1853,\"height\":570,\"caption\":\"\u00c1ngel Solis\"},\"image\":{\"@id\":\"https:\/\/angelsolisnoticias.com\/#\/schema\/logo\/image\/\"},\"sameAs\":[\"https:\/\/www.facebook.com\/periodistasquintanaroo\",\"https:\/\/twitter.com\/PERIODISTASQROO\"]},{\"@type\":\"Person\",\"@id\":\"https:\/\/angelsolisnoticias.com\/#\/schema\/person\/d5ca5e4c5f05db44e86cb564bf81ae6f\",\"name\":\"admin\",\"image\":{\"@type\":\"ImageObject\",\"inLanguage\":\"es\",\"@id\":\"https:\/\/angelsolisnoticias.com\/#\/schema\/person\/image\/\",\"url\":\"https:\/\/secure.gravatar.com\/avatar\/dff3eaf7d33320066684ce268bff2bf90ce4f69456139b2d65d7796f64299e47?s=96&d=mm&r=g\",\"contentUrl\":\"https:\/\/secure.gravatar.com\/avatar\/dff3eaf7d33320066684ce268bff2bf90ce4f69456139b2d65d7796f64299e47?s=96&d=mm&r=g\",\"caption\":\"admin\"},\"sameAs\":[\"https:\/\/angelsolisnoticias.com\"],\"url\":\"https:\/\/angelsolisnoticias.com\/index.php\/author\/admin_qnbaat5l\/\"}]}<\/script>\n<!-- \/ Yoast SEO plugin. -->","yoast_head_json":{"title":"Abre Mara Lezama espacios para que m\u00e1s j\u00f3venes tengan una carrera profesional en Quintana Roo","description":".","robots":{"index":"index","follow":"follow","max-snippet":"max-snippet:-1","max-image-preview":"max-image-preview:large","max-video-preview":"max-video-preview:-1"},"canonical":"https:\/\/angelsolisnoticias.com\/index.php\/2024\/02\/26\/abre-mara-lezama-espacios-para-que-mas-jovenes-tengan-una-carrera-profesional-en-quintana-roo\/","og_locale":"es_MX","og_type":"article","og_title":"Abre Mara Lezama espacios para que m\u00e1s j\u00f3venes tengan una carrera profesional en Quintana Roo","og_description":".","og_url":"https:\/\/angelsolisnoticias.com\/index.php\/2024\/02\/26\/abre-mara-lezama-espacios-para-que-mas-jovenes-tengan-una-carrera-profesional-en-quintana-roo\/","og_site_name":"\u00c1ngel Solis","article_publisher":"https:\/\/www.facebook.com\/periodistasquintanaroo","article_published_time":"2024-02-26T15:43:25+00:00","article_modified_time":"2024-02-26T21:49:31+00:00","og_image":[{"width":800,"height":569,"url":"https:\/\/angelsolisnoticias.com\/wp-content\/uploads\/2024\/02\/Mara-Lezama-comunidades6.jpg","type":"image\/jpeg"}],"author":"admin","twitter_card":"summary_large_image","twitter_creator":"@PERIODISTASQROO","twitter_site":"@PERIODISTASQROO","twitter_misc":{"Escrito por":"admin","Tiempo de lectura":"4 minutos"},"schema":{"@context":"https:\/\/schema.org","@graph":[{"@type":"Article","@id":"https:\/\/angelsolisnoticias.com\/index.php\/2024\/02\/26\/abre-mara-lezama-espacios-para-que-mas-jovenes-tengan-una-carrera-profesional-en-quintana-roo\/#article","isPartOf":{"@id":"https:\/\/angelsolisnoticias.com\/index.php\/2024\/02\/26\/abre-mara-lezama-espacios-para-que-mas-jovenes-tengan-una-carrera-profesional-en-quintana-roo\/"},"author":{"name":"admin","@id":"https:\/\/angelsolisnoticias.com\/#\/schema\/person\/d5ca5e4c5f05db44e86cb564bf81ae6f"},"headline":"Abre Mara Lezama espacios para que m\u00e1s j\u00f3venes tengan una carrera profesional en Quintana Roo","datePublished":"2024-02-26T15:43:25+00:00","dateModified":"2024-02-26T21:49:31+00:00","mainEntityOfPage":{"@id":"https:\/\/angelsolisnoticias.com\/index.php\/2024\/02\/26\/abre-mara-lezama-espacios-para-que-mas-jovenes-tengan-una-carrera-profesional-en-quintana-roo\/"},"wordCount":684,"commentCount":0,"publisher":{"@id":"https:\/\/angelsolisnoticias.com\/#organization"},"articleSection":["Uncategorized"],"inLanguage":"es","potentialAction":[{"@type":"CommentAction","name":"Comment","target":["https:\/\/angelsolisnoticias.com\/index.php\/2024\/02\/26\/abre-mara-lezama-espacios-para-que-mas-jovenes-tengan-una-carrera-profesional-en-quintana-roo\/#respond"]}]},{"@type":"WebPage","@id":"https:\/\/angelsolisnoticias.com\/index.php\/2024\/02\/26\/abre-mara-lezama-espacios-para-que-mas-jovenes-tengan-una-carrera-profesional-en-quintana-roo\/","url":"https:\/\/angelsolisnoticias.com\/index.php\/2024\/02\/26\/abre-mara-lezama-espacios-para-que-mas-jovenes-tengan-una-carrera-profesional-en-quintana-roo\/","name":"Abre Mara Lezama espacios para que m\u00e1s j\u00f3venes tengan una carrera profesional en Quintana Roo","isPartOf":{"@id":"https:\/\/angelsolisnoticias.com\/#website"},"datePublished":"2024-02-26T15:43:25+00:00","dateModified":"2024-02-26T21:49:31+00:00","description":".","breadcrumb":{"@id":"https:\/\/angelsolisnoticias.com\/index.php\/2024\/02\/26\/abre-mara-lezama-espacios-para-que-mas-jovenes-tengan-una-carrera-profesional-en-quintana-roo\/#breadcrumb"},"inLanguage":"es","potentialAction":[{"@type":"ReadAction","target":["https:\/\/angelsolisnoticias.com\/index.php\/2024\/02\/26\/abre-mara-lezama-espacios-para-que-mas-jovenes-tengan-una-carrera-profesional-en-quintana-roo\/"]}]},{"@type":"BreadcrumbList","@id":"https:\/\/angelsolisnoticias.com\/index.php\/2024\/02\/26\/abre-mara-lezama-espacios-para-que-mas-jovenes-tengan-una-carrera-profesional-en-quintana-roo\/#breadcrumb","itemListElement":[{"@type":"ListItem","position":1,"name":"Inicio","item":"https:\/\/angelsolisnoticias.com\/"},{"@type":"ListItem","position":2,"name":"Abre Mara Lezama espacios para que m\u00e1s j\u00f3venes tengan una carrera profesional en Quintana Roo"}]},{"@type":"WebSite","@id":"https:\/\/angelsolisnoticias.com\/#website","url":"https:\/\/angelsolisnoticias.com\/","name":"\u00c1ngel Solis","description":"Noticias de Quintana Roo","publisher":{"@id":"https:\/\/angelsolisnoticias.com\/#organization"},"potentialAction":[{"@type":"SearchAction","target":{"@type":"EntryPoint","urlTemplate":"https:\/\/angelsolisnoticias.com\/?s={search_term_string}"},"query-input":"required name=search_term_string"}],"inLanguage":"es"},{"@type":"Organization","@id":"https:\/\/angelsolisnoticias.com\/#organization","name":"\u00c1ngel Solis","url":"https:\/\/angelsolisnoticias.com\/","logo":{"@type":"ImageObject","inLanguage":"es","@id":"https:\/\/angelsolisnoticias.com\/#\/schema\/logo\/image\/","url":"https:\/\/angelsolisnoticias.com\/wp-content\/uploads\/2023\/01\/LOGO3.png","contentUrl":"https:\/\/angelsolisnoticias.com\/wp-content\/uploads\/2023\/01\/LOGO3.png","width":1853,"height":570,"caption":"\u00c1ngel Solis"},"image":{"@id":"https:\/\/angelsolisnoticias.com\/#\/schema\/logo\/image\/"},"sameAs":["https:\/\/www.facebook.com\/periodistasquintanaroo","https:\/\/twitter.com\/PERIODISTASQROO"]},{"@type":"Person","@id":"https:\/\/angelsolisnoticias.com\/#\/schema\/person\/d5ca5e4c5f05db44e86cb564bf81ae6f","name":"admin","image":{"@type":"ImageObject","inLanguage":"es","@id":"https:\/\/angelsolisnoticias.com\/#\/schema\/person\/image\/","url":"https:\/\/secure.gravatar.com\/avatar\/dff3eaf7d33320066684ce268bff2bf90ce4f69456139b2d65d7796f64299e47?s=96&d=mm&r=g","contentUrl":"https:\/\/secure.gravatar.com\/avatar\/dff3eaf7d33320066684ce268bff2bf90ce4f69456139b2d65d7796f64299e47?s=96&d=mm&r=g","caption":"admin"},"sameAs":["https:\/\/angelsolisnoticias.com"],"url":"https:\/\/angelsolisnoticias.com\/index.php\/author\/admin_qnbaat5l\/"}]}},"jetpack_featured_media_url":"https:\/\/angelsolisnoticias.com\/wp-content\/uploads\/2024\/02\/Mara-Lezama-comunidades6.jpg","_links":{"self":[{"href":"https:\/\/angelsolisnoticias.com\/index.php\/wp-json\/wp\/v2\/posts\/6358","targetHints":{"allow":["GET"]}}],"collection":[{"href":"https:\/\/angelsolisnoticias.com\/index.php\/wp-json\/wp\/v2\/posts"}],"about":[{"href":"https:\/\/angelsolisnoticias.com\/index.php\/wp-json\/wp\/v2\/types\/post"}],"author":[{"embeddable":true,"href":"https:\/\/angelsolisnoticias.com\/index.php\/wp-json\/wp\/v2\/users\/1"}],"replies":[{"embeddable":true,"href":"https:\/\/angelsolisnoticias.com\/index.php\/wp-json\/wp\/v2\/comments?post=6358"}],"version-history":[{"count":3,"href":"https:\/\/angelsolisnoticias.com\/index.php\/wp-json\/wp\/v2\/posts\/6358\/revisions"}],"predecessor-version":[{"id":6366,"href":"https:\/\/angelsolisnoticias.com\/index.php\/wp-json\/wp\/v2\/posts\/6358\/revisions\/6366"}],"wp:featuredmedia":[{"embeddable":true,"href":"https:\/\/angelsolisnoticias.com\/index.php\/wp-json\/wp\/v2\/media\/6360"}],"wp:attachment":[{"href":"https:\/\/angelsolisnoticias.com\/index.php\/wp-json\/wp\/v2\/media?parent=6358"}],"wp:term":[{"taxonomy":"category","embeddable":true,"href":"https:\/\/angelsolisnoticias.com\/index.php\/wp-json\/wp\/v2\/categories?post=6358"},{"taxonomy":"post_tag","embeddable":true,"href":"https:\/\/angelsolisnoticias.com\/index.php\/wp-json\/wp\/v2\/tags?post=6358"}],"curies":[{"name":"wp","href":"https:\/\/api.w.org\/{rel}","templated":true}]}}