{"id":6394,"date":"2024-02-27T14:36:43","date_gmt":"2024-02-27T14:36:43","guid":{"rendered":"https:\/\/angelsolisnoticias.com\/?p=6394"},"modified":"2024-02-27T23:53:41","modified_gmt":"2024-02-27T23:53:41","slug":"unidos-por-la-vida-celebrando-la-resiliencia-de-las-mujeres-y-promoviendo-la-salud","status":"publish","type":"post","link":"https:\/\/angelsolisnoticias.com\/index.php\/2024\/02\/27\/unidos-por-la-vida-celebrando-la-resiliencia-de-las-mujeres-y-promoviendo-la-salud\/","title":{"rendered":"&#8220;Unidos por la Vida&#8221;: Celebrando la Resiliencia de las Mujeres y Promoviendo la Salud&#8221;"},"content":{"rendered":"<p>Playa del Carmen, Solidaridad a 27 de febrero de 2024<br \/>\nRedacci\u00f3n<\/p>\n<p>En honor al D\u00eda Internacional de la Mujer, se llevar\u00e1 a cabo el evento &#8220;Unidos por la Vida&#8221;, una iniciativa destinada a resaltar la importancia del trabajo de las mujeres, as\u00ed como la prevenci\u00f3n y detecci\u00f3n temprana del c\u00e1ncer de mama y del virus del papiloma. El gobierno municipal que encabeza Lili Campos, brind\u00f3 apoyo y todas las facilidades para que este evento tenga lugar en la renovada Plaza 28 de Julio, los d\u00edas 6, 7 y 8 de marzo, desde las 5 de la tarde hasta las 10 de la noche.<\/p>\n<p>En conferencia de prensa, la organizadora Mariana Guti\u00e9rrez, anunci\u00f3 que de la mano con las fundaciones Forjando un \u00c1ngel, Azarael Balvigo, el Centro de Atenci\u00f3n de Terapia Integral y Nenis Playa del Carmen oficial by Sara Herrera, llevar\u00e1n a cabo dicho evento con el prop\u00f3sito de concientizar y recrear a todas las familias, especialmente aquellas que lamentablemente tienen un miembro afectado por alguna enfermedad.<\/p>\n<p><img loading=\"lazy\" decoding=\"async\" class=\"aligncenter wp-image-6397 \" src=\"https:\/\/angelsolisnoticias.com\/wp-content\/uploads\/2024\/02\/Solidaridad-Resiliencia-Mujeres3.jpg\" alt=\"\" width=\"429\" height=\"447\" srcset=\"https:\/\/angelsolisnoticias.com\/wp-content\/uploads\/2024\/02\/Solidaridad-Resiliencia-Mujeres3.jpg 720w, https:\/\/angelsolisnoticias.com\/wp-content\/uploads\/2024\/02\/Solidaridad-Resiliencia-Mujeres3-288x300.jpg 288w\" sizes=\"auto, (max-width: 429px) 100vw, 429px\" \/><\/p>\n<p>Rosa Alor, una sobreviviente diagnosticada con c\u00e1ncer, comparti\u00f3 su testimonio durante la conferencia, expresando: &#8220;Este a\u00f1o marca mi primer a\u00f1o de vida luchando desafortunadamente contra el c\u00e1ncer. Cl\u00ednicamente, no me dan esperanzas de vida, sin embargo, f\u00edsicamente me siento bien. Lucho d\u00eda a d\u00eda para que el c\u00e1ncer no me consuma. Lo que realmente te puede matar es la mentalidad con la que enfrentas cualquier enfermedad&#8221;. Alent\u00f3 a todos a superar la verg\u00fcenza, escuchar sus cuerpos y realizarse chequeos peri\u00f3dicos.<\/p>\n<p><img loading=\"lazy\" decoding=\"async\" class=\"aligncenter wp-image-6396 \" src=\"https:\/\/angelsolisnoticias.com\/wp-content\/uploads\/2024\/02\/Solidaridad-Resiliencia-Mujeres4.jpg\" alt=\"\" width=\"495\" height=\"372\" srcset=\"https:\/\/angelsolisnoticias.com\/wp-content\/uploads\/2024\/02\/Solidaridad-Resiliencia-Mujeres4.jpg 720w, https:\/\/angelsolisnoticias.com\/wp-content\/uploads\/2024\/02\/Solidaridad-Resiliencia-Mujeres4-300x225.jpg 300w\" sizes=\"auto, (max-width: 495px) 100vw, 495px\" \/><\/p>\n<p>El evento &#8220;Unidos por la Vida&#8221; contar\u00e1 con diversas conferencias y apoyo de terapias integrales, ofreciendo orientaci\u00f3n para cualquier persona que haya experimentado o est\u00e9 enfrentando alguna patolog\u00eda. Adem\u00e1s, en un gesto de apoyo a la econom\u00eda de las mujeres emprendedoras, se les brindar\u00e1 espacios para vender sus productos y servicios. A todas las personas interesadas en participar como vendedoras\u00a0 y que requieran m\u00e1s informaci\u00f3n, pueden comunicarse al n\u00famero 984 152 11 66.<\/p>\n","protected":false},"excerpt":{"rendered":"<p>Playa del Carmen, Solidaridad a 27 de febrero de 2024 Redacci\u00f3n En honor al D\u00eda Internacional de la Mujer, se llevar\u00e1 a cabo el evento &#8220;Unidos por la Vida&#8221;, una iniciativa destinada a resaltar la importancia del trabajo de las mujeres, as\u00ed como la prevenci\u00f3n y detecci\u00f3n temprana del c\u00e1ncer <a href=\"https:\/\/angelsolisnoticias.com\/index.php\/2024\/02\/27\/unidos-por-la-vida-celebrando-la-resiliencia-de-las-mujeres-y-promoviendo-la-salud\/\" class=\"btn btn-link continue-link\">Seguir leyendo<\/a><\/p>\n","protected":false},"author":1,"featured_media":6399,"comment_status":"open","ping_status":"open","sticky":false,"template":"","format":"standard","meta":{"footnotes":""},"categories":[6,1],"tags":[],"class_list":["post-6394","post","type-post","status-publish","format-standard","has-post-thumbnail","hentry","category-solidaridad","category-uncategorized"],"yoast_head":"<!-- This site is optimized with the Yoast SEO plugin v21.1 - https:\/\/yoast.com\/wordpress\/plugins\/seo\/ -->\n<title>&quot;Unidos por la Vida&quot;: Celebrando la Resiliencia de las Mujeres y Promoviendo la Salud&quot;<\/title>\n<meta name=\"description\" content=\".\" \/>\n<meta name=\"robots\" content=\"index, follow, max-snippet:-1, max-image-preview:large, max-video-preview:-1\" \/>\n<link rel=\"canonical\" href=\"https:\/\/angelsolisnoticias.com\/index.php\/2024\/02\/27\/unidos-por-la-vida-celebrando-la-resiliencia-de-las-mujeres-y-promoviendo-la-salud\/\" \/>\n<meta property=\"og:locale\" content=\"es_MX\" \/>\n<meta property=\"og:type\" content=\"article\" \/>\n<meta property=\"og:title\" content=\"&quot;Unidos por la Vida&quot;: Celebrando la Resiliencia de las Mujeres y Promoviendo la Salud&quot;\" \/>\n<meta property=\"og:description\" content=\".\" \/>\n<meta property=\"og:url\" content=\"https:\/\/angelsolisnoticias.com\/index.php\/2024\/02\/27\/unidos-por-la-vida-celebrando-la-resiliencia-de-las-mujeres-y-promoviendo-la-salud\/\" \/>\n<meta property=\"og:site_name\" content=\"\u00c1ngel Solis\" \/>\n<meta property=\"article:publisher\" content=\"https:\/\/www.facebook.com\/periodistasquintanaroo\" \/>\n<meta property=\"article:published_time\" content=\"2024-02-27T14:36:43+00:00\" \/>\n<meta property=\"article:modified_time\" content=\"2024-02-27T23:53:41+00:00\" \/>\n<meta property=\"og:image\" content=\"https:\/\/angelsolisnoticias.com\/wp-content\/uploads\/2024\/02\/Solidaridad-Resiliencia-Mujeres1.jpg\" \/>\n\t<meta property=\"og:image:width\" content=\"800\" \/>\n\t<meta property=\"og:image:height\" content=\"569\" \/>\n\t<meta property=\"og:image:type\" content=\"image\/jpeg\" \/>\n<meta name=\"author\" content=\"admin\" \/>\n<meta name=\"twitter:card\" content=\"summary_large_image\" \/>\n<meta name=\"twitter:creator\" content=\"@PERIODISTASQROO\" \/>\n<meta name=\"twitter:site\" content=\"@PERIODISTASQROO\" \/>\n<meta name=\"twitter:label1\" content=\"Escrito por\" \/>\n\t<meta name=\"twitter:data1\" content=\"admin\" \/>\n\t<meta name=\"twitter:label2\" content=\"Tiempo de lectura\" \/>\n\t<meta name=\"twitter:data2\" content=\"2 minutos\" \/>\n<script type=\"application\/ld+json\" class=\"yoast-schema-graph\">{\"@context\":\"https:\/\/schema.org\",\"@graph\":[{\"@type\":\"Article\",\"@id\":\"https:\/\/angelsolisnoticias.com\/index.php\/2024\/02\/27\/unidos-por-la-vida-celebrando-la-resiliencia-de-las-mujeres-y-promoviendo-la-salud\/#article\",\"isPartOf\":{\"@id\":\"https:\/\/angelsolisnoticias.com\/index.php\/2024\/02\/27\/unidos-por-la-vida-celebrando-la-resiliencia-de-las-mujeres-y-promoviendo-la-salud\/\"},\"author\":{\"name\":\"admin\",\"@id\":\"https:\/\/angelsolisnoticias.com\/#\/schema\/person\/d5ca5e4c5f05db44e86cb564bf81ae6f\"},\"headline\":\"&#8220;Unidos por la Vida&#8221;: Celebrando la Resiliencia de las Mujeres y Promoviendo la Salud&#8221;\",\"datePublished\":\"2024-02-27T14:36:43+00:00\",\"dateModified\":\"2024-02-27T23:53:41+00:00\",\"mainEntityOfPage\":{\"@id\":\"https:\/\/angelsolisnoticias.com\/index.php\/2024\/02\/27\/unidos-por-la-vida-celebrando-la-resiliencia-de-las-mujeres-y-promoviendo-la-salud\/\"},\"wordCount\":350,\"commentCount\":0,\"publisher\":{\"@id\":\"https:\/\/angelsolisnoticias.com\/#organization\"},\"articleSection\":[\"Solidaridad\",\"Uncategorized\"],\"inLanguage\":\"es\",\"potentialAction\":[{\"@type\":\"CommentAction\",\"name\":\"Comment\",\"target\":[\"https:\/\/angelsolisnoticias.com\/index.php\/2024\/02\/27\/unidos-por-la-vida-celebrando-la-resiliencia-de-las-mujeres-y-promoviendo-la-salud\/#respond\"]}]},{\"@type\":\"WebPage\",\"@id\":\"https:\/\/angelsolisnoticias.com\/index.php\/2024\/02\/27\/unidos-por-la-vida-celebrando-la-resiliencia-de-las-mujeres-y-promoviendo-la-salud\/\",\"url\":\"https:\/\/angelsolisnoticias.com\/index.php\/2024\/02\/27\/unidos-por-la-vida-celebrando-la-resiliencia-de-las-mujeres-y-promoviendo-la-salud\/\",\"name\":\"\\\"Unidos por la Vida\\\": Celebrando la Resiliencia de las Mujeres y Promoviendo la Salud\\\"\",\"isPartOf\":{\"@id\":\"https:\/\/angelsolisnoticias.com\/#website\"},\"datePublished\":\"2024-02-27T14:36:43+00:00\",\"dateModified\":\"2024-02-27T23:53:41+00:00\",\"description\":\".\",\"breadcrumb\":{\"@id\":\"https:\/\/angelsolisnoticias.com\/index.php\/2024\/02\/27\/unidos-por-la-vida-celebrando-la-resiliencia-de-las-mujeres-y-promoviendo-la-salud\/#breadcrumb\"},\"inLanguage\":\"es\",\"potentialAction\":[{\"@type\":\"ReadAction\",\"target\":[\"https:\/\/angelsolisnoticias.com\/index.php\/2024\/02\/27\/unidos-por-la-vida-celebrando-la-resiliencia-de-las-mujeres-y-promoviendo-la-salud\/\"]}]},{\"@type\":\"BreadcrumbList\",\"@id\":\"https:\/\/angelsolisnoticias.com\/index.php\/2024\/02\/27\/unidos-por-la-vida-celebrando-la-resiliencia-de-las-mujeres-y-promoviendo-la-salud\/#breadcrumb\",\"itemListElement\":[{\"@type\":\"ListItem\",\"position\":1,\"name\":\"Inicio\",\"item\":\"https:\/\/angelsolisnoticias.com\/\"},{\"@type\":\"ListItem\",\"position\":2,\"name\":\"&#8220;Unidos por la Vida&#8221;: Celebrando la Resiliencia de las Mujeres y Promoviendo la Salud&#8221;\"}]},{\"@type\":\"WebSite\",\"@id\":\"https:\/\/angelsolisnoticias.com\/#website\",\"url\":\"https:\/\/angelsolisnoticias.com\/\",\"name\":\"\u00c1ngel Solis\",\"description\":\"Noticias de Quintana Roo\",\"publisher\":{\"@id\":\"https:\/\/angelsolisnoticias.com\/#organization\"},\"potentialAction\":[{\"@type\":\"SearchAction\",\"target\":{\"@type\":\"EntryPoint\",\"urlTemplate\":\"https:\/\/angelsolisnoticias.com\/?s={search_term_string}\"},\"query-input\":\"required name=search_term_string\"}],\"inLanguage\":\"es\"},{\"@type\":\"Organization\",\"@id\":\"https:\/\/angelsolisnoticias.com\/#organization\",\"name\":\"\u00c1ngel Solis\",\"url\":\"https:\/\/angelsolisnoticias.com\/\",\"logo\":{\"@type\":\"ImageObject\",\"inLanguage\":\"es\",\"@id\":\"https:\/\/angelsolisnoticias.com\/#\/schema\/logo\/image\/\",\"url\":\"https:\/\/angelsolisnoticias.com\/wp-content\/uploads\/2023\/01\/LOGO3.png\",\"contentUrl\":\"https:\/\/angelsolisnoticias.com\/wp-content\/uploads\/2023\/01\/LOGO3.png\",\"width\":1853,\"height\":570,\"caption\":\"\u00c1ngel Solis\"},\"image\":{\"@id\":\"https:\/\/angelsolisnoticias.com\/#\/schema\/logo\/image\/\"},\"sameAs\":[\"https:\/\/www.facebook.com\/periodistasquintanaroo\",\"https:\/\/twitter.com\/PERIODISTASQROO\"]},{\"@type\":\"Person\",\"@id\":\"https:\/\/angelsolisnoticias.com\/#\/schema\/person\/d5ca5e4c5f05db44e86cb564bf81ae6f\",\"name\":\"admin\",\"image\":{\"@type\":\"ImageObject\",\"inLanguage\":\"es\",\"@id\":\"https:\/\/angelsolisnoticias.com\/#\/schema\/person\/image\/\",\"url\":\"https:\/\/secure.gravatar.com\/avatar\/dff3eaf7d33320066684ce268bff2bf90ce4f69456139b2d65d7796f64299e47?s=96&d=mm&r=g\",\"contentUrl\":\"https:\/\/secure.gravatar.com\/avatar\/dff3eaf7d33320066684ce268bff2bf90ce4f69456139b2d65d7796f64299e47?s=96&d=mm&r=g\",\"caption\":\"admin\"},\"sameAs\":[\"https:\/\/angelsolisnoticias.com\"],\"url\":\"https:\/\/angelsolisnoticias.com\/index.php\/author\/admin_qnbaat5l\/\"}]}<\/script>\n<!-- \/ Yoast SEO plugin. -->","yoast_head_json":{"title":"\"Unidos por la Vida\": Celebrando la Resiliencia de las Mujeres y Promoviendo la Salud\"","description":".","robots":{"index":"index","follow":"follow","max-snippet":"max-snippet:-1","max-image-preview":"max-image-preview:large","max-video-preview":"max-video-preview:-1"},"canonical":"https:\/\/angelsolisnoticias.com\/index.php\/2024\/02\/27\/unidos-por-la-vida-celebrando-la-resiliencia-de-las-mujeres-y-promoviendo-la-salud\/","og_locale":"es_MX","og_type":"article","og_title":"\"Unidos por la Vida\": Celebrando la Resiliencia de las Mujeres y Promoviendo la Salud\"","og_description":".","og_url":"https:\/\/angelsolisnoticias.com\/index.php\/2024\/02\/27\/unidos-por-la-vida-celebrando-la-resiliencia-de-las-mujeres-y-promoviendo-la-salud\/","og_site_name":"\u00c1ngel Solis","article_publisher":"https:\/\/www.facebook.com\/periodistasquintanaroo","article_published_time":"2024-02-27T14:36:43+00:00","article_modified_time":"2024-02-27T23:53:41+00:00","og_image":[{"width":800,"height":569,"url":"https:\/\/angelsolisnoticias.com\/wp-content\/uploads\/2024\/02\/Solidaridad-Resiliencia-Mujeres1.jpg","type":"image\/jpeg"}],"author":"admin","twitter_card":"summary_large_image","twitter_creator":"@PERIODISTASQROO","twitter_site":"@PERIODISTASQROO","twitter_misc":{"Escrito por":"admin","Tiempo de lectura":"2 minutos"},"schema":{"@context":"https:\/\/schema.org","@graph":[{"@type":"Article","@id":"https:\/\/angelsolisnoticias.com\/index.php\/2024\/02\/27\/unidos-por-la-vida-celebrando-la-resiliencia-de-las-mujeres-y-promoviendo-la-salud\/#article","isPartOf":{"@id":"https:\/\/angelsolisnoticias.com\/index.php\/2024\/02\/27\/unidos-por-la-vida-celebrando-la-resiliencia-de-las-mujeres-y-promoviendo-la-salud\/"},"author":{"name":"admin","@id":"https:\/\/angelsolisnoticias.com\/#\/schema\/person\/d5ca5e4c5f05db44e86cb564bf81ae6f"},"headline":"&#8220;Unidos por la Vida&#8221;: Celebrando la Resiliencia de las Mujeres y Promoviendo la Salud&#8221;","datePublished":"2024-02-27T14:36:43+00:00","dateModified":"2024-02-27T23:53:41+00:00","mainEntityOfPage":{"@id":"https:\/\/angelsolisnoticias.com\/index.php\/2024\/02\/27\/unidos-por-la-vida-celebrando-la-resiliencia-de-las-mujeres-y-promoviendo-la-salud\/"},"wordCount":350,"commentCount":0,"publisher":{"@id":"https:\/\/angelsolisnoticias.com\/#organization"},"articleSection":["Solidaridad","Uncategorized"],"inLanguage":"es","potentialAction":[{"@type":"CommentAction","name":"Comment","target":["https:\/\/angelsolisnoticias.com\/index.php\/2024\/02\/27\/unidos-por-la-vida-celebrando-la-resiliencia-de-las-mujeres-y-promoviendo-la-salud\/#respond"]}]},{"@type":"WebPage","@id":"https:\/\/angelsolisnoticias.com\/index.php\/2024\/02\/27\/unidos-por-la-vida-celebrando-la-resiliencia-de-las-mujeres-y-promoviendo-la-salud\/","url":"https:\/\/angelsolisnoticias.com\/index.php\/2024\/02\/27\/unidos-por-la-vida-celebrando-la-resiliencia-de-las-mujeres-y-promoviendo-la-salud\/","name":"\"Unidos por la Vida\": Celebrando la Resiliencia de las Mujeres y Promoviendo la Salud\"","isPartOf":{"@id":"https:\/\/angelsolisnoticias.com\/#website"},"datePublished":"2024-02-27T14:36:43+00:00","dateModified":"2024-02-27T23:53:41+00:00","description":".","breadcrumb":{"@id":"https:\/\/angelsolisnoticias.com\/index.php\/2024\/02\/27\/unidos-por-la-vida-celebrando-la-resiliencia-de-las-mujeres-y-promoviendo-la-salud\/#breadcrumb"},"inLanguage":"es","potentialAction":[{"@type":"ReadAction","target":["https:\/\/angelsolisnoticias.com\/index.php\/2024\/02\/27\/unidos-por-la-vida-celebrando-la-resiliencia-de-las-mujeres-y-promoviendo-la-salud\/"]}]},{"@type":"BreadcrumbList","@id":"https:\/\/angelsolisnoticias.com\/index.php\/2024\/02\/27\/unidos-por-la-vida-celebrando-la-resiliencia-de-las-mujeres-y-promoviendo-la-salud\/#breadcrumb","itemListElement":[{"@type":"ListItem","position":1,"name":"Inicio","item":"https:\/\/angelsolisnoticias.com\/"},{"@type":"ListItem","position":2,"name":"&#8220;Unidos por la Vida&#8221;: Celebrando la Resiliencia de las Mujeres y Promoviendo la Salud&#8221;"}]},{"@type":"WebSite","@id":"https:\/\/angelsolisnoticias.com\/#website","url":"https:\/\/angelsolisnoticias.com\/","name":"\u00c1ngel Solis","description":"Noticias de Quintana Roo","publisher":{"@id":"https:\/\/angelsolisnoticias.com\/#organization"},"potentialAction":[{"@type":"SearchAction","target":{"@type":"EntryPoint","urlTemplate":"https:\/\/angelsolisnoticias.com\/?s={search_term_string}"},"query-input":"required name=search_term_string"}],"inLanguage":"es"},{"@type":"Organization","@id":"https:\/\/angelsolisnoticias.com\/#organization","name":"\u00c1ngel Solis","url":"https:\/\/angelsolisnoticias.com\/","logo":{"@type":"ImageObject","inLanguage":"es","@id":"https:\/\/angelsolisnoticias.com\/#\/schema\/logo\/image\/","url":"https:\/\/angelsolisnoticias.com\/wp-content\/uploads\/2023\/01\/LOGO3.png","contentUrl":"https:\/\/angelsolisnoticias.com\/wp-content\/uploads\/2023\/01\/LOGO3.png","width":1853,"height":570,"caption":"\u00c1ngel Solis"},"image":{"@id":"https:\/\/angelsolisnoticias.com\/#\/schema\/logo\/image\/"},"sameAs":["https:\/\/www.facebook.com\/periodistasquintanaroo","https:\/\/twitter.com\/PERIODISTASQROO"]},{"@type":"Person","@id":"https:\/\/angelsolisnoticias.com\/#\/schema\/person\/d5ca5e4c5f05db44e86cb564bf81ae6f","name":"admin","image":{"@type":"ImageObject","inLanguage":"es","@id":"https:\/\/angelsolisnoticias.com\/#\/schema\/person\/image\/","url":"https:\/\/secure.gravatar.com\/avatar\/dff3eaf7d33320066684ce268bff2bf90ce4f69456139b2d65d7796f64299e47?s=96&d=mm&r=g","contentUrl":"https:\/\/secure.gravatar.com\/avatar\/dff3eaf7d33320066684ce268bff2bf90ce4f69456139b2d65d7796f64299e47?s=96&d=mm&r=g","caption":"admin"},"sameAs":["https:\/\/angelsolisnoticias.com"],"url":"https:\/\/angelsolisnoticias.com\/index.php\/author\/admin_qnbaat5l\/"}]}},"jetpack_featured_media_url":"https:\/\/angelsolisnoticias.com\/wp-content\/uploads\/2024\/02\/Solidaridad-Resiliencia-Mujeres1.jpg","_links":{"self":[{"href":"https:\/\/angelsolisnoticias.com\/index.php\/wp-json\/wp\/v2\/posts\/6394","targetHints":{"allow":["GET"]}}],"collection":[{"href":"https:\/\/angelsolisnoticias.com\/index.php\/wp-json\/wp\/v2\/posts"}],"about":[{"href":"https:\/\/angelsolisnoticias.com\/index.php\/wp-json\/wp\/v2\/types\/post"}],"author":[{"embeddable":true,"href":"https:\/\/angelsolisnoticias.com\/index.php\/wp-json\/wp\/v2\/users\/1"}],"replies":[{"embeddable":true,"href":"https:\/\/angelsolisnoticias.com\/index.php\/wp-json\/wp\/v2\/comments?post=6394"}],"version-history":[{"count":3,"href":"https:\/\/angelsolisnoticias.com\/index.php\/wp-json\/wp\/v2\/posts\/6394\/revisions"}],"predecessor-version":[{"id":6401,"href":"https:\/\/angelsolisnoticias.com\/index.php\/wp-json\/wp\/v2\/posts\/6394\/revisions\/6401"}],"wp:featuredmedia":[{"embeddable":true,"href":"https:\/\/angelsolisnoticias.com\/index.php\/wp-json\/wp\/v2\/media\/6399"}],"wp:attachment":[{"href":"https:\/\/angelsolisnoticias.com\/index.php\/wp-json\/wp\/v2\/media?parent=6394"}],"wp:term":[{"taxonomy":"category","embeddable":true,"href":"https:\/\/angelsolisnoticias.com\/index.php\/wp-json\/wp\/v2\/categories?post=6394"},{"taxonomy":"post_tag","embeddable":true,"href":"https:\/\/angelsolisnoticias.com\/index.php\/wp-json\/wp\/v2\/tags?post=6394"}],"curies":[{"name":"wp","href":"https:\/\/api.w.org\/{rel}","templated":true}]}}