{"id":6439,"date":"2024-03-04T19:26:10","date_gmt":"2024-03-04T19:26:10","guid":{"rendered":"https:\/\/angelsolisnoticias.com\/?p=6439"},"modified":"2024-03-05T02:15:06","modified_gmt":"2024-03-05T02:15:06","slug":"felipe-carrillo-puerto-avanza-en-la-proteccion-de-la-selva-maya","status":"publish","type":"post","link":"https:\/\/angelsolisnoticias.com\/index.php\/2024\/03\/04\/felipe-carrillo-puerto-avanza-en-la-proteccion-de-la-selva-maya\/","title":{"rendered":"Felipe Carrillo Puerto avanza en la protecci\u00f3n de la selva maya"},"content":{"rendered":"<p>Felipe Carrillo Puerto, 4 de marzo<br \/>\nRedacci\u00f3n<\/p>\n<p>En un esfuerzo sin precedentes por salvaguardar el patrimonio natural de Quintana Roo, el Ayuntamiento de Felipe Carrillo Puerto, en colaboraci\u00f3n con la Comisi\u00f3n Nacional Forestal (CONAFOR), ha dado un paso adelante en la protecci\u00f3n de la invaluable selva maya a trav\u00e9s de un convenio que refuerza las acciones de saneamiento ambiental en \u00e1reas cr\u00edticas del municipio.<\/p>\n<p>Desde junio de 2023, una brigada especializada de saneamiento ambiental ha estado trabajando incansablemente en aproximadamente 300 hect\u00e1reas de terreno, centrando sus esfuerzos en la regi\u00f3n occidental y la zona costera, particularmente en las comunidades de Chunhuas y la aldea pesquera de Punta Herrero.<\/p>\n<p>Este proyecto ha sido crucial para combatir la presencia de plagas destructivas, como el \u00e1caro rojo y el mu\u00e9rdago, esta \u00faltima una planta par\u00e1sita capaz de matar \u00e1rboles en casos de infestaci\u00f3n grave.<\/p>\n<p>Los trabajos han incluido la detecci\u00f3n meticulosa de estas amenazas y la implementaci\u00f3n de tratamientos espec\u00edficos para cada \u00e1rea. En Chunhuas, se ha optado por la poda de ramas afectadas, una estrategia efectiva para detener la propagaci\u00f3n del mu\u00e9rdago. Mientras tanto, en Punta Herrero, se han llevado a cabo fumigaciones intensivas dirigidas a erradicar el \u00e1caro rojo, protegiendo as\u00ed la vegetaci\u00f3n vital para el ecosistema local.<\/p>\n<p>Este convenio no solo simboliza un compromiso firme con la conservaci\u00f3n ambiental, sino que tambi\u00e9n subraya la importancia de mantener la salud de la selva para el equilibrio ecol\u00f3gico y el bienestar de las comunidades locales.<\/p>\n<p>La iniciativa destaca la responsabilidad compartida en la protecci\u00f3n de los tesoros naturales de Quintana Roo y establece un modelo a seguir en la conservaci\u00f3n del medio ambiente a nivel nacional e internacional. Con este convenio, Felipe Carrillo Puerto reafirma su posici\u00f3n como guardi\u00e1n de la Selva Maya, un legado que trasciende generaciones.<\/p>\n","protected":false},"excerpt":{"rendered":"<p>Felipe Carrillo Puerto, 4 de marzo Redacci\u00f3n En un esfuerzo sin precedentes por salvaguardar el patrimonio natural de Quintana Roo, el Ayuntamiento de Felipe Carrillo Puerto, en colaboraci\u00f3n con la Comisi\u00f3n Nacional Forestal (CONAFOR), ha dado un paso adelante en la protecci\u00f3n de la invaluable selva maya a trav\u00e9s de <a href=\"https:\/\/angelsolisnoticias.com\/index.php\/2024\/03\/04\/felipe-carrillo-puerto-avanza-en-la-proteccion-de-la-selva-maya\/\" class=\"btn btn-link continue-link\">Seguir leyendo<\/a><\/p>\n","protected":false},"author":1,"featured_media":6442,"comment_status":"open","ping_status":"open","sticky":false,"template":"","format":"standard","meta":{"footnotes":""},"categories":[1],"tags":[],"class_list":["post-6439","post","type-post","status-publish","format-standard","has-post-thumbnail","hentry","category-uncategorized"],"yoast_head":"<!-- This site is optimized with the Yoast SEO plugin v21.1 - https:\/\/yoast.com\/wordpress\/plugins\/seo\/ -->\n<title>Felipe Carrillo Puerto avanza en la protecci\u00f3n de la selva maya<\/title>\n<meta name=\"description\" content=\".\" \/>\n<meta name=\"robots\" content=\"index, follow, max-snippet:-1, max-image-preview:large, max-video-preview:-1\" \/>\n<link rel=\"canonical\" href=\"https:\/\/angelsolisnoticias.com\/index.php\/2024\/03\/04\/felipe-carrillo-puerto-avanza-en-la-proteccion-de-la-selva-maya\/\" \/>\n<meta property=\"og:locale\" content=\"es_MX\" \/>\n<meta property=\"og:type\" content=\"article\" \/>\n<meta property=\"og:title\" content=\"Felipe Carrillo Puerto avanza en la protecci\u00f3n de la selva maya\" \/>\n<meta property=\"og:description\" content=\".\" \/>\n<meta property=\"og:url\" content=\"https:\/\/angelsolisnoticias.com\/index.php\/2024\/03\/04\/felipe-carrillo-puerto-avanza-en-la-proteccion-de-la-selva-maya\/\" \/>\n<meta property=\"og:site_name\" content=\"\u00c1ngel Solis\" \/>\n<meta property=\"article:publisher\" content=\"https:\/\/www.facebook.com\/periodistasquintanaroo\" \/>\n<meta property=\"article:published_time\" content=\"2024-03-04T19:26:10+00:00\" \/>\n<meta property=\"article:modified_time\" content=\"2024-03-05T02:15:06+00:00\" \/>\n<meta property=\"og:image\" content=\"https:\/\/angelsolisnoticias.com\/wp-content\/uploads\/2024\/03\/Carrillo-Proteccion-Selva2-1.jpg\" \/>\n\t<meta property=\"og:image:width\" content=\"800\" \/>\n\t<meta property=\"og:image:height\" content=\"569\" \/>\n\t<meta property=\"og:image:type\" content=\"image\/jpeg\" \/>\n<meta name=\"author\" content=\"admin\" \/>\n<meta name=\"twitter:card\" content=\"summary_large_image\" \/>\n<meta name=\"twitter:creator\" content=\"@PERIODISTASQROO\" \/>\n<meta name=\"twitter:site\" content=\"@PERIODISTASQROO\" \/>\n<meta name=\"twitter:label1\" content=\"Escrito por\" \/>\n\t<meta name=\"twitter:data1\" content=\"admin\" \/>\n\t<meta name=\"twitter:label2\" content=\"Tiempo de lectura\" \/>\n\t<meta name=\"twitter:data2\" content=\"2 minutos\" \/>\n<script type=\"application\/ld+json\" class=\"yoast-schema-graph\">{\"@context\":\"https:\/\/schema.org\",\"@graph\":[{\"@type\":\"Article\",\"@id\":\"https:\/\/angelsolisnoticias.com\/index.php\/2024\/03\/04\/felipe-carrillo-puerto-avanza-en-la-proteccion-de-la-selva-maya\/#article\",\"isPartOf\":{\"@id\":\"https:\/\/angelsolisnoticias.com\/index.php\/2024\/03\/04\/felipe-carrillo-puerto-avanza-en-la-proteccion-de-la-selva-maya\/\"},\"author\":{\"name\":\"admin\",\"@id\":\"https:\/\/angelsolisnoticias.com\/#\/schema\/person\/d5ca5e4c5f05db44e86cb564bf81ae6f\"},\"headline\":\"Felipe Carrillo Puerto avanza en la protecci\u00f3n de la selva maya\",\"datePublished\":\"2024-03-04T19:26:10+00:00\",\"dateModified\":\"2024-03-05T02:15:06+00:00\",\"mainEntityOfPage\":{\"@id\":\"https:\/\/angelsolisnoticias.com\/index.php\/2024\/03\/04\/felipe-carrillo-puerto-avanza-en-la-proteccion-de-la-selva-maya\/\"},\"wordCount\":329,\"commentCount\":0,\"publisher\":{\"@id\":\"https:\/\/angelsolisnoticias.com\/#organization\"},\"articleSection\":[\"Uncategorized\"],\"inLanguage\":\"es\",\"potentialAction\":[{\"@type\":\"CommentAction\",\"name\":\"Comment\",\"target\":[\"https:\/\/angelsolisnoticias.com\/index.php\/2024\/03\/04\/felipe-carrillo-puerto-avanza-en-la-proteccion-de-la-selva-maya\/#respond\"]}]},{\"@type\":\"WebPage\",\"@id\":\"https:\/\/angelsolisnoticias.com\/index.php\/2024\/03\/04\/felipe-carrillo-puerto-avanza-en-la-proteccion-de-la-selva-maya\/\",\"url\":\"https:\/\/angelsolisnoticias.com\/index.php\/2024\/03\/04\/felipe-carrillo-puerto-avanza-en-la-proteccion-de-la-selva-maya\/\",\"name\":\"Felipe Carrillo Puerto avanza en la protecci\u00f3n de la selva maya\",\"isPartOf\":{\"@id\":\"https:\/\/angelsolisnoticias.com\/#website\"},\"datePublished\":\"2024-03-04T19:26:10+00:00\",\"dateModified\":\"2024-03-05T02:15:06+00:00\",\"description\":\".\",\"breadcrumb\":{\"@id\":\"https:\/\/angelsolisnoticias.com\/index.php\/2024\/03\/04\/felipe-carrillo-puerto-avanza-en-la-proteccion-de-la-selva-maya\/#breadcrumb\"},\"inLanguage\":\"es\",\"potentialAction\":[{\"@type\":\"ReadAction\",\"target\":[\"https:\/\/angelsolisnoticias.com\/index.php\/2024\/03\/04\/felipe-carrillo-puerto-avanza-en-la-proteccion-de-la-selva-maya\/\"]}]},{\"@type\":\"BreadcrumbList\",\"@id\":\"https:\/\/angelsolisnoticias.com\/index.php\/2024\/03\/04\/felipe-carrillo-puerto-avanza-en-la-proteccion-de-la-selva-maya\/#breadcrumb\",\"itemListElement\":[{\"@type\":\"ListItem\",\"position\":1,\"name\":\"Inicio\",\"item\":\"https:\/\/angelsolisnoticias.com\/\"},{\"@type\":\"ListItem\",\"position\":2,\"name\":\"Felipe Carrillo Puerto avanza en la protecci\u00f3n de la selva maya\"}]},{\"@type\":\"WebSite\",\"@id\":\"https:\/\/angelsolisnoticias.com\/#website\",\"url\":\"https:\/\/angelsolisnoticias.com\/\",\"name\":\"\u00c1ngel Solis\",\"description\":\"Noticias de Quintana Roo\",\"publisher\":{\"@id\":\"https:\/\/angelsolisnoticias.com\/#organization\"},\"potentialAction\":[{\"@type\":\"SearchAction\",\"target\":{\"@type\":\"EntryPoint\",\"urlTemplate\":\"https:\/\/angelsolisnoticias.com\/?s={search_term_string}\"},\"query-input\":\"required name=search_term_string\"}],\"inLanguage\":\"es\"},{\"@type\":\"Organization\",\"@id\":\"https:\/\/angelsolisnoticias.com\/#organization\",\"name\":\"\u00c1ngel Solis\",\"url\":\"https:\/\/angelsolisnoticias.com\/\",\"logo\":{\"@type\":\"ImageObject\",\"inLanguage\":\"es\",\"@id\":\"https:\/\/angelsolisnoticias.com\/#\/schema\/logo\/image\/\",\"url\":\"https:\/\/angelsolisnoticias.com\/wp-content\/uploads\/2023\/01\/LOGO3.png\",\"contentUrl\":\"https:\/\/angelsolisnoticias.com\/wp-content\/uploads\/2023\/01\/LOGO3.png\",\"width\":1853,\"height\":570,\"caption\":\"\u00c1ngel Solis\"},\"image\":{\"@id\":\"https:\/\/angelsolisnoticias.com\/#\/schema\/logo\/image\/\"},\"sameAs\":[\"https:\/\/www.facebook.com\/periodistasquintanaroo\",\"https:\/\/twitter.com\/PERIODISTASQROO\"]},{\"@type\":\"Person\",\"@id\":\"https:\/\/angelsolisnoticias.com\/#\/schema\/person\/d5ca5e4c5f05db44e86cb564bf81ae6f\",\"name\":\"admin\",\"image\":{\"@type\":\"ImageObject\",\"inLanguage\":\"es\",\"@id\":\"https:\/\/angelsolisnoticias.com\/#\/schema\/person\/image\/\",\"url\":\"https:\/\/secure.gravatar.com\/avatar\/dff3eaf7d33320066684ce268bff2bf90ce4f69456139b2d65d7796f64299e47?s=96&d=mm&r=g\",\"contentUrl\":\"https:\/\/secure.gravatar.com\/avatar\/dff3eaf7d33320066684ce268bff2bf90ce4f69456139b2d65d7796f64299e47?s=96&d=mm&r=g\",\"caption\":\"admin\"},\"sameAs\":[\"https:\/\/angelsolisnoticias.com\"],\"url\":\"https:\/\/angelsolisnoticias.com\/index.php\/author\/admin_qnbaat5l\/\"}]}<\/script>\n<!-- \/ Yoast SEO plugin. -->","yoast_head_json":{"title":"Felipe Carrillo Puerto avanza en la protecci\u00f3n de la selva maya","description":".","robots":{"index":"index","follow":"follow","max-snippet":"max-snippet:-1","max-image-preview":"max-image-preview:large","max-video-preview":"max-video-preview:-1"},"canonical":"https:\/\/angelsolisnoticias.com\/index.php\/2024\/03\/04\/felipe-carrillo-puerto-avanza-en-la-proteccion-de-la-selva-maya\/","og_locale":"es_MX","og_type":"article","og_title":"Felipe Carrillo Puerto avanza en la protecci\u00f3n de la selva maya","og_description":".","og_url":"https:\/\/angelsolisnoticias.com\/index.php\/2024\/03\/04\/felipe-carrillo-puerto-avanza-en-la-proteccion-de-la-selva-maya\/","og_site_name":"\u00c1ngel Solis","article_publisher":"https:\/\/www.facebook.com\/periodistasquintanaroo","article_published_time":"2024-03-04T19:26:10+00:00","article_modified_time":"2024-03-05T02:15:06+00:00","og_image":[{"width":800,"height":569,"url":"https:\/\/angelsolisnoticias.com\/wp-content\/uploads\/2024\/03\/Carrillo-Proteccion-Selva2-1.jpg","type":"image\/jpeg"}],"author":"admin","twitter_card":"summary_large_image","twitter_creator":"@PERIODISTASQROO","twitter_site":"@PERIODISTASQROO","twitter_misc":{"Escrito por":"admin","Tiempo de lectura":"2 minutos"},"schema":{"@context":"https:\/\/schema.org","@graph":[{"@type":"Article","@id":"https:\/\/angelsolisnoticias.com\/index.php\/2024\/03\/04\/felipe-carrillo-puerto-avanza-en-la-proteccion-de-la-selva-maya\/#article","isPartOf":{"@id":"https:\/\/angelsolisnoticias.com\/index.php\/2024\/03\/04\/felipe-carrillo-puerto-avanza-en-la-proteccion-de-la-selva-maya\/"},"author":{"name":"admin","@id":"https:\/\/angelsolisnoticias.com\/#\/schema\/person\/d5ca5e4c5f05db44e86cb564bf81ae6f"},"headline":"Felipe Carrillo Puerto avanza en la protecci\u00f3n de la selva maya","datePublished":"2024-03-04T19:26:10+00:00","dateModified":"2024-03-05T02:15:06+00:00","mainEntityOfPage":{"@id":"https:\/\/angelsolisnoticias.com\/index.php\/2024\/03\/04\/felipe-carrillo-puerto-avanza-en-la-proteccion-de-la-selva-maya\/"},"wordCount":329,"commentCount":0,"publisher":{"@id":"https:\/\/angelsolisnoticias.com\/#organization"},"articleSection":["Uncategorized"],"inLanguage":"es","potentialAction":[{"@type":"CommentAction","name":"Comment","target":["https:\/\/angelsolisnoticias.com\/index.php\/2024\/03\/04\/felipe-carrillo-puerto-avanza-en-la-proteccion-de-la-selva-maya\/#respond"]}]},{"@type":"WebPage","@id":"https:\/\/angelsolisnoticias.com\/index.php\/2024\/03\/04\/felipe-carrillo-puerto-avanza-en-la-proteccion-de-la-selva-maya\/","url":"https:\/\/angelsolisnoticias.com\/index.php\/2024\/03\/04\/felipe-carrillo-puerto-avanza-en-la-proteccion-de-la-selva-maya\/","name":"Felipe Carrillo Puerto avanza en la protecci\u00f3n de la selva maya","isPartOf":{"@id":"https:\/\/angelsolisnoticias.com\/#website"},"datePublished":"2024-03-04T19:26:10+00:00","dateModified":"2024-03-05T02:15:06+00:00","description":".","breadcrumb":{"@id":"https:\/\/angelsolisnoticias.com\/index.php\/2024\/03\/04\/felipe-carrillo-puerto-avanza-en-la-proteccion-de-la-selva-maya\/#breadcrumb"},"inLanguage":"es","potentialAction":[{"@type":"ReadAction","target":["https:\/\/angelsolisnoticias.com\/index.php\/2024\/03\/04\/felipe-carrillo-puerto-avanza-en-la-proteccion-de-la-selva-maya\/"]}]},{"@type":"BreadcrumbList","@id":"https:\/\/angelsolisnoticias.com\/index.php\/2024\/03\/04\/felipe-carrillo-puerto-avanza-en-la-proteccion-de-la-selva-maya\/#breadcrumb","itemListElement":[{"@type":"ListItem","position":1,"name":"Inicio","item":"https:\/\/angelsolisnoticias.com\/"},{"@type":"ListItem","position":2,"name":"Felipe Carrillo Puerto avanza en la protecci\u00f3n de la selva maya"}]},{"@type":"WebSite","@id":"https:\/\/angelsolisnoticias.com\/#website","url":"https:\/\/angelsolisnoticias.com\/","name":"\u00c1ngel Solis","description":"Noticias de Quintana Roo","publisher":{"@id":"https:\/\/angelsolisnoticias.com\/#organization"},"potentialAction":[{"@type":"SearchAction","target":{"@type":"EntryPoint","urlTemplate":"https:\/\/angelsolisnoticias.com\/?s={search_term_string}"},"query-input":"required name=search_term_string"}],"inLanguage":"es"},{"@type":"Organization","@id":"https:\/\/angelsolisnoticias.com\/#organization","name":"\u00c1ngel Solis","url":"https:\/\/angelsolisnoticias.com\/","logo":{"@type":"ImageObject","inLanguage":"es","@id":"https:\/\/angelsolisnoticias.com\/#\/schema\/logo\/image\/","url":"https:\/\/angelsolisnoticias.com\/wp-content\/uploads\/2023\/01\/LOGO3.png","contentUrl":"https:\/\/angelsolisnoticias.com\/wp-content\/uploads\/2023\/01\/LOGO3.png","width":1853,"height":570,"caption":"\u00c1ngel Solis"},"image":{"@id":"https:\/\/angelsolisnoticias.com\/#\/schema\/logo\/image\/"},"sameAs":["https:\/\/www.facebook.com\/periodistasquintanaroo","https:\/\/twitter.com\/PERIODISTASQROO"]},{"@type":"Person","@id":"https:\/\/angelsolisnoticias.com\/#\/schema\/person\/d5ca5e4c5f05db44e86cb564bf81ae6f","name":"admin","image":{"@type":"ImageObject","inLanguage":"es","@id":"https:\/\/angelsolisnoticias.com\/#\/schema\/person\/image\/","url":"https:\/\/secure.gravatar.com\/avatar\/dff3eaf7d33320066684ce268bff2bf90ce4f69456139b2d65d7796f64299e47?s=96&d=mm&r=g","contentUrl":"https:\/\/secure.gravatar.com\/avatar\/dff3eaf7d33320066684ce268bff2bf90ce4f69456139b2d65d7796f64299e47?s=96&d=mm&r=g","caption":"admin"},"sameAs":["https:\/\/angelsolisnoticias.com"],"url":"https:\/\/angelsolisnoticias.com\/index.php\/author\/admin_qnbaat5l\/"}]}},"jetpack_featured_media_url":"https:\/\/angelsolisnoticias.com\/wp-content\/uploads\/2024\/03\/Carrillo-Proteccion-Selva2-1.jpg","_links":{"self":[{"href":"https:\/\/angelsolisnoticias.com\/index.php\/wp-json\/wp\/v2\/posts\/6439","targetHints":{"allow":["GET"]}}],"collection":[{"href":"https:\/\/angelsolisnoticias.com\/index.php\/wp-json\/wp\/v2\/posts"}],"about":[{"href":"https:\/\/angelsolisnoticias.com\/index.php\/wp-json\/wp\/v2\/types\/post"}],"author":[{"embeddable":true,"href":"https:\/\/angelsolisnoticias.com\/index.php\/wp-json\/wp\/v2\/users\/1"}],"replies":[{"embeddable":true,"href":"https:\/\/angelsolisnoticias.com\/index.php\/wp-json\/wp\/v2\/comments?post=6439"}],"version-history":[{"count":1,"href":"https:\/\/angelsolisnoticias.com\/index.php\/wp-json\/wp\/v2\/posts\/6439\/revisions"}],"predecessor-version":[{"id":6440,"href":"https:\/\/angelsolisnoticias.com\/index.php\/wp-json\/wp\/v2\/posts\/6439\/revisions\/6440"}],"wp:featuredmedia":[{"embeddable":true,"href":"https:\/\/angelsolisnoticias.com\/index.php\/wp-json\/wp\/v2\/media\/6442"}],"wp:attachment":[{"href":"https:\/\/angelsolisnoticias.com\/index.php\/wp-json\/wp\/v2\/media?parent=6439"}],"wp:term":[{"taxonomy":"category","embeddable":true,"href":"https:\/\/angelsolisnoticias.com\/index.php\/wp-json\/wp\/v2\/categories?post=6439"},{"taxonomy":"post_tag","embeddable":true,"href":"https:\/\/angelsolisnoticias.com\/index.php\/wp-json\/wp\/v2\/tags?post=6439"}],"curies":[{"name":"wp","href":"https:\/\/api.w.org\/{rel}","templated":true}]}}